{"id":105983,"date":"2017-07-04T14:17:57","date_gmt":"2017-07-04T13:17:57","guid":{"rendered":"http:\/\/www.visit-ulcinj.com\/blog\/?p=105983"},"modified":"2017-07-04T22:24:22","modified_gmt":"2017-07-04T21:24:22","slug":"keshtu-e-shijon-emina-plazhin-e-ulqinit-foto","status":"publish","type":"post","link":"https:\/\/www.visit-ulcinj.com\/blog\/2017\/07\/04\/keshtu-e-shijon-emina-plazhin-e-ulqinit-foto\/","title":{"rendered":"K\u00ebshtu e shijon Emina plazhin e Ulqinit (Foto)"},"content":{"rendered":"<p><strong>Modelja Emina \u00c7unmulaj ka zgjedhur q\u00eb pushimet e ver\u00ebs ti kaloj\u00eb \u201cn\u00eb gjini\u201d \u2013 n\u00eb Ulqin.<\/strong><\/p>\n<p>Modelja q\u00eb vjen pik\u00ebrisht nga trevat shqiptare t\u00eb Malit t\u00eb Zi, ka l\u00ebn\u00eb pushimet luksoze n\u00ebp\u00ebr vendet m\u00eb turistike, p\u00ebr t\u00eb shkuar n\u00eb Ulqin ku \u00ebsht\u00eb duke kaluar pushime t\u00eb k\u00ebndshme me vajz\u00ebn e saj t\u00eb vog\u00ebl.<\/p>\n<p>K\u00ebshtu, sot ajo e ka kaluar koh\u00ebn n\u00eb \u201cCabo Beach\u201d, nj\u00eb nd\u00ebr plazhet kjo m\u00eb t\u00eb frekuentuara t\u00eb Ulqinit, shkruan Gazeta Express.<\/p>\n<p>Emina, ka disa vite q\u00eb \u00ebsht\u00eb e martuar me miliarderin Sam Nazarian.<\/p>\n<p>Vitin e kaluar, Emina kishte zgjedhur p\u00ebr t\u00eb pushuar brigjet e bregdetit italian. \/GazetaExpress\/<\/p>\n<p><a href=\"http:\/\/www.visit-ulcinj.com\/blog\/wp-content\/uploads\/2017\/07\/K\u00ebshtu-e-shijon-Emina-Cunmulaj-plazhin-e-Ulqinit.jpg\"><img loading=\"lazy\" class=\"alignleft wp-image-106002\" src=\"http:\/\/www.visit-ulcinj.com\/blog\/wp-content\/uploads\/2017\/07\/K\u00ebshtu-e-shijon-Emina-Cunmulaj-plazhin-e-Ulqinit.jpg\" alt=\"\" width=\"508\" height=\"508\" srcset=\"https:\/\/www.visit-ulcinj.com\/blog\/wp-content\/uploads\/2017\/07\/K\u00ebshtu-e-shijon-Emina-Cunmulaj-plazhin-e-Ulqinit.jpg 960w, https:\/\/www.visit-ulcinj.com\/blog\/wp-content\/uploads\/2017\/07\/K\u00ebshtu-e-shijon-Emina-Cunmulaj-plazhin-e-Ulqinit-150x150.jpg 150w, https:\/\/www.visit-ulcinj.com\/blog\/wp-content\/uploads\/2017\/07\/K\u00ebshtu-e-shijon-Emina-Cunmulaj-plazhin-e-Ulqinit-300x300.jpg 300w, https:\/\/www.visit-ulcinj.com\/blog\/wp-content\/uploads\/2017\/07\/K\u00ebshtu-e-shijon-Emina-Cunmulaj-plazhin-e-Ulqinit-768x768.jpg 768w\" sizes=\"(max-width: 508px) 100vw, 508px\" \/><\/a><\/p>\n","protected":false},"excerpt":{"rendered":"<p>Modelja Emina \u00c7unmulaj ka zgjedhur q\u00eb pushimet e ver\u00ebs ti kaloj\u00eb \u201cn\u00eb gjini\u201d \u2013 n\u00eb Ulqin. Modelja q\u00eb vjen pik\u00ebrisht nga trevat shqiptare t\u00eb Malit t\u00eb Zi, ka l\u00ebn\u00eb pushimet luksoze n\u00ebp\u00ebr vendet m\u00eb turistike, p\u00ebr t\u00eb shkuar n\u00eb Ulqin ku \u00ebsht\u00eb duke kaluar pushime t\u00eb k\u00ebndshme me vajz\u00ebn e saj t\u00eb vog\u00ebl. K\u00ebshtu, sot [&hellip;]<\/p>\n","protected":false},"author":1,"featured_media":0,"comment_status":"closed","ping_status":"closed","sticky":false,"template":"","format":"standard","meta":{"spay_email":"","jetpack_publicize_message":"","jetpack_is_tweetstorm":false,"jetpack_publicize_feature_enabled":true},"categories":[1],"tags":[],"jetpack_publicize_connections":[],"yoast_head":"<!-- This site is optimized with the Yoast SEO plugin v19.1 - https:\/\/yoast.com\/wordpress\/plugins\/seo\/ -->\n<title>K\u00ebshtu e shijon Emina plazhin e Ulqinit (Foto) - Lajme nga Ulqini<\/title>\n<meta name=\"description\" content=\"Modelja Emina \u00c7unmulaj ka zgjedhur q\u00eb pushimet e ver\u00ebs ti kaloj\u00eb \u201cn\u00eb gjini\u201d \u2013 n\u00eb Ulqin. Modelja q\u00eb vjen pik\u00ebrisht nga trevat shqiptare t\u00eb Malit t\u00eb Zi, ka\" \/>\n<meta name=\"robots\" content=\"index, follow, max-snippet:-1, max-image-preview:large, max-video-preview:-1\" \/>\n<link rel=\"canonical\" href=\"https:\/\/www.visit-ulcinj.com\/blog\/2017\/07\/04\/keshtu-e-shijon-emina-plazhin-e-ulqinit-foto\/\" \/>\n<meta property=\"og:locale\" content=\"en_US\" \/>\n<meta property=\"og:type\" content=\"article\" \/>\n<meta property=\"og:title\" content=\"K\u00ebshtu e shijon Emina plazhin e Ulqinit (Foto) - Lajme nga Ulqini\" \/>\n<meta property=\"og:description\" content=\"Modelja Emina \u00c7unmulaj ka zgjedhur q\u00eb pushimet e ver\u00ebs ti kaloj\u00eb \u201cn\u00eb gjini\u201d \u2013 n\u00eb Ulqin. Modelja q\u00eb vjen pik\u00ebrisht nga trevat shqiptare t\u00eb Malit t\u00eb Zi, ka\" \/>\n<meta property=\"og:url\" content=\"https:\/\/www.visit-ulcinj.com\/blog\/2017\/07\/04\/keshtu-e-shijon-emina-plazhin-e-ulqinit-foto\/\" \/>\n<meta property=\"og:site_name\" content=\"Lajme nga Ulqini\" \/>\n<meta property=\"article:published_time\" content=\"2017-07-04T13:17:57+00:00\" \/>\n<meta property=\"article:modified_time\" content=\"2017-07-04T21:24:22+00:00\" \/>\n<meta name=\"twitter:label1\" content=\"Written by\" \/>\n\t<meta name=\"twitter:data1\" content=\"ulqini\" \/>\n\t<meta name=\"twitter:label2\" content=\"Est. reading time\" \/>\n\t<meta name=\"twitter:data2\" content=\"1 minute\" \/>\n<script type=\"application\/ld+json\" class=\"yoast-schema-graph\">{\"@context\":\"https:\/\/schema.org\",\"@graph\":[{\"@type\":\"WebSite\",\"@id\":\"https:\/\/www.visit-ulcinj.com\/blog\/#website\",\"url\":\"https:\/\/www.visit-ulcinj.com\/blog\/\",\"name\":\"Lajme nga Ulqini\",\"description\":\"Lajme,Vijesti,Ulqini,Ulqin,Crna Gora,Mali i Zi\",\"potentialAction\":[{\"@type\":\"SearchAction\",\"target\":{\"@type\":\"EntryPoint\",\"urlTemplate\":\"https:\/\/www.visit-ulcinj.com\/blog\/?s={search_term_string}\"},\"query-input\":\"required name=search_term_string\"}],\"inLanguage\":\"en-US\"},{\"@type\":\"WebPage\",\"@id\":\"https:\/\/www.visit-ulcinj.com\/blog\/2017\/07\/04\/keshtu-e-shijon-emina-plazhin-e-ulqinit-foto\/#webpage\",\"url\":\"https:\/\/www.visit-ulcinj.com\/blog\/2017\/07\/04\/keshtu-e-shijon-emina-plazhin-e-ulqinit-foto\/\",\"name\":\"K\u00ebshtu e shijon Emina plazhin e Ulqinit (Foto) - Lajme nga Ulqini\",\"isPartOf\":{\"@id\":\"https:\/\/www.visit-ulcinj.com\/blog\/#website\"},\"datePublished\":\"2017-07-04T13:17:57+00:00\",\"dateModified\":\"2017-07-04T21:24:22+00:00\",\"author\":{\"@id\":\"https:\/\/www.visit-ulcinj.com\/blog\/#\/schema\/person\/dcab619c614d3038751c63bc2aadc06d\"},\"description\":\"Modelja Emina \u00c7unmulaj ka zgjedhur q\u00eb pushimet e ver\u00ebs ti kaloj\u00eb \u201cn\u00eb gjini\u201d \u2013 n\u00eb Ulqin. Modelja q\u00eb vjen pik\u00ebrisht nga trevat shqiptare t\u00eb Malit t\u00eb Zi, ka\",\"breadcrumb\":{\"@id\":\"https:\/\/www.visit-ulcinj.com\/blog\/2017\/07\/04\/keshtu-e-shijon-emina-plazhin-e-ulqinit-foto\/#breadcrumb\"},\"inLanguage\":\"en-US\",\"potentialAction\":[{\"@type\":\"ReadAction\",\"target\":[\"https:\/\/www.visit-ulcinj.com\/blog\/2017\/07\/04\/keshtu-e-shijon-emina-plazhin-e-ulqinit-foto\/\"]}]},{\"@type\":\"BreadcrumbList\",\"@id\":\"https:\/\/www.visit-ulcinj.com\/blog\/2017\/07\/04\/keshtu-e-shijon-emina-plazhin-e-ulqinit-foto\/#breadcrumb\",\"itemListElement\":[{\"@type\":\"ListItem\",\"position\":1,\"name\":\"K\u00ebshtu e shijon Emina plazhin e Ulqinit (Foto)\"}]},{\"@type\":\"Person\",\"@id\":\"https:\/\/www.visit-ulcinj.com\/blog\/#\/schema\/person\/dcab619c614d3038751c63bc2aadc06d\",\"name\":\"ulqini\",\"sameAs\":[\"http:\/\/www.visit-ulcinj.com\"],\"url\":\"https:\/\/www.visit-ulcinj.com\/blog\/author\/admin\/\"}]}<\/script>\n<!-- \/ Yoast SEO plugin. -->","yoast_head_json":{"title":"K\u00ebshtu e shijon Emina plazhin e Ulqinit (Foto) - Lajme nga Ulqini","description":"Modelja Emina \u00c7unmulaj ka zgjedhur q\u00eb pushimet e ver\u00ebs ti kaloj\u00eb \u201cn\u00eb gjini\u201d \u2013 n\u00eb Ulqin. Modelja q\u00eb vjen pik\u00ebrisht nga trevat shqiptare t\u00eb Malit t\u00eb Zi, ka","robots":{"index":"index","follow":"follow","max-snippet":"max-snippet:-1","max-image-preview":"max-image-preview:large","max-video-preview":"max-video-preview:-1"},"canonical":"https:\/\/www.visit-ulcinj.com\/blog\/2017\/07\/04\/keshtu-e-shijon-emina-plazhin-e-ulqinit-foto\/","og_locale":"en_US","og_type":"article","og_title":"K\u00ebshtu e shijon Emina plazhin e Ulqinit (Foto) - Lajme nga Ulqini","og_description":"Modelja Emina \u00c7unmulaj ka zgjedhur q\u00eb pushimet e ver\u00ebs ti kaloj\u00eb \u201cn\u00eb gjini\u201d \u2013 n\u00eb Ulqin. Modelja q\u00eb vjen pik\u00ebrisht nga trevat shqiptare t\u00eb Malit t\u00eb Zi, ka","og_url":"https:\/\/www.visit-ulcinj.com\/blog\/2017\/07\/04\/keshtu-e-shijon-emina-plazhin-e-ulqinit-foto\/","og_site_name":"Lajme nga Ulqini","article_published_time":"2017-07-04T13:17:57+00:00","article_modified_time":"2017-07-04T21:24:22+00:00","twitter_misc":{"Written by":"ulqini","Est. reading time":"1 minute"},"schema":{"@context":"https:\/\/schema.org","@graph":[{"@type":"WebSite","@id":"https:\/\/www.visit-ulcinj.com\/blog\/#website","url":"https:\/\/www.visit-ulcinj.com\/blog\/","name":"Lajme nga Ulqini","description":"Lajme,Vijesti,Ulqini,Ulqin,Crna Gora,Mali i Zi","potentialAction":[{"@type":"SearchAction","target":{"@type":"EntryPoint","urlTemplate":"https:\/\/www.visit-ulcinj.com\/blog\/?s={search_term_string}"},"query-input":"required name=search_term_string"}],"inLanguage":"en-US"},{"@type":"WebPage","@id":"https:\/\/www.visit-ulcinj.com\/blog\/2017\/07\/04\/keshtu-e-shijon-emina-plazhin-e-ulqinit-foto\/#webpage","url":"https:\/\/www.visit-ulcinj.com\/blog\/2017\/07\/04\/keshtu-e-shijon-emina-plazhin-e-ulqinit-foto\/","name":"K\u00ebshtu e shijon Emina plazhin e Ulqinit (Foto) - Lajme nga Ulqini","isPartOf":{"@id":"https:\/\/www.visit-ulcinj.com\/blog\/#website"},"datePublished":"2017-07-04T13:17:57+00:00","dateModified":"2017-07-04T21:24:22+00:00","author":{"@id":"https:\/\/www.visit-ulcinj.com\/blog\/#\/schema\/person\/dcab619c614d3038751c63bc2aadc06d"},"description":"Modelja Emina \u00c7unmulaj ka zgjedhur q\u00eb pushimet e ver\u00ebs ti kaloj\u00eb \u201cn\u00eb gjini\u201d \u2013 n\u00eb Ulqin. Modelja q\u00eb vjen pik\u00ebrisht nga trevat shqiptare t\u00eb Malit t\u00eb Zi, ka","breadcrumb":{"@id":"https:\/\/www.visit-ulcinj.com\/blog\/2017\/07\/04\/keshtu-e-shijon-emina-plazhin-e-ulqinit-foto\/#breadcrumb"},"inLanguage":"en-US","potentialAction":[{"@type":"ReadAction","target":["https:\/\/www.visit-ulcinj.com\/blog\/2017\/07\/04\/keshtu-e-shijon-emina-plazhin-e-ulqinit-foto\/"]}]},{"@type":"BreadcrumbList","@id":"https:\/\/www.visit-ulcinj.com\/blog\/2017\/07\/04\/keshtu-e-shijon-emina-plazhin-e-ulqinit-foto\/#breadcrumb","itemListElement":[{"@type":"ListItem","position":1,"name":"K\u00ebshtu e shijon Emina plazhin e Ulqinit (Foto)"}]},{"@type":"Person","@id":"https:\/\/www.visit-ulcinj.com\/blog\/#\/schema\/person\/dcab619c614d3038751c63bc2aadc06d","name":"ulqini","sameAs":["http:\/\/www.visit-ulcinj.com"],"url":"https:\/\/www.visit-ulcinj.com\/blog\/author\/admin\/"}]}},"jetpack_featured_media_url":"","jetpack_sharing_enabled":true,"jetpack_shortlink":"https:\/\/wp.me\/pe6lTn-rzp","_links":{"self":[{"href":"https:\/\/www.visit-ulcinj.com\/blog\/wp-json\/wp\/v2\/posts\/105983"}],"collection":[{"href":"https:\/\/www.visit-ulcinj.com\/blog\/wp-json\/wp\/v2\/posts"}],"about":[{"href":"https:\/\/www.visit-ulcinj.com\/blog\/wp-json\/wp\/v2\/types\/post"}],"author":[{"embeddable":true,"href":"https:\/\/www.visit-ulcinj.com\/blog\/wp-json\/wp\/v2\/users\/1"}],"replies":[{"embeddable":true,"href":"https:\/\/www.visit-ulcinj.com\/blog\/wp-json\/wp\/v2\/comments?post=105983"}],"version-history":[{"count":5,"href":"https:\/\/www.visit-ulcinj.com\/blog\/wp-json\/wp\/v2\/posts\/105983\/revisions"}],"predecessor-version":[{"id":106004,"href":"https:\/\/www.visit-ulcinj.com\/blog\/wp-json\/wp\/v2\/posts\/105983\/revisions\/106004"}],"wp:attachment":[{"href":"https:\/\/www.visit-ulcinj.com\/blog\/wp-json\/wp\/v2\/media?parent=105983"}],"wp:term":[{"taxonomy":"category","embeddable":true,"href":"https:\/\/www.visit-ulcinj.com\/blog\/wp-json\/wp\/v2\/categories?post=105983"},{"taxonomy":"post_tag","embeddable":true,"href":"https:\/\/www.visit-ulcinj.com\/blog\/wp-json\/wp\/v2\/tags?post=105983"}],"curies":[{"name":"wp","href":"https:\/\/api.w.org\/{rel}","templated":true}]}}