{"id":105989,"date":"2017-07-04T19:35:34","date_gmt":"2017-07-04T18:35:34","guid":{"rendered":"http:\/\/www.visit-ulcinj.com\/blog\/?p=105989"},"modified":"2017-07-04T19:41:38","modified_gmt":"2017-07-04T18:41:38","slug":"bisede-veteranen-e-arsimit-hava-pereziq-ne-emisionin-portreti","status":"publish","type":"post","link":"https:\/\/www.visit-ulcinj.com\/blog\/2017\/07\/04\/bisede-veteranen-e-arsimit-hava-pereziq-ne-emisionin-portreti\/","title":{"rendered":"Bised\u00eb me veteranen e arsimit Hava Pereziq n\u00eb emisionin Portreti"},"content":{"rendered":"<p><b><a href=\"http:\/\/www.visit-ulcinj.com\/blog\/wp-content\/uploads\/2017\/07\/Bised\u00eb-me-veteranen-e-arsimit-Hava-Pereziq-n\u00eb-emisionin-Portreti.jpg\"><img loading=\"lazy\" class=\"alignleft wp-image-105990 size-full\" src=\"http:\/\/www.visit-ulcinj.com\/blog\/wp-content\/uploads\/2017\/07\/Bised\u00eb-me-veteranen-e-arsimit-Hava-Pereziq-n\u00eb-emisionin-Portreti.jpg\" alt=\"\" width=\"508\" height=\"226\" srcset=\"https:\/\/www.visit-ulcinj.com\/blog\/wp-content\/uploads\/2017\/07\/Bised\u00eb-me-veteranen-e-arsimit-Hava-Pereziq-n\u00eb-emisionin-Portreti.jpg 508w, https:\/\/www.visit-ulcinj.com\/blog\/wp-content\/uploads\/2017\/07\/Bised\u00eb-me-veteranen-e-arsimit-Hava-Pereziq-n\u00eb-emisionin-Portreti-300x133.jpg 300w\" sizes=\"(max-width: 508px) 100vw, 508px\" \/><\/a>Mund t\u00eb ndiqni emisionin\u201cPortreti\u201d i cili emitohet \u00e7do te hene ne oren 21.00 n\u00eb Televizionin Teuta.<br \/>\nModeratorja e emisonit <strong>Hatixhe Nelaj<\/strong> na mundson t\u00eb ndjekim emisionin \u201cPortreti\u201d q\u00eb transmetohet n\u00eb TV Teuta.<br \/>\nNdiqni emisionin ku protagonist i emisionit \u00ebsht\u00eb veteran\u00ebja e arsimit <strong>prof.Hava Pereziq<\/strong>.<\/b><\/p>\n<p>N\u00eb arritjet e arsimit n\u00eb\u00a0 Ulqin n\u00eb vite, padyshim se kontribut t\u00eb madh kan\u00eb dh\u00ebn\u00eb m\u00ebsimdh\u00ebn\u00ebsit, ata q\u00eb kan\u00eb shp\u00ebrndar\u00eb drit\u00ebn e dijes anek\u00ebnd trojeve shqiptare. Puna me brezat e rinj n\u00eb arsimin dhe edukimin e tyre vler\u00ebsohet si bazament i sh\u00ebndosh i nj\u00eb shoq\u00ebrie. Shum\u00eb pun\u00ebtor\u00eb arsimi t\u00ebr\u00eb jet\u00ebn ia kan\u00eb kushtuar shkoll\u00ebs. E till\u00eb \u00ebsht\u00eb edhe profesoresha veterane Hava Pereziq n\u00eb shkoll\u00ebn <span class=\"st\">e mesme e kombinuar &#8220;V\u00ebllaz\u00ebrim-bashkim&#8221; <\/span>, \u00a0e cila koh\u00eb m\u00eb par\u00eb ishte nderuar me mir\u00ebnjohje p\u00ebr arritjet jet\u00ebsore n\u00eb arsimin e brezave t\u00eb rinj n\u00eb komun\u00ebn e Ulqinit.<\/p>\n<p>Krejt kjo i jep profesoresh\u00ebs Hava Pereziqit nj\u00eb ndjenj\u00eb t\u00eb ngroht\u00eb dhe iden\u00eb p\u00ebr nj\u00eb jet\u00eb t\u00eb t\u00ebr\u00eb e cila nuk \u00ebsht\u00eb shpenzuar kot. Faliminderit Profesoresh \/ Lajme nga Ulqini<\/p>\n<!--YouTube Error: bad URL entered-->\n<p>&nbsp;<\/p>\n","protected":false},"excerpt":{"rendered":"<p>Mund t\u00eb ndiqni emisionin\u201cPortreti\u201d i cili emitohet \u00e7do te hene ne oren 21.00 n\u00eb Televizionin Teuta. Moderatorja e emisonit Hatixhe Nelaj na mundson t\u00eb ndjekim emisionin \u201cPortreti\u201d q\u00eb transmetohet n\u00eb TV Teuta. Ndiqni emisionin ku protagonist i emisionit \u00ebsht\u00eb veteran\u00ebja e arsimit prof.Hava Pereziq. N\u00eb arritjet e arsimit n\u00eb\u00a0 Ulqin n\u00eb vite, padyshim se kontribut [&hellip;]<\/p>\n","protected":false},"author":1,"featured_media":0,"comment_status":"closed","ping_status":"closed","sticky":false,"template":"","format":"standard","meta":{"spay_email":"","jetpack_publicize_message":"","jetpack_is_tweetstorm":false,"jetpack_publicize_feature_enabled":true},"categories":[5],"tags":[],"jetpack_publicize_connections":[],"yoast_head":"<!-- This site is optimized with the Yoast SEO plugin v19.1 - https:\/\/yoast.com\/wordpress\/plugins\/seo\/ -->\n<title>Bised\u00eb me veteranen e arsimit Hava Pereziq n\u00eb emisionin Portreti - Lajme nga Ulqini<\/title>\n<meta name=\"description\" content=\"Mund t\u00eb ndiqni emisionin\u201cPortreti\u201d i cili emitohet \u00e7do te hene ne oren 21.00 n\u00eb Televizionin Teuta. Moderatorja e emisonit Hatixhe Nelaj na mundson t\u00eb\" \/>\n<meta name=\"robots\" content=\"index, follow, max-snippet:-1, max-image-preview:large, max-video-preview:-1\" \/>\n<link rel=\"canonical\" href=\"https:\/\/www.visit-ulcinj.com\/blog\/2017\/07\/04\/bisede-veteranen-e-arsimit-hava-pereziq-ne-emisionin-portreti\/\" \/>\n<meta property=\"og:locale\" content=\"en_US\" \/>\n<meta property=\"og:type\" content=\"article\" \/>\n<meta property=\"og:title\" content=\"Bised\u00eb me veteranen e arsimit Hava Pereziq n\u00eb emisionin Portreti - Lajme nga Ulqini\" \/>\n<meta property=\"og:description\" content=\"Mund t\u00eb ndiqni emisionin\u201cPortreti\u201d i cili emitohet \u00e7do te hene ne oren 21.00 n\u00eb Televizionin Teuta. Moderatorja e emisonit Hatixhe Nelaj na mundson t\u00eb\" \/>\n<meta property=\"og:url\" content=\"https:\/\/www.visit-ulcinj.com\/blog\/2017\/07\/04\/bisede-veteranen-e-arsimit-hava-pereziq-ne-emisionin-portreti\/\" \/>\n<meta property=\"og:site_name\" content=\"Lajme nga Ulqini\" \/>\n<meta property=\"article:published_time\" content=\"2017-07-04T18:35:34+00:00\" \/>\n<meta property=\"article:modified_time\" content=\"2017-07-04T18:41:38+00:00\" \/>\n<meta name=\"twitter:label1\" content=\"Written by\" \/>\n\t<meta name=\"twitter:data1\" content=\"ulqini\" \/>\n\t<meta name=\"twitter:label2\" content=\"Est. reading time\" \/>\n\t<meta name=\"twitter:data2\" content=\"1 minute\" \/>\n<script type=\"application\/ld+json\" class=\"yoast-schema-graph\">{\"@context\":\"https:\/\/schema.org\",\"@graph\":[{\"@type\":\"WebSite\",\"@id\":\"https:\/\/www.visit-ulcinj.com\/blog\/#website\",\"url\":\"https:\/\/www.visit-ulcinj.com\/blog\/\",\"name\":\"Lajme nga Ulqini\",\"description\":\"Lajme,Vijesti,Ulqini,Ulqin,Crna Gora,Mali i Zi\",\"potentialAction\":[{\"@type\":\"SearchAction\",\"target\":{\"@type\":\"EntryPoint\",\"urlTemplate\":\"https:\/\/www.visit-ulcinj.com\/blog\/?s={search_term_string}\"},\"query-input\":\"required name=search_term_string\"}],\"inLanguage\":\"en-US\"},{\"@type\":\"WebPage\",\"@id\":\"https:\/\/www.visit-ulcinj.com\/blog\/2017\/07\/04\/bisede-veteranen-e-arsimit-hava-pereziq-ne-emisionin-portreti\/#webpage\",\"url\":\"https:\/\/www.visit-ulcinj.com\/blog\/2017\/07\/04\/bisede-veteranen-e-arsimit-hava-pereziq-ne-emisionin-portreti\/\",\"name\":\"Bised\u00eb me veteranen e arsimit Hava Pereziq n\u00eb emisionin Portreti - Lajme nga Ulqini\",\"isPartOf\":{\"@id\":\"https:\/\/www.visit-ulcinj.com\/blog\/#website\"},\"datePublished\":\"2017-07-04T18:35:34+00:00\",\"dateModified\":\"2017-07-04T18:41:38+00:00\",\"author\":{\"@id\":\"https:\/\/www.visit-ulcinj.com\/blog\/#\/schema\/person\/dcab619c614d3038751c63bc2aadc06d\"},\"description\":\"Mund t\u00eb ndiqni emisionin\u201cPortreti\u201d i cili emitohet \u00e7do te hene ne oren 21.00 n\u00eb Televizionin Teuta. Moderatorja e emisonit Hatixhe Nelaj na mundson t\u00eb\",\"breadcrumb\":{\"@id\":\"https:\/\/www.visit-ulcinj.com\/blog\/2017\/07\/04\/bisede-veteranen-e-arsimit-hava-pereziq-ne-emisionin-portreti\/#breadcrumb\"},\"inLanguage\":\"en-US\",\"potentialAction\":[{\"@type\":\"ReadAction\",\"target\":[\"https:\/\/www.visit-ulcinj.com\/blog\/2017\/07\/04\/bisede-veteranen-e-arsimit-hava-pereziq-ne-emisionin-portreti\/\"]}]},{\"@type\":\"BreadcrumbList\",\"@id\":\"https:\/\/www.visit-ulcinj.com\/blog\/2017\/07\/04\/bisede-veteranen-e-arsimit-hava-pereziq-ne-emisionin-portreti\/#breadcrumb\",\"itemListElement\":[{\"@type\":\"ListItem\",\"position\":1,\"name\":\"Bised\u00eb me veteranen e arsimit Hava Pereziq n\u00eb emisionin Portreti\"}]},{\"@type\":\"Person\",\"@id\":\"https:\/\/www.visit-ulcinj.com\/blog\/#\/schema\/person\/dcab619c614d3038751c63bc2aadc06d\",\"name\":\"ulqini\",\"sameAs\":[\"http:\/\/www.visit-ulcinj.com\"],\"url\":\"https:\/\/www.visit-ulcinj.com\/blog\/author\/admin\/\"}]}<\/script>\n<!-- \/ Yoast SEO plugin. -->","yoast_head_json":{"title":"Bised\u00eb me veteranen e arsimit Hava Pereziq n\u00eb emisionin Portreti - Lajme nga Ulqini","description":"Mund t\u00eb ndiqni emisionin\u201cPortreti\u201d i cili emitohet \u00e7do te hene ne oren 21.00 n\u00eb Televizionin Teuta. Moderatorja e emisonit Hatixhe Nelaj na mundson t\u00eb","robots":{"index":"index","follow":"follow","max-snippet":"max-snippet:-1","max-image-preview":"max-image-preview:large","max-video-preview":"max-video-preview:-1"},"canonical":"https:\/\/www.visit-ulcinj.com\/blog\/2017\/07\/04\/bisede-veteranen-e-arsimit-hava-pereziq-ne-emisionin-portreti\/","og_locale":"en_US","og_type":"article","og_title":"Bised\u00eb me veteranen e arsimit Hava Pereziq n\u00eb emisionin Portreti - Lajme nga Ulqini","og_description":"Mund t\u00eb ndiqni emisionin\u201cPortreti\u201d i cili emitohet \u00e7do te hene ne oren 21.00 n\u00eb Televizionin Teuta. Moderatorja e emisonit Hatixhe Nelaj na mundson t\u00eb","og_url":"https:\/\/www.visit-ulcinj.com\/blog\/2017\/07\/04\/bisede-veteranen-e-arsimit-hava-pereziq-ne-emisionin-portreti\/","og_site_name":"Lajme nga Ulqini","article_published_time":"2017-07-04T18:35:34+00:00","article_modified_time":"2017-07-04T18:41:38+00:00","twitter_misc":{"Written by":"ulqini","Est. reading time":"1 minute"},"schema":{"@context":"https:\/\/schema.org","@graph":[{"@type":"WebSite","@id":"https:\/\/www.visit-ulcinj.com\/blog\/#website","url":"https:\/\/www.visit-ulcinj.com\/blog\/","name":"Lajme nga Ulqini","description":"Lajme,Vijesti,Ulqini,Ulqin,Crna Gora,Mali i Zi","potentialAction":[{"@type":"SearchAction","target":{"@type":"EntryPoint","urlTemplate":"https:\/\/www.visit-ulcinj.com\/blog\/?s={search_term_string}"},"query-input":"required name=search_term_string"}],"inLanguage":"en-US"},{"@type":"WebPage","@id":"https:\/\/www.visit-ulcinj.com\/blog\/2017\/07\/04\/bisede-veteranen-e-arsimit-hava-pereziq-ne-emisionin-portreti\/#webpage","url":"https:\/\/www.visit-ulcinj.com\/blog\/2017\/07\/04\/bisede-veteranen-e-arsimit-hava-pereziq-ne-emisionin-portreti\/","name":"Bised\u00eb me veteranen e arsimit Hava Pereziq n\u00eb emisionin Portreti - Lajme nga Ulqini","isPartOf":{"@id":"https:\/\/www.visit-ulcinj.com\/blog\/#website"},"datePublished":"2017-07-04T18:35:34+00:00","dateModified":"2017-07-04T18:41:38+00:00","author":{"@id":"https:\/\/www.visit-ulcinj.com\/blog\/#\/schema\/person\/dcab619c614d3038751c63bc2aadc06d"},"description":"Mund t\u00eb ndiqni emisionin\u201cPortreti\u201d i cili emitohet \u00e7do te hene ne oren 21.00 n\u00eb Televizionin Teuta. Moderatorja e emisonit Hatixhe Nelaj na mundson t\u00eb","breadcrumb":{"@id":"https:\/\/www.visit-ulcinj.com\/blog\/2017\/07\/04\/bisede-veteranen-e-arsimit-hava-pereziq-ne-emisionin-portreti\/#breadcrumb"},"inLanguage":"en-US","potentialAction":[{"@type":"ReadAction","target":["https:\/\/www.visit-ulcinj.com\/blog\/2017\/07\/04\/bisede-veteranen-e-arsimit-hava-pereziq-ne-emisionin-portreti\/"]}]},{"@type":"BreadcrumbList","@id":"https:\/\/www.visit-ulcinj.com\/blog\/2017\/07\/04\/bisede-veteranen-e-arsimit-hava-pereziq-ne-emisionin-portreti\/#breadcrumb","itemListElement":[{"@type":"ListItem","position":1,"name":"Bised\u00eb me veteranen e arsimit Hava Pereziq n\u00eb emisionin Portreti"}]},{"@type":"Person","@id":"https:\/\/www.visit-ulcinj.com\/blog\/#\/schema\/person\/dcab619c614d3038751c63bc2aadc06d","name":"ulqini","sameAs":["http:\/\/www.visit-ulcinj.com"],"url":"https:\/\/www.visit-ulcinj.com\/blog\/author\/admin\/"}]}},"jetpack_featured_media_url":"","jetpack_sharing_enabled":true,"jetpack_shortlink":"https:\/\/wp.me\/pe6lTn-rzv","_links":{"self":[{"href":"https:\/\/www.visit-ulcinj.com\/blog\/wp-json\/wp\/v2\/posts\/105989"}],"collection":[{"href":"https:\/\/www.visit-ulcinj.com\/blog\/wp-json\/wp\/v2\/posts"}],"about":[{"href":"https:\/\/www.visit-ulcinj.com\/blog\/wp-json\/wp\/v2\/types\/post"}],"author":[{"embeddable":true,"href":"https:\/\/www.visit-ulcinj.com\/blog\/wp-json\/wp\/v2\/users\/1"}],"replies":[{"embeddable":true,"href":"https:\/\/www.visit-ulcinj.com\/blog\/wp-json\/wp\/v2\/comments?post=105989"}],"version-history":[{"count":2,"href":"https:\/\/www.visit-ulcinj.com\/blog\/wp-json\/wp\/v2\/posts\/105989\/revisions"}],"predecessor-version":[{"id":105992,"href":"https:\/\/www.visit-ulcinj.com\/blog\/wp-json\/wp\/v2\/posts\/105989\/revisions\/105992"}],"wp:attachment":[{"href":"https:\/\/www.visit-ulcinj.com\/blog\/wp-json\/wp\/v2\/media?parent=105989"}],"wp:term":[{"taxonomy":"category","embeddable":true,"href":"https:\/\/www.visit-ulcinj.com\/blog\/wp-json\/wp\/v2\/categories?post=105989"},{"taxonomy":"post_tag","embeddable":true,"href":"https:\/\/www.visit-ulcinj.com\/blog\/wp-json\/wp\/v2\/tags?post=105989"}],"curies":[{"name":"wp","href":"https:\/\/api.w.org\/{rel}","templated":true}]}}