{"id":105993,"date":"2017-07-04T20:05:35","date_gmt":"2017-07-04T19:05:35","guid":{"rendered":"http:\/\/www.visit-ulcinj.com\/blog\/?p=105993"},"modified":"2017-07-04T20:05:35","modified_gmt":"2017-07-04T19:05:35","slug":"avdiu-per-kfw-projekti-vlere-20-milione-euro-ka-mbetur-ne-pritje","status":"publish","type":"post","link":"https:\/\/www.visit-ulcinj.com\/blog\/2017\/07\/04\/avdiu-per-kfw-projekti-vlere-20-milione-euro-ka-mbetur-ne-pritje\/","title":{"rendered":"Avdiu p\u00ebr KfW: Projekti me vler\u00eb 20 milion\u00eb euro ka mbetur n\u00eb pritje"},"content":{"rendered":"<p><strong><a href=\"http:\/\/www.visit-ulcinj.com\/blog\/wp-content\/uploads\/2017\/06\/Fehim-Avdiu.jpg\"><img loading=\"lazy\" class=\"alignleft wp-image-105796\" src=\"http:\/\/www.visit-ulcinj.com\/blog\/wp-content\/uploads\/2017\/06\/Fehim-Avdiu.jpg\" alt=\"\" width=\"508\" height=\"292\" srcset=\"https:\/\/www.visit-ulcinj.com\/blog\/wp-content\/uploads\/2017\/06\/Fehim-Avdiu.jpg 547w, https:\/\/www.visit-ulcinj.com\/blog\/wp-content\/uploads\/2017\/06\/Fehim-Avdiu-300x172.jpg 300w\" sizes=\"(max-width: 508px) 100vw, 508px\" \/><\/a>Projekti i rikonstruktimit t\u00eb rrjetit t\u00eb uj\u00ebsjell\u00ebsit dhe kanalizimit n\u00eb komun\u00eb t\u00eb Ulqinit, p\u00ebr \u00e7gj\u00eb para disa viteve jan\u00eb ndar\u00eb mjetet e bank\u00ebs gjermane KfW, asesi t\u00eb nis, transmeton portali Ul.info.<br \/>\n<\/strong><\/p>\n<p>Drejtori i NP \u201eUj\u00ebsjell\u00ebs dhe kanalizimi\u201c (UdheK) Fehim Avdiu tha se p\u00ebr k\u00ebt\u00eb gj\u00eb fajtore \u00ebsht\u00eb administrata lokale. \u201eAto akoma nuk i kan\u00eb marr\u00eb p\u00ebrsip\u00ebr gjasht\u00eb pun\u00ebtor\u00eb t\u00eb Uj\u00ebsjells\u00ebit, q\u00eb ishte nj\u00eb nga kushtet ky\u00e7e t\u00eb KfW bank\u00ebs. Nuk e di pse e b\u00ebjn\u00eb k\u00ebt\u00eb gj\u00eb, por e di q\u00eb kemi t\u00eb b\u00ebjm\u00eb me pap\u00ebrgjegj\u00ebsi klasike t\u00eb drejtuesve t\u00eb Komun\u00ebs\u201c, tha ai p\u00ebr \u201eVijesti\u201c.<\/p>\n<p>N\u00eb UdheK m\u00eb her\u00ebt kishte 230 t\u00eb pun\u00ebsuar, tani jan\u00eb 126, nd\u00ebrsa deri n\u00eb fund t\u00eb vitit ky num\u00ebr duhet t\u00eb bie n\u00eb 100, si\u00e7 precizuan bankar\u00ebt gjerman.<\/p>\n<p>\u201eK\u00ebto 20 duhet t\u00eb pun\u00ebsoheshin n\u00eb \u201eParking sh\u00ebrbim\u201c po as nga kjo akoma nuk ka asgj\u00eb. P\u00ebr shkak t\u00eb k\u00ebsaj marr\u00ebdh\u00ebnie t\u00eb Komun\u00ebs, ne jemi n\u00eb minus rreth 750 mij\u00eb euro, q\u00eb do t\u00eb ishte e mjaftueshme t\u00eb kryejm\u00eb detyrimet tona\u201c, shtoi Avdiu.<\/p>\n<p><a href=\"http:\/\/www.visit-ulcinj.com\/blog\/wp-content\/uploads\/2017\/02\/Fatmir-Gjeka-Avdiu-ulqin.jpg\"><img loading=\"lazy\" class=\"alignleft wp-image-102677\" src=\"http:\/\/www.visit-ulcinj.com\/blog\/wp-content\/uploads\/2017\/02\/Fatmir-Gjeka-Avdiu-ulqin.jpg\" alt=\"\" width=\"508\" height=\"250\" srcset=\"https:\/\/www.visit-ulcinj.com\/blog\/wp-content\/uploads\/2017\/02\/Fatmir-Gjeka-Avdiu-ulqin.jpg 690w, https:\/\/www.visit-ulcinj.com\/blog\/wp-content\/uploads\/2017\/02\/Fatmir-Gjeka-Avdiu-ulqin-300x148.jpg 300w\" sizes=\"(max-width: 508px) 100vw, 508px\" \/><\/a><\/p>\n","protected":false},"excerpt":{"rendered":"<p>Projekti i rikonstruktimit t\u00eb rrjetit t\u00eb uj\u00ebsjell\u00ebsit dhe kanalizimit n\u00eb komun\u00eb t\u00eb Ulqinit, p\u00ebr \u00e7gj\u00eb para disa viteve jan\u00eb ndar\u00eb mjetet e bank\u00ebs gjermane KfW, asesi t\u00eb nis, transmeton portali Ul.info. Drejtori i NP \u201eUj\u00ebsjell\u00ebs dhe kanalizimi\u201c (UdheK) Fehim Avdiu tha se p\u00ebr k\u00ebt\u00eb gj\u00eb fajtore \u00ebsht\u00eb administrata lokale. \u201eAto akoma nuk i kan\u00eb marr\u00eb [&hellip;]<\/p>\n","protected":false},"author":1,"featured_media":0,"comment_status":"closed","ping_status":"closed","sticky":false,"template":"","format":"standard","meta":{"spay_email":"","jetpack_publicize_message":"","jetpack_is_tweetstorm":false,"jetpack_publicize_feature_enabled":true},"categories":[10],"tags":[],"jetpack_publicize_connections":[],"yoast_head":"<!-- This site is optimized with the Yoast SEO plugin v19.1 - https:\/\/yoast.com\/wordpress\/plugins\/seo\/ -->\n<title>Avdiu p\u00ebr KfW: Projekti me vler\u00eb 20 milion\u00eb euro ka mbetur n\u00eb pritje - Lajme nga Ulqini<\/title>\n<meta name=\"description\" content=\"Projekti i rikonstruktimit t\u00eb rrjetit t\u00eb uj\u00ebsjell\u00ebsit dhe kanalizimit n\u00eb komun\u00eb t\u00eb Ulqinit, p\u00ebr \u00e7gj\u00eb para disa viteve jan\u00eb ndar\u00eb mjetet e bank\u00ebs gjermane\" \/>\n<meta name=\"robots\" content=\"index, follow, max-snippet:-1, max-image-preview:large, max-video-preview:-1\" \/>\n<link rel=\"canonical\" href=\"https:\/\/www.visit-ulcinj.com\/blog\/2017\/07\/04\/avdiu-per-kfw-projekti-vlere-20-milione-euro-ka-mbetur-ne-pritje\/\" \/>\n<meta property=\"og:locale\" content=\"en_US\" \/>\n<meta property=\"og:type\" content=\"article\" \/>\n<meta property=\"og:title\" content=\"Avdiu p\u00ebr KfW: Projekti me vler\u00eb 20 milion\u00eb euro ka mbetur n\u00eb pritje - Lajme nga Ulqini\" \/>\n<meta property=\"og:description\" content=\"Projekti i rikonstruktimit t\u00eb rrjetit t\u00eb uj\u00ebsjell\u00ebsit dhe kanalizimit n\u00eb komun\u00eb t\u00eb Ulqinit, p\u00ebr \u00e7gj\u00eb para disa viteve jan\u00eb ndar\u00eb mjetet e bank\u00ebs gjermane\" \/>\n<meta property=\"og:url\" content=\"https:\/\/www.visit-ulcinj.com\/blog\/2017\/07\/04\/avdiu-per-kfw-projekti-vlere-20-milione-euro-ka-mbetur-ne-pritje\/\" \/>\n<meta property=\"og:site_name\" content=\"Lajme nga Ulqini\" \/>\n<meta property=\"article:published_time\" content=\"2017-07-04T19:05:35+00:00\" \/>\n<meta property=\"og:image\" content=\"http:\/\/www.visit-ulcinj.com\/blog\/wp-content\/uploads\/2017\/06\/Fehim-Avdiu.jpg\" \/>\n<meta name=\"twitter:label1\" content=\"Written by\" \/>\n\t<meta name=\"twitter:data1\" content=\"ulqini\" \/>\n\t<meta name=\"twitter:label2\" content=\"Est. reading time\" \/>\n\t<meta name=\"twitter:data2\" content=\"1 minute\" \/>\n<script type=\"application\/ld+json\" class=\"yoast-schema-graph\">{\"@context\":\"https:\/\/schema.org\",\"@graph\":[{\"@type\":\"WebSite\",\"@id\":\"https:\/\/www.visit-ulcinj.com\/blog\/#website\",\"url\":\"https:\/\/www.visit-ulcinj.com\/blog\/\",\"name\":\"Lajme nga Ulqini\",\"description\":\"Lajme,Vijesti,Ulqini,Ulqin,Crna Gora,Mali i Zi\",\"potentialAction\":[{\"@type\":\"SearchAction\",\"target\":{\"@type\":\"EntryPoint\",\"urlTemplate\":\"https:\/\/www.visit-ulcinj.com\/blog\/?s={search_term_string}\"},\"query-input\":\"required name=search_term_string\"}],\"inLanguage\":\"en-US\"},{\"@type\":\"ImageObject\",\"inLanguage\":\"en-US\",\"@id\":\"https:\/\/www.visit-ulcinj.com\/blog\/2017\/07\/04\/avdiu-per-kfw-projekti-vlere-20-milione-euro-ka-mbetur-ne-pritje\/#primaryimage\",\"url\":\"https:\/\/www.visit-ulcinj.com\/blog\/wp-content\/uploads\/2017\/06\/Fehim-Avdiu.jpg\",\"contentUrl\":\"https:\/\/www.visit-ulcinj.com\/blog\/wp-content\/uploads\/2017\/06\/Fehim-Avdiu.jpg\",\"width\":547,\"height\":314},{\"@type\":\"WebPage\",\"@id\":\"https:\/\/www.visit-ulcinj.com\/blog\/2017\/07\/04\/avdiu-per-kfw-projekti-vlere-20-milione-euro-ka-mbetur-ne-pritje\/#webpage\",\"url\":\"https:\/\/www.visit-ulcinj.com\/blog\/2017\/07\/04\/avdiu-per-kfw-projekti-vlere-20-milione-euro-ka-mbetur-ne-pritje\/\",\"name\":\"Avdiu p\u00ebr KfW: Projekti me vler\u00eb 20 milion\u00eb euro ka mbetur n\u00eb pritje - Lajme nga Ulqini\",\"isPartOf\":{\"@id\":\"https:\/\/www.visit-ulcinj.com\/blog\/#website\"},\"primaryImageOfPage\":{\"@id\":\"https:\/\/www.visit-ulcinj.com\/blog\/2017\/07\/04\/avdiu-per-kfw-projekti-vlere-20-milione-euro-ka-mbetur-ne-pritje\/#primaryimage\"},\"datePublished\":\"2017-07-04T19:05:35+00:00\",\"dateModified\":\"2017-07-04T19:05:35+00:00\",\"author\":{\"@id\":\"https:\/\/www.visit-ulcinj.com\/blog\/#\/schema\/person\/dcab619c614d3038751c63bc2aadc06d\"},\"description\":\"Projekti i rikonstruktimit t\u00eb rrjetit t\u00eb uj\u00ebsjell\u00ebsit dhe kanalizimit n\u00eb komun\u00eb t\u00eb Ulqinit, p\u00ebr \u00e7gj\u00eb para disa viteve jan\u00eb ndar\u00eb mjetet e bank\u00ebs gjermane\",\"breadcrumb\":{\"@id\":\"https:\/\/www.visit-ulcinj.com\/blog\/2017\/07\/04\/avdiu-per-kfw-projekti-vlere-20-milione-euro-ka-mbetur-ne-pritje\/#breadcrumb\"},\"inLanguage\":\"en-US\",\"potentialAction\":[{\"@type\":\"ReadAction\",\"target\":[\"https:\/\/www.visit-ulcinj.com\/blog\/2017\/07\/04\/avdiu-per-kfw-projekti-vlere-20-milione-euro-ka-mbetur-ne-pritje\/\"]}]},{\"@type\":\"BreadcrumbList\",\"@id\":\"https:\/\/www.visit-ulcinj.com\/blog\/2017\/07\/04\/avdiu-per-kfw-projekti-vlere-20-milione-euro-ka-mbetur-ne-pritje\/#breadcrumb\",\"itemListElement\":[{\"@type\":\"ListItem\",\"position\":1,\"name\":\"Avdiu p\u00ebr KfW: Projekti me vler\u00eb 20 milion\u00eb euro ka mbetur n\u00eb pritje\"}]},{\"@type\":\"Person\",\"@id\":\"https:\/\/www.visit-ulcinj.com\/blog\/#\/schema\/person\/dcab619c614d3038751c63bc2aadc06d\",\"name\":\"ulqini\",\"sameAs\":[\"http:\/\/www.visit-ulcinj.com\"],\"url\":\"https:\/\/www.visit-ulcinj.com\/blog\/author\/admin\/\"}]}<\/script>\n<!-- \/ Yoast SEO plugin. -->","yoast_head_json":{"title":"Avdiu p\u00ebr KfW: Projekti me vler\u00eb 20 milion\u00eb euro ka mbetur n\u00eb pritje - Lajme nga Ulqini","description":"Projekti i rikonstruktimit t\u00eb rrjetit t\u00eb uj\u00ebsjell\u00ebsit dhe kanalizimit n\u00eb komun\u00eb t\u00eb Ulqinit, p\u00ebr \u00e7gj\u00eb para disa viteve jan\u00eb ndar\u00eb mjetet e bank\u00ebs gjermane","robots":{"index":"index","follow":"follow","max-snippet":"max-snippet:-1","max-image-preview":"max-image-preview:large","max-video-preview":"max-video-preview:-1"},"canonical":"https:\/\/www.visit-ulcinj.com\/blog\/2017\/07\/04\/avdiu-per-kfw-projekti-vlere-20-milione-euro-ka-mbetur-ne-pritje\/","og_locale":"en_US","og_type":"article","og_title":"Avdiu p\u00ebr KfW: Projekti me vler\u00eb 20 milion\u00eb euro ka mbetur n\u00eb pritje - Lajme nga Ulqini","og_description":"Projekti i rikonstruktimit t\u00eb rrjetit t\u00eb uj\u00ebsjell\u00ebsit dhe kanalizimit n\u00eb komun\u00eb t\u00eb Ulqinit, p\u00ebr \u00e7gj\u00eb para disa viteve jan\u00eb ndar\u00eb mjetet e bank\u00ebs gjermane","og_url":"https:\/\/www.visit-ulcinj.com\/blog\/2017\/07\/04\/avdiu-per-kfw-projekti-vlere-20-milione-euro-ka-mbetur-ne-pritje\/","og_site_name":"Lajme nga Ulqini","article_published_time":"2017-07-04T19:05:35+00:00","og_image":[{"url":"http:\/\/www.visit-ulcinj.com\/blog\/wp-content\/uploads\/2017\/06\/Fehim-Avdiu.jpg"}],"twitter_misc":{"Written by":"ulqini","Est. reading time":"1 minute"},"schema":{"@context":"https:\/\/schema.org","@graph":[{"@type":"WebSite","@id":"https:\/\/www.visit-ulcinj.com\/blog\/#website","url":"https:\/\/www.visit-ulcinj.com\/blog\/","name":"Lajme nga Ulqini","description":"Lajme,Vijesti,Ulqini,Ulqin,Crna Gora,Mali i Zi","potentialAction":[{"@type":"SearchAction","target":{"@type":"EntryPoint","urlTemplate":"https:\/\/www.visit-ulcinj.com\/blog\/?s={search_term_string}"},"query-input":"required name=search_term_string"}],"inLanguage":"en-US"},{"@type":"ImageObject","inLanguage":"en-US","@id":"https:\/\/www.visit-ulcinj.com\/blog\/2017\/07\/04\/avdiu-per-kfw-projekti-vlere-20-milione-euro-ka-mbetur-ne-pritje\/#primaryimage","url":"https:\/\/www.visit-ulcinj.com\/blog\/wp-content\/uploads\/2017\/06\/Fehim-Avdiu.jpg","contentUrl":"https:\/\/www.visit-ulcinj.com\/blog\/wp-content\/uploads\/2017\/06\/Fehim-Avdiu.jpg","width":547,"height":314},{"@type":"WebPage","@id":"https:\/\/www.visit-ulcinj.com\/blog\/2017\/07\/04\/avdiu-per-kfw-projekti-vlere-20-milione-euro-ka-mbetur-ne-pritje\/#webpage","url":"https:\/\/www.visit-ulcinj.com\/blog\/2017\/07\/04\/avdiu-per-kfw-projekti-vlere-20-milione-euro-ka-mbetur-ne-pritje\/","name":"Avdiu p\u00ebr KfW: Projekti me vler\u00eb 20 milion\u00eb euro ka mbetur n\u00eb pritje - Lajme nga Ulqini","isPartOf":{"@id":"https:\/\/www.visit-ulcinj.com\/blog\/#website"},"primaryImageOfPage":{"@id":"https:\/\/www.visit-ulcinj.com\/blog\/2017\/07\/04\/avdiu-per-kfw-projekti-vlere-20-milione-euro-ka-mbetur-ne-pritje\/#primaryimage"},"datePublished":"2017-07-04T19:05:35+00:00","dateModified":"2017-07-04T19:05:35+00:00","author":{"@id":"https:\/\/www.visit-ulcinj.com\/blog\/#\/schema\/person\/dcab619c614d3038751c63bc2aadc06d"},"description":"Projekti i rikonstruktimit t\u00eb rrjetit t\u00eb uj\u00ebsjell\u00ebsit dhe kanalizimit n\u00eb komun\u00eb t\u00eb Ulqinit, p\u00ebr \u00e7gj\u00eb para disa viteve jan\u00eb ndar\u00eb mjetet e bank\u00ebs gjermane","breadcrumb":{"@id":"https:\/\/www.visit-ulcinj.com\/blog\/2017\/07\/04\/avdiu-per-kfw-projekti-vlere-20-milione-euro-ka-mbetur-ne-pritje\/#breadcrumb"},"inLanguage":"en-US","potentialAction":[{"@type":"ReadAction","target":["https:\/\/www.visit-ulcinj.com\/blog\/2017\/07\/04\/avdiu-per-kfw-projekti-vlere-20-milione-euro-ka-mbetur-ne-pritje\/"]}]},{"@type":"BreadcrumbList","@id":"https:\/\/www.visit-ulcinj.com\/blog\/2017\/07\/04\/avdiu-per-kfw-projekti-vlere-20-milione-euro-ka-mbetur-ne-pritje\/#breadcrumb","itemListElement":[{"@type":"ListItem","position":1,"name":"Avdiu p\u00ebr KfW: Projekti me vler\u00eb 20 milion\u00eb euro ka mbetur n\u00eb pritje"}]},{"@type":"Person","@id":"https:\/\/www.visit-ulcinj.com\/blog\/#\/schema\/person\/dcab619c614d3038751c63bc2aadc06d","name":"ulqini","sameAs":["http:\/\/www.visit-ulcinj.com"],"url":"https:\/\/www.visit-ulcinj.com\/blog\/author\/admin\/"}]}},"jetpack_featured_media_url":"","jetpack_sharing_enabled":true,"jetpack_shortlink":"https:\/\/wp.me\/pe6lTn-rzz","_links":{"self":[{"href":"https:\/\/www.visit-ulcinj.com\/blog\/wp-json\/wp\/v2\/posts\/105993"}],"collection":[{"href":"https:\/\/www.visit-ulcinj.com\/blog\/wp-json\/wp\/v2\/posts"}],"about":[{"href":"https:\/\/www.visit-ulcinj.com\/blog\/wp-json\/wp\/v2\/types\/post"}],"author":[{"embeddable":true,"href":"https:\/\/www.visit-ulcinj.com\/blog\/wp-json\/wp\/v2\/users\/1"}],"replies":[{"embeddable":true,"href":"https:\/\/www.visit-ulcinj.com\/blog\/wp-json\/wp\/v2\/comments?post=105993"}],"version-history":[{"count":1,"href":"https:\/\/www.visit-ulcinj.com\/blog\/wp-json\/wp\/v2\/posts\/105993\/revisions"}],"predecessor-version":[{"id":105994,"href":"https:\/\/www.visit-ulcinj.com\/blog\/wp-json\/wp\/v2\/posts\/105993\/revisions\/105994"}],"wp:attachment":[{"href":"https:\/\/www.visit-ulcinj.com\/blog\/wp-json\/wp\/v2\/media?parent=105993"}],"wp:term":[{"taxonomy":"category","embeddable":true,"href":"https:\/\/www.visit-ulcinj.com\/blog\/wp-json\/wp\/v2\/categories?post=105993"},{"taxonomy":"post_tag","embeddable":true,"href":"https:\/\/www.visit-ulcinj.com\/blog\/wp-json\/wp\/v2\/tags?post=105993"}],"curies":[{"name":"wp","href":"https:\/\/api.w.org\/{rel}","templated":true}]}}