{"id":105995,"date":"2017-07-04T22:09:07","date_gmt":"2017-07-04T21:09:07","guid":{"rendered":"http:\/\/www.visit-ulcinj.com\/blog\/?p=105995"},"modified":"2017-07-04T22:09:07","modified_gmt":"2017-07-04T21:09:07","slug":"xhaferi-u-zotua-per-mbeshtetje-te-madhe-ardhjen-e-turisteve-dhe-investitoreve-nga-maqedonia-ne-ulqin","status":"publish","type":"post","link":"https:\/\/www.visit-ulcinj.com\/blog\/2017\/07\/04\/xhaferi-u-zotua-per-mbeshtetje-te-madhe-ardhjen-e-turisteve-dhe-investitoreve-nga-maqedonia-ne-ulqin\/","title":{"rendered":"Xhaferi u zotua p\u00ebr mb\u00ebshtetje m\u00eb t\u00eb madhe ardhjen e turist\u00ebve dhe investitor\u00ebve nga Maqedonia n\u00eb Ulqin"},"content":{"rendered":"<p><strong> <a href=\"http:\/\/www.visit-ulcinj.com\/blog\/wp-content\/uploads\/2017\/07\/Talat-Xhaferi-u-zotua-p\u00ebr-mb\u00ebshtetje-per-ardhjen-investitoreve-ne-Ulqin.jpg\"><img loading=\"lazy\" class=\"alignleft wp-image-105997\" src=\"http:\/\/www.visit-ulcinj.com\/blog\/wp-content\/uploads\/2017\/07\/Talat-Xhaferi-u-zotua-p\u00ebr-mb\u00ebshtetje-per-ardhjen-investitoreve-ne-Ulqin.jpg\" alt=\"\" width=\"508\" height=\"339\" srcset=\"https:\/\/www.visit-ulcinj.com\/blog\/wp-content\/uploads\/2017\/07\/Talat-Xhaferi-u-zotua-p\u00ebr-mb\u00ebshtetje-per-ardhjen-investitoreve-ne-Ulqin.jpg 960w, https:\/\/www.visit-ulcinj.com\/blog\/wp-content\/uploads\/2017\/07\/Talat-Xhaferi-u-zotua-p\u00ebr-mb\u00ebshtetje-per-ardhjen-investitoreve-ne-Ulqin-300x200.jpg 300w, https:\/\/www.visit-ulcinj.com\/blog\/wp-content\/uploads\/2017\/07\/Talat-Xhaferi-u-zotua-p\u00ebr-mb\u00ebshtetje-per-ardhjen-investitoreve-ne-Ulqin-768x512.jpg 768w\" sizes=\"(max-width: 508px) 100vw, 508px\" \/><\/a>Ja pra disa foto q\u00eb ka postuar kryetari i Ulqinit Nazif Cungu n\u00eb rrjetet sociale t\u00eb Facebookut, ku thuhet <span class=\"st\"> q\u00eb\u00a0Kryetari i Kuvendit t\u00eb Maqedonis\u00eb, z. Talat Xhaferi do t\u00eb ofroj\u00eb p\u00ebrkrahje t\u00eb vazhdueshme, dhe <span class=\"text_exposed_show\">u zotua q\u00eb do t\u00eb angazhohet p\u00ebr t\u00eb nxitur ardhjen e turist\u00ebve dhe investitor\u00ebve nga Maqedonia n\u00eb Ulqin.<\/span><\/span><\/strong><\/p>\n<p>Sot e vizitoi Komun\u00ebn e Ulqinit, Kryetari i Kuvendit t\u00eb Maqedonis\u00eb, z. Talat Xhaferi. Un\u00eb e p\u00ebrg\u00ebzova s\u00ebrish nga af\u00ebr z. Xhaferi p\u00ebr marrjen e postin e r\u00ebnd\u00ebsish\u00ebm n\u00eb krye t\u00eb parlamentit maqedonas gj\u00eb q\u00eb sh\u00ebnon nj\u00eb arritje t\u00eb r\u00ebnd\u00ebsishme t\u00eb realizimit t\u00eb t\u00eb drejtave shqiptar\u00ebve n\u00eb Maqedoni dhe jep shpres\u00eb p\u00ebr nj\u00eb p\u00ebrmir\u00ebsim t\u00eb marr\u00ebdh\u00ebnieve nd\u00ebr-etnike n\u00eb k\u00ebt\u00eb shtet fqinj.<\/p>\n<p>Po ashtu e njoftova p\u00ebr zhvillimet politike t\u00eb fundit brenda Malit t\u00eb Zi dhe q\u00ebndrimet pro integrimit Eu<span class=\"text_exposed_show\">ro-Atlantik q\u00eb ka mbajtur komuniteti shqiptar p\u00ebr t\u00eb cilat edhe mora mb\u00ebshtetjen e plot\u00eb t\u00eb tij. S\u00eb bashku diskutuam p\u00ebr hapat q\u00eb mund t\u00eb nd\u00ebrmarrim p\u00ebr t\u00eb forcuar marr\u00ebdh\u00ebnien mes shqiptar\u00ebve t\u00eb Malit t\u00eb Zi me ata t\u00eb Maqedonis\u00eb dhe p\u00ebr t\u00eb p\u00ebrmir\u00ebsuar klim\u00ebn e fqinj\u00ebsis\u00eb s\u00eb mir\u00eb n\u00eb mbar\u00eb rajonin. <\/span><\/p>\n<p><span class=\"text_exposed_show\">Gjithashtu, z. Xhaferi u zotua q\u00eb do t\u00eb angazhohet p\u00ebr t\u00eb nxitur ardhjen e turist\u00ebve dhe investitor\u00ebve nga Maqedonia n\u00eb Ulqin, t<span class=\"st\">huhet n\u00eb faqen e Facebookut t\u00eb kryetarit t\u00eb Ulqinit Nazif Cungu.<\/span><br \/>\n<\/span><\/p>\n<p><a href=\"http:\/\/www.visit-ulcinj.com\/blog\/wp-content\/uploads\/2017\/07\/Talat-Xhaferi-u-zotua-p\u00ebr-mb\u00ebshtetje-per-ardhjen-investitoreve-ne-Ulqin-Nazif-Cungu.jpg\"><img loading=\"lazy\" class=\"alignleft wp-image-105998\" src=\"http:\/\/www.visit-ulcinj.com\/blog\/wp-content\/uploads\/2017\/07\/Talat-Xhaferi-u-zotua-p\u00ebr-mb\u00ebshtetje-per-ardhjen-investitoreve-ne-Ulqin-Nazif-Cungu.jpg\" alt=\"\" width=\"508\" height=\"339\" srcset=\"https:\/\/www.visit-ulcinj.com\/blog\/wp-content\/uploads\/2017\/07\/Talat-Xhaferi-u-zotua-p\u00ebr-mb\u00ebshtetje-per-ardhjen-investitoreve-ne-Ulqin-Nazif-Cungu.jpg 960w, https:\/\/www.visit-ulcinj.com\/blog\/wp-content\/uploads\/2017\/07\/Talat-Xhaferi-u-zotua-p\u00ebr-mb\u00ebshtetje-per-ardhjen-investitoreve-ne-Ulqin-Nazif-Cungu-300x200.jpg 300w, https:\/\/www.visit-ulcinj.com\/blog\/wp-content\/uploads\/2017\/07\/Talat-Xhaferi-u-zotua-p\u00ebr-mb\u00ebshtetje-per-ardhjen-investitoreve-ne-Ulqin-Nazif-Cungu-768x512.jpg 768w\" sizes=\"(max-width: 508px) 100vw, 508px\" \/><\/a> <a href=\"http:\/\/www.visit-ulcinj.com\/blog\/wp-content\/uploads\/2017\/07\/Talat-Xhaferi-u-zotua-p\u00ebr-mb\u00ebshtetje-per-ardhjen-investitoreve-ne-Ulqin-Nazif-Cungu-1.jpg\"><img loading=\"lazy\" class=\"alignleft wp-image-105999\" src=\"http:\/\/www.visit-ulcinj.com\/blog\/wp-content\/uploads\/2017\/07\/Talat-Xhaferi-u-zotua-p\u00ebr-mb\u00ebshtetje-per-ardhjen-investitoreve-ne-Ulqin-Nazif-Cungu-1.jpg\" alt=\"\" width=\"508\" height=\"339\" srcset=\"https:\/\/www.visit-ulcinj.com\/blog\/wp-content\/uploads\/2017\/07\/Talat-Xhaferi-u-zotua-p\u00ebr-mb\u00ebshtetje-per-ardhjen-investitoreve-ne-Ulqin-Nazif-Cungu-1.jpg 960w, https:\/\/www.visit-ulcinj.com\/blog\/wp-content\/uploads\/2017\/07\/Talat-Xhaferi-u-zotua-p\u00ebr-mb\u00ebshtetje-per-ardhjen-investitoreve-ne-Ulqin-Nazif-Cungu-1-300x200.jpg 300w, https:\/\/www.visit-ulcinj.com\/blog\/wp-content\/uploads\/2017\/07\/Talat-Xhaferi-u-zotua-p\u00ebr-mb\u00ebshtetje-per-ardhjen-investitoreve-ne-Ulqin-Nazif-Cungu-1-768x512.jpg 768w\" sizes=\"(max-width: 508px) 100vw, 508px\" \/><\/a> <a href=\"http:\/\/www.visit-ulcinj.com\/blog\/wp-content\/uploads\/2017\/07\/Talat-Xhaferi-u-zotua-p\u00ebr-mb\u00ebshtetje-per-ardhjen-investitoreve-ne-Ulqin-Nazif-Cungu-2.jpg\"><img loading=\"lazy\" class=\"alignleft wp-image-106000\" src=\"http:\/\/www.visit-ulcinj.com\/blog\/wp-content\/uploads\/2017\/07\/Talat-Xhaferi-u-zotua-p\u00ebr-mb\u00ebshtetje-per-ardhjen-investitoreve-ne-Ulqin-Nazif-Cungu-2.jpg\" alt=\"\" width=\"508\" height=\"339\" srcset=\"https:\/\/www.visit-ulcinj.com\/blog\/wp-content\/uploads\/2017\/07\/Talat-Xhaferi-u-zotua-p\u00ebr-mb\u00ebshtetje-per-ardhjen-investitoreve-ne-Ulqin-Nazif-Cungu-2.jpg 960w, https:\/\/www.visit-ulcinj.com\/blog\/wp-content\/uploads\/2017\/07\/Talat-Xhaferi-u-zotua-p\u00ebr-mb\u00ebshtetje-per-ardhjen-investitoreve-ne-Ulqin-Nazif-Cungu-2-300x200.jpg 300w, https:\/\/www.visit-ulcinj.com\/blog\/wp-content\/uploads\/2017\/07\/Talat-Xhaferi-u-zotua-p\u00ebr-mb\u00ebshtetje-per-ardhjen-investitoreve-ne-Ulqin-Nazif-Cungu-2-768x512.jpg 768w\" sizes=\"(max-width: 508px) 100vw, 508px\" \/><\/a><\/p>\n","protected":false},"excerpt":{"rendered":"<p>Ja pra disa foto q\u00eb ka postuar kryetari i Ulqinit Nazif Cungu n\u00eb rrjetet sociale t\u00eb Facebookut, ku thuhet q\u00eb\u00a0Kryetari i Kuvendit t\u00eb Maqedonis\u00eb, z. Talat Xhaferi do t\u00eb ofroj\u00eb p\u00ebrkrahje t\u00eb vazhdueshme, dhe u zotua q\u00eb do t\u00eb angazhohet p\u00ebr t\u00eb nxitur ardhjen e turist\u00ebve dhe investitor\u00ebve nga Maqedonia n\u00eb Ulqin. Sot e vizitoi [&hellip;]<\/p>\n","protected":false},"author":1,"featured_media":0,"comment_status":"closed","ping_status":"closed","sticky":false,"template":"","format":"standard","meta":{"spay_email":"","jetpack_publicize_message":"","jetpack_is_tweetstorm":false,"jetpack_publicize_feature_enabled":true},"categories":[15],"tags":[],"jetpack_publicize_connections":[],"yoast_head":"<!-- This site is optimized with the Yoast SEO plugin v19.1 - https:\/\/yoast.com\/wordpress\/plugins\/seo\/ -->\n<title>Xhaferi u zotua p\u00ebr mb\u00ebshtetje m\u00eb t\u00eb madhe ardhjen e turist\u00ebve dhe investitor\u00ebve nga Maqedonia n\u00eb Ulqin - Lajme nga Ulqini<\/title>\n<meta name=\"description\" content=\"Ja pra disa foto q\u00eb ka postuar kryetari i Ulqinit Nazif Cungu n\u00eb rrjetet sociale t\u00eb Facebookut, ku thuhet q\u00eb\u00a0Kryetari i Kuvendit t\u00eb Maqedonis\u00eb, z. Talat\" \/>\n<meta name=\"robots\" content=\"index, follow, max-snippet:-1, max-image-preview:large, max-video-preview:-1\" \/>\n<link rel=\"canonical\" href=\"https:\/\/www.visit-ulcinj.com\/blog\/2017\/07\/04\/xhaferi-u-zotua-per-mbeshtetje-te-madhe-ardhjen-e-turisteve-dhe-investitoreve-nga-maqedonia-ne-ulqin\/\" \/>\n<meta property=\"og:locale\" content=\"en_US\" \/>\n<meta property=\"og:type\" content=\"article\" \/>\n<meta property=\"og:title\" content=\"Xhaferi u zotua p\u00ebr mb\u00ebshtetje m\u00eb t\u00eb madhe ardhjen e turist\u00ebve dhe investitor\u00ebve nga Maqedonia n\u00eb Ulqin - Lajme nga Ulqini\" \/>\n<meta property=\"og:description\" content=\"Ja pra disa foto q\u00eb ka postuar kryetari i Ulqinit Nazif Cungu n\u00eb rrjetet sociale t\u00eb Facebookut, ku thuhet q\u00eb\u00a0Kryetari i Kuvendit t\u00eb Maqedonis\u00eb, z. Talat\" \/>\n<meta property=\"og:url\" content=\"https:\/\/www.visit-ulcinj.com\/blog\/2017\/07\/04\/xhaferi-u-zotua-per-mbeshtetje-te-madhe-ardhjen-e-turisteve-dhe-investitoreve-nga-maqedonia-ne-ulqin\/\" \/>\n<meta property=\"og:site_name\" content=\"Lajme nga Ulqini\" \/>\n<meta property=\"article:published_time\" content=\"2017-07-04T21:09:07+00:00\" \/>\n<meta name=\"twitter:label1\" content=\"Written by\" \/>\n\t<meta name=\"twitter:data1\" content=\"ulqini\" \/>\n\t<meta name=\"twitter:label2\" content=\"Est. reading time\" \/>\n\t<meta name=\"twitter:data2\" content=\"1 minute\" \/>\n<script type=\"application\/ld+json\" class=\"yoast-schema-graph\">{\"@context\":\"https:\/\/schema.org\",\"@graph\":[{\"@type\":\"WebSite\",\"@id\":\"https:\/\/www.visit-ulcinj.com\/blog\/#website\",\"url\":\"https:\/\/www.visit-ulcinj.com\/blog\/\",\"name\":\"Lajme nga Ulqini\",\"description\":\"Lajme,Vijesti,Ulqini,Ulqin,Crna Gora,Mali i Zi\",\"potentialAction\":[{\"@type\":\"SearchAction\",\"target\":{\"@type\":\"EntryPoint\",\"urlTemplate\":\"https:\/\/www.visit-ulcinj.com\/blog\/?s={search_term_string}\"},\"query-input\":\"required name=search_term_string\"}],\"inLanguage\":\"en-US\"},{\"@type\":\"WebPage\",\"@id\":\"https:\/\/www.visit-ulcinj.com\/blog\/2017\/07\/04\/xhaferi-u-zotua-per-mbeshtetje-te-madhe-ardhjen-e-turisteve-dhe-investitoreve-nga-maqedonia-ne-ulqin\/#webpage\",\"url\":\"https:\/\/www.visit-ulcinj.com\/blog\/2017\/07\/04\/xhaferi-u-zotua-per-mbeshtetje-te-madhe-ardhjen-e-turisteve-dhe-investitoreve-nga-maqedonia-ne-ulqin\/\",\"name\":\"Xhaferi u zotua p\u00ebr mb\u00ebshtetje m\u00eb t\u00eb madhe ardhjen e turist\u00ebve dhe investitor\u00ebve nga Maqedonia n\u00eb Ulqin - Lajme nga Ulqini\",\"isPartOf\":{\"@id\":\"https:\/\/www.visit-ulcinj.com\/blog\/#website\"},\"datePublished\":\"2017-07-04T21:09:07+00:00\",\"dateModified\":\"2017-07-04T21:09:07+00:00\",\"author\":{\"@id\":\"https:\/\/www.visit-ulcinj.com\/blog\/#\/schema\/person\/dcab619c614d3038751c63bc2aadc06d\"},\"description\":\"Ja pra disa foto q\u00eb ka postuar kryetari i Ulqinit Nazif Cungu n\u00eb rrjetet sociale t\u00eb Facebookut, ku thuhet q\u00eb\u00a0Kryetari i Kuvendit t\u00eb Maqedonis\u00eb, z. Talat\",\"breadcrumb\":{\"@id\":\"https:\/\/www.visit-ulcinj.com\/blog\/2017\/07\/04\/xhaferi-u-zotua-per-mbeshtetje-te-madhe-ardhjen-e-turisteve-dhe-investitoreve-nga-maqedonia-ne-ulqin\/#breadcrumb\"},\"inLanguage\":\"en-US\",\"potentialAction\":[{\"@type\":\"ReadAction\",\"target\":[\"https:\/\/www.visit-ulcinj.com\/blog\/2017\/07\/04\/xhaferi-u-zotua-per-mbeshtetje-te-madhe-ardhjen-e-turisteve-dhe-investitoreve-nga-maqedonia-ne-ulqin\/\"]}]},{\"@type\":\"BreadcrumbList\",\"@id\":\"https:\/\/www.visit-ulcinj.com\/blog\/2017\/07\/04\/xhaferi-u-zotua-per-mbeshtetje-te-madhe-ardhjen-e-turisteve-dhe-investitoreve-nga-maqedonia-ne-ulqin\/#breadcrumb\",\"itemListElement\":[{\"@type\":\"ListItem\",\"position\":1,\"name\":\"Xhaferi u zotua p\u00ebr mb\u00ebshtetje m\u00eb t\u00eb madhe ardhjen e turist\u00ebve dhe investitor\u00ebve nga Maqedonia n\u00eb Ulqin\"}]},{\"@type\":\"Person\",\"@id\":\"https:\/\/www.visit-ulcinj.com\/blog\/#\/schema\/person\/dcab619c614d3038751c63bc2aadc06d\",\"name\":\"ulqini\",\"sameAs\":[\"http:\/\/www.visit-ulcinj.com\"],\"url\":\"https:\/\/www.visit-ulcinj.com\/blog\/author\/admin\/\"}]}<\/script>\n<!-- \/ Yoast SEO plugin. -->","yoast_head_json":{"title":"Xhaferi u zotua p\u00ebr mb\u00ebshtetje m\u00eb t\u00eb madhe ardhjen e turist\u00ebve dhe investitor\u00ebve nga Maqedonia n\u00eb Ulqin - Lajme nga Ulqini","description":"Ja pra disa foto q\u00eb ka postuar kryetari i Ulqinit Nazif Cungu n\u00eb rrjetet sociale t\u00eb Facebookut, ku thuhet q\u00eb\u00a0Kryetari i Kuvendit t\u00eb Maqedonis\u00eb, z. Talat","robots":{"index":"index","follow":"follow","max-snippet":"max-snippet:-1","max-image-preview":"max-image-preview:large","max-video-preview":"max-video-preview:-1"},"canonical":"https:\/\/www.visit-ulcinj.com\/blog\/2017\/07\/04\/xhaferi-u-zotua-per-mbeshtetje-te-madhe-ardhjen-e-turisteve-dhe-investitoreve-nga-maqedonia-ne-ulqin\/","og_locale":"en_US","og_type":"article","og_title":"Xhaferi u zotua p\u00ebr mb\u00ebshtetje m\u00eb t\u00eb madhe ardhjen e turist\u00ebve dhe investitor\u00ebve nga Maqedonia n\u00eb Ulqin - Lajme nga Ulqini","og_description":"Ja pra disa foto q\u00eb ka postuar kryetari i Ulqinit Nazif Cungu n\u00eb rrjetet sociale t\u00eb Facebookut, ku thuhet q\u00eb\u00a0Kryetari i Kuvendit t\u00eb Maqedonis\u00eb, z. Talat","og_url":"https:\/\/www.visit-ulcinj.com\/blog\/2017\/07\/04\/xhaferi-u-zotua-per-mbeshtetje-te-madhe-ardhjen-e-turisteve-dhe-investitoreve-nga-maqedonia-ne-ulqin\/","og_site_name":"Lajme nga Ulqini","article_published_time":"2017-07-04T21:09:07+00:00","twitter_misc":{"Written by":"ulqini","Est. reading time":"1 minute"},"schema":{"@context":"https:\/\/schema.org","@graph":[{"@type":"WebSite","@id":"https:\/\/www.visit-ulcinj.com\/blog\/#website","url":"https:\/\/www.visit-ulcinj.com\/blog\/","name":"Lajme nga Ulqini","description":"Lajme,Vijesti,Ulqini,Ulqin,Crna Gora,Mali i Zi","potentialAction":[{"@type":"SearchAction","target":{"@type":"EntryPoint","urlTemplate":"https:\/\/www.visit-ulcinj.com\/blog\/?s={search_term_string}"},"query-input":"required name=search_term_string"}],"inLanguage":"en-US"},{"@type":"WebPage","@id":"https:\/\/www.visit-ulcinj.com\/blog\/2017\/07\/04\/xhaferi-u-zotua-per-mbeshtetje-te-madhe-ardhjen-e-turisteve-dhe-investitoreve-nga-maqedonia-ne-ulqin\/#webpage","url":"https:\/\/www.visit-ulcinj.com\/blog\/2017\/07\/04\/xhaferi-u-zotua-per-mbeshtetje-te-madhe-ardhjen-e-turisteve-dhe-investitoreve-nga-maqedonia-ne-ulqin\/","name":"Xhaferi u zotua p\u00ebr mb\u00ebshtetje m\u00eb t\u00eb madhe ardhjen e turist\u00ebve dhe investitor\u00ebve nga Maqedonia n\u00eb Ulqin - Lajme nga Ulqini","isPartOf":{"@id":"https:\/\/www.visit-ulcinj.com\/blog\/#website"},"datePublished":"2017-07-04T21:09:07+00:00","dateModified":"2017-07-04T21:09:07+00:00","author":{"@id":"https:\/\/www.visit-ulcinj.com\/blog\/#\/schema\/person\/dcab619c614d3038751c63bc2aadc06d"},"description":"Ja pra disa foto q\u00eb ka postuar kryetari i Ulqinit Nazif Cungu n\u00eb rrjetet sociale t\u00eb Facebookut, ku thuhet q\u00eb\u00a0Kryetari i Kuvendit t\u00eb Maqedonis\u00eb, z. Talat","breadcrumb":{"@id":"https:\/\/www.visit-ulcinj.com\/blog\/2017\/07\/04\/xhaferi-u-zotua-per-mbeshtetje-te-madhe-ardhjen-e-turisteve-dhe-investitoreve-nga-maqedonia-ne-ulqin\/#breadcrumb"},"inLanguage":"en-US","potentialAction":[{"@type":"ReadAction","target":["https:\/\/www.visit-ulcinj.com\/blog\/2017\/07\/04\/xhaferi-u-zotua-per-mbeshtetje-te-madhe-ardhjen-e-turisteve-dhe-investitoreve-nga-maqedonia-ne-ulqin\/"]}]},{"@type":"BreadcrumbList","@id":"https:\/\/www.visit-ulcinj.com\/blog\/2017\/07\/04\/xhaferi-u-zotua-per-mbeshtetje-te-madhe-ardhjen-e-turisteve-dhe-investitoreve-nga-maqedonia-ne-ulqin\/#breadcrumb","itemListElement":[{"@type":"ListItem","position":1,"name":"Xhaferi u zotua p\u00ebr mb\u00ebshtetje m\u00eb t\u00eb madhe ardhjen e turist\u00ebve dhe investitor\u00ebve nga Maqedonia n\u00eb Ulqin"}]},{"@type":"Person","@id":"https:\/\/www.visit-ulcinj.com\/blog\/#\/schema\/person\/dcab619c614d3038751c63bc2aadc06d","name":"ulqini","sameAs":["http:\/\/www.visit-ulcinj.com"],"url":"https:\/\/www.visit-ulcinj.com\/blog\/author\/admin\/"}]}},"jetpack_featured_media_url":"","jetpack_sharing_enabled":true,"jetpack_shortlink":"https:\/\/wp.me\/pe6lTn-rzB","_links":{"self":[{"href":"https:\/\/www.visit-ulcinj.com\/blog\/wp-json\/wp\/v2\/posts\/105995"}],"collection":[{"href":"https:\/\/www.visit-ulcinj.com\/blog\/wp-json\/wp\/v2\/posts"}],"about":[{"href":"https:\/\/www.visit-ulcinj.com\/blog\/wp-json\/wp\/v2\/types\/post"}],"author":[{"embeddable":true,"href":"https:\/\/www.visit-ulcinj.com\/blog\/wp-json\/wp\/v2\/users\/1"}],"replies":[{"embeddable":true,"href":"https:\/\/www.visit-ulcinj.com\/blog\/wp-json\/wp\/v2\/comments?post=105995"}],"version-history":[{"count":1,"href":"https:\/\/www.visit-ulcinj.com\/blog\/wp-json\/wp\/v2\/posts\/105995\/revisions"}],"predecessor-version":[{"id":106001,"href":"https:\/\/www.visit-ulcinj.com\/blog\/wp-json\/wp\/v2\/posts\/105995\/revisions\/106001"}],"wp:attachment":[{"href":"https:\/\/www.visit-ulcinj.com\/blog\/wp-json\/wp\/v2\/media?parent=105995"}],"wp:term":[{"taxonomy":"category","embeddable":true,"href":"https:\/\/www.visit-ulcinj.com\/blog\/wp-json\/wp\/v2\/categories?post=105995"},{"taxonomy":"post_tag","embeddable":true,"href":"https:\/\/www.visit-ulcinj.com\/blog\/wp-json\/wp\/v2\/tags?post=105995"}],"curies":[{"name":"wp","href":"https:\/\/api.w.org\/{rel}","templated":true}]}}