{"id":106005,"date":"2017-07-05T08:33:20","date_gmt":"2017-07-05T07:33:20","guid":{"rendered":"http:\/\/www.visit-ulcinj.com\/blog\/?p=106005"},"modified":"2017-07-05T11:25:41","modified_gmt":"2017-07-05T10:25:41","slug":"u-mbajt-pikniku-i-komunitetit-shqiptar-ne-new-york-foto","status":"publish","type":"post","link":"https:\/\/www.visit-ulcinj.com\/blog\/2017\/07\/05\/u-mbajt-pikniku-i-komunitetit-shqiptar-ne-new-york-foto\/","title":{"rendered":"U mbajt pikniku i komunitetit shqiptar n\u00eb New York &#8211; Foto"},"content":{"rendered":"<p><a href=\"http:\/\/www.visit-ulcinj.com\/blog\/wp-content\/uploads\/2017\/07\/Pikniku-i-komunitetit-shqiptar-n\u00eb-New-York-2017.jpg\"><img loading=\"lazy\" class=\"alignleft wp-image-106006\" src=\"http:\/\/www.visit-ulcinj.com\/blog\/wp-content\/uploads\/2017\/07\/Pikniku-i-komunitetit-shqiptar-n\u00eb-New-York-2017.jpg\" alt=\"\" width=\"508\" height=\"522\" srcset=\"https:\/\/www.visit-ulcinj.com\/blog\/wp-content\/uploads\/2017\/07\/Pikniku-i-komunitetit-shqiptar-n\u00eb-New-York-2017.jpg 603w, https:\/\/www.visit-ulcinj.com\/blog\/wp-content\/uploads\/2017\/07\/Pikniku-i-komunitetit-shqiptar-n\u00eb-New-York-2017-292x300.jpg 292w\" sizes=\"(max-width: 508px) 100vw, 508px\" \/><\/a>Me rastin e Fest\u00ebs s\u00eb 4 Korrikut &#8211; Dit\u00ebs s\u00eb Pavar\u00ebsis\u00eb s\u00eb SHBA-ve, t\u00eb Diel\u00ebn ( me 2 Korrik 2017 ) n\u00eb FDR State Park, n\u00eb Yorktown Hights t\u00eb New York-ut u mbajt Pikniku i p\u00ebrbashk\u00ebt i rradh\u00ebs i organizuar nga An\u00ebtari i Asambles\u00eb s\u00eb New York-ut , z. Mark Gjonaj , n\u00eb bashk\u00ebpunim me shoqatat dhe organizatat e komunitetit shqiptar t\u00eb NY me rrethin\u00eb.<br \/>\nPikniku u hap me k\u00ebndimin e himnit amerikan dhe shqiptar dhe pasoj me fjalimin e shkurt\u00eb p\u00ebrsh\u00ebndet\u00ebs i z. Mark Gjonaj i cili i uroj t\u00eb gjith\u00eb t\u00eb pranishmve 4 Korrikun- Dit\u00ebn e Pavar\u00ebsis\u00eb s\u00eb SHBA-ve dhe falenderoj t\u00eb gjith\u00eb pjes\u00ebmarr\u00ebsit si dhe ata t\u00eb cil\u00ebt me pun\u00ebn e tyre vullnetare e b\u00ebn t\u00eb mundsh\u00ebm realizimin dhe mbar\u00ebvajtjen e Piknikut.<br \/>\nPjesa e programit kulturo-artistik filloj me sfilat\u00ebn e kostumeve komb\u00ebtare ku vajzat dhe djemt e rinj demonstruan veshjet e bukura komb\u00ebtare nga t\u00eb gjitha trojet shqiptare. Kurse k\u00ebng\u00ebt, vallet e larmishme dhe folklori i pasur shqiptar u interpretuan nga disa shoq\u00ebri kolturore-artistike dhe ansamble q\u00eb veprojn\u00eb n\u00eb komunitetin shqiptar t\u00eb New York-ut me rrethin\u00eb, p\u00ebr me muzik\u00ebn e t\u00eb cil\u00ebve u p\u00ebrkujdes, DJ Fati. Vlen t\u00eb p\u00ebrmendet se shoq\u00ebrit kultorore-artistike t\u00eb komunitetit shqiptar tashm\u00eb jan\u00eb b\u00ebr\u00eb sinonim i jet\u00ebs kultorore dhe artistike t\u00eb k\u00ebsaj pjese t\u00eb diaspor\u00ebs dhe \u00ebsht\u00eb nj\u00eb k\u00ebnaq\u00ebsi\u00a0 e ve\u00e7ant\u00eb kur v\u00ebrehen se pjes\u00eb e tyre jan\u00eb edhe f\u00ebmij\u00ebt e moshave m\u00eb t\u00eb vogla t\u00eb cil\u00ebt me aq zell, entuziaz\u00ebm dhe krenari k\u00ebndojn\u00eb k\u00ebng\u00ebt dhe k\u00ebrcejn\u00eb vallet e bukura shqipe.\u00a0 N\u00eb Piknikun e komunitetit shqiptar u paraqit me disa k\u00ebng\u00eb edhe k\u00ebng\u00ebtari i mir\u00ebnjohur G\u00ebzim Nika.<br \/>\nGjithashtu, ashtu si \u00e7do her\u00eb m\u00eb par\u00eb edhe n\u00eb k\u00ebte Piknik u organizuan gara n\u00eb sporte t\u00eb ndrysh\u00ebm si n\u00eb futboll, volejboll, t\u00ebrheqjen e litarit etj. me \u00e7&#8217;rast fituesit u shp\u00ebrblyen me medale.<\/p>\n<p>E Diela e 2 Korrikut isht\u00eb nj\u00eb dit\u00eb aq a bukur me diell e cila ndikoj q\u00eb me qindra bashkatdhetar\u00eb\u00a0 t\u00eb mblidhen dhe t\u00eb kalojn\u00eb pak koh\u00eb s\u00eb bashku, n\u00eb nj\u00eb atmosfer\u00eb v\u00ebllaz\u00ebrore, duke u arg\u00ebtuar me k\u00ebng\u00eb e\u00a0 muzik\u00eb shqiptare . Pjes\u00ebmarr\u00ebsit e Piknikut u furnizuan me ushqime tradicionale t\u00eb cil\u00ebt ishin donacion nga sponzor\u00ebt .<\/p>\n<p>Tashm\u00eb \u00ebsht\u00eb d\u00ebshmuar se\u00a0 organizimi i evenimenteve t\u00eb tilla si\u00e7 \u00ebsht\u00eb pikniku, kan\u00eb nj\u00eb r\u00ebnd\u00ebsi t\u00eb ve\u00e7ant\u00eb n\u00eb rend t\u00eb par\u00eb n\u00eb kutivimin dhe p\u00ebrforcimin e marr\u00ebdh\u00ebnieve dhe nd\u00ebrlidhjeve n\u00eb mes pjes\u00ebtar\u00ebve t\u00eb komunitetit,pa asnj\u00eb lloj dallimi, mbajtjen e kompaktsis\u00eb dhe unitetit t\u00eb komunitetit ton\u00eb dhe s\u00eb dyti, bartja apo trashigimia e vlerave t\u00eb tradit\u00ebs dhe identitetit ton\u00eb komb\u00ebtar tek brezat e rinj n\u00eb diaspor\u00eb.<\/p>\n<div class=\"yj6qo ajU\">\n<div id=\":15l\" class=\"ajR\" tabindex=\"0\" role=\"button\" data-tooltip=\"Afficher le contenu abr\u00e9g\u00e9\" aria-label=\"Afficher le contenu abr\u00e9g\u00e9\">\n<p class=\"iw\"><strong><span class=\"gD\">Xheladin Zeneli<\/span><\/strong><\/p>\n\n\t\t<style type=\"text\/css\">\n\t\t\t#gallery-1 {\n\t\t\t\tmargin: auto;\n\t\t\t}\n\t\t\t#gallery-1 .gallery-item {\n\t\t\t\tfloat: left;\n\t\t\t\tmargin-top: 10px;\n\t\t\t\ttext-align: center;\n\t\t\t\twidth: 33%;\n\t\t\t}\n\t\t\t#gallery-1 img {\n\t\t\t\tborder: 2px solid #cfcfcf;\n\t\t\t}\n\t\t\t#gallery-1 .gallery-caption {\n\t\t\t\tmargin-left: 0;\n\t\t\t}\n\t\t\t\/* see gallery_shortcode() in wp-includes\/media.php *\/\n\t\t<\/style>\n\t\t<div id='gallery-1' class='gallery galleryid-106005 gallery-columns-3 gallery-size-thumbnail'><dl class='gallery-item'>\n\t\t\t<dt class='gallery-icon landscape'>\n\t\t\t\t<a href='https:\/\/www.visit-ulcinj.com\/blog\/2017\/07\/05\/u-mbajt-pikniku-i-komunitetit-shqiptar-ne-new-york-foto\/pikniku-i-komunitetit-shqiptar-ne-new-york-2017-1\/'><img width=\"150\" height=\"150\" src=\"https:\/\/www.visit-ulcinj.com\/blog\/wp-content\/uploads\/2017\/07\/Pikniku-i-komunitetit-shqiptar-n\u00eb-New-York-2017-1-150x150.jpg\" class=\"attachment-thumbnail size-thumbnail\" alt=\"\" loading=\"lazy\" \/><\/a>\n\t\t\t<\/dt><\/dl><dl class='gallery-item'>\n\t\t\t<dt class='gallery-icon landscape'>\n\t\t\t\t<a href='https:\/\/www.visit-ulcinj.com\/blog\/2017\/07\/05\/u-mbajt-pikniku-i-komunitetit-shqiptar-ne-new-york-foto\/pikniku-i-komunitetit-shqiptar-ne-new-york-2017-2\/'><img width=\"150\" height=\"150\" src=\"https:\/\/www.visit-ulcinj.com\/blog\/wp-content\/uploads\/2017\/07\/Pikniku-i-komunitetit-shqiptar-n\u00eb-New-York-2017-2-150x150.jpg\" class=\"attachment-thumbnail size-thumbnail\" alt=\"\" loading=\"lazy\" \/><\/a>\n\t\t\t<\/dt><\/dl><dl class='gallery-item'>\n\t\t\t<dt class='gallery-icon landscape'>\n\t\t\t\t<a href='https:\/\/www.visit-ulcinj.com\/blog\/2017\/07\/05\/u-mbajt-pikniku-i-komunitetit-shqiptar-ne-new-york-foto\/pikniku-i-komunitetit-shqiptar-ne-new-york-2017-3\/'><img width=\"150\" height=\"150\" src=\"https:\/\/www.visit-ulcinj.com\/blog\/wp-content\/uploads\/2017\/07\/Pikniku-i-komunitetit-shqiptar-n\u00eb-New-York-2017-3-150x150.jpg\" class=\"attachment-thumbnail size-thumbnail\" alt=\"\" loading=\"lazy\" \/><\/a>\n\t\t\t<\/dt><\/dl><br style=\"clear: both\" \/><dl class='gallery-item'>\n\t\t\t<dt class='gallery-icon landscape'>\n\t\t\t\t<a href='https:\/\/www.visit-ulcinj.com\/blog\/2017\/07\/05\/u-mbajt-pikniku-i-komunitetit-shqiptar-ne-new-york-foto\/pikniku-i-komunitetit-shqiptar-ne-new-york-2017-4\/'><img width=\"150\" height=\"150\" src=\"https:\/\/www.visit-ulcinj.com\/blog\/wp-content\/uploads\/2017\/07\/Pikniku-i-komunitetit-shqiptar-n\u00eb-New-York-2017-4-150x150.jpg\" class=\"attachment-thumbnail size-thumbnail\" alt=\"\" loading=\"lazy\" \/><\/a>\n\t\t\t<\/dt><\/dl><dl class='gallery-item'>\n\t\t\t<dt class='gallery-icon landscape'>\n\t\t\t\t<a href='https:\/\/www.visit-ulcinj.com\/blog\/2017\/07\/05\/u-mbajt-pikniku-i-komunitetit-shqiptar-ne-new-york-foto\/pikniku-i-komunitetit-shqiptar-ne-new-york-2017-5\/'><img width=\"150\" height=\"150\" src=\"https:\/\/www.visit-ulcinj.com\/blog\/wp-content\/uploads\/2017\/07\/Pikniku-i-komunitetit-shqiptar-n\u00eb-New-York-2017-5-150x150.jpg\" class=\"attachment-thumbnail size-thumbnail\" alt=\"\" loading=\"lazy\" \/><\/a>\n\t\t\t<\/dt><\/dl><dl class='gallery-item'>\n\t\t\t<dt class='gallery-icon landscape'>\n\t\t\t\t<a href='https:\/\/www.visit-ulcinj.com\/blog\/2017\/07\/05\/u-mbajt-pikniku-i-komunitetit-shqiptar-ne-new-york-foto\/pikniku-i-komunitetit-shqiptar-ne-new-york-2017-6\/'><img width=\"150\" height=\"150\" src=\"https:\/\/www.visit-ulcinj.com\/blog\/wp-content\/uploads\/2017\/07\/Pikniku-i-komunitetit-shqiptar-n\u00eb-New-York-2017-6-150x150.jpg\" class=\"attachment-thumbnail size-thumbnail\" alt=\"\" loading=\"lazy\" \/><\/a>\n\t\t\t<\/dt><\/dl><br style=\"clear: both\" \/>\n\t\t<\/div>\n\n<p>&nbsp;<\/p>\n<\/div>\n<\/div>\n","protected":false},"excerpt":{"rendered":"<p>Me rastin e Fest\u00ebs s\u00eb 4 Korrikut &#8211; Dit\u00ebs s\u00eb Pavar\u00ebsis\u00eb s\u00eb SHBA-ve, t\u00eb Diel\u00ebn ( me 2 Korrik 2017 ) n\u00eb FDR State Park, n\u00eb Yorktown Hights t\u00eb New York-ut u mbajt Pikniku i p\u00ebrbashk\u00ebt i rradh\u00ebs i organizuar nga An\u00ebtari i Asambles\u00eb s\u00eb New York-ut , z. Mark Gjonaj , n\u00eb bashk\u00ebpunim me [&hellip;]<\/p>\n","protected":false},"author":1,"featured_media":0,"comment_status":"closed","ping_status":"closed","sticky":false,"template":"","format":"standard","meta":{"spay_email":"","jetpack_publicize_message":"","jetpack_is_tweetstorm":false,"jetpack_publicize_feature_enabled":true},"categories":[7,1],"tags":[],"jetpack_publicize_connections":[],"yoast_head":"<!-- This site is optimized with the Yoast SEO plugin v19.1 - https:\/\/yoast.com\/wordpress\/plugins\/seo\/ -->\n<title>U mbajt pikniku i komunitetit shqiptar n\u00eb New York - Foto - Lajme nga Ulqini<\/title>\n<meta name=\"description\" content=\"Me rastin e Fest\u00ebs s\u00eb 4 Korrikut - Dit\u00ebs s\u00eb Pavar\u00ebsis\u00eb s\u00eb SHBA-ve, t\u00eb Diel\u00ebn ( me 2 Korrik 2017 ) n\u00eb FDR State Park, n\u00eb Yorktown Hights t\u00eb New York-ut u\" \/>\n<meta name=\"robots\" content=\"index, follow, max-snippet:-1, max-image-preview:large, max-video-preview:-1\" \/>\n<link rel=\"canonical\" href=\"https:\/\/www.visit-ulcinj.com\/blog\/2017\/07\/05\/u-mbajt-pikniku-i-komunitetit-shqiptar-ne-new-york-foto\/\" \/>\n<meta property=\"og:locale\" content=\"en_US\" \/>\n<meta property=\"og:type\" content=\"article\" \/>\n<meta property=\"og:title\" content=\"U mbajt pikniku i komunitetit shqiptar n\u00eb New York - Foto - Lajme nga Ulqini\" \/>\n<meta property=\"og:description\" content=\"Me rastin e Fest\u00ebs s\u00eb 4 Korrikut - Dit\u00ebs s\u00eb Pavar\u00ebsis\u00eb s\u00eb SHBA-ve, t\u00eb Diel\u00ebn ( me 2 Korrik 2017 ) n\u00eb FDR State Park, n\u00eb Yorktown Hights t\u00eb New York-ut u\" \/>\n<meta property=\"og:url\" content=\"https:\/\/www.visit-ulcinj.com\/blog\/2017\/07\/05\/u-mbajt-pikniku-i-komunitetit-shqiptar-ne-new-york-foto\/\" \/>\n<meta property=\"og:site_name\" content=\"Lajme nga Ulqini\" \/>\n<meta property=\"article:published_time\" content=\"2017-07-05T07:33:20+00:00\" \/>\n<meta property=\"article:modified_time\" content=\"2017-07-05T10:25:41+00:00\" \/>\n<meta property=\"og:image\" content=\"https:\/\/www.visit-ulcinj.com\/blog\/wp-content\/uploads\/2017\/07\/Pikniku-i-komunitetit-shqiptar-n\u00eb-New-York-2017-1-150x150.jpg\" \/>\n<meta name=\"twitter:label1\" content=\"Written by\" \/>\n\t<meta name=\"twitter:data1\" content=\"ulqini\" \/>\n\t<meta name=\"twitter:label2\" content=\"Est. reading time\" \/>\n\t<meta name=\"twitter:data2\" content=\"2 minutes\" \/>\n<script type=\"application\/ld+json\" class=\"yoast-schema-graph\">{\"@context\":\"https:\/\/schema.org\",\"@graph\":[{\"@type\":\"WebSite\",\"@id\":\"https:\/\/www.visit-ulcinj.com\/blog\/#website\",\"url\":\"https:\/\/www.visit-ulcinj.com\/blog\/\",\"name\":\"Lajme nga Ulqini\",\"description\":\"Lajme,Vijesti,Ulqini,Ulqin,Crna Gora,Mali i Zi\",\"potentialAction\":[{\"@type\":\"SearchAction\",\"target\":{\"@type\":\"EntryPoint\",\"urlTemplate\":\"https:\/\/www.visit-ulcinj.com\/blog\/?s={search_term_string}\"},\"query-input\":\"required name=search_term_string\"}],\"inLanguage\":\"en-US\"},{\"@type\":\"WebPage\",\"@id\":\"https:\/\/www.visit-ulcinj.com\/blog\/2017\/07\/05\/u-mbajt-pikniku-i-komunitetit-shqiptar-ne-new-york-foto\/#webpage\",\"url\":\"https:\/\/www.visit-ulcinj.com\/blog\/2017\/07\/05\/u-mbajt-pikniku-i-komunitetit-shqiptar-ne-new-york-foto\/\",\"name\":\"U mbajt pikniku i komunitetit shqiptar n\u00eb New York - Foto - Lajme nga Ulqini\",\"isPartOf\":{\"@id\":\"https:\/\/www.visit-ulcinj.com\/blog\/#website\"},\"datePublished\":\"2017-07-05T07:33:20+00:00\",\"dateModified\":\"2017-07-05T10:25:41+00:00\",\"author\":{\"@id\":\"https:\/\/www.visit-ulcinj.com\/blog\/#\/schema\/person\/dcab619c614d3038751c63bc2aadc06d\"},\"description\":\"Me rastin e Fest\u00ebs s\u00eb 4 Korrikut - Dit\u00ebs s\u00eb Pavar\u00ebsis\u00eb s\u00eb SHBA-ve, t\u00eb Diel\u00ebn ( me 2 Korrik 2017 ) n\u00eb FDR State Park, n\u00eb Yorktown Hights t\u00eb New York-ut u\",\"breadcrumb\":{\"@id\":\"https:\/\/www.visit-ulcinj.com\/blog\/2017\/07\/05\/u-mbajt-pikniku-i-komunitetit-shqiptar-ne-new-york-foto\/#breadcrumb\"},\"inLanguage\":\"en-US\",\"potentialAction\":[{\"@type\":\"ReadAction\",\"target\":[\"https:\/\/www.visit-ulcinj.com\/blog\/2017\/07\/05\/u-mbajt-pikniku-i-komunitetit-shqiptar-ne-new-york-foto\/\"]}]},{\"@type\":\"BreadcrumbList\",\"@id\":\"https:\/\/www.visit-ulcinj.com\/blog\/2017\/07\/05\/u-mbajt-pikniku-i-komunitetit-shqiptar-ne-new-york-foto\/#breadcrumb\",\"itemListElement\":[{\"@type\":\"ListItem\",\"position\":1,\"name\":\"U mbajt pikniku i komunitetit shqiptar n\u00eb New York &#8211; Foto\"}]},{\"@type\":\"Person\",\"@id\":\"https:\/\/www.visit-ulcinj.com\/blog\/#\/schema\/person\/dcab619c614d3038751c63bc2aadc06d\",\"name\":\"ulqini\",\"sameAs\":[\"http:\/\/www.visit-ulcinj.com\"],\"url\":\"https:\/\/www.visit-ulcinj.com\/blog\/author\/admin\/\"}]}<\/script>\n<!-- \/ Yoast SEO plugin. -->","yoast_head_json":{"title":"U mbajt pikniku i komunitetit shqiptar n\u00eb New York - Foto - Lajme nga Ulqini","description":"Me rastin e Fest\u00ebs s\u00eb 4 Korrikut - Dit\u00ebs s\u00eb Pavar\u00ebsis\u00eb s\u00eb SHBA-ve, t\u00eb Diel\u00ebn ( me 2 Korrik 2017 ) n\u00eb FDR State Park, n\u00eb Yorktown Hights t\u00eb New York-ut u","robots":{"index":"index","follow":"follow","max-snippet":"max-snippet:-1","max-image-preview":"max-image-preview:large","max-video-preview":"max-video-preview:-1"},"canonical":"https:\/\/www.visit-ulcinj.com\/blog\/2017\/07\/05\/u-mbajt-pikniku-i-komunitetit-shqiptar-ne-new-york-foto\/","og_locale":"en_US","og_type":"article","og_title":"U mbajt pikniku i komunitetit shqiptar n\u00eb New York - Foto - Lajme nga Ulqini","og_description":"Me rastin e Fest\u00ebs s\u00eb 4 Korrikut - Dit\u00ebs s\u00eb Pavar\u00ebsis\u00eb s\u00eb SHBA-ve, t\u00eb Diel\u00ebn ( me 2 Korrik 2017 ) n\u00eb FDR State Park, n\u00eb Yorktown Hights t\u00eb New York-ut u","og_url":"https:\/\/www.visit-ulcinj.com\/blog\/2017\/07\/05\/u-mbajt-pikniku-i-komunitetit-shqiptar-ne-new-york-foto\/","og_site_name":"Lajme nga Ulqini","article_published_time":"2017-07-05T07:33:20+00:00","article_modified_time":"2017-07-05T10:25:41+00:00","og_image":[{"url":"https:\/\/www.visit-ulcinj.com\/blog\/wp-content\/uploads\/2017\/07\/Pikniku-i-komunitetit-shqiptar-n\u00eb-New-York-2017-1-150x150.jpg"}],"twitter_misc":{"Written by":"ulqini","Est. reading time":"2 minutes"},"schema":{"@context":"https:\/\/schema.org","@graph":[{"@type":"WebSite","@id":"https:\/\/www.visit-ulcinj.com\/blog\/#website","url":"https:\/\/www.visit-ulcinj.com\/blog\/","name":"Lajme nga Ulqini","description":"Lajme,Vijesti,Ulqini,Ulqin,Crna Gora,Mali i Zi","potentialAction":[{"@type":"SearchAction","target":{"@type":"EntryPoint","urlTemplate":"https:\/\/www.visit-ulcinj.com\/blog\/?s={search_term_string}"},"query-input":"required name=search_term_string"}],"inLanguage":"en-US"},{"@type":"WebPage","@id":"https:\/\/www.visit-ulcinj.com\/blog\/2017\/07\/05\/u-mbajt-pikniku-i-komunitetit-shqiptar-ne-new-york-foto\/#webpage","url":"https:\/\/www.visit-ulcinj.com\/blog\/2017\/07\/05\/u-mbajt-pikniku-i-komunitetit-shqiptar-ne-new-york-foto\/","name":"U mbajt pikniku i komunitetit shqiptar n\u00eb New York - Foto - Lajme nga Ulqini","isPartOf":{"@id":"https:\/\/www.visit-ulcinj.com\/blog\/#website"},"datePublished":"2017-07-05T07:33:20+00:00","dateModified":"2017-07-05T10:25:41+00:00","author":{"@id":"https:\/\/www.visit-ulcinj.com\/blog\/#\/schema\/person\/dcab619c614d3038751c63bc2aadc06d"},"description":"Me rastin e Fest\u00ebs s\u00eb 4 Korrikut - Dit\u00ebs s\u00eb Pavar\u00ebsis\u00eb s\u00eb SHBA-ve, t\u00eb Diel\u00ebn ( me 2 Korrik 2017 ) n\u00eb FDR State Park, n\u00eb Yorktown Hights t\u00eb New York-ut u","breadcrumb":{"@id":"https:\/\/www.visit-ulcinj.com\/blog\/2017\/07\/05\/u-mbajt-pikniku-i-komunitetit-shqiptar-ne-new-york-foto\/#breadcrumb"},"inLanguage":"en-US","potentialAction":[{"@type":"ReadAction","target":["https:\/\/www.visit-ulcinj.com\/blog\/2017\/07\/05\/u-mbajt-pikniku-i-komunitetit-shqiptar-ne-new-york-foto\/"]}]},{"@type":"BreadcrumbList","@id":"https:\/\/www.visit-ulcinj.com\/blog\/2017\/07\/05\/u-mbajt-pikniku-i-komunitetit-shqiptar-ne-new-york-foto\/#breadcrumb","itemListElement":[{"@type":"ListItem","position":1,"name":"U mbajt pikniku i komunitetit shqiptar n\u00eb New York &#8211; Foto"}]},{"@type":"Person","@id":"https:\/\/www.visit-ulcinj.com\/blog\/#\/schema\/person\/dcab619c614d3038751c63bc2aadc06d","name":"ulqini","sameAs":["http:\/\/www.visit-ulcinj.com"],"url":"https:\/\/www.visit-ulcinj.com\/blog\/author\/admin\/"}]}},"jetpack_featured_media_url":"","jetpack_sharing_enabled":true,"jetpack_shortlink":"https:\/\/wp.me\/pe6lTn-rzL","_links":{"self":[{"href":"https:\/\/www.visit-ulcinj.com\/blog\/wp-json\/wp\/v2\/posts\/106005"}],"collection":[{"href":"https:\/\/www.visit-ulcinj.com\/blog\/wp-json\/wp\/v2\/posts"}],"about":[{"href":"https:\/\/www.visit-ulcinj.com\/blog\/wp-json\/wp\/v2\/types\/post"}],"author":[{"embeddable":true,"href":"https:\/\/www.visit-ulcinj.com\/blog\/wp-json\/wp\/v2\/users\/1"}],"replies":[{"embeddable":true,"href":"https:\/\/www.visit-ulcinj.com\/blog\/wp-json\/wp\/v2\/comments?post=106005"}],"version-history":[{"count":1,"href":"https:\/\/www.visit-ulcinj.com\/blog\/wp-json\/wp\/v2\/posts\/106005\/revisions"}],"predecessor-version":[{"id":106013,"href":"https:\/\/www.visit-ulcinj.com\/blog\/wp-json\/wp\/v2\/posts\/106005\/revisions\/106013"}],"wp:attachment":[{"href":"https:\/\/www.visit-ulcinj.com\/blog\/wp-json\/wp\/v2\/media?parent=106005"}],"wp:term":[{"taxonomy":"category","embeddable":true,"href":"https:\/\/www.visit-ulcinj.com\/blog\/wp-json\/wp\/v2\/categories?post=106005"},{"taxonomy":"post_tag","embeddable":true,"href":"https:\/\/www.visit-ulcinj.com\/blog\/wp-json\/wp\/v2\/tags?post=106005"}],"curies":[{"name":"wp","href":"https:\/\/api.w.org\/{rel}","templated":true}]}}