{"id":106021,"date":"2017-07-05T11:17:41","date_gmt":"2017-07-05T10:17:41","guid":{"rendered":"http:\/\/www.visit-ulcinj.com\/blog\/?p=106021"},"modified":"2017-07-05T18:49:32","modified_gmt":"2017-07-05T17:49:32","slug":"qeverisjes-lokale-te-ulqinit-duhet-reforme-e-thelle-ulqinaket-nuk-besojne-disa-institucioneve","status":"publish","type":"post","link":"https:\/\/www.visit-ulcinj.com\/blog\/2017\/07\/05\/qeverisjes-lokale-te-ulqinit-duhet-reforme-e-thelle-ulqinaket-nuk-besojne-disa-institucioneve\/","title":{"rendered":"Qeverisjes lokale te Ulqinit i duhet reform\u00eb e thell\u00eb, ulqinak\u00ebt nuk i besojne disa institucioneve"},"content":{"rendered":"<p><strong><a href=\"http:\/\/www.visit-ulcinj.com\/blog\/wp-content\/uploads\/2017\/07\/Tryeza-e-rrumbullak\u00ebt-KORRUPSIONI-PENGES\u00cb-P\u00cbR-ZHVILLIMIN-E-ULQINIT.jpg\"><img loading=\"lazy\" class=\"alignleft wp-image-106022\" src=\"http:\/\/www.visit-ulcinj.com\/blog\/wp-content\/uploads\/2017\/07\/Tryeza-e-rrumbullak\u00ebt-KORRUPSIONI-PENGES\u00cb-P\u00cbR-ZHVILLIMIN-E-ULQINIT.jpg\" alt=\"\" width=\"508\" height=\"381\" srcset=\"https:\/\/www.visit-ulcinj.com\/blog\/wp-content\/uploads\/2017\/07\/Tryeza-e-rrumbullak\u00ebt-KORRUPSIONI-PENGES\u00cb-P\u00cbR-ZHVILLIMIN-E-ULQINIT.jpg 800w, https:\/\/www.visit-ulcinj.com\/blog\/wp-content\/uploads\/2017\/07\/Tryeza-e-rrumbullak\u00ebt-KORRUPSIONI-PENGES\u00cb-P\u00cbR-ZHVILLIMIN-E-ULQINIT-300x225.jpg 300w, https:\/\/www.visit-ulcinj.com\/blog\/wp-content\/uploads\/2017\/07\/Tryeza-e-rrumbullak\u00ebt-KORRUPSIONI-PENGES\u00cb-P\u00cbR-ZHVILLIMIN-E-ULQINIT-768x576.jpg 768w\" sizes=\"(max-width: 508px) 100vw, 508px\" \/><\/a>Me mbajtjen e tryez\u00ebs s\u00eb rrumbullak\u00ebt t\u00eb mart\u00ebn formalisht p\u00ebrfundoi realizimi i projektit \u201eUlqini kund\u00ebr korrupsionit\u201c, t\u00eb cilin nga mesi i janarit e implementoi OJQ \u201eUl info\u201c.<\/strong><\/p>\n<p>\u201eJemi t\u00eb k\u00ebnaqur sepse \u00ebsht\u00eb realizuar \u00e7do gj\u00eb e planifikuar me projekt\u201c, tha koordinatori i projektit Mustafa Canka, gjersa nga Qendra p\u00ebr arsimim qytetar\u00eb, e cila ishte bart\u00ebse e projektit n\u00eb nivel shtet\u00ebror, kan\u00eb th\u00ebn\u00eb se u arrit edhe m\u00eb shum\u00eb se\u00e7 \u00ebsht\u00eb planifikuar.<\/p>\n<p>Sepse, n\u00eb k\u00ebt\u00eb periudh\u00eb \u00ebsht\u00eb b\u00ebr\u00eb anketa p\u00ebr perceptimin e korrupsionit, \u00ebsht\u00eb hartuar Studimi p\u00ebr implementimin e Planit t\u00eb veprimit p\u00ebr luft\u00eb kund\u00ebr korrupsionit, pastaj klipi p\u00ebr antikorrupsion, u realizua emisioni n\u00eb TV Vijesti p\u00ebr k\u00ebt\u00eb tematik\u00eb, u d\u00ebrguan Komun\u00ebs rreth 160 k\u00ebrkesa p\u00ebr qasje t\u00eb lir\u00eb t\u00eb informacionit, u ndan\u00eb 500 fletushka, u publikuan dhjeta artikuj p\u00ebr k\u00ebt\u00eb fenomen\u2026<\/p>\n<p>Drejtoresha ekzekutive e Qendr\u00ebs p\u00ebr arsimim qytetar\u00eb Daliborka Ulareviq tha se \u00ebsht\u00eb shum\u00eb e r\u00ebnd\u00ebsishme q\u00eb Ulqini t\u00eb luftoj\u00eb korrupsionin n\u00eb m\u00ebnyr\u00eb q\u00eb ky qytet t\u00eb mund t\u00eb jetoj\u00eb n\u00eb kapacitetet e tija t\u00eb plota, q\u00eb ishte edhe q\u00ebndrimi i panelistit n\u00eb k\u00ebt\u00eb tubim, drejtuesit t\u00eb MOGUL-it Xhemal Peroviq.<\/p>\n<p>Sipas fjal\u00ebve t\u00eb n\u00ebnkryetares s\u00eb Komun\u00ebs Hadixha Gjoni, administrata lokale me p\u00ebrgjigje n\u00eb rreth 90 % t\u00eb k\u00ebrkesave t\u00eb d\u00ebrguara ka treguar t\u00eb hapurin e saj p\u00ebr bashk\u00ebpunim me sektorin civil. Ajo theksoi se \u00ebsht\u00eb shum\u00eb me r\u00ebnd\u00ebsi q\u00eb p\u00ebr korrupsion t\u00eb flitet hapur n\u00eb m\u00ebnyr\u00eb q\u00eb kjo s\u00ebmundje e rrezikshme t\u00eb zvog\u00eblohet sa m\u00eb shum\u00eb dhe t\u00eb eliminohet.<\/p>\n<p>N\u00eb k\u00ebt\u00eb tubim i cili u mbajt n\u00eb hotelin \u201eMediteran\u201c, mor\u00ebn pjes\u00eb mbi 20 p\u00ebrfaq\u00ebsues t\u00eb pushtetit lokal, Gjykat\u00ebs themelore, partive politike dhe sektorit civil.<\/p>\n<p>Projektin \u201eUlqini kund\u00ebr korrupsionit\u201c e financoi Bashkimi europian.<\/p>\n<p><a href=\"http:\/\/www.visit-ulcinj.com\/blog\/wp-content\/uploads\/2017\/07\/Ulqini-kund\u00ebr-korrupsionit.jpg\"><img loading=\"lazy\" class=\"alignleft wp-image-106025\" src=\"http:\/\/www.visit-ulcinj.com\/blog\/wp-content\/uploads\/2017\/07\/Ulqini-kund\u00ebr-korrupsionit.jpg\" alt=\"\" width=\"508\" height=\"254\" srcset=\"https:\/\/www.visit-ulcinj.com\/blog\/wp-content\/uploads\/2017\/07\/Ulqini-kund\u00ebr-korrupsionit.jpg 660w, https:\/\/www.visit-ulcinj.com\/blog\/wp-content\/uploads\/2017\/07\/Ulqini-kund\u00ebr-korrupsionit-300x150.jpg 300w\" sizes=\"(max-width: 508px) 100vw, 508px\" \/><\/a><\/p>\n<p><strong>MOSBESIMI 54%<\/strong><\/p>\n<p>M\u00eb shum\u00eb se gjysma e qytetar\u00ebve t\u00eb Ulqinit (54%) din\u00eb p\u00ebr ndonj\u00eb rast t\u00eb korrupsionit n\u00eb k\u00ebt\u00eb komun\u00eb, tregoj\u00eb hulumtimi t\u00eb cilin e kan\u00eb b\u00ebr\u00eb organizatat joqeveritare \u201eUl info\u201c dhe MOGUL.<\/p>\n<p>Por, anketa po ashtu ka treguar q\u00eb \u00e7do i treti qytetar \u00ebsht\u00eb i gatsh\u00ebm t\u00eb lajm\u00ebroj\u00eb korrupsionin, nd\u00ebrsa gjat\u00eb vitit t\u00eb fundit k\u00ebt\u00eb gj\u00eb e ka b\u00ebr\u00eb \u00e7do i 20-ti i anketuar.<\/p>\n<p>Kur qytetar\u00ebt i pyesni \u201ecil\u00ebt jan\u00eb arsyet p\u00ebr moslajm\u00ebrimin e korrupsionit\u201c pjesa m\u00eb e madhe thot\u00eb \u2013 mungesa e besimit. Madje 55,2 p\u00ebr qind besojn\u00eb se institucionet shtet\u00ebrore nuk do t\u00eb reagojn\u00eb n\u00eb baz\u00eb t\u00eb lajm\u00ebrimit, nd\u00ebrsa 14,9 % nuk beson se lajm\u00ebrimi do t\u00eb mbetet anonim.<\/p>\n<p>Pra, mbi 70 p\u00ebr qind e t\u00eb anketuarve ka pak besim q\u00eb institucionet e pushtetit do t\u00eb reagojn\u00eb n\u00eb m\u00ebnyr\u00eb t\u00eb duhur ndaj lajmr\u00ebrimit t\u00eb tyre eventual t\u00eb disa pun\u00ebve korruptive.<\/p>\n<p>Pik\u00ebrisht korrupsioni \u00ebsht\u00eb nj\u00eb nga problemet m\u00eb t\u00eb m\u00ebdha dhe, me siguri, shkaku kryesor i mosbesimit t\u00eb qytetar\u00ebve n\u00eb organet dhe intitucionet shtet\u00ebrore dhe lokale.<\/p>\n<p>Dhe k\u00ebshtu krijohet rrethi vicioz. Mospesimi i p\u00ebrgjithsh\u00ebm, kultura e mosbesimit e cila shnd\u00ebrrohet n\u00eb zhg\u00ebnjim dhe apati.<\/p>\n<p>Boshi i mo\u00e7\u00ebm tha se \u201e\u00ebsht\u00eb m\u00eb mir\u00eb t\u00eb humbas\u00ebsh parat\u00eb se mosbesimin\u201c.<\/p>\n<p>Rezultatet e k\u00ebsaj anket\u00eb jan\u00eb \u201ealarm i kuq\u201c vendimmarr\u00ebsve, institucioneve dhe organeve t\u00eb pushtetit q\u00eb me m\u00eb shum\u00eb vendosm\u00ebri t\u00eb hyjn\u00eb n\u00eb luft\u00eb kund\u00ebr korrupsionit si s\u00ebmundje e cila n\u00eb m\u00ebnyr\u00eb t\u00eb rrezikshme shkat\u00ebrron shoq\u00ebrin\u00eb, ekonomin\u00eb dhe jet\u00ebn n\u00eb p\u00ebrgjith\u00ebsi.<\/p>\n<p>Vet\u00ebm n\u00eb at\u00eb m\u00ebnyr\u00eb mund t\u00eb kthejn\u00eb besimin e humbur.<\/p>\n<p><strong>(Q\u00ebndrimet e shprehura n\u00eb k\u00ebt\u00eb artikull jan\u00eb t\u00eb autorit dhe nuk pasqyrojn\u00eb k\u00ebndv\u00ebshtrimet dhe mendimet e BE-s\u00eb dhe t\u00eb pjes\u00ebmarr\u00ebsve n\u00eb projekt.)<\/strong><\/p>\n<p><a href=\"http:\/\/www.visit-ulcinj.com\/blog\/wp-content\/uploads\/2017\/03\/Ulqin-info-kunder-korupcionit-1.jpg\"><img loading=\"lazy\" class=\"alignleft wp-image-103370\" src=\"http:\/\/www.visit-ulcinj.com\/blog\/wp-content\/uploads\/2017\/03\/Ulqin-info-kunder-korupcionit-1.jpg\" alt=\"\" width=\"508\" height=\"50\" srcset=\"https:\/\/www.visit-ulcinj.com\/blog\/wp-content\/uploads\/2017\/03\/Ulqin-info-kunder-korupcionit-1.jpg 999w, https:\/\/www.visit-ulcinj.com\/blog\/wp-content\/uploads\/2017\/03\/Ulqin-info-kunder-korupcionit-1-300x29.jpg 300w, https:\/\/www.visit-ulcinj.com\/blog\/wp-content\/uploads\/2017\/03\/Ulqin-info-kunder-korupcionit-1-768x75.jpg 768w\" sizes=\"(max-width: 508px) 100vw, 508px\" \/><\/a><\/p>\n","protected":false},"excerpt":{"rendered":"<p>Me mbajtjen e tryez\u00ebs s\u00eb rrumbullak\u00ebt t\u00eb mart\u00ebn formalisht p\u00ebrfundoi realizimi i projektit \u201eUlqini kund\u00ebr korrupsionit\u201c, t\u00eb cilin nga mesi i janarit e implementoi OJQ \u201eUl info\u201c. \u201eJemi t\u00eb k\u00ebnaqur sepse \u00ebsht\u00eb realizuar \u00e7do gj\u00eb e planifikuar me projekt\u201c, tha koordinatori i projektit Mustafa Canka, gjersa nga Qendra p\u00ebr arsimim qytetar\u00eb, e cila ishte bart\u00ebse [&hellip;]<\/p>\n","protected":false},"author":1,"featured_media":0,"comment_status":"closed","ping_status":"closed","sticky":false,"template":"","format":"standard","meta":{"spay_email":"","jetpack_publicize_message":"","jetpack_is_tweetstorm":false,"jetpack_publicize_feature_enabled":true},"categories":[11],"tags":[],"jetpack_publicize_connections":[],"yoast_head":"<!-- This site is optimized with the Yoast SEO plugin v19.1 - https:\/\/yoast.com\/wordpress\/plugins\/seo\/ -->\n<title>Qeverisjes lokale te Ulqinit i duhet reform\u00eb e thell\u00eb, ulqinak\u00ebt nuk i besojne disa institucioneve - Lajme nga Ulqini<\/title>\n<meta name=\"description\" content=\"Me mbajtjen e tryez\u00ebs s\u00eb rrumbullak\u00ebt t\u00eb mart\u00ebn formalisht p\u00ebrfundoi realizimi i projektit \u201eUlqini kund\u00ebr korrupsionit\u201c, t\u00eb cilin nga mesi i janarit e\" \/>\n<meta name=\"robots\" content=\"index, follow, max-snippet:-1, max-image-preview:large, max-video-preview:-1\" \/>\n<link rel=\"canonical\" href=\"https:\/\/www.visit-ulcinj.com\/blog\/2017\/07\/05\/qeverisjes-lokale-te-ulqinit-duhet-reforme-e-thelle-ulqinaket-nuk-besojne-disa-institucioneve\/\" \/>\n<meta property=\"og:locale\" content=\"en_US\" \/>\n<meta property=\"og:type\" content=\"article\" \/>\n<meta property=\"og:title\" content=\"Qeverisjes lokale te Ulqinit i duhet reform\u00eb e thell\u00eb, ulqinak\u00ebt nuk i besojne disa institucioneve - Lajme nga Ulqini\" \/>\n<meta property=\"og:description\" content=\"Me mbajtjen e tryez\u00ebs s\u00eb rrumbullak\u00ebt t\u00eb mart\u00ebn formalisht p\u00ebrfundoi realizimi i projektit \u201eUlqini kund\u00ebr korrupsionit\u201c, t\u00eb cilin nga mesi i janarit e\" \/>\n<meta property=\"og:url\" content=\"https:\/\/www.visit-ulcinj.com\/blog\/2017\/07\/05\/qeverisjes-lokale-te-ulqinit-duhet-reforme-e-thelle-ulqinaket-nuk-besojne-disa-institucioneve\/\" \/>\n<meta property=\"og:site_name\" content=\"Lajme nga Ulqini\" \/>\n<meta property=\"article:published_time\" content=\"2017-07-05T10:17:41+00:00\" \/>\n<meta property=\"article:modified_time\" content=\"2017-07-05T17:49:32+00:00\" \/>\n<meta property=\"og:image\" content=\"http:\/\/www.visit-ulcinj.com\/blog\/wp-content\/uploads\/2017\/03\/Ulqin-info-kunder-korupcionit-1.jpg\" \/>\n<meta name=\"twitter:label1\" content=\"Written by\" \/>\n\t<meta name=\"twitter:data1\" content=\"ulqini\" \/>\n\t<meta name=\"twitter:label2\" content=\"Est. reading time\" \/>\n\t<meta name=\"twitter:data2\" content=\"3 minutes\" \/>\n<script type=\"application\/ld+json\" class=\"yoast-schema-graph\">{\"@context\":\"https:\/\/schema.org\",\"@graph\":[{\"@type\":\"WebSite\",\"@id\":\"https:\/\/www.visit-ulcinj.com\/blog\/#website\",\"url\":\"https:\/\/www.visit-ulcinj.com\/blog\/\",\"name\":\"Lajme nga Ulqini\",\"description\":\"Lajme,Vijesti,Ulqini,Ulqin,Crna Gora,Mali i Zi\",\"potentialAction\":[{\"@type\":\"SearchAction\",\"target\":{\"@type\":\"EntryPoint\",\"urlTemplate\":\"https:\/\/www.visit-ulcinj.com\/blog\/?s={search_term_string}\"},\"query-input\":\"required name=search_term_string\"}],\"inLanguage\":\"en-US\"},{\"@type\":\"ImageObject\",\"inLanguage\":\"en-US\",\"@id\":\"https:\/\/www.visit-ulcinj.com\/blog\/2017\/07\/05\/qeverisjes-lokale-te-ulqinit-duhet-reforme-e-thelle-ulqinaket-nuk-besojne-disa-institucioneve\/#primaryimage\",\"url\":\"https:\/\/www.visit-ulcinj.com\/blog\/wp-content\/uploads\/2017\/03\/Ulqin-info-kunder-korupcionit-1.jpg\",\"contentUrl\":\"https:\/\/www.visit-ulcinj.com\/blog\/wp-content\/uploads\/2017\/03\/Ulqin-info-kunder-korupcionit-1.jpg\",\"width\":999,\"height\":98},{\"@type\":\"WebPage\",\"@id\":\"https:\/\/www.visit-ulcinj.com\/blog\/2017\/07\/05\/qeverisjes-lokale-te-ulqinit-duhet-reforme-e-thelle-ulqinaket-nuk-besojne-disa-institucioneve\/#webpage\",\"url\":\"https:\/\/www.visit-ulcinj.com\/blog\/2017\/07\/05\/qeverisjes-lokale-te-ulqinit-duhet-reforme-e-thelle-ulqinaket-nuk-besojne-disa-institucioneve\/\",\"name\":\"Qeverisjes lokale te Ulqinit i duhet reform\u00eb e thell\u00eb, ulqinak\u00ebt nuk i besojne disa institucioneve - Lajme nga Ulqini\",\"isPartOf\":{\"@id\":\"https:\/\/www.visit-ulcinj.com\/blog\/#website\"},\"primaryImageOfPage\":{\"@id\":\"https:\/\/www.visit-ulcinj.com\/blog\/2017\/07\/05\/qeverisjes-lokale-te-ulqinit-duhet-reforme-e-thelle-ulqinaket-nuk-besojne-disa-institucioneve\/#primaryimage\"},\"datePublished\":\"2017-07-05T10:17:41+00:00\",\"dateModified\":\"2017-07-05T17:49:32+00:00\",\"author\":{\"@id\":\"https:\/\/www.visit-ulcinj.com\/blog\/#\/schema\/person\/dcab619c614d3038751c63bc2aadc06d\"},\"description\":\"Me mbajtjen e tryez\u00ebs s\u00eb rrumbullak\u00ebt t\u00eb mart\u00ebn formalisht p\u00ebrfundoi realizimi i projektit \u201eUlqini kund\u00ebr korrupsionit\u201c, t\u00eb cilin nga mesi i janarit e\",\"breadcrumb\":{\"@id\":\"https:\/\/www.visit-ulcinj.com\/blog\/2017\/07\/05\/qeverisjes-lokale-te-ulqinit-duhet-reforme-e-thelle-ulqinaket-nuk-besojne-disa-institucioneve\/#breadcrumb\"},\"inLanguage\":\"en-US\",\"potentialAction\":[{\"@type\":\"ReadAction\",\"target\":[\"https:\/\/www.visit-ulcinj.com\/blog\/2017\/07\/05\/qeverisjes-lokale-te-ulqinit-duhet-reforme-e-thelle-ulqinaket-nuk-besojne-disa-institucioneve\/\"]}]},{\"@type\":\"BreadcrumbList\",\"@id\":\"https:\/\/www.visit-ulcinj.com\/blog\/2017\/07\/05\/qeverisjes-lokale-te-ulqinit-duhet-reforme-e-thelle-ulqinaket-nuk-besojne-disa-institucioneve\/#breadcrumb\",\"itemListElement\":[{\"@type\":\"ListItem\",\"position\":1,\"name\":\"Qeverisjes lokale te Ulqinit i duhet reform\u00eb e thell\u00eb, ulqinak\u00ebt nuk i besojne disa institucioneve\"}]},{\"@type\":\"Person\",\"@id\":\"https:\/\/www.visit-ulcinj.com\/blog\/#\/schema\/person\/dcab619c614d3038751c63bc2aadc06d\",\"name\":\"ulqini\",\"sameAs\":[\"http:\/\/www.visit-ulcinj.com\"],\"url\":\"https:\/\/www.visit-ulcinj.com\/blog\/author\/admin\/\"}]}<\/script>\n<!-- \/ Yoast SEO plugin. -->","yoast_head_json":{"title":"Qeverisjes lokale te Ulqinit i duhet reform\u00eb e thell\u00eb, ulqinak\u00ebt nuk i besojne disa institucioneve - Lajme nga Ulqini","description":"Me mbajtjen e tryez\u00ebs s\u00eb rrumbullak\u00ebt t\u00eb mart\u00ebn formalisht p\u00ebrfundoi realizimi i projektit \u201eUlqini kund\u00ebr korrupsionit\u201c, t\u00eb cilin nga mesi i janarit e","robots":{"index":"index","follow":"follow","max-snippet":"max-snippet:-1","max-image-preview":"max-image-preview:large","max-video-preview":"max-video-preview:-1"},"canonical":"https:\/\/www.visit-ulcinj.com\/blog\/2017\/07\/05\/qeverisjes-lokale-te-ulqinit-duhet-reforme-e-thelle-ulqinaket-nuk-besojne-disa-institucioneve\/","og_locale":"en_US","og_type":"article","og_title":"Qeverisjes lokale te Ulqinit i duhet reform\u00eb e thell\u00eb, ulqinak\u00ebt nuk i besojne disa institucioneve - Lajme nga Ulqini","og_description":"Me mbajtjen e tryez\u00ebs s\u00eb rrumbullak\u00ebt t\u00eb mart\u00ebn formalisht p\u00ebrfundoi realizimi i projektit \u201eUlqini kund\u00ebr korrupsionit\u201c, t\u00eb cilin nga mesi i janarit e","og_url":"https:\/\/www.visit-ulcinj.com\/blog\/2017\/07\/05\/qeverisjes-lokale-te-ulqinit-duhet-reforme-e-thelle-ulqinaket-nuk-besojne-disa-institucioneve\/","og_site_name":"Lajme nga Ulqini","article_published_time":"2017-07-05T10:17:41+00:00","article_modified_time":"2017-07-05T17:49:32+00:00","og_image":[{"url":"http:\/\/www.visit-ulcinj.com\/blog\/wp-content\/uploads\/2017\/03\/Ulqin-info-kunder-korupcionit-1.jpg"}],"twitter_misc":{"Written by":"ulqini","Est. reading time":"3 minutes"},"schema":{"@context":"https:\/\/schema.org","@graph":[{"@type":"WebSite","@id":"https:\/\/www.visit-ulcinj.com\/blog\/#website","url":"https:\/\/www.visit-ulcinj.com\/blog\/","name":"Lajme nga Ulqini","description":"Lajme,Vijesti,Ulqini,Ulqin,Crna Gora,Mali i Zi","potentialAction":[{"@type":"SearchAction","target":{"@type":"EntryPoint","urlTemplate":"https:\/\/www.visit-ulcinj.com\/blog\/?s={search_term_string}"},"query-input":"required name=search_term_string"}],"inLanguage":"en-US"},{"@type":"ImageObject","inLanguage":"en-US","@id":"https:\/\/www.visit-ulcinj.com\/blog\/2017\/07\/05\/qeverisjes-lokale-te-ulqinit-duhet-reforme-e-thelle-ulqinaket-nuk-besojne-disa-institucioneve\/#primaryimage","url":"https:\/\/www.visit-ulcinj.com\/blog\/wp-content\/uploads\/2017\/03\/Ulqin-info-kunder-korupcionit-1.jpg","contentUrl":"https:\/\/www.visit-ulcinj.com\/blog\/wp-content\/uploads\/2017\/03\/Ulqin-info-kunder-korupcionit-1.jpg","width":999,"height":98},{"@type":"WebPage","@id":"https:\/\/www.visit-ulcinj.com\/blog\/2017\/07\/05\/qeverisjes-lokale-te-ulqinit-duhet-reforme-e-thelle-ulqinaket-nuk-besojne-disa-institucioneve\/#webpage","url":"https:\/\/www.visit-ulcinj.com\/blog\/2017\/07\/05\/qeverisjes-lokale-te-ulqinit-duhet-reforme-e-thelle-ulqinaket-nuk-besojne-disa-institucioneve\/","name":"Qeverisjes lokale te Ulqinit i duhet reform\u00eb e thell\u00eb, ulqinak\u00ebt nuk i besojne disa institucioneve - Lajme nga Ulqini","isPartOf":{"@id":"https:\/\/www.visit-ulcinj.com\/blog\/#website"},"primaryImageOfPage":{"@id":"https:\/\/www.visit-ulcinj.com\/blog\/2017\/07\/05\/qeverisjes-lokale-te-ulqinit-duhet-reforme-e-thelle-ulqinaket-nuk-besojne-disa-institucioneve\/#primaryimage"},"datePublished":"2017-07-05T10:17:41+00:00","dateModified":"2017-07-05T17:49:32+00:00","author":{"@id":"https:\/\/www.visit-ulcinj.com\/blog\/#\/schema\/person\/dcab619c614d3038751c63bc2aadc06d"},"description":"Me mbajtjen e tryez\u00ebs s\u00eb rrumbullak\u00ebt t\u00eb mart\u00ebn formalisht p\u00ebrfundoi realizimi i projektit \u201eUlqini kund\u00ebr korrupsionit\u201c, t\u00eb cilin nga mesi i janarit e","breadcrumb":{"@id":"https:\/\/www.visit-ulcinj.com\/blog\/2017\/07\/05\/qeverisjes-lokale-te-ulqinit-duhet-reforme-e-thelle-ulqinaket-nuk-besojne-disa-institucioneve\/#breadcrumb"},"inLanguage":"en-US","potentialAction":[{"@type":"ReadAction","target":["https:\/\/www.visit-ulcinj.com\/blog\/2017\/07\/05\/qeverisjes-lokale-te-ulqinit-duhet-reforme-e-thelle-ulqinaket-nuk-besojne-disa-institucioneve\/"]}]},{"@type":"BreadcrumbList","@id":"https:\/\/www.visit-ulcinj.com\/blog\/2017\/07\/05\/qeverisjes-lokale-te-ulqinit-duhet-reforme-e-thelle-ulqinaket-nuk-besojne-disa-institucioneve\/#breadcrumb","itemListElement":[{"@type":"ListItem","position":1,"name":"Qeverisjes lokale te Ulqinit i duhet reform\u00eb e thell\u00eb, ulqinak\u00ebt nuk i besojne disa institucioneve"}]},{"@type":"Person","@id":"https:\/\/www.visit-ulcinj.com\/blog\/#\/schema\/person\/dcab619c614d3038751c63bc2aadc06d","name":"ulqini","sameAs":["http:\/\/www.visit-ulcinj.com"],"url":"https:\/\/www.visit-ulcinj.com\/blog\/author\/admin\/"}]}},"jetpack_featured_media_url":"","jetpack_sharing_enabled":true,"jetpack_shortlink":"https:\/\/wp.me\/pe6lTn-rA1","_links":{"self":[{"href":"https:\/\/www.visit-ulcinj.com\/blog\/wp-json\/wp\/v2\/posts\/106021"}],"collection":[{"href":"https:\/\/www.visit-ulcinj.com\/blog\/wp-json\/wp\/v2\/posts"}],"about":[{"href":"https:\/\/www.visit-ulcinj.com\/blog\/wp-json\/wp\/v2\/types\/post"}],"author":[{"embeddable":true,"href":"https:\/\/www.visit-ulcinj.com\/blog\/wp-json\/wp\/v2\/users\/1"}],"replies":[{"embeddable":true,"href":"https:\/\/www.visit-ulcinj.com\/blog\/wp-json\/wp\/v2\/comments?post=106021"}],"version-history":[{"count":3,"href":"https:\/\/www.visit-ulcinj.com\/blog\/wp-json\/wp\/v2\/posts\/106021\/revisions"}],"predecessor-version":[{"id":106026,"href":"https:\/\/www.visit-ulcinj.com\/blog\/wp-json\/wp\/v2\/posts\/106021\/revisions\/106026"}],"wp:attachment":[{"href":"https:\/\/www.visit-ulcinj.com\/blog\/wp-json\/wp\/v2\/media?parent=106021"}],"wp:term":[{"taxonomy":"category","embeddable":true,"href":"https:\/\/www.visit-ulcinj.com\/blog\/wp-json\/wp\/v2\/categories?post=106021"},{"taxonomy":"post_tag","embeddable":true,"href":"https:\/\/www.visit-ulcinj.com\/blog\/wp-json\/wp\/v2\/tags?post=106021"}],"curies":[{"name":"wp","href":"https:\/\/api.w.org\/{rel}","templated":true}]}}