{"id":106039,"date":"2017-07-05T17:54:05","date_gmt":"2017-07-05T16:54:05","guid":{"rendered":"http:\/\/www.visit-ulcinj.com\/blog\/?p=106039"},"modified":"2017-07-06T14:21:31","modified_gmt":"2017-07-06T13:21:31","slug":"publikohet-video-e-gold-ag-dhe-shemit-e-mira-e-ulqinit","status":"publish","type":"post","link":"https:\/\/www.visit-ulcinj.com\/blog\/2017\/07\/05\/publikohet-video-e-gold-ag-dhe-shemit-e-mira-e-ulqinit\/","title":{"rendered":"Publikohet video e Gold AG dhe Shemit \u201cE mira e Ulqinit\u201d"},"content":{"rendered":"<p><strong><a href=\"http:\/\/www.visit-ulcinj.com\/blog\/wp-content\/uploads\/2017\/07\/Publikohet-video-e-Gold-AG-dhe-Shemit-Rajmonda-Cuka-Ulqin.jpg\"><img loading=\"lazy\" class=\"alignleft wp-image-106040\" src=\"http:\/\/www.visit-ulcinj.com\/blog\/wp-content\/uploads\/2017\/07\/Publikohet-video-e-Gold-AG-dhe-Shemit-Rajmonda-Cuka-Ulqin.jpg\" alt=\"\" width=\"508\" height=\"286\" \/><\/a>Reperi i njohur Gold AG dhe Shemi, vokalisti i grupit \u201cIlir\u00ebt\u201d, kan\u00eb publikuar bashk\u00ebpunimin e tyre m\u00eb t\u00eb ri.<\/strong><\/p>\n<p>\u201cE mira e Ulqinit\u201d mban titullin k\u00ebnga e tyre e re, e cila \u00ebsht\u00eb ritmike verore dhe \u00ebsht\u00eb publikuar n\u00eb YouTube me nj\u00eb klip shum\u00eb interesant.<\/p>\n<p>P\u00ebr tekstin dhe muzik\u00ebn \u00ebsht\u00eb p\u00ebrkujdesur vet\u00eb reperi, nd\u00ebrkaq p\u00ebr orkestrimin Florent Boshnjaku, kurse rolin e bukuroshes s\u00eb ulqinit u kujdesua\u00a0 <span class=\"st\">Rajmonda Cukaj.<\/span><\/p>\n<p>Nuk kishte se si xhirimet e k\u00ebtij klipi t\u00eb mos kryheshin n\u00eb Ulqin, p\u00ebrderisa edhe k\u00ebnga mban k\u00ebt\u00eb titull.<\/p>\n<p>Gold AG duket t\u00eb jet\u00eb nd\u00ebr reper\u00ebt m\u00eb aktiv\u00eb gjat\u00eb ver\u00ebs 2017, pasi shum\u00eb shpejt pritet q\u00eb t\u00eb publikoj\u00eb edhe nj\u00eb bashk\u00ebpunim t\u00eb ri me k\u00ebng\u00ebtarin Meda. \/Telegrafi\/<\/p>\n<!--YouTube Error: bad URL entered-->\n","protected":false},"excerpt":{"rendered":"<p>Reperi i njohur Gold AG dhe Shemi, vokalisti i grupit \u201cIlir\u00ebt\u201d, kan\u00eb publikuar bashk\u00ebpunimin e tyre m\u00eb t\u00eb ri. \u201cE mira e Ulqinit\u201d mban titullin k\u00ebnga e tyre e re, e cila \u00ebsht\u00eb ritmike verore dhe \u00ebsht\u00eb publikuar n\u00eb YouTube me nj\u00eb klip shum\u00eb interesant. P\u00ebr tekstin dhe muzik\u00ebn \u00ebsht\u00eb p\u00ebrkujdesur vet\u00eb reperi, nd\u00ebrkaq p\u00ebr [&hellip;]<\/p>\n","protected":false},"author":1,"featured_media":0,"comment_status":"closed","ping_status":"closed","sticky":false,"template":"","format":"standard","meta":{"spay_email":"","jetpack_publicize_message":"","jetpack_is_tweetstorm":false,"jetpack_publicize_feature_enabled":true},"categories":[1],"tags":[],"jetpack_publicize_connections":[],"yoast_head":"<!-- This site is optimized with the Yoast SEO plugin v19.1 - https:\/\/yoast.com\/wordpress\/plugins\/seo\/ -->\n<title>Publikohet video e Gold AG dhe Shemit \u201cE mira e Ulqinit\u201d - Lajme nga Ulqini<\/title>\n<meta name=\"description\" content=\"Reperi i njohur Gold AG dhe Shemi, vokalisti i grupit \u201cIlir\u00ebt\u201d, kan\u00eb publikuar bashk\u00ebpunimin e tyre m\u00eb t\u00eb ri. \u201cE mira e Ulqinit\u201d mban titullin k\u00ebnga e\" \/>\n<meta name=\"robots\" content=\"index, follow, max-snippet:-1, max-image-preview:large, max-video-preview:-1\" \/>\n<link rel=\"canonical\" href=\"https:\/\/www.visit-ulcinj.com\/blog\/2017\/07\/05\/publikohet-video-e-gold-ag-dhe-shemit-e-mira-e-ulqinit\/\" \/>\n<meta property=\"og:locale\" content=\"en_US\" \/>\n<meta property=\"og:type\" content=\"article\" \/>\n<meta property=\"og:title\" content=\"Publikohet video e Gold AG dhe Shemit \u201cE mira e Ulqinit\u201d - Lajme nga Ulqini\" \/>\n<meta property=\"og:description\" content=\"Reperi i njohur Gold AG dhe Shemi, vokalisti i grupit \u201cIlir\u00ebt\u201d, kan\u00eb publikuar bashk\u00ebpunimin e tyre m\u00eb t\u00eb ri. \u201cE mira e Ulqinit\u201d mban titullin k\u00ebnga e\" \/>\n<meta property=\"og:url\" content=\"https:\/\/www.visit-ulcinj.com\/blog\/2017\/07\/05\/publikohet-video-e-gold-ag-dhe-shemit-e-mira-e-ulqinit\/\" \/>\n<meta property=\"og:site_name\" content=\"Lajme nga Ulqini\" \/>\n<meta property=\"article:published_time\" content=\"2017-07-05T16:54:05+00:00\" \/>\n<meta property=\"article:modified_time\" content=\"2017-07-06T13:21:31+00:00\" \/>\n<meta property=\"og:image\" content=\"http:\/\/www.visit-ulcinj.com\/blog\/wp-content\/uploads\/2017\/07\/Publikohet-video-e-Gold-AG-dhe-Shemit-Rajmonda-Cuka-Ulqin.jpg\" \/>\n<meta name=\"twitter:label1\" content=\"Written by\" \/>\n\t<meta name=\"twitter:data1\" content=\"ulqini\" \/>\n\t<meta name=\"twitter:label2\" content=\"Est. reading time\" \/>\n\t<meta name=\"twitter:data2\" content=\"1 minute\" \/>\n<script type=\"application\/ld+json\" class=\"yoast-schema-graph\">{\"@context\":\"https:\/\/schema.org\",\"@graph\":[{\"@type\":\"WebSite\",\"@id\":\"https:\/\/www.visit-ulcinj.com\/blog\/#website\",\"url\":\"https:\/\/www.visit-ulcinj.com\/blog\/\",\"name\":\"Lajme nga Ulqini\",\"description\":\"Lajme,Vijesti,Ulqini,Ulqin,Crna Gora,Mali i Zi\",\"potentialAction\":[{\"@type\":\"SearchAction\",\"target\":{\"@type\":\"EntryPoint\",\"urlTemplate\":\"https:\/\/www.visit-ulcinj.com\/blog\/?s={search_term_string}\"},\"query-input\":\"required name=search_term_string\"}],\"inLanguage\":\"en-US\"},{\"@type\":\"ImageObject\",\"inLanguage\":\"en-US\",\"@id\":\"https:\/\/www.visit-ulcinj.com\/blog\/2017\/07\/05\/publikohet-video-e-gold-ag-dhe-shemit-e-mira-e-ulqinit\/#primaryimage\",\"url\":\"http:\/\/www.visit-ulcinj.com\/blog\/wp-content\/uploads\/2017\/07\/Publikohet-video-e-Gold-AG-dhe-Shemit-Rajmonda-Cuka-Ulqin.jpg\",\"contentUrl\":\"http:\/\/www.visit-ulcinj.com\/blog\/wp-content\/uploads\/2017\/07\/Publikohet-video-e-Gold-AG-dhe-Shemit-Rajmonda-Cuka-Ulqin.jpg\"},{\"@type\":\"WebPage\",\"@id\":\"https:\/\/www.visit-ulcinj.com\/blog\/2017\/07\/05\/publikohet-video-e-gold-ag-dhe-shemit-e-mira-e-ulqinit\/#webpage\",\"url\":\"https:\/\/www.visit-ulcinj.com\/blog\/2017\/07\/05\/publikohet-video-e-gold-ag-dhe-shemit-e-mira-e-ulqinit\/\",\"name\":\"Publikohet video e Gold AG dhe Shemit \u201cE mira e Ulqinit\u201d - Lajme nga Ulqini\",\"isPartOf\":{\"@id\":\"https:\/\/www.visit-ulcinj.com\/blog\/#website\"},\"primaryImageOfPage\":{\"@id\":\"https:\/\/www.visit-ulcinj.com\/blog\/2017\/07\/05\/publikohet-video-e-gold-ag-dhe-shemit-e-mira-e-ulqinit\/#primaryimage\"},\"datePublished\":\"2017-07-05T16:54:05+00:00\",\"dateModified\":\"2017-07-06T13:21:31+00:00\",\"author\":{\"@id\":\"https:\/\/www.visit-ulcinj.com\/blog\/#\/schema\/person\/dcab619c614d3038751c63bc2aadc06d\"},\"description\":\"Reperi i njohur Gold AG dhe Shemi, vokalisti i grupit \u201cIlir\u00ebt\u201d, kan\u00eb publikuar bashk\u00ebpunimin e tyre m\u00eb t\u00eb ri. \u201cE mira e Ulqinit\u201d mban titullin k\u00ebnga e\",\"breadcrumb\":{\"@id\":\"https:\/\/www.visit-ulcinj.com\/blog\/2017\/07\/05\/publikohet-video-e-gold-ag-dhe-shemit-e-mira-e-ulqinit\/#breadcrumb\"},\"inLanguage\":\"en-US\",\"potentialAction\":[{\"@type\":\"ReadAction\",\"target\":[\"https:\/\/www.visit-ulcinj.com\/blog\/2017\/07\/05\/publikohet-video-e-gold-ag-dhe-shemit-e-mira-e-ulqinit\/\"]}]},{\"@type\":\"BreadcrumbList\",\"@id\":\"https:\/\/www.visit-ulcinj.com\/blog\/2017\/07\/05\/publikohet-video-e-gold-ag-dhe-shemit-e-mira-e-ulqinit\/#breadcrumb\",\"itemListElement\":[{\"@type\":\"ListItem\",\"position\":1,\"name\":\"Publikohet video e Gold AG dhe Shemit \u201cE mira e Ulqinit\u201d\"}]},{\"@type\":\"Person\",\"@id\":\"https:\/\/www.visit-ulcinj.com\/blog\/#\/schema\/person\/dcab619c614d3038751c63bc2aadc06d\",\"name\":\"ulqini\",\"sameAs\":[\"http:\/\/www.visit-ulcinj.com\"],\"url\":\"https:\/\/www.visit-ulcinj.com\/blog\/author\/admin\/\"}]}<\/script>\n<!-- \/ Yoast SEO plugin. -->","yoast_head_json":{"title":"Publikohet video e Gold AG dhe Shemit \u201cE mira e Ulqinit\u201d - Lajme nga Ulqini","description":"Reperi i njohur Gold AG dhe Shemi, vokalisti i grupit \u201cIlir\u00ebt\u201d, kan\u00eb publikuar bashk\u00ebpunimin e tyre m\u00eb t\u00eb ri. \u201cE mira e Ulqinit\u201d mban titullin k\u00ebnga e","robots":{"index":"index","follow":"follow","max-snippet":"max-snippet:-1","max-image-preview":"max-image-preview:large","max-video-preview":"max-video-preview:-1"},"canonical":"https:\/\/www.visit-ulcinj.com\/blog\/2017\/07\/05\/publikohet-video-e-gold-ag-dhe-shemit-e-mira-e-ulqinit\/","og_locale":"en_US","og_type":"article","og_title":"Publikohet video e Gold AG dhe Shemit \u201cE mira e Ulqinit\u201d - Lajme nga Ulqini","og_description":"Reperi i njohur Gold AG dhe Shemi, vokalisti i grupit \u201cIlir\u00ebt\u201d, kan\u00eb publikuar bashk\u00ebpunimin e tyre m\u00eb t\u00eb ri. \u201cE mira e Ulqinit\u201d mban titullin k\u00ebnga e","og_url":"https:\/\/www.visit-ulcinj.com\/blog\/2017\/07\/05\/publikohet-video-e-gold-ag-dhe-shemit-e-mira-e-ulqinit\/","og_site_name":"Lajme nga Ulqini","article_published_time":"2017-07-05T16:54:05+00:00","article_modified_time":"2017-07-06T13:21:31+00:00","og_image":[{"url":"http:\/\/www.visit-ulcinj.com\/blog\/wp-content\/uploads\/2017\/07\/Publikohet-video-e-Gold-AG-dhe-Shemit-Rajmonda-Cuka-Ulqin.jpg"}],"twitter_misc":{"Written by":"ulqini","Est. reading time":"1 minute"},"schema":{"@context":"https:\/\/schema.org","@graph":[{"@type":"WebSite","@id":"https:\/\/www.visit-ulcinj.com\/blog\/#website","url":"https:\/\/www.visit-ulcinj.com\/blog\/","name":"Lajme nga Ulqini","description":"Lajme,Vijesti,Ulqini,Ulqin,Crna Gora,Mali i Zi","potentialAction":[{"@type":"SearchAction","target":{"@type":"EntryPoint","urlTemplate":"https:\/\/www.visit-ulcinj.com\/blog\/?s={search_term_string}"},"query-input":"required name=search_term_string"}],"inLanguage":"en-US"},{"@type":"ImageObject","inLanguage":"en-US","@id":"https:\/\/www.visit-ulcinj.com\/blog\/2017\/07\/05\/publikohet-video-e-gold-ag-dhe-shemit-e-mira-e-ulqinit\/#primaryimage","url":"http:\/\/www.visit-ulcinj.com\/blog\/wp-content\/uploads\/2017\/07\/Publikohet-video-e-Gold-AG-dhe-Shemit-Rajmonda-Cuka-Ulqin.jpg","contentUrl":"http:\/\/www.visit-ulcinj.com\/blog\/wp-content\/uploads\/2017\/07\/Publikohet-video-e-Gold-AG-dhe-Shemit-Rajmonda-Cuka-Ulqin.jpg"},{"@type":"WebPage","@id":"https:\/\/www.visit-ulcinj.com\/blog\/2017\/07\/05\/publikohet-video-e-gold-ag-dhe-shemit-e-mira-e-ulqinit\/#webpage","url":"https:\/\/www.visit-ulcinj.com\/blog\/2017\/07\/05\/publikohet-video-e-gold-ag-dhe-shemit-e-mira-e-ulqinit\/","name":"Publikohet video e Gold AG dhe Shemit \u201cE mira e Ulqinit\u201d - Lajme nga Ulqini","isPartOf":{"@id":"https:\/\/www.visit-ulcinj.com\/blog\/#website"},"primaryImageOfPage":{"@id":"https:\/\/www.visit-ulcinj.com\/blog\/2017\/07\/05\/publikohet-video-e-gold-ag-dhe-shemit-e-mira-e-ulqinit\/#primaryimage"},"datePublished":"2017-07-05T16:54:05+00:00","dateModified":"2017-07-06T13:21:31+00:00","author":{"@id":"https:\/\/www.visit-ulcinj.com\/blog\/#\/schema\/person\/dcab619c614d3038751c63bc2aadc06d"},"description":"Reperi i njohur Gold AG dhe Shemi, vokalisti i grupit \u201cIlir\u00ebt\u201d, kan\u00eb publikuar bashk\u00ebpunimin e tyre m\u00eb t\u00eb ri. \u201cE mira e Ulqinit\u201d mban titullin k\u00ebnga e","breadcrumb":{"@id":"https:\/\/www.visit-ulcinj.com\/blog\/2017\/07\/05\/publikohet-video-e-gold-ag-dhe-shemit-e-mira-e-ulqinit\/#breadcrumb"},"inLanguage":"en-US","potentialAction":[{"@type":"ReadAction","target":["https:\/\/www.visit-ulcinj.com\/blog\/2017\/07\/05\/publikohet-video-e-gold-ag-dhe-shemit-e-mira-e-ulqinit\/"]}]},{"@type":"BreadcrumbList","@id":"https:\/\/www.visit-ulcinj.com\/blog\/2017\/07\/05\/publikohet-video-e-gold-ag-dhe-shemit-e-mira-e-ulqinit\/#breadcrumb","itemListElement":[{"@type":"ListItem","position":1,"name":"Publikohet video e Gold AG dhe Shemit \u201cE mira e Ulqinit\u201d"}]},{"@type":"Person","@id":"https:\/\/www.visit-ulcinj.com\/blog\/#\/schema\/person\/dcab619c614d3038751c63bc2aadc06d","name":"ulqini","sameAs":["http:\/\/www.visit-ulcinj.com"],"url":"https:\/\/www.visit-ulcinj.com\/blog\/author\/admin\/"}]}},"jetpack_featured_media_url":"","jetpack_sharing_enabled":true,"jetpack_shortlink":"https:\/\/wp.me\/pe6lTn-rAj","_links":{"self":[{"href":"https:\/\/www.visit-ulcinj.com\/blog\/wp-json\/wp\/v2\/posts\/106039"}],"collection":[{"href":"https:\/\/www.visit-ulcinj.com\/blog\/wp-json\/wp\/v2\/posts"}],"about":[{"href":"https:\/\/www.visit-ulcinj.com\/blog\/wp-json\/wp\/v2\/types\/post"}],"author":[{"embeddable":true,"href":"https:\/\/www.visit-ulcinj.com\/blog\/wp-json\/wp\/v2\/users\/1"}],"replies":[{"embeddable":true,"href":"https:\/\/www.visit-ulcinj.com\/blog\/wp-json\/wp\/v2\/comments?post=106039"}],"version-history":[{"count":3,"href":"https:\/\/www.visit-ulcinj.com\/blog\/wp-json\/wp\/v2\/posts\/106039\/revisions"}],"predecessor-version":[{"id":106043,"href":"https:\/\/www.visit-ulcinj.com\/blog\/wp-json\/wp\/v2\/posts\/106039\/revisions\/106043"}],"wp:attachment":[{"href":"https:\/\/www.visit-ulcinj.com\/blog\/wp-json\/wp\/v2\/media?parent=106039"}],"wp:term":[{"taxonomy":"category","embeddable":true,"href":"https:\/\/www.visit-ulcinj.com\/blog\/wp-json\/wp\/v2\/categories?post=106039"},{"taxonomy":"post_tag","embeddable":true,"href":"https:\/\/www.visit-ulcinj.com\/blog\/wp-json\/wp\/v2\/tags?post=106039"}],"curies":[{"name":"wp","href":"https:\/\/api.w.org\/{rel}","templated":true}]}}