{"id":106047,"date":"2017-07-05T18:58:58","date_gmt":"2017-07-05T17:58:58","guid":{"rendered":"http:\/\/www.visit-ulcinj.com\/blog\/?p=106047"},"modified":"2017-07-05T19:01:16","modified_gmt":"2017-07-05T18:01:16","slug":"popullariteti-forces-ne-ritje-sipas-qendra-per-demokraci-dhe-te-drejtat-e-njeriut","status":"publish","type":"post","link":"https:\/\/www.visit-ulcinj.com\/blog\/2017\/07\/05\/popullariteti-forces-ne-ritje-sipas-qendra-per-demokraci-dhe-te-drejtat-e-njeriut\/","title":{"rendered":"Popullariteti i Forc\u00ebs n\u00eb ritje, sipas &#8220;Qendra p\u00ebr Demokraci dhe t\u00eb Drejtat e Njeriut&#8221;"},"content":{"rendered":"<p><strong><span id=\"fbPhotoSnowliftCaption\" class=\"fbPhotosPhotoCaption\" tabindex=\"0\" aria-live=\"polite\" data-ft=\"{&quot;tn&quot;:&quot;K&quot;}\"><span class=\"hasCaption\"><a href=\"http:\/\/www.visit-ulcinj.com\/blog\/wp-content\/uploads\/2017\/07\/Rejtingu-i-partve-politike-ne-Mal-te-Zi.jpg\"><img loading=\"lazy\" class=\"alignleft wp-image-106048\" src=\"http:\/\/www.visit-ulcinj.com\/blog\/wp-content\/uploads\/2017\/07\/Rejtingu-i-partve-politike-ne-Mal-te-Zi.jpg\" alt=\"\" width=\"508\" height=\"285\" srcset=\"https:\/\/www.visit-ulcinj.com\/blog\/wp-content\/uploads\/2017\/07\/Rejtingu-i-partve-politike-ne-Mal-te-Zi.jpg 960w, https:\/\/www.visit-ulcinj.com\/blog\/wp-content\/uploads\/2017\/07\/Rejtingu-i-partve-politike-ne-Mal-te-Zi-300x168.jpg 300w, https:\/\/www.visit-ulcinj.com\/blog\/wp-content\/uploads\/2017\/07\/Rejtingu-i-partve-politike-ne-Mal-te-Zi-768x431.jpg 768w\" sizes=\"(max-width: 508px) 100vw, 508px\" \/><\/a>Kryetari i Ulqinit Nazif Cungu n\u00eb rrjetet sociale t\u00eb Facebooku p\u00ebrcjell nj\u00eb lajm t\u00eb mir\u00eb p\u00ebr Forc\u00ebn e re demokratike.<br \/>\n<\/span><\/span><\/strong><\/p>\n<p><span id=\"fbPhotoSnowliftCaption\" class=\"fbPhotosPhotoCaption\" tabindex=\"0\" aria-live=\"polite\" data-ft=\"{&quot;tn&quot;:&quot;K&quot;}\"><span class=\"hasCaption\">T\u00eb nderuar miq, n\u00eb anket\u00ebn e hulumtimit t\u00eb opinionit publik t\u00eb publikuar nga organizata e mir\u00ebnjohur &#8220;Qendra p\u00ebr Demokraci dhe t\u00eb Drejtat e Njeriut&#8221; vihet re nj\u00eb rritje dometh\u00ebn\u00ebse t\u00eb popullaritetit t\u00eb partis\u00eb Forca e Re Demokratike. P\u00ebrqindja jon\u00eb e popullaritetit ka shkuar n\u00eb 1.2% gjat\u00eb Qershorit duke u shtuar ndjesh\u00ebm prej 0.8% dhe 0.3% q\u00eb ka qen\u00eb respektivisht n\u00eb matjet e Dhjetorit 2016 dhe <span class=\"text_exposed_show\">N\u00ebntorit 2015. <\/span><\/span><\/span><\/p>\n<p><span id=\"fbPhotoSnowliftCaption\" class=\"fbPhotosPhotoCaption\" tabindex=\"0\" aria-live=\"polite\" data-ft=\"{&quot;tn&quot;:&quot;K&quot;}\"><span class=\"hasCaption\"><span class=\"text_exposed_show\">Duket qart\u00eb se realizimi i disa prej premtimeve tona kryesore programore si Miratimi i Planit Hap\u00ebsinor, krijimi i Komun\u00ebs s\u00eb Tuzit apo qeverisja efikase n\u00eb Ulqin e kan\u00eb p\u00ebrforcuar mb\u00ebshtetjen ndaj Forc\u00ebs duke e pozicionuar si partin\u00eb kryesore shqiptare. Me k\u00ebt\u00eb rast d\u00ebshiroj t&#8217;ju falenderoj t\u00eb gjith\u00ebve p\u00ebr besimin q\u00eb vazhdoni t\u00eb na jepni duke ju siguruar se k\u00ebt\u00eb besim e shohim jo vet\u00ebm si privilegj, por edhe si p\u00ebrgjegj\u00ebsi p\u00ebr t\u00eb punuar me m\u00eb shum\u00eb p\u00ebrkushtim, t<span class=\"st\">huhet n\u00eb faqen e Facebookut t\u00eb kryetarit t\u00eb Ulqinit Nazif Cungu.<\/span><br \/>\n<\/span><\/span><\/span><\/p>\n<p><strong><a href=\"http:\/\/www.cedem.me\/images\/jDownloads_new\/CEDEM%20Jun%202017%20-%20istrazivanje.pdf\">http:\/\/www.cedem.me\/images\/jDownloads_new\/CEDEM%20Jun%202017%20-%20istrazivanje.pdf<\/a><\/strong><\/p>\n","protected":false},"excerpt":{"rendered":"<p>Kryetari i Ulqinit Nazif Cungu n\u00eb rrjetet sociale t\u00eb Facebooku p\u00ebrcjell nj\u00eb lajm t\u00eb mir\u00eb p\u00ebr Forc\u00ebn e re demokratike. T\u00eb nderuar miq, n\u00eb anket\u00ebn e hulumtimit t\u00eb opinionit publik t\u00eb publikuar nga organizata e mir\u00ebnjohur &#8220;Qendra p\u00ebr Demokraci dhe t\u00eb Drejtat e Njeriut&#8221; vihet re nj\u00eb rritje dometh\u00ebn\u00ebse t\u00eb popullaritetit t\u00eb partis\u00eb Forca e [&hellip;]<\/p>\n","protected":false},"author":1,"featured_media":0,"comment_status":"closed","ping_status":"closed","sticky":false,"template":"","format":"standard","meta":{"spay_email":"","jetpack_publicize_message":"","jetpack_is_tweetstorm":false,"jetpack_publicize_feature_enabled":true},"categories":[6],"tags":[],"jetpack_publicize_connections":[],"yoast_head":"<!-- This site is optimized with the Yoast SEO plugin v19.1 - https:\/\/yoast.com\/wordpress\/plugins\/seo\/ -->\n<title>Popullariteti i Forc\u00ebs n\u00eb ritje, sipas &quot;Qendra p\u00ebr Demokraci dhe t\u00eb Drejtat e Njeriut&quot; - Lajme nga Ulqini<\/title>\n<meta name=\"description\" content=\"Kryetari i Ulqinit Nazif Cungu n\u00eb rrjetet sociale t\u00eb Facebooku p\u00ebrcjell nj\u00eb lajm t\u00eb mir\u00eb p\u00ebr Forc\u00ebn e re demokratike. T\u00eb nderuar miq, n\u00eb anket\u00ebn e\" \/>\n<meta name=\"robots\" content=\"index, follow, max-snippet:-1, max-image-preview:large, max-video-preview:-1\" \/>\n<link rel=\"canonical\" href=\"https:\/\/www.visit-ulcinj.com\/blog\/2017\/07\/05\/popullariteti-forces-ne-ritje-sipas-qendra-per-demokraci-dhe-te-drejtat-e-njeriut\/\" \/>\n<meta property=\"og:locale\" content=\"en_US\" \/>\n<meta property=\"og:type\" content=\"article\" \/>\n<meta property=\"og:title\" content=\"Popullariteti i Forc\u00ebs n\u00eb ritje, sipas &quot;Qendra p\u00ebr Demokraci dhe t\u00eb Drejtat e Njeriut&quot; - Lajme nga Ulqini\" \/>\n<meta property=\"og:description\" content=\"Kryetari i Ulqinit Nazif Cungu n\u00eb rrjetet sociale t\u00eb Facebooku p\u00ebrcjell nj\u00eb lajm t\u00eb mir\u00eb p\u00ebr Forc\u00ebn e re demokratike. T\u00eb nderuar miq, n\u00eb anket\u00ebn e\" \/>\n<meta property=\"og:url\" content=\"https:\/\/www.visit-ulcinj.com\/blog\/2017\/07\/05\/popullariteti-forces-ne-ritje-sipas-qendra-per-demokraci-dhe-te-drejtat-e-njeriut\/\" \/>\n<meta property=\"og:site_name\" content=\"Lajme nga Ulqini\" \/>\n<meta property=\"article:published_time\" content=\"2017-07-05T17:58:58+00:00\" \/>\n<meta property=\"article:modified_time\" content=\"2017-07-05T18:01:16+00:00\" \/>\n<meta property=\"og:image\" content=\"http:\/\/www.visit-ulcinj.com\/blog\/wp-content\/uploads\/2017\/07\/Rejtingu-i-partve-politike-ne-Mal-te-Zi.jpg\" \/>\n<meta name=\"twitter:label1\" content=\"Written by\" \/>\n\t<meta name=\"twitter:data1\" content=\"ulqini\" \/>\n\t<meta name=\"twitter:label2\" content=\"Est. reading time\" \/>\n\t<meta name=\"twitter:data2\" content=\"1 minute\" \/>\n<script type=\"application\/ld+json\" class=\"yoast-schema-graph\">{\"@context\":\"https:\/\/schema.org\",\"@graph\":[{\"@type\":\"WebSite\",\"@id\":\"https:\/\/www.visit-ulcinj.com\/blog\/#website\",\"url\":\"https:\/\/www.visit-ulcinj.com\/blog\/\",\"name\":\"Lajme nga Ulqini\",\"description\":\"Lajme,Vijesti,Ulqini,Ulqin,Crna Gora,Mali i Zi\",\"potentialAction\":[{\"@type\":\"SearchAction\",\"target\":{\"@type\":\"EntryPoint\",\"urlTemplate\":\"https:\/\/www.visit-ulcinj.com\/blog\/?s={search_term_string}\"},\"query-input\":\"required name=search_term_string\"}],\"inLanguage\":\"en-US\"},{\"@type\":\"ImageObject\",\"inLanguage\":\"en-US\",\"@id\":\"https:\/\/www.visit-ulcinj.com\/blog\/2017\/07\/05\/popullariteti-forces-ne-ritje-sipas-qendra-per-demokraci-dhe-te-drejtat-e-njeriut\/#primaryimage\",\"url\":\"https:\/\/www.visit-ulcinj.com\/blog\/wp-content\/uploads\/2017\/07\/Rejtingu-i-partve-politike-ne-Mal-te-Zi.jpg\",\"contentUrl\":\"https:\/\/www.visit-ulcinj.com\/blog\/wp-content\/uploads\/2017\/07\/Rejtingu-i-partve-politike-ne-Mal-te-Zi.jpg\",\"width\":960,\"height\":539},{\"@type\":\"WebPage\",\"@id\":\"https:\/\/www.visit-ulcinj.com\/blog\/2017\/07\/05\/popullariteti-forces-ne-ritje-sipas-qendra-per-demokraci-dhe-te-drejtat-e-njeriut\/#webpage\",\"url\":\"https:\/\/www.visit-ulcinj.com\/blog\/2017\/07\/05\/popullariteti-forces-ne-ritje-sipas-qendra-per-demokraci-dhe-te-drejtat-e-njeriut\/\",\"name\":\"Popullariteti i Forc\u00ebs n\u00eb ritje, sipas \\\"Qendra p\u00ebr Demokraci dhe t\u00eb Drejtat e Njeriut\\\" - Lajme nga Ulqini\",\"isPartOf\":{\"@id\":\"https:\/\/www.visit-ulcinj.com\/blog\/#website\"},\"primaryImageOfPage\":{\"@id\":\"https:\/\/www.visit-ulcinj.com\/blog\/2017\/07\/05\/popullariteti-forces-ne-ritje-sipas-qendra-per-demokraci-dhe-te-drejtat-e-njeriut\/#primaryimage\"},\"datePublished\":\"2017-07-05T17:58:58+00:00\",\"dateModified\":\"2017-07-05T18:01:16+00:00\",\"author\":{\"@id\":\"https:\/\/www.visit-ulcinj.com\/blog\/#\/schema\/person\/dcab619c614d3038751c63bc2aadc06d\"},\"description\":\"Kryetari i Ulqinit Nazif Cungu n\u00eb rrjetet sociale t\u00eb Facebooku p\u00ebrcjell nj\u00eb lajm t\u00eb mir\u00eb p\u00ebr Forc\u00ebn e re demokratike. T\u00eb nderuar miq, n\u00eb anket\u00ebn e\",\"breadcrumb\":{\"@id\":\"https:\/\/www.visit-ulcinj.com\/blog\/2017\/07\/05\/popullariteti-forces-ne-ritje-sipas-qendra-per-demokraci-dhe-te-drejtat-e-njeriut\/#breadcrumb\"},\"inLanguage\":\"en-US\",\"potentialAction\":[{\"@type\":\"ReadAction\",\"target\":[\"https:\/\/www.visit-ulcinj.com\/blog\/2017\/07\/05\/popullariteti-forces-ne-ritje-sipas-qendra-per-demokraci-dhe-te-drejtat-e-njeriut\/\"]}]},{\"@type\":\"BreadcrumbList\",\"@id\":\"https:\/\/www.visit-ulcinj.com\/blog\/2017\/07\/05\/popullariteti-forces-ne-ritje-sipas-qendra-per-demokraci-dhe-te-drejtat-e-njeriut\/#breadcrumb\",\"itemListElement\":[{\"@type\":\"ListItem\",\"position\":1,\"name\":\"Popullariteti i Forc\u00ebs n\u00eb ritje, sipas &#8220;Qendra p\u00ebr Demokraci dhe t\u00eb Drejtat e Njeriut&#8221;\"}]},{\"@type\":\"Person\",\"@id\":\"https:\/\/www.visit-ulcinj.com\/blog\/#\/schema\/person\/dcab619c614d3038751c63bc2aadc06d\",\"name\":\"ulqini\",\"sameAs\":[\"http:\/\/www.visit-ulcinj.com\"],\"url\":\"https:\/\/www.visit-ulcinj.com\/blog\/author\/admin\/\"}]}<\/script>\n<!-- \/ Yoast SEO plugin. -->","yoast_head_json":{"title":"Popullariteti i Forc\u00ebs n\u00eb ritje, sipas \"Qendra p\u00ebr Demokraci dhe t\u00eb Drejtat e Njeriut\" - Lajme nga Ulqini","description":"Kryetari i Ulqinit Nazif Cungu n\u00eb rrjetet sociale t\u00eb Facebooku p\u00ebrcjell nj\u00eb lajm t\u00eb mir\u00eb p\u00ebr Forc\u00ebn e re demokratike. T\u00eb nderuar miq, n\u00eb anket\u00ebn e","robots":{"index":"index","follow":"follow","max-snippet":"max-snippet:-1","max-image-preview":"max-image-preview:large","max-video-preview":"max-video-preview:-1"},"canonical":"https:\/\/www.visit-ulcinj.com\/blog\/2017\/07\/05\/popullariteti-forces-ne-ritje-sipas-qendra-per-demokraci-dhe-te-drejtat-e-njeriut\/","og_locale":"en_US","og_type":"article","og_title":"Popullariteti i Forc\u00ebs n\u00eb ritje, sipas \"Qendra p\u00ebr Demokraci dhe t\u00eb Drejtat e Njeriut\" - Lajme nga Ulqini","og_description":"Kryetari i Ulqinit Nazif Cungu n\u00eb rrjetet sociale t\u00eb Facebooku p\u00ebrcjell nj\u00eb lajm t\u00eb mir\u00eb p\u00ebr Forc\u00ebn e re demokratike. T\u00eb nderuar miq, n\u00eb anket\u00ebn e","og_url":"https:\/\/www.visit-ulcinj.com\/blog\/2017\/07\/05\/popullariteti-forces-ne-ritje-sipas-qendra-per-demokraci-dhe-te-drejtat-e-njeriut\/","og_site_name":"Lajme nga Ulqini","article_published_time":"2017-07-05T17:58:58+00:00","article_modified_time":"2017-07-05T18:01:16+00:00","og_image":[{"url":"http:\/\/www.visit-ulcinj.com\/blog\/wp-content\/uploads\/2017\/07\/Rejtingu-i-partve-politike-ne-Mal-te-Zi.jpg"}],"twitter_misc":{"Written by":"ulqini","Est. reading time":"1 minute"},"schema":{"@context":"https:\/\/schema.org","@graph":[{"@type":"WebSite","@id":"https:\/\/www.visit-ulcinj.com\/blog\/#website","url":"https:\/\/www.visit-ulcinj.com\/blog\/","name":"Lajme nga Ulqini","description":"Lajme,Vijesti,Ulqini,Ulqin,Crna Gora,Mali i Zi","potentialAction":[{"@type":"SearchAction","target":{"@type":"EntryPoint","urlTemplate":"https:\/\/www.visit-ulcinj.com\/blog\/?s={search_term_string}"},"query-input":"required name=search_term_string"}],"inLanguage":"en-US"},{"@type":"ImageObject","inLanguage":"en-US","@id":"https:\/\/www.visit-ulcinj.com\/blog\/2017\/07\/05\/popullariteti-forces-ne-ritje-sipas-qendra-per-demokraci-dhe-te-drejtat-e-njeriut\/#primaryimage","url":"https:\/\/www.visit-ulcinj.com\/blog\/wp-content\/uploads\/2017\/07\/Rejtingu-i-partve-politike-ne-Mal-te-Zi.jpg","contentUrl":"https:\/\/www.visit-ulcinj.com\/blog\/wp-content\/uploads\/2017\/07\/Rejtingu-i-partve-politike-ne-Mal-te-Zi.jpg","width":960,"height":539},{"@type":"WebPage","@id":"https:\/\/www.visit-ulcinj.com\/blog\/2017\/07\/05\/popullariteti-forces-ne-ritje-sipas-qendra-per-demokraci-dhe-te-drejtat-e-njeriut\/#webpage","url":"https:\/\/www.visit-ulcinj.com\/blog\/2017\/07\/05\/popullariteti-forces-ne-ritje-sipas-qendra-per-demokraci-dhe-te-drejtat-e-njeriut\/","name":"Popullariteti i Forc\u00ebs n\u00eb ritje, sipas \"Qendra p\u00ebr Demokraci dhe t\u00eb Drejtat e Njeriut\" - Lajme nga Ulqini","isPartOf":{"@id":"https:\/\/www.visit-ulcinj.com\/blog\/#website"},"primaryImageOfPage":{"@id":"https:\/\/www.visit-ulcinj.com\/blog\/2017\/07\/05\/popullariteti-forces-ne-ritje-sipas-qendra-per-demokraci-dhe-te-drejtat-e-njeriut\/#primaryimage"},"datePublished":"2017-07-05T17:58:58+00:00","dateModified":"2017-07-05T18:01:16+00:00","author":{"@id":"https:\/\/www.visit-ulcinj.com\/blog\/#\/schema\/person\/dcab619c614d3038751c63bc2aadc06d"},"description":"Kryetari i Ulqinit Nazif Cungu n\u00eb rrjetet sociale t\u00eb Facebooku p\u00ebrcjell nj\u00eb lajm t\u00eb mir\u00eb p\u00ebr Forc\u00ebn e re demokratike. T\u00eb nderuar miq, n\u00eb anket\u00ebn e","breadcrumb":{"@id":"https:\/\/www.visit-ulcinj.com\/blog\/2017\/07\/05\/popullariteti-forces-ne-ritje-sipas-qendra-per-demokraci-dhe-te-drejtat-e-njeriut\/#breadcrumb"},"inLanguage":"en-US","potentialAction":[{"@type":"ReadAction","target":["https:\/\/www.visit-ulcinj.com\/blog\/2017\/07\/05\/popullariteti-forces-ne-ritje-sipas-qendra-per-demokraci-dhe-te-drejtat-e-njeriut\/"]}]},{"@type":"BreadcrumbList","@id":"https:\/\/www.visit-ulcinj.com\/blog\/2017\/07\/05\/popullariteti-forces-ne-ritje-sipas-qendra-per-demokraci-dhe-te-drejtat-e-njeriut\/#breadcrumb","itemListElement":[{"@type":"ListItem","position":1,"name":"Popullariteti i Forc\u00ebs n\u00eb ritje, sipas &#8220;Qendra p\u00ebr Demokraci dhe t\u00eb Drejtat e Njeriut&#8221;"}]},{"@type":"Person","@id":"https:\/\/www.visit-ulcinj.com\/blog\/#\/schema\/person\/dcab619c614d3038751c63bc2aadc06d","name":"ulqini","sameAs":["http:\/\/www.visit-ulcinj.com"],"url":"https:\/\/www.visit-ulcinj.com\/blog\/author\/admin\/"}]}},"jetpack_featured_media_url":"","jetpack_sharing_enabled":true,"jetpack_shortlink":"https:\/\/wp.me\/pe6lTn-rAr","_links":{"self":[{"href":"https:\/\/www.visit-ulcinj.com\/blog\/wp-json\/wp\/v2\/posts\/106047"}],"collection":[{"href":"https:\/\/www.visit-ulcinj.com\/blog\/wp-json\/wp\/v2\/posts"}],"about":[{"href":"https:\/\/www.visit-ulcinj.com\/blog\/wp-json\/wp\/v2\/types\/post"}],"author":[{"embeddable":true,"href":"https:\/\/www.visit-ulcinj.com\/blog\/wp-json\/wp\/v2\/users\/1"}],"replies":[{"embeddable":true,"href":"https:\/\/www.visit-ulcinj.com\/blog\/wp-json\/wp\/v2\/comments?post=106047"}],"version-history":[{"count":3,"href":"https:\/\/www.visit-ulcinj.com\/blog\/wp-json\/wp\/v2\/posts\/106047\/revisions"}],"predecessor-version":[{"id":106051,"href":"https:\/\/www.visit-ulcinj.com\/blog\/wp-json\/wp\/v2\/posts\/106047\/revisions\/106051"}],"wp:attachment":[{"href":"https:\/\/www.visit-ulcinj.com\/blog\/wp-json\/wp\/v2\/media?parent=106047"}],"wp:term":[{"taxonomy":"category","embeddable":true,"href":"https:\/\/www.visit-ulcinj.com\/blog\/wp-json\/wp\/v2\/categories?post=106047"},{"taxonomy":"post_tag","embeddable":true,"href":"https:\/\/www.visit-ulcinj.com\/blog\/wp-json\/wp\/v2\/tags?post=106047"}],"curies":[{"name":"wp","href":"https:\/\/api.w.org\/{rel}","templated":true}]}}