{"id":10605,"date":"2009-02-07T06:17:49","date_gmt":"2009-02-07T05:17:49","guid":{"rendered":"http:\/\/www.visit-ulcinj.com\/blog\/?p=10605"},"modified":"2009-02-07T06:33:24","modified_gmt":"2009-02-07T05:33:24","slug":"keshilli-i-rtv-ulqinizgjedhje-jashte-normave-ligjore","status":"publish","type":"post","link":"https:\/\/www.visit-ulcinj.com\/blog\/2009\/02\/07\/keshilli-i-rtv-ulqinizgjedhje-jashte-normave-ligjore\/","title":{"rendered":"K\u00ebshilli i RTV Ulqini,zgjedhje jasht\u00eb normave ligjore"},"content":{"rendered":"<p><a rel=\"attachment wp-att-10606\" href=\"http:\/\/www.visit-ulcinj.com\/blog\/2009\/02\/07\/keshilli-i-rtv-ulqinizgjedhje-jashte-normave-ligjore\/mogull_ulcinj_ulqin_karamanaga1\/\"><img loading=\"lazy\" class=\"alignleft size-full wp-image-10606\" title=\"mogull_ulcinj_ulqin_karamanaga1\" src=\"http:\/\/www.visit-ulcinj.com\/blog\/wp-content\/uploads\/2009\/02\/mogull_ulcinj_ulqin_karamanaga1.jpg\" alt=\"mogull_ulcinj_ulqin_karamanaga1\" width=\"570\" height=\"400\" \/><\/a>Me indinjat\u00eb refuzoj vler\u00ebsimet e kryetarit t\u00eb Kuvendit t\u00eb komun\u00ebs s\u00eb Ulqinit, i cili n\u00eb gazet\u00ebn<span style=\"color: #ff0000;\"><strong><a title=\"dan\" href=\"http:\/\/www.dan.cg.yu\/?nivo=3&amp;rubrika=Regioni&amp;datum=2009-01-22&amp;clanak=172596\" target=\"_blank\"> \u201cDan\u201d<\/a><\/strong><\/span> deklaroi se ne zyrtarisht t\u00eb propozuarit nuk i kemi plot\u00ebsuar kushtet. Sa i njeh rregullat ky zot\u00ebri \u00ebsht\u00eb diskutabile, duke par\u00eb se si i udh\u00ebheq seancat e parlamentit. Pas aktit t\u00eb em\u00ebrimit sipas ligjit Parlamenti \u00ebsht\u00eb dashur ta verifikoj\u00eb aktin ton\u00eb t\u00eb n\u00ebnshkruar dhe vulosur nga 20 OJQ m\u00eb aktive.<\/p>\n<p>K\u00ebsaj her\u00eb nuk dua t\u00eb shkruaj p\u00ebr kultur\u00ebn as p\u00ebr historin\u00eb e qytetit ton\u00eb dymij\u00eb e p\u00ebrqind\u00eb vje\u00e7ar, por dua t\u00eb shkruaj p\u00ebr nj\u00eb ngjarje bashk\u00ebkohore, e cila edhe n\u00eb lasht\u00ebsi do t\u00eb ishte zgjedhur m\u00eb mir\u00eb se tani.<\/p>\n<p>Fjala \u00ebsht\u00eb p\u00ebr zgjedhjen e famshme t\u00eb K\u00ebshillit t\u00eb Radio Ulqinit, i cili kaher\u00eb ka q\u00ebsht\u00eb dashur t\u00eb transformohet n\u00eb RTV Ulqini. Por, si\u00e7 shihet, po transformohet me vones\u00eb t\u00eb madhe. P\u00ebr t`u ber\u00eb transformimi \u00ebsht\u00eb dashur t\u00eb zgjidhet edhe K\u00ebshilli i RTV Ulqini. Por, ja se \u00e7`far\u00eb ndodhi kur b\u00ebhet fjal\u00eb p\u00ebr k\u00ebt\u00eb.<\/p>\n<p>P\u00ebr k\u00ebt\u00eb K\u00ebshill p\u00ebr t\u00eb par\u00ebn her\u00eb nga komuna jon\u00eb \u00ebsht\u00eb k\u00ebrkuar t\u00eb propozohen edhe an\u00ebtar\u00ebt nga shoqatat joqeveritare t\u00eb cilat jan\u00eb aktive q\u00eb nga koha e pluralizmit. Shoqatat joqeveritare e kan\u00eb vler\u00ebsuar lart iniciativ\u00ebn e organeve kompetente t\u00eb Komun\u00ebs. N\u00eb baz\u00eb t\u00eb k\u00ebsaj iniciative OJQ jan\u00eb mbledhur n\u00eb shkurt t\u00eb vitit 2008 n\u00eb lokalet e \u201cHorizontit t\u00eb Ri\u201d, p\u00ebr t\u00eb caktuar dy an\u00ebtar\u00eb p\u00ebr K\u00ebshillin drejtues t\u00eb RTV Ulqinit, p\u00ebr vendet q\u00eb i ka caktuar Komuna (p\u00ebr turiz\u00ebm, kultur\u00eb, ekologji dhe arsim, p\u00ebr t\u00eb drejtat e grave e f\u00ebmij\u00ebve, si dhe p\u00ebr t\u00eb drejtat e pakicave). N\u00eb k\u00ebt\u00eb mbledhje kan\u00eb marr\u00eb pjes\u00eb shoqatat m\u00eb aktive q\u00eb veprojn\u00eb n\u00eb komun\u00ebn ton\u00eb; n\u00eb nj\u00eb atmosfer\u00eb korrekte jan\u00eb zgjedhur Ismet Karamanaga (p\u00ebr turiz\u00ebm, ekologji, kultur\u00eb dhe arsim) dhe Nazif Veliqi (p\u00ebr t\u00eb drejtat e grave dhe f\u00ebmij\u00ebve, p\u00ebr t\u00eb drejtat e njeriut, t\u00eb pakicave dhe t\u00eb grupeve etnike).<\/p>\n<p>Pasi q\u00eb procedura e transformimit t\u00eb Radio Ulqinit n\u00eb servis publik ka zgjatur nj\u00eb koh\u00eb t\u00eb gjat\u00eb, kjo pik\u00eb nuk ka mundur t\u00eb verifikohet nga parlamenti lokal. Nj\u00eb muaj para fundit t\u00eb vitit organet kompetente t\u00eb Komun\u00ebs s\u00eb Ulqinit e kan\u00eb autorizuar Qendr\u00ebn edukativo &#8211; informative n\u00eb krye me Mark Junkoviqin p\u00ebr ta inicuar edhe nj\u00eb mbledhje me OJQ. Kjo qend\u00ebr e organizoi mbledhjen me 17.11.2008 n\u00eb sall\u00ebn e vog\u00ebl t\u00eb Komun\u00ebs s\u00eb Ulqinit, ku kan\u00eb marr\u00eb pjes\u00eb 20 organizata joqeveritare aktive. N\u00eb k\u00ebt\u00eb mbledhje p\u00ebrs\u00ebri OJQ-t\u00eb caktojn\u00eb tre an\u00ebtar\u00eb: Ismet Karamanag\u00ebn p\u00ebr kultur\u00eb, turiz\u00ebm, ekologji dhe arsim; Nazif Veliqin p\u00ebr t\u00eb drejtat e njeriut, t\u00eb pakicave dhe t\u00eb grupeve etnike dhe Zylfije Durakun p\u00ebr t\u00eb drejtat e grave dhe f\u00ebmij\u00ebve. Pas mbledhjes, sipas procedur\u00ebs, t\u00eb gjitha organizatat me vul\u00ebn dhe n\u00ebnshkrimin e tyre n\u00ebnshkruajn\u00eb dhe vulosin aktin e em\u00ebrimin. Ky dokument pastaj u dor\u00ebzua dhe u protokollua n\u00eb Byron\u00eb qytetare me numrin 02\/3723\/1\/08. Si\u00e7 shihet, e gjith\u00eb kjo procedur\u00eb u zhvillau n\u00eb p\u00ebrputhje me t\u00eb gjitha rregullat dhe standardet q\u00eb vlejn\u00eb n\u00eb marr\u00ebdh\u00ebniet nd\u00ebrmjet OJQ-ve dhe administrat\u00ebs publike. Me indinjat\u00eb refuzoj vler\u00ebsimet e kryetarit t\u00eb Kuvendit t\u00eb komun\u00ebs s\u00eb Ulqinit, i cili n\u00eb gazet\u00ebn \u201cDan\u201d deklaroi se ne zyrtarisht t\u00eb propozuarit nuk i kemi plot\u00ebsuar kushtet. Sa i njeh rregullat ky zot\u00ebri \u00ebsht\u00eb diskutabile, duke par\u00eb se si i udh\u00ebheq seancat e parlamentit. Pas aktit t\u00eb em\u00ebrimit sipas ligjit Parlamenti \u00ebsht\u00eb dashur ta verifikoj\u00eb aktin ton\u00eb t\u00eb n\u00ebnshkruar dhe vulosur nga 20 OJQ m\u00eb aktive.<\/p>\n<p>P\u00ebr ne, si dhe p\u00ebr opinionin publik dhe shumic\u00ebn e an\u00ebtar\u00ebve t\u00eb parlamentit lokal ka qen\u00eb befasi e madhe kur \u00ebsht\u00eb paraqitur edhe lista tjet\u00ebr nga nj\u00eb k\u00ebshilltar i pushtetit vendor me kandidat\u00ebt tjer\u00eb dhe me 23 shoqata Joqeveritare. Kjo list\u00eb \u00ebsht\u00eb p\u00ebrpiluar pa protokoll dhe jasht\u00eb normave ligjore, e mos t\u00eb flasim p\u00ebr kodeksin moral. Lista zyrtare me emrat ton\u00eb dhe organizatat q\u00eb e kan\u00eb p\u00ebrkrahur me vula dhe n\u00ebnshkrime \u00ebsht\u00eb lexuar publikisht, nd\u00ebrsa k\u00ebrkes\u00ebn e nj\u00eb k\u00ebshilltari q\u00eb t\u00eb lexohen edhe organizatat q\u00eb e kan\u00eb p\u00ebrkrahur list\u00ebn e dyt\u00eb, kryetari i Kuvendit nuk e ka lejuar. Del pra qart\u00eb manipulimi i organeve kompetente t\u00eb cil\u00ebt p\u00ebr k\u00ebt\u00eb K\u00ebshill kan\u00eb dashur t`i zgjedhin njer\u00ebzit q\u00eb jan\u00eb n\u00eb OJQ, por me t\u00eb cil\u00ebt mund t\u00eb manipulojn\u00eb, p\u00ebr t\u00eb cil\u00ebt flitet se jan\u00eb njer\u00ebz t\u00eb p\u00ebrshtatsh\u00ebm. Del qart\u00eb se un\u00eb, Ismet Karamanaga, kryetar i Shoqat\u00ebs \u201cMiqt\u00eb e Kalas\u00eb\u201d q\u00eb num\u00ebron mbi 1000 an\u00ebtar\u00eb an\u00eb e mban\u00eb bot\u00ebs, nuk i jam p\u00ebrshtatur si person me nj\u00eb kultur\u00eb t\u00eb gjer\u00eb, poliglot i v\u00ebrtet\u00eb, publicist, autor i teksteve, i pranish\u00ebm n\u00eb masmedia masovike jo vet\u00ebm n\u00eb Mal t\u00eb Zi por edhe jasht\u00eb tij.<\/p>\n<p>\u00cbsht\u00eb e pakuptueshme se gj\u00ebrat e tilla mund t\u00eb ndodhin n\u00eb nj\u00eb mjedis multietnik dhe t\u00eb civilizuar si\u00e7 \u00ebsht\u00eb vendi yn\u00eb. N\u00eb k\u00ebt\u00eb frym\u00eb duhet t\u00eb jet\u00eb edhe Kuvendi i Komun\u00ebs s\u00eb Ulqinit. Si \u00ebsht\u00eb Kuvendi, duhet ta shohin ata q\u00eb marrin pjes\u00eb n\u00eb t\u00eb, por edhe ne t\u00eb cil\u00ebt ia kemi dh\u00ebn\u00eb votat. Un\u00eb si kosmopolit mendoj se ky qytet multinacional \u00ebsht\u00eb dashur q\u00eb n\u00eb K\u00ebshill e lart\u00ebp\u00ebrmendur ta ket\u00eb edhe nj\u00eb an\u00ebtar nga radhat e malazez\u00ebve. Dhe n\u00eb fund, kjo gj\u00eb q\u00eb u b\u00eb n\u00eb Kuvendin e Komun\u00ebs s\u00eb Ulqinit me rastin e zgjedhjes s\u00eb K\u00ebshillit k\u00ebrkon t\u00eb gjykohet me indinjat\u00eb nga t\u00eb gjith\u00eb, e sidomos nga an\u00ebtar\u00ebt e shoqatave joqeveritare t\u00eb v\u00ebrteta.<\/p>\n<p><strong>(Autori \u00ebsht\u00eb kryetar i SHJQ \u201cMiqt\u00eb e Kalas\u00eb\u201d)<\/p>\n<p>Ismet Karamanaga <\/strong><\/p>\n<p><strong>\n\t\t<style type=\"text\/css\">\n\t\t\t#gallery-1 {\n\t\t\t\tmargin: auto;\n\t\t\t}\n\t\t\t#gallery-1 .gallery-item {\n\t\t\t\tfloat: left;\n\t\t\t\tmargin-top: 10px;\n\t\t\t\ttext-align: center;\n\t\t\t\twidth: 33%;\n\t\t\t}\n\t\t\t#gallery-1 img {\n\t\t\t\tborder: 2px solid #cfcfcf;\n\t\t\t}\n\t\t\t#gallery-1 .gallery-caption {\n\t\t\t\tmargin-left: 0;\n\t\t\t}\n\t\t\t\/* see gallery_shortcode() in wp-includes\/media.php *\/\n\t\t<\/style>\n\t\t<div id='gallery-1' class='gallery galleryid-10605 gallery-columns-3 gallery-size-thumbnail'><dl class='gallery-item'>\n\t\t\t<dt class='gallery-icon landscape'>\n\t\t\t\t<a href='https:\/\/www.visit-ulcinj.com\/blog\/wp-content\/uploads\/2009\/02\/mogull_ulcinj_ulqin_karamanaga1.jpg'><img width=\"150\" height=\"150\" src=\"https:\/\/www.visit-ulcinj.com\/blog\/wp-content\/uploads\/2009\/02\/mogull_ulcinj_ulqin_karamanaga1-150x150.jpg\" class=\"attachment-thumbnail size-thumbnail\" alt=\"\" loading=\"lazy\" \/><\/a>\n\t\t\t<\/dt><\/dl><dl class='gallery-item'>\n\t\t\t<dt class='gallery-icon landscape'>\n\t\t\t\t<a href='https:\/\/www.visit-ulcinj.com\/blog\/wp-content\/uploads\/2009\/02\/ismet-karamanaga11.jpg'><img width=\"150\" height=\"150\" src=\"https:\/\/www.visit-ulcinj.com\/blog\/wp-content\/uploads\/2009\/02\/ismet-karamanaga11-150x150.jpg\" class=\"attachment-thumbnail size-thumbnail\" alt=\"\" loading=\"lazy\" \/><\/a>\n\t\t\t<\/dt><\/dl><dl class='gallery-item'>\n\t\t\t<dt class='gallery-icon landscape'>\n\t\t\t\t<a href='https:\/\/www.visit-ulcinj.com\/blog\/wp-content\/uploads\/2009\/02\/ismet-karamanaga21.jpg'><img width=\"150\" height=\"150\" src=\"https:\/\/www.visit-ulcinj.com\/blog\/wp-content\/uploads\/2009\/02\/ismet-karamanaga21-150x150.jpg\" class=\"attachment-thumbnail size-thumbnail\" alt=\"\" loading=\"lazy\" \/><\/a>\n\t\t\t<\/dt><\/dl><br style=\"clear: both\" \/><dl class='gallery-item'>\n\t\t\t<dt class='gallery-icon landscape'>\n\t\t\t\t<a href='https:\/\/www.visit-ulcinj.com\/blog\/wp-content\/uploads\/2009\/02\/ismet-karamanaga31.jpg'><img width=\"150\" height=\"150\" src=\"https:\/\/www.visit-ulcinj.com\/blog\/wp-content\/uploads\/2009\/02\/ismet-karamanaga31-150x150.jpg\" class=\"attachment-thumbnail size-thumbnail\" alt=\"\" loading=\"lazy\" \/><\/a>\n\t\t\t<\/dt><\/dl><dl class='gallery-item'>\n\t\t\t<dt class='gallery-icon landscape'>\n\t\t\t\t<a href='https:\/\/www.visit-ulcinj.com\/blog\/wp-content\/uploads\/2009\/02\/ismet-karamanaga4.jpg'><img width=\"150\" height=\"150\" src=\"https:\/\/www.visit-ulcinj.com\/blog\/wp-content\/uploads\/2009\/02\/ismet-karamanaga4-150x150.jpg\" class=\"attachment-thumbnail size-thumbnail\" alt=\"\" loading=\"lazy\" \/><\/a>\n\t\t\t<\/dt><\/dl><dl class='gallery-item'>\n\t\t\t<dt class='gallery-icon landscape'>\n\t\t\t\t<a href='https:\/\/www.visit-ulcinj.com\/blog\/wp-content\/uploads\/2009\/02\/mogul_ulcinj_ulqin1jpg1.jpg'><img width=\"150\" height=\"150\" src=\"https:\/\/www.visit-ulcinj.com\/blog\/wp-content\/uploads\/2009\/02\/mogul_ulcinj_ulqin1jpg1-150x150.jpg\" class=\"attachment-thumbnail size-thumbnail\" alt=\"\" loading=\"lazy\" \/><\/a>\n\t\t\t<\/dt><\/dl><br style=\"clear: both\" \/><dl class='gallery-item'>\n\t\t\t<dt class='gallery-icon landscape'>\n\t\t\t\t<a href='https:\/\/www.visit-ulcinj.com\/blog\/wp-content\/uploads\/2009\/02\/mogul_ulcinj_ulqin1.jpg'><img width=\"150\" height=\"150\" src=\"https:\/\/www.visit-ulcinj.com\/blog\/wp-content\/uploads\/2009\/02\/mogul_ulcinj_ulqin1-150x150.jpg\" class=\"attachment-thumbnail size-thumbnail\" alt=\"\" loading=\"lazy\" \/><\/a>\n\t\t\t<\/dt><\/dl><dl class='gallery-item'>\n\t\t\t<dt class='gallery-icon landscape'>\n\t\t\t\t<a href='https:\/\/www.visit-ulcinj.com\/blog\/wp-content\/uploads\/2009\/02\/mogull_ulcinj_ulqin_karamanaga1jpg1.jpg'><img width=\"150\" height=\"150\" src=\"https:\/\/www.visit-ulcinj.com\/blog\/wp-content\/uploads\/2009\/02\/mogull_ulcinj_ulqin_karamanaga1jpg1-150x150.jpg\" class=\"attachment-thumbnail size-thumbnail\" alt=\"\" loading=\"lazy\" \/><\/a>\n\t\t\t<\/dt><\/dl><dl class='gallery-item'>\n\t\t\t<dt class='gallery-icon landscape'>\n\t\t\t\t<a href='https:\/\/www.visit-ulcinj.com\/blog\/wp-content\/uploads\/2009\/02\/mogull_ulcinj_ulqin_karamanaga2jpg1.jpg'><img width=\"150\" height=\"150\" src=\"https:\/\/www.visit-ulcinj.com\/blog\/wp-content\/uploads\/2009\/02\/mogull_ulcinj_ulqin_karamanaga2jpg1-150x150.jpg\" class=\"attachment-thumbnail size-thumbnail\" alt=\"\" loading=\"lazy\" \/><\/a>\n\t\t\t<\/dt><\/dl><br style=\"clear: both\" \/>\n\t\t<\/div>\n<\/p>\n<p><\/strong><\/p>\n","protected":false},"excerpt":{"rendered":"<p>Me indinjat\u00eb refuzoj vler\u00ebsimet e kryetarit t\u00eb Kuvendit t\u00eb komun\u00ebs s\u00eb Ulqinit, i cili n\u00eb gazet\u00ebn \u201cDan\u201d deklaroi se ne zyrtarisht t\u00eb propozuarit nuk i kemi plot\u00ebsuar kushtet. Sa i njeh rregullat ky zot\u00ebri \u00ebsht\u00eb diskutabile, duke par\u00eb se si i udh\u00ebheq seancat e parlamentit. Pas aktit t\u00eb em\u00ebrimit sipas ligjit Parlamenti \u00ebsht\u00eb dashur ta [&hellip;]<\/p>\n","protected":false},"author":1,"featured_media":0,"comment_status":"open","ping_status":"closed","sticky":false,"template":"","format":"standard","meta":{"spay_email":"","jetpack_publicize_message":"","jetpack_is_tweetstorm":false,"jetpack_publicize_feature_enabled":true},"categories":[11],"tags":[6460,6466,6459,6454,6456,6461,6467,6462,5922,6463,6465,6464,6455,6457,6458],"jetpack_publicize_connections":[],"yoast_head":"<!-- This site is optimized with the Yoast SEO plugin v19.1 - https:\/\/yoast.com\/wordpress\/plugins\/seo\/ -->\n<title>K\u00ebshilli i RTV Ulqini,zgjedhje jasht\u00eb normave ligjore - Lajme nga Ulqini<\/title>\n<meta name=\"description\" content=\"Me indinjat\u00eb refuzoj vler\u00ebsimet e kryetarit t\u00eb Kuvendit t\u00eb komun\u00ebs s\u00eb Ulqinit, i cili n\u00eb gazet\u00ebn \u201cDan\u201d deklaroi se ne zyrtarisht t\u00eb propozuarit nuk i kemi\" \/>\n<meta name=\"robots\" content=\"index, follow, max-snippet:-1, max-image-preview:large, max-video-preview:-1\" \/>\n<link rel=\"canonical\" href=\"https:\/\/www.visit-ulcinj.com\/blog\/2009\/02\/07\/keshilli-i-rtv-ulqinizgjedhje-jashte-normave-ligjore\/\" \/>\n<meta property=\"og:locale\" content=\"en_US\" \/>\n<meta property=\"og:type\" content=\"article\" \/>\n<meta property=\"og:title\" content=\"K\u00ebshilli i RTV Ulqini,zgjedhje jasht\u00eb normave ligjore - Lajme nga Ulqini\" \/>\n<meta property=\"og:description\" content=\"Me indinjat\u00eb refuzoj vler\u00ebsimet e kryetarit t\u00eb Kuvendit t\u00eb komun\u00ebs s\u00eb Ulqinit, i cili n\u00eb gazet\u00ebn \u201cDan\u201d deklaroi se ne zyrtarisht t\u00eb propozuarit nuk i kemi\" \/>\n<meta property=\"og:url\" content=\"https:\/\/www.visit-ulcinj.com\/blog\/2009\/02\/07\/keshilli-i-rtv-ulqinizgjedhje-jashte-normave-ligjore\/\" \/>\n<meta property=\"og:site_name\" content=\"Lajme nga Ulqini\" \/>\n<meta property=\"article:published_time\" content=\"2009-02-07T05:17:49+00:00\" \/>\n<meta property=\"article:modified_time\" content=\"2009-02-07T05:33:24+00:00\" \/>\n<meta property=\"og:image\" content=\"https:\/\/www.visit-ulcinj.com\/blog\/wp-content\/uploads\/2009\/02\/mogull_ulcinj_ulqin_karamanaga1-150x150.jpg\" \/>\n<meta name=\"twitter:label1\" content=\"Written by\" \/>\n\t<meta name=\"twitter:data1\" content=\"ulqini\" \/>\n\t<meta name=\"twitter:label2\" content=\"Est. reading time\" \/>\n\t<meta name=\"twitter:data2\" content=\"5 minutes\" \/>\n<script type=\"application\/ld+json\" class=\"yoast-schema-graph\">{\"@context\":\"https:\/\/schema.org\",\"@graph\":[{\"@type\":\"WebSite\",\"@id\":\"https:\/\/www.visit-ulcinj.com\/blog\/#website\",\"url\":\"https:\/\/www.visit-ulcinj.com\/blog\/\",\"name\":\"Lajme nga Ulqini\",\"description\":\"Lajme,Vijesti,Ulqini,Ulqin,Crna Gora,Mali i Zi\",\"potentialAction\":[{\"@type\":\"SearchAction\",\"target\":{\"@type\":\"EntryPoint\",\"urlTemplate\":\"https:\/\/www.visit-ulcinj.com\/blog\/?s={search_term_string}\"},\"query-input\":\"required name=search_term_string\"}],\"inLanguage\":\"en-US\"},{\"@type\":\"ImageObject\",\"inLanguage\":\"en-US\",\"@id\":\"https:\/\/www.visit-ulcinj.com\/blog\/2009\/02\/07\/keshilli-i-rtv-ulqinizgjedhje-jashte-normave-ligjore\/#primaryimage\",\"url\":\"https:\/\/www.visit-ulcinj.com\/blog\/wp-content\/uploads\/2009\/02\/mogull_ulcinj_ulqin_karamanaga1.jpg\",\"contentUrl\":\"https:\/\/www.visit-ulcinj.com\/blog\/wp-content\/uploads\/2009\/02\/mogull_ulcinj_ulqin_karamanaga1.jpg\",\"width\":\"640\",\"height\":\"480\"},{\"@type\":\"WebPage\",\"@id\":\"https:\/\/www.visit-ulcinj.com\/blog\/2009\/02\/07\/keshilli-i-rtv-ulqinizgjedhje-jashte-normave-ligjore\/#webpage\",\"url\":\"https:\/\/www.visit-ulcinj.com\/blog\/2009\/02\/07\/keshilli-i-rtv-ulqinizgjedhje-jashte-normave-ligjore\/\",\"name\":\"K\u00ebshilli i RTV Ulqini,zgjedhje jasht\u00eb normave ligjore - Lajme nga Ulqini\",\"isPartOf\":{\"@id\":\"https:\/\/www.visit-ulcinj.com\/blog\/#website\"},\"primaryImageOfPage\":{\"@id\":\"https:\/\/www.visit-ulcinj.com\/blog\/2009\/02\/07\/keshilli-i-rtv-ulqinizgjedhje-jashte-normave-ligjore\/#primaryimage\"},\"datePublished\":\"2009-02-07T05:17:49+00:00\",\"dateModified\":\"2009-02-07T05:33:24+00:00\",\"author\":{\"@id\":\"https:\/\/www.visit-ulcinj.com\/blog\/#\/schema\/person\/dcab619c614d3038751c63bc2aadc06d\"},\"description\":\"Me indinjat\u00eb refuzoj vler\u00ebsimet e kryetarit t\u00eb Kuvendit t\u00eb komun\u00ebs s\u00eb Ulqinit, i cili n\u00eb gazet\u00ebn \u201cDan\u201d deklaroi se ne zyrtarisht t\u00eb propozuarit nuk i kemi\",\"breadcrumb\":{\"@id\":\"https:\/\/www.visit-ulcinj.com\/blog\/2009\/02\/07\/keshilli-i-rtv-ulqinizgjedhje-jashte-normave-ligjore\/#breadcrumb\"},\"inLanguage\":\"en-US\",\"potentialAction\":[{\"@type\":\"ReadAction\",\"target\":[\"https:\/\/www.visit-ulcinj.com\/blog\/2009\/02\/07\/keshilli-i-rtv-ulqinizgjedhje-jashte-normave-ligjore\/\"]}]},{\"@type\":\"BreadcrumbList\",\"@id\":\"https:\/\/www.visit-ulcinj.com\/blog\/2009\/02\/07\/keshilli-i-rtv-ulqinizgjedhje-jashte-normave-ligjore\/#breadcrumb\",\"itemListElement\":[{\"@type\":\"ListItem\",\"position\":1,\"name\":\"K\u00ebshilli i RTV Ulqini,zgjedhje jasht\u00eb normave ligjore\"}]},{\"@type\":\"Person\",\"@id\":\"https:\/\/www.visit-ulcinj.com\/blog\/#\/schema\/person\/dcab619c614d3038751c63bc2aadc06d\",\"name\":\"ulqini\",\"sameAs\":[\"http:\/\/www.visit-ulcinj.com\"],\"url\":\"https:\/\/www.visit-ulcinj.com\/blog\/author\/admin\/\"}]}<\/script>\n<!-- \/ Yoast SEO plugin. -->","yoast_head_json":{"title":"K\u00ebshilli i RTV Ulqini,zgjedhje jasht\u00eb normave ligjore - Lajme nga Ulqini","description":"Me indinjat\u00eb refuzoj vler\u00ebsimet e kryetarit t\u00eb Kuvendit t\u00eb komun\u00ebs s\u00eb Ulqinit, i cili n\u00eb gazet\u00ebn \u201cDan\u201d deklaroi se ne zyrtarisht t\u00eb propozuarit nuk i kemi","robots":{"index":"index","follow":"follow","max-snippet":"max-snippet:-1","max-image-preview":"max-image-preview:large","max-video-preview":"max-video-preview:-1"},"canonical":"https:\/\/www.visit-ulcinj.com\/blog\/2009\/02\/07\/keshilli-i-rtv-ulqinizgjedhje-jashte-normave-ligjore\/","og_locale":"en_US","og_type":"article","og_title":"K\u00ebshilli i RTV Ulqini,zgjedhje jasht\u00eb normave ligjore - Lajme nga Ulqini","og_description":"Me indinjat\u00eb refuzoj vler\u00ebsimet e kryetarit t\u00eb Kuvendit t\u00eb komun\u00ebs s\u00eb Ulqinit, i cili n\u00eb gazet\u00ebn \u201cDan\u201d deklaroi se ne zyrtarisht t\u00eb propozuarit nuk i kemi","og_url":"https:\/\/www.visit-ulcinj.com\/blog\/2009\/02\/07\/keshilli-i-rtv-ulqinizgjedhje-jashte-normave-ligjore\/","og_site_name":"Lajme nga Ulqini","article_published_time":"2009-02-07T05:17:49+00:00","article_modified_time":"2009-02-07T05:33:24+00:00","og_image":[{"url":"https:\/\/www.visit-ulcinj.com\/blog\/wp-content\/uploads\/2009\/02\/mogull_ulcinj_ulqin_karamanaga1-150x150.jpg"}],"twitter_misc":{"Written by":"ulqini","Est. reading time":"5 minutes"},"schema":{"@context":"https:\/\/schema.org","@graph":[{"@type":"WebSite","@id":"https:\/\/www.visit-ulcinj.com\/blog\/#website","url":"https:\/\/www.visit-ulcinj.com\/blog\/","name":"Lajme nga Ulqini","description":"Lajme,Vijesti,Ulqini,Ulqin,Crna Gora,Mali i Zi","potentialAction":[{"@type":"SearchAction","target":{"@type":"EntryPoint","urlTemplate":"https:\/\/www.visit-ulcinj.com\/blog\/?s={search_term_string}"},"query-input":"required name=search_term_string"}],"inLanguage":"en-US"},{"@type":"ImageObject","inLanguage":"en-US","@id":"https:\/\/www.visit-ulcinj.com\/blog\/2009\/02\/07\/keshilli-i-rtv-ulqinizgjedhje-jashte-normave-ligjore\/#primaryimage","url":"https:\/\/www.visit-ulcinj.com\/blog\/wp-content\/uploads\/2009\/02\/mogull_ulcinj_ulqin_karamanaga1.jpg","contentUrl":"https:\/\/www.visit-ulcinj.com\/blog\/wp-content\/uploads\/2009\/02\/mogull_ulcinj_ulqin_karamanaga1.jpg","width":"640","height":"480"},{"@type":"WebPage","@id":"https:\/\/www.visit-ulcinj.com\/blog\/2009\/02\/07\/keshilli-i-rtv-ulqinizgjedhje-jashte-normave-ligjore\/#webpage","url":"https:\/\/www.visit-ulcinj.com\/blog\/2009\/02\/07\/keshilli-i-rtv-ulqinizgjedhje-jashte-normave-ligjore\/","name":"K\u00ebshilli i RTV Ulqini,zgjedhje jasht\u00eb normave ligjore - Lajme nga Ulqini","isPartOf":{"@id":"https:\/\/www.visit-ulcinj.com\/blog\/#website"},"primaryImageOfPage":{"@id":"https:\/\/www.visit-ulcinj.com\/blog\/2009\/02\/07\/keshilli-i-rtv-ulqinizgjedhje-jashte-normave-ligjore\/#primaryimage"},"datePublished":"2009-02-07T05:17:49+00:00","dateModified":"2009-02-07T05:33:24+00:00","author":{"@id":"https:\/\/www.visit-ulcinj.com\/blog\/#\/schema\/person\/dcab619c614d3038751c63bc2aadc06d"},"description":"Me indinjat\u00eb refuzoj vler\u00ebsimet e kryetarit t\u00eb Kuvendit t\u00eb komun\u00ebs s\u00eb Ulqinit, i cili n\u00eb gazet\u00ebn \u201cDan\u201d deklaroi se ne zyrtarisht t\u00eb propozuarit nuk i kemi","breadcrumb":{"@id":"https:\/\/www.visit-ulcinj.com\/blog\/2009\/02\/07\/keshilli-i-rtv-ulqinizgjedhje-jashte-normave-ligjore\/#breadcrumb"},"inLanguage":"en-US","potentialAction":[{"@type":"ReadAction","target":["https:\/\/www.visit-ulcinj.com\/blog\/2009\/02\/07\/keshilli-i-rtv-ulqinizgjedhje-jashte-normave-ligjore\/"]}]},{"@type":"BreadcrumbList","@id":"https:\/\/www.visit-ulcinj.com\/blog\/2009\/02\/07\/keshilli-i-rtv-ulqinizgjedhje-jashte-normave-ligjore\/#breadcrumb","itemListElement":[{"@type":"ListItem","position":1,"name":"K\u00ebshilli i RTV Ulqini,zgjedhje jasht\u00eb normave ligjore"}]},{"@type":"Person","@id":"https:\/\/www.visit-ulcinj.com\/blog\/#\/schema\/person\/dcab619c614d3038751c63bc2aadc06d","name":"ulqini","sameAs":["http:\/\/www.visit-ulcinj.com"],"url":"https:\/\/www.visit-ulcinj.com\/blog\/author\/admin\/"}]}},"jetpack_featured_media_url":"","jetpack_sharing_enabled":true,"jetpack_shortlink":"https:\/\/wp.me\/pe6lTn-2L3","_links":{"self":[{"href":"https:\/\/www.visit-ulcinj.com\/blog\/wp-json\/wp\/v2\/posts\/10605"}],"collection":[{"href":"https:\/\/www.visit-ulcinj.com\/blog\/wp-json\/wp\/v2\/posts"}],"about":[{"href":"https:\/\/www.visit-ulcinj.com\/blog\/wp-json\/wp\/v2\/types\/post"}],"author":[{"embeddable":true,"href":"https:\/\/www.visit-ulcinj.com\/blog\/wp-json\/wp\/v2\/users\/1"}],"replies":[{"embeddable":true,"href":"https:\/\/www.visit-ulcinj.com\/blog\/wp-json\/wp\/v2\/comments?post=10605"}],"version-history":[{"count":0,"href":"https:\/\/www.visit-ulcinj.com\/blog\/wp-json\/wp\/v2\/posts\/10605\/revisions"}],"wp:attachment":[{"href":"https:\/\/www.visit-ulcinj.com\/blog\/wp-json\/wp\/v2\/media?parent=10605"}],"wp:term":[{"taxonomy":"category","embeddable":true,"href":"https:\/\/www.visit-ulcinj.com\/blog\/wp-json\/wp\/v2\/categories?post=10605"},{"taxonomy":"post_tag","embeddable":true,"href":"https:\/\/www.visit-ulcinj.com\/blog\/wp-json\/wp\/v2\/tags?post=10605"}],"curies":[{"name":"wp","href":"https:\/\/api.w.org\/{rel}","templated":true}]}}