{"id":106052,"date":"2017-07-06T13:52:47","date_gmt":"2017-07-06T12:52:47","guid":{"rendered":"http:\/\/www.visit-ulcinj.com\/blog\/?p=106052"},"modified":"2017-07-06T13:52:47","modified_gmt":"2017-07-06T12:52:47","slug":"preleviq-ky-eshte-trajneri-ri-fk-kf-otrant-olympic","status":"publish","type":"post","link":"https:\/\/www.visit-ulcinj.com\/blog\/2017\/07\/06\/preleviq-ky-eshte-trajneri-ri-fk-kf-otrant-olympic\/","title":{"rendered":"Preleviq: Ky \u00ebsht\u00eb trajneri i ri i FK &#8211; KF Otrant Olympic"},"content":{"rendered":"<p><strong><a href=\"http:\/\/www.visit-ulcinj.com\/blog\/wp-content\/uploads\/2017\/07\/Millovan-Minja-Preleviq.jpg\"><img loading=\"lazy\" class=\"alignleft wp-image-106053 size-medium\" src=\"http:\/\/www.visit-ulcinj.com\/blog\/wp-content\/uploads\/2017\/07\/Millovan-Minja-Preleviq-300x300.jpg\" alt=\"\" width=\"300\" height=\"300\" \/><\/a>Skuadra e\u00a0FK &#8211; KF Otrant Olympic ka njoftuar p\u00ebr\u00a0trajnerin e ri t\u00eb skuadr\u00ebs. Sot n\u00eb mynyr zyrtare, klubi nga Ulqini ka em\u00ebruar trajnerin,\u00a0Millovan Minja Preleviq i cili do ta drejtoj\u00eb skuadr\u00ebn, p\u00ebrcjell\u00eb klubi i skuadr\u00ebs FK &#8211; KF Otrant Olympic.<\/strong><\/p>\n<p>N\u00eb sall\u00ebn e Kuvendit Komunal t\u00eb Komun\u00ebs s\u00eb Ulqinit u prezantua trajneri i ri i ekipit t\u00eb par\u00eb z. Millovan Minja Preleviq. \u00cbsht\u00eb nder q\u00eb ky person me nje dije dhe eksperienc\u00eb t\u00eb jasht\u00ebzakonshme do jete pjese e klubit dhe n\u00eb k\u00ebt\u00eb m\u00ebnyr\u00eb do t\u00eb jape kontribut edhe n\u00eb n\u00eb fush\u00ebn e blert\u00eb.<\/p>\n<p>Nd\u00ebrkoh\u00eb \u00ebsht\u00eb organizuar edhe thirja zyrtare n\u00eb em\u00ebr t\u00eb klubit dhe u caktua fillimi zyrtar i p\u00ebrgaditjeve me 06.07.2017. n\u00eb qendr\u00ebn sportive &#8220;Causheviq&#8221;. Trajneri i deritanish\u00ebm, Xhemal Kapllanbegu do t\u00eb vazhdoj\u00eb t\u00eb jet\u00eb pjes\u00eb e klubit dhe do t\u00eb kryej\u00eb funksionin e zv. trajnerit.<\/p>\n","protected":false},"excerpt":{"rendered":"<p>Skuadra e\u00a0FK &#8211; KF Otrant Olympic ka njoftuar p\u00ebr\u00a0trajnerin e ri t\u00eb skuadr\u00ebs. Sot n\u00eb mynyr zyrtare, klubi nga Ulqini ka em\u00ebruar trajnerin,\u00a0Millovan Minja Preleviq i cili do ta drejtoj\u00eb skuadr\u00ebn, p\u00ebrcjell\u00eb klubi i skuadr\u00ebs FK &#8211; KF Otrant Olympic. N\u00eb sall\u00ebn e Kuvendit Komunal t\u00eb Komun\u00ebs s\u00eb Ulqinit u prezantua trajneri i ri i [&hellip;]<\/p>\n","protected":false},"author":1,"featured_media":0,"comment_status":"closed","ping_status":"closed","sticky":false,"template":"","format":"standard","meta":{"spay_email":"","jetpack_publicize_message":"","jetpack_is_tweetstorm":false,"jetpack_publicize_feature_enabled":true},"categories":[3],"tags":[],"jetpack_publicize_connections":[],"yoast_head":"<!-- This site is optimized with the Yoast SEO plugin v19.1 - https:\/\/yoast.com\/wordpress\/plugins\/seo\/ -->\n<title>Preleviq: Ky \u00ebsht\u00eb trajneri i ri i FK - KF Otrant Olympic - Lajme nga Ulqini<\/title>\n<meta name=\"description\" content=\"Skuadra e\u00a0FK - KF Otrant Olympic ka njoftuar p\u00ebr\u00a0trajnerin e ri t\u00eb skuadr\u00ebs. Sot n\u00eb mynyr zyrtare, klubi nga Ulqini ka em\u00ebruar trajnerin,\u00a0Millovan Minja\" \/>\n<meta name=\"robots\" content=\"index, follow, max-snippet:-1, max-image-preview:large, max-video-preview:-1\" \/>\n<link rel=\"canonical\" href=\"https:\/\/www.visit-ulcinj.com\/blog\/2017\/07\/06\/preleviq-ky-eshte-trajneri-ri-fk-kf-otrant-olympic\/\" \/>\n<meta property=\"og:locale\" content=\"en_US\" \/>\n<meta property=\"og:type\" content=\"article\" \/>\n<meta property=\"og:title\" content=\"Preleviq: Ky \u00ebsht\u00eb trajneri i ri i FK - KF Otrant Olympic - Lajme nga Ulqini\" \/>\n<meta property=\"og:description\" content=\"Skuadra e\u00a0FK - KF Otrant Olympic ka njoftuar p\u00ebr\u00a0trajnerin e ri t\u00eb skuadr\u00ebs. Sot n\u00eb mynyr zyrtare, klubi nga Ulqini ka em\u00ebruar trajnerin,\u00a0Millovan Minja\" \/>\n<meta property=\"og:url\" content=\"https:\/\/www.visit-ulcinj.com\/blog\/2017\/07\/06\/preleviq-ky-eshte-trajneri-ri-fk-kf-otrant-olympic\/\" \/>\n<meta property=\"og:site_name\" content=\"Lajme nga Ulqini\" \/>\n<meta property=\"article:published_time\" content=\"2017-07-06T12:52:47+00:00\" \/>\n<meta property=\"og:image\" content=\"http:\/\/www.visit-ulcinj.com\/blog\/wp-content\/uploads\/2017\/07\/Millovan-Minja-Preleviq-300x300.jpg\" \/>\n<meta name=\"twitter:label1\" content=\"Written by\" \/>\n\t<meta name=\"twitter:data1\" content=\"ulqini\" \/>\n\t<meta name=\"twitter:label2\" content=\"Est. reading time\" \/>\n\t<meta name=\"twitter:data2\" content=\"1 minute\" \/>\n<script type=\"application\/ld+json\" class=\"yoast-schema-graph\">{\"@context\":\"https:\/\/schema.org\",\"@graph\":[{\"@type\":\"WebSite\",\"@id\":\"https:\/\/www.visit-ulcinj.com\/blog\/#website\",\"url\":\"https:\/\/www.visit-ulcinj.com\/blog\/\",\"name\":\"Lajme nga Ulqini\",\"description\":\"Lajme,Vijesti,Ulqini,Ulqin,Crna Gora,Mali i Zi\",\"potentialAction\":[{\"@type\":\"SearchAction\",\"target\":{\"@type\":\"EntryPoint\",\"urlTemplate\":\"https:\/\/www.visit-ulcinj.com\/blog\/?s={search_term_string}\"},\"query-input\":\"required name=search_term_string\"}],\"inLanguage\":\"en-US\"},{\"@type\":\"ImageObject\",\"inLanguage\":\"en-US\",\"@id\":\"https:\/\/www.visit-ulcinj.com\/blog\/2017\/07\/06\/preleviq-ky-eshte-trajneri-ri-fk-kf-otrant-olympic\/#primaryimage\",\"url\":\"http:\/\/www.visit-ulcinj.com\/blog\/wp-content\/uploads\/2017\/07\/Millovan-Minja-Preleviq-300x300.jpg\",\"contentUrl\":\"http:\/\/www.visit-ulcinj.com\/blog\/wp-content\/uploads\/2017\/07\/Millovan-Minja-Preleviq-300x300.jpg\"},{\"@type\":\"WebPage\",\"@id\":\"https:\/\/www.visit-ulcinj.com\/blog\/2017\/07\/06\/preleviq-ky-eshte-trajneri-ri-fk-kf-otrant-olympic\/#webpage\",\"url\":\"https:\/\/www.visit-ulcinj.com\/blog\/2017\/07\/06\/preleviq-ky-eshte-trajneri-ri-fk-kf-otrant-olympic\/\",\"name\":\"Preleviq: Ky \u00ebsht\u00eb trajneri i ri i FK - KF Otrant Olympic - Lajme nga Ulqini\",\"isPartOf\":{\"@id\":\"https:\/\/www.visit-ulcinj.com\/blog\/#website\"},\"primaryImageOfPage\":{\"@id\":\"https:\/\/www.visit-ulcinj.com\/blog\/2017\/07\/06\/preleviq-ky-eshte-trajneri-ri-fk-kf-otrant-olympic\/#primaryimage\"},\"datePublished\":\"2017-07-06T12:52:47+00:00\",\"dateModified\":\"2017-07-06T12:52:47+00:00\",\"author\":{\"@id\":\"https:\/\/www.visit-ulcinj.com\/blog\/#\/schema\/person\/dcab619c614d3038751c63bc2aadc06d\"},\"description\":\"Skuadra e\u00a0FK - KF Otrant Olympic ka njoftuar p\u00ebr\u00a0trajnerin e ri t\u00eb skuadr\u00ebs. Sot n\u00eb mynyr zyrtare, klubi nga Ulqini ka em\u00ebruar trajnerin,\u00a0Millovan Minja\",\"breadcrumb\":{\"@id\":\"https:\/\/www.visit-ulcinj.com\/blog\/2017\/07\/06\/preleviq-ky-eshte-trajneri-ri-fk-kf-otrant-olympic\/#breadcrumb\"},\"inLanguage\":\"en-US\",\"potentialAction\":[{\"@type\":\"ReadAction\",\"target\":[\"https:\/\/www.visit-ulcinj.com\/blog\/2017\/07\/06\/preleviq-ky-eshte-trajneri-ri-fk-kf-otrant-olympic\/\"]}]},{\"@type\":\"BreadcrumbList\",\"@id\":\"https:\/\/www.visit-ulcinj.com\/blog\/2017\/07\/06\/preleviq-ky-eshte-trajneri-ri-fk-kf-otrant-olympic\/#breadcrumb\",\"itemListElement\":[{\"@type\":\"ListItem\",\"position\":1,\"name\":\"Preleviq: Ky \u00ebsht\u00eb trajneri i ri i FK &#8211; KF Otrant Olympic\"}]},{\"@type\":\"Person\",\"@id\":\"https:\/\/www.visit-ulcinj.com\/blog\/#\/schema\/person\/dcab619c614d3038751c63bc2aadc06d\",\"name\":\"ulqini\",\"sameAs\":[\"http:\/\/www.visit-ulcinj.com\"],\"url\":\"https:\/\/www.visit-ulcinj.com\/blog\/author\/admin\/\"}]}<\/script>\n<!-- \/ Yoast SEO plugin. -->","yoast_head_json":{"title":"Preleviq: Ky \u00ebsht\u00eb trajneri i ri i FK - KF Otrant Olympic - Lajme nga Ulqini","description":"Skuadra e\u00a0FK - KF Otrant Olympic ka njoftuar p\u00ebr\u00a0trajnerin e ri t\u00eb skuadr\u00ebs. Sot n\u00eb mynyr zyrtare, klubi nga Ulqini ka em\u00ebruar trajnerin,\u00a0Millovan Minja","robots":{"index":"index","follow":"follow","max-snippet":"max-snippet:-1","max-image-preview":"max-image-preview:large","max-video-preview":"max-video-preview:-1"},"canonical":"https:\/\/www.visit-ulcinj.com\/blog\/2017\/07\/06\/preleviq-ky-eshte-trajneri-ri-fk-kf-otrant-olympic\/","og_locale":"en_US","og_type":"article","og_title":"Preleviq: Ky \u00ebsht\u00eb trajneri i ri i FK - KF Otrant Olympic - Lajme nga Ulqini","og_description":"Skuadra e\u00a0FK - KF Otrant Olympic ka njoftuar p\u00ebr\u00a0trajnerin e ri t\u00eb skuadr\u00ebs. Sot n\u00eb mynyr zyrtare, klubi nga Ulqini ka em\u00ebruar trajnerin,\u00a0Millovan Minja","og_url":"https:\/\/www.visit-ulcinj.com\/blog\/2017\/07\/06\/preleviq-ky-eshte-trajneri-ri-fk-kf-otrant-olympic\/","og_site_name":"Lajme nga Ulqini","article_published_time":"2017-07-06T12:52:47+00:00","og_image":[{"url":"http:\/\/www.visit-ulcinj.com\/blog\/wp-content\/uploads\/2017\/07\/Millovan-Minja-Preleviq-300x300.jpg"}],"twitter_misc":{"Written by":"ulqini","Est. reading time":"1 minute"},"schema":{"@context":"https:\/\/schema.org","@graph":[{"@type":"WebSite","@id":"https:\/\/www.visit-ulcinj.com\/blog\/#website","url":"https:\/\/www.visit-ulcinj.com\/blog\/","name":"Lajme nga Ulqini","description":"Lajme,Vijesti,Ulqini,Ulqin,Crna Gora,Mali i Zi","potentialAction":[{"@type":"SearchAction","target":{"@type":"EntryPoint","urlTemplate":"https:\/\/www.visit-ulcinj.com\/blog\/?s={search_term_string}"},"query-input":"required name=search_term_string"}],"inLanguage":"en-US"},{"@type":"ImageObject","inLanguage":"en-US","@id":"https:\/\/www.visit-ulcinj.com\/blog\/2017\/07\/06\/preleviq-ky-eshte-trajneri-ri-fk-kf-otrant-olympic\/#primaryimage","url":"http:\/\/www.visit-ulcinj.com\/blog\/wp-content\/uploads\/2017\/07\/Millovan-Minja-Preleviq-300x300.jpg","contentUrl":"http:\/\/www.visit-ulcinj.com\/blog\/wp-content\/uploads\/2017\/07\/Millovan-Minja-Preleviq-300x300.jpg"},{"@type":"WebPage","@id":"https:\/\/www.visit-ulcinj.com\/blog\/2017\/07\/06\/preleviq-ky-eshte-trajneri-ri-fk-kf-otrant-olympic\/#webpage","url":"https:\/\/www.visit-ulcinj.com\/blog\/2017\/07\/06\/preleviq-ky-eshte-trajneri-ri-fk-kf-otrant-olympic\/","name":"Preleviq: Ky \u00ebsht\u00eb trajneri i ri i FK - KF Otrant Olympic - Lajme nga Ulqini","isPartOf":{"@id":"https:\/\/www.visit-ulcinj.com\/blog\/#website"},"primaryImageOfPage":{"@id":"https:\/\/www.visit-ulcinj.com\/blog\/2017\/07\/06\/preleviq-ky-eshte-trajneri-ri-fk-kf-otrant-olympic\/#primaryimage"},"datePublished":"2017-07-06T12:52:47+00:00","dateModified":"2017-07-06T12:52:47+00:00","author":{"@id":"https:\/\/www.visit-ulcinj.com\/blog\/#\/schema\/person\/dcab619c614d3038751c63bc2aadc06d"},"description":"Skuadra e\u00a0FK - KF Otrant Olympic ka njoftuar p\u00ebr\u00a0trajnerin e ri t\u00eb skuadr\u00ebs. Sot n\u00eb mynyr zyrtare, klubi nga Ulqini ka em\u00ebruar trajnerin,\u00a0Millovan Minja","breadcrumb":{"@id":"https:\/\/www.visit-ulcinj.com\/blog\/2017\/07\/06\/preleviq-ky-eshte-trajneri-ri-fk-kf-otrant-olympic\/#breadcrumb"},"inLanguage":"en-US","potentialAction":[{"@type":"ReadAction","target":["https:\/\/www.visit-ulcinj.com\/blog\/2017\/07\/06\/preleviq-ky-eshte-trajneri-ri-fk-kf-otrant-olympic\/"]}]},{"@type":"BreadcrumbList","@id":"https:\/\/www.visit-ulcinj.com\/blog\/2017\/07\/06\/preleviq-ky-eshte-trajneri-ri-fk-kf-otrant-olympic\/#breadcrumb","itemListElement":[{"@type":"ListItem","position":1,"name":"Preleviq: Ky \u00ebsht\u00eb trajneri i ri i FK &#8211; KF Otrant Olympic"}]},{"@type":"Person","@id":"https:\/\/www.visit-ulcinj.com\/blog\/#\/schema\/person\/dcab619c614d3038751c63bc2aadc06d","name":"ulqini","sameAs":["http:\/\/www.visit-ulcinj.com"],"url":"https:\/\/www.visit-ulcinj.com\/blog\/author\/admin\/"}]}},"jetpack_featured_media_url":"","jetpack_sharing_enabled":true,"jetpack_shortlink":"https:\/\/wp.me\/pe6lTn-rAw","_links":{"self":[{"href":"https:\/\/www.visit-ulcinj.com\/blog\/wp-json\/wp\/v2\/posts\/106052"}],"collection":[{"href":"https:\/\/www.visit-ulcinj.com\/blog\/wp-json\/wp\/v2\/posts"}],"about":[{"href":"https:\/\/www.visit-ulcinj.com\/blog\/wp-json\/wp\/v2\/types\/post"}],"author":[{"embeddable":true,"href":"https:\/\/www.visit-ulcinj.com\/blog\/wp-json\/wp\/v2\/users\/1"}],"replies":[{"embeddable":true,"href":"https:\/\/www.visit-ulcinj.com\/blog\/wp-json\/wp\/v2\/comments?post=106052"}],"version-history":[{"count":1,"href":"https:\/\/www.visit-ulcinj.com\/blog\/wp-json\/wp\/v2\/posts\/106052\/revisions"}],"predecessor-version":[{"id":106054,"href":"https:\/\/www.visit-ulcinj.com\/blog\/wp-json\/wp\/v2\/posts\/106052\/revisions\/106054"}],"wp:attachment":[{"href":"https:\/\/www.visit-ulcinj.com\/blog\/wp-json\/wp\/v2\/media?parent=106052"}],"wp:term":[{"taxonomy":"category","embeddable":true,"href":"https:\/\/www.visit-ulcinj.com\/blog\/wp-json\/wp\/v2\/categories?post=106052"},{"taxonomy":"post_tag","embeddable":true,"href":"https:\/\/www.visit-ulcinj.com\/blog\/wp-json\/wp\/v2\/tags?post=106052"}],"curies":[{"name":"wp","href":"https:\/\/api.w.org\/{rel}","templated":true}]}}