{"id":106055,"date":"2017-07-06T14:01:04","date_gmt":"2017-07-06T13:01:04","guid":{"rendered":"http:\/\/www.visit-ulcinj.com\/blog\/?p=106055"},"modified":"2017-07-06T14:01:51","modified_gmt":"2017-07-06T13:01:51","slug":"art-club-boton-permbledhjen-poezi-kungulli-ziliqar-te-ibrahim-berjashit","status":"publish","type":"post","link":"https:\/\/www.visit-ulcinj.com\/blog\/2017\/07\/06\/art-club-boton-permbledhjen-poezi-kungulli-ziliqar-te-ibrahim-berjashit\/","title":{"rendered":"\u201cArt Club\u201d boton p\u00ebrmbledhjen me poezi \u201cKungulli ziliqar\u201d t\u00eb Ibrahim Berjashit"},"content":{"rendered":"<p><strong><a href=\"http:\/\/www.visit-ulcinj.com\/blog\/wp-content\/uploads\/2017\/07\/Kungulli-ziliqar-t\u00eb-autorit-Ibrahim-Berjashit.jpg\"><img loading=\"lazy\" class=\"alignleft wp-image-106056\" src=\"http:\/\/www.visit-ulcinj.com\/blog\/wp-content\/uploads\/2017\/07\/Kungulli-ziliqar-t\u00eb-autorit-Ibrahim-Berjashit.jpg\" alt=\"\" width=\"508\" height=\"378\" srcset=\"https:\/\/www.visit-ulcinj.com\/blog\/wp-content\/uploads\/2017\/07\/Kungulli-ziliqar-t\u00eb-autorit-Ibrahim-Berjashit.jpg 834w, https:\/\/www.visit-ulcinj.com\/blog\/wp-content\/uploads\/2017\/07\/Kungulli-ziliqar-t\u00eb-autorit-Ibrahim-Berjashit-300x223.jpg 300w, https:\/\/www.visit-ulcinj.com\/blog\/wp-content\/uploads\/2017\/07\/Kungulli-ziliqar-t\u00eb-autorit-Ibrahim-Berjashit-768x571.jpg 768w\" sizes=\"(max-width: 508px) 100vw, 508px\" \/><\/a>N\u00eb kuad\u00ebr t\u00eb edicionit botues t\u00eb Shoqat\u00ebs s\u00eb Artist\u00ebve dhe Intelektual\u00ebve \u201cArt Club\u201d, k\u00ebto dit\u00eb doli nga shtypi v\u00ebllimi m\u00eb i ri poetik \u201cKungulli ziliqar\u201d i poetit dhe shkrimtarit Ibrahim Berjashi.<\/strong><\/p>\n<p>Libri \u00ebsht\u00eb i mbar\u00ebshtruar n\u00eb pes\u00eb cikle, t\u00eb cil\u00ebt nd\u00ebrtojn\u00eb nj\u00eb ter\u00ebsi sublime artistike\u00a0dhe estetike. V\u00ebllimi \u00ebsht\u00eb nd\u00ebrtuar me ninulla me motive dhe porosi universale, por hetohen reflektimet krijuese nga ambienti i vendlindjes, e sidomos ninulla nga jeta e p\u00ebrditshme n\u00eb bregdet. Sikund\u00ebr n\u00eb veprat tjera p\u00ebr f\u00ebmij\u00eb, edhe k\u00ebtu vargjet p\u00ebrshkohen nga nj\u00eb ndjenj\u00eb e holl\u00eb humori dhe aventurat e personazheve t\u00eb ninullave, thuhet n\u00eb nj\u00eb njoftim t\u00eb <strong>\u00a0<\/strong>SHAI \u201cArt Club\u201d.<\/p>\n<p>Ibrahim Berjashi \u00ebsht\u00eb nd\u00ebr autor\u00ebt e pak\u00ebt te shqiptar\u00ebt n\u00eb Malin e Zi q\u00eb tash nj\u00eb gjysm\u00eb shekulli merret me poezin\u00eb p\u00ebr t\u00eb vegj\u00eblit, por shkruan edhe proz\u00eb. N\u00eb k\u00ebt\u00eb hark kohor ka botuar shtat\u00eb vepra n\u00eb poezi e proz\u00eb p\u00ebr f\u00ebmij\u00eb.<\/p>\n<p>Redaktor \u00a0i librit \u00ebsht\u00eb Ismet Kallaba, nd\u00ebrsa p\u00ebrgatitjen teknike dhe artistike e ka b\u00ebr\u00eb Gazmend \u00c7itaku.<\/p>\n<p>Libri \u00ebsht\u00eb botuar me mb\u00ebshtetjen e Ministris\u00eb s\u00eb Kultur\u00ebs, nd\u00ebrsa \u00ebsht\u00eb shtypur n\u00eb shtypshkronj\u00ebn \u201cPress Studio\u201d n\u00eb Ulqin.<\/p>\n<p>Ibrahim Berjashi ka botuar deri m\u00eb tash k\u00ebto libra: \u201cLule prej guri\u201d, \u201cE tej mal\u00ebsi e det\u201d, \u201cVeloret e bardha\u201d, \u201cLundra e humbur\u201d, \u201cOr\u00ebt e vetmis\u00eb\u201d, \u201cFlo\u00e7ka e liqenit\u201d, \u201cDritaren l\u00ebre hapur\u201d (Antologji e poezis\u00eb shqipe \u2013 bashkautor), \u201cOra e Rumis\u00eb\u201d, \u201cGati u harruem\u201d dhe p\u00ebrzgjedhjen e tregimeve p\u00ebr f\u00ebmij\u00eb \u201cSirena e liqenit\u201d. P\u00ebrmbledhja me poezi p\u00ebr f\u00ebmij\u00eb \u201cKungulli ziliqar\u201d \u00ebsht\u00eb libri i tij i nj\u00ebmb\u00ebdhjet\u00eb.<\/p>\n<p>N\u00eb kuad\u00ebr t\u00eb veprimtaris\u00eb s\u00eb tij botuese \u201cArt Club\u201d, botuesi m\u00eb i madh nd\u00ebr shqiptar\u00ebt n\u00eb Malin e Zi, ka botuar deri tani mbi 110 libra, kryesisht t\u00eb autor\u00ebve shqiptar\u00eb n\u00eb Malin e Zi.<\/p>\n","protected":false},"excerpt":{"rendered":"<p>N\u00eb kuad\u00ebr t\u00eb edicionit botues t\u00eb Shoqat\u00ebs s\u00eb Artist\u00ebve dhe Intelektual\u00ebve \u201cArt Club\u201d, k\u00ebto dit\u00eb doli nga shtypi v\u00ebllimi m\u00eb i ri poetik \u201cKungulli ziliqar\u201d i poetit dhe shkrimtarit Ibrahim Berjashi. Libri \u00ebsht\u00eb i mbar\u00ebshtruar n\u00eb pes\u00eb cikle, t\u00eb cil\u00ebt nd\u00ebrtojn\u00eb nj\u00eb ter\u00ebsi sublime artistike\u00a0dhe estetike. V\u00ebllimi \u00ebsht\u00eb nd\u00ebrtuar me ninulla me motive dhe porosi [&hellip;]<\/p>\n","protected":false},"author":1,"featured_media":0,"comment_status":"closed","ping_status":"closed","sticky":false,"template":"","format":"standard","meta":{"spay_email":"","jetpack_publicize_message":"","jetpack_is_tweetstorm":false,"jetpack_publicize_feature_enabled":true},"categories":[4],"tags":[],"jetpack_publicize_connections":[],"yoast_head":"<!-- This site is optimized with the Yoast SEO plugin v19.1 - https:\/\/yoast.com\/wordpress\/plugins\/seo\/ -->\n<title>\u201cArt Club\u201d boton p\u00ebrmbledhjen me poezi \u201cKungulli ziliqar\u201d t\u00eb Ibrahim Berjashit - Lajme nga Ulqini<\/title>\n<meta name=\"description\" content=\"N\u00eb kuad\u00ebr t\u00eb edicionit botues t\u00eb Shoqat\u00ebs s\u00eb Artist\u00ebve dhe Intelektual\u00ebve \u201cArt Club\u201d, k\u00ebto dit\u00eb doli nga shtypi v\u00ebllimi m\u00eb i ri poetik \u201cKungulli ziliqar\u201d\" \/>\n<meta name=\"robots\" content=\"index, follow, max-snippet:-1, max-image-preview:large, max-video-preview:-1\" \/>\n<link rel=\"canonical\" href=\"https:\/\/www.visit-ulcinj.com\/blog\/2017\/07\/06\/art-club-boton-permbledhjen-poezi-kungulli-ziliqar-te-ibrahim-berjashit\/\" \/>\n<meta property=\"og:locale\" content=\"en_US\" \/>\n<meta property=\"og:type\" content=\"article\" \/>\n<meta property=\"og:title\" content=\"\u201cArt Club\u201d boton p\u00ebrmbledhjen me poezi \u201cKungulli ziliqar\u201d t\u00eb Ibrahim Berjashit - Lajme nga Ulqini\" \/>\n<meta property=\"og:description\" content=\"N\u00eb kuad\u00ebr t\u00eb edicionit botues t\u00eb Shoqat\u00ebs s\u00eb Artist\u00ebve dhe Intelektual\u00ebve \u201cArt Club\u201d, k\u00ebto dit\u00eb doli nga shtypi v\u00ebllimi m\u00eb i ri poetik \u201cKungulli ziliqar\u201d\" \/>\n<meta property=\"og:url\" content=\"https:\/\/www.visit-ulcinj.com\/blog\/2017\/07\/06\/art-club-boton-permbledhjen-poezi-kungulli-ziliqar-te-ibrahim-berjashit\/\" \/>\n<meta property=\"og:site_name\" content=\"Lajme nga Ulqini\" \/>\n<meta property=\"article:published_time\" content=\"2017-07-06T13:01:04+00:00\" \/>\n<meta property=\"article:modified_time\" content=\"2017-07-06T13:01:51+00:00\" \/>\n<meta name=\"twitter:label1\" content=\"Written by\" \/>\n\t<meta name=\"twitter:data1\" content=\"ulqini\" \/>\n\t<meta name=\"twitter:label2\" content=\"Est. reading time\" \/>\n\t<meta name=\"twitter:data2\" content=\"2 minutes\" \/>\n<script type=\"application\/ld+json\" class=\"yoast-schema-graph\">{\"@context\":\"https:\/\/schema.org\",\"@graph\":[{\"@type\":\"WebSite\",\"@id\":\"https:\/\/www.visit-ulcinj.com\/blog\/#website\",\"url\":\"https:\/\/www.visit-ulcinj.com\/blog\/\",\"name\":\"Lajme nga Ulqini\",\"description\":\"Lajme,Vijesti,Ulqini,Ulqin,Crna Gora,Mali i Zi\",\"potentialAction\":[{\"@type\":\"SearchAction\",\"target\":{\"@type\":\"EntryPoint\",\"urlTemplate\":\"https:\/\/www.visit-ulcinj.com\/blog\/?s={search_term_string}\"},\"query-input\":\"required name=search_term_string\"}],\"inLanguage\":\"en-US\"},{\"@type\":\"WebPage\",\"@id\":\"https:\/\/www.visit-ulcinj.com\/blog\/2017\/07\/06\/art-club-boton-permbledhjen-poezi-kungulli-ziliqar-te-ibrahim-berjashit\/#webpage\",\"url\":\"https:\/\/www.visit-ulcinj.com\/blog\/2017\/07\/06\/art-club-boton-permbledhjen-poezi-kungulli-ziliqar-te-ibrahim-berjashit\/\",\"name\":\"\u201cArt Club\u201d boton p\u00ebrmbledhjen me poezi \u201cKungulli ziliqar\u201d t\u00eb Ibrahim Berjashit - Lajme nga Ulqini\",\"isPartOf\":{\"@id\":\"https:\/\/www.visit-ulcinj.com\/blog\/#website\"},\"datePublished\":\"2017-07-06T13:01:04+00:00\",\"dateModified\":\"2017-07-06T13:01:51+00:00\",\"author\":{\"@id\":\"https:\/\/www.visit-ulcinj.com\/blog\/#\/schema\/person\/dcab619c614d3038751c63bc2aadc06d\"},\"description\":\"N\u00eb kuad\u00ebr t\u00eb edicionit botues t\u00eb Shoqat\u00ebs s\u00eb Artist\u00ebve dhe Intelektual\u00ebve \u201cArt Club\u201d, k\u00ebto dit\u00eb doli nga shtypi v\u00ebllimi m\u00eb i ri poetik \u201cKungulli ziliqar\u201d\",\"breadcrumb\":{\"@id\":\"https:\/\/www.visit-ulcinj.com\/blog\/2017\/07\/06\/art-club-boton-permbledhjen-poezi-kungulli-ziliqar-te-ibrahim-berjashit\/#breadcrumb\"},\"inLanguage\":\"en-US\",\"potentialAction\":[{\"@type\":\"ReadAction\",\"target\":[\"https:\/\/www.visit-ulcinj.com\/blog\/2017\/07\/06\/art-club-boton-permbledhjen-poezi-kungulli-ziliqar-te-ibrahim-berjashit\/\"]}]},{\"@type\":\"BreadcrumbList\",\"@id\":\"https:\/\/www.visit-ulcinj.com\/blog\/2017\/07\/06\/art-club-boton-permbledhjen-poezi-kungulli-ziliqar-te-ibrahim-berjashit\/#breadcrumb\",\"itemListElement\":[{\"@type\":\"ListItem\",\"position\":1,\"name\":\"\u201cArt Club\u201d boton p\u00ebrmbledhjen me poezi \u201cKungulli ziliqar\u201d t\u00eb Ibrahim Berjashit\"}]},{\"@type\":\"Person\",\"@id\":\"https:\/\/www.visit-ulcinj.com\/blog\/#\/schema\/person\/dcab619c614d3038751c63bc2aadc06d\",\"name\":\"ulqini\",\"sameAs\":[\"http:\/\/www.visit-ulcinj.com\"],\"url\":\"https:\/\/www.visit-ulcinj.com\/blog\/author\/admin\/\"}]}<\/script>\n<!-- \/ Yoast SEO plugin. -->","yoast_head_json":{"title":"\u201cArt Club\u201d boton p\u00ebrmbledhjen me poezi \u201cKungulli ziliqar\u201d t\u00eb Ibrahim Berjashit - Lajme nga Ulqini","description":"N\u00eb kuad\u00ebr t\u00eb edicionit botues t\u00eb Shoqat\u00ebs s\u00eb Artist\u00ebve dhe Intelektual\u00ebve \u201cArt Club\u201d, k\u00ebto dit\u00eb doli nga shtypi v\u00ebllimi m\u00eb i ri poetik \u201cKungulli ziliqar\u201d","robots":{"index":"index","follow":"follow","max-snippet":"max-snippet:-1","max-image-preview":"max-image-preview:large","max-video-preview":"max-video-preview:-1"},"canonical":"https:\/\/www.visit-ulcinj.com\/blog\/2017\/07\/06\/art-club-boton-permbledhjen-poezi-kungulli-ziliqar-te-ibrahim-berjashit\/","og_locale":"en_US","og_type":"article","og_title":"\u201cArt Club\u201d boton p\u00ebrmbledhjen me poezi \u201cKungulli ziliqar\u201d t\u00eb Ibrahim Berjashit - Lajme nga Ulqini","og_description":"N\u00eb kuad\u00ebr t\u00eb edicionit botues t\u00eb Shoqat\u00ebs s\u00eb Artist\u00ebve dhe Intelektual\u00ebve \u201cArt Club\u201d, k\u00ebto dit\u00eb doli nga shtypi v\u00ebllimi m\u00eb i ri poetik \u201cKungulli ziliqar\u201d","og_url":"https:\/\/www.visit-ulcinj.com\/blog\/2017\/07\/06\/art-club-boton-permbledhjen-poezi-kungulli-ziliqar-te-ibrahim-berjashit\/","og_site_name":"Lajme nga Ulqini","article_published_time":"2017-07-06T13:01:04+00:00","article_modified_time":"2017-07-06T13:01:51+00:00","twitter_misc":{"Written by":"ulqini","Est. reading time":"2 minutes"},"schema":{"@context":"https:\/\/schema.org","@graph":[{"@type":"WebSite","@id":"https:\/\/www.visit-ulcinj.com\/blog\/#website","url":"https:\/\/www.visit-ulcinj.com\/blog\/","name":"Lajme nga Ulqini","description":"Lajme,Vijesti,Ulqini,Ulqin,Crna Gora,Mali i Zi","potentialAction":[{"@type":"SearchAction","target":{"@type":"EntryPoint","urlTemplate":"https:\/\/www.visit-ulcinj.com\/blog\/?s={search_term_string}"},"query-input":"required name=search_term_string"}],"inLanguage":"en-US"},{"@type":"WebPage","@id":"https:\/\/www.visit-ulcinj.com\/blog\/2017\/07\/06\/art-club-boton-permbledhjen-poezi-kungulli-ziliqar-te-ibrahim-berjashit\/#webpage","url":"https:\/\/www.visit-ulcinj.com\/blog\/2017\/07\/06\/art-club-boton-permbledhjen-poezi-kungulli-ziliqar-te-ibrahim-berjashit\/","name":"\u201cArt Club\u201d boton p\u00ebrmbledhjen me poezi \u201cKungulli ziliqar\u201d t\u00eb Ibrahim Berjashit - Lajme nga Ulqini","isPartOf":{"@id":"https:\/\/www.visit-ulcinj.com\/blog\/#website"},"datePublished":"2017-07-06T13:01:04+00:00","dateModified":"2017-07-06T13:01:51+00:00","author":{"@id":"https:\/\/www.visit-ulcinj.com\/blog\/#\/schema\/person\/dcab619c614d3038751c63bc2aadc06d"},"description":"N\u00eb kuad\u00ebr t\u00eb edicionit botues t\u00eb Shoqat\u00ebs s\u00eb Artist\u00ebve dhe Intelektual\u00ebve \u201cArt Club\u201d, k\u00ebto dit\u00eb doli nga shtypi v\u00ebllimi m\u00eb i ri poetik \u201cKungulli ziliqar\u201d","breadcrumb":{"@id":"https:\/\/www.visit-ulcinj.com\/blog\/2017\/07\/06\/art-club-boton-permbledhjen-poezi-kungulli-ziliqar-te-ibrahim-berjashit\/#breadcrumb"},"inLanguage":"en-US","potentialAction":[{"@type":"ReadAction","target":["https:\/\/www.visit-ulcinj.com\/blog\/2017\/07\/06\/art-club-boton-permbledhjen-poezi-kungulli-ziliqar-te-ibrahim-berjashit\/"]}]},{"@type":"BreadcrumbList","@id":"https:\/\/www.visit-ulcinj.com\/blog\/2017\/07\/06\/art-club-boton-permbledhjen-poezi-kungulli-ziliqar-te-ibrahim-berjashit\/#breadcrumb","itemListElement":[{"@type":"ListItem","position":1,"name":"\u201cArt Club\u201d boton p\u00ebrmbledhjen me poezi \u201cKungulli ziliqar\u201d t\u00eb Ibrahim Berjashit"}]},{"@type":"Person","@id":"https:\/\/www.visit-ulcinj.com\/blog\/#\/schema\/person\/dcab619c614d3038751c63bc2aadc06d","name":"ulqini","sameAs":["http:\/\/www.visit-ulcinj.com"],"url":"https:\/\/www.visit-ulcinj.com\/blog\/author\/admin\/"}]}},"jetpack_featured_media_url":"","jetpack_sharing_enabled":true,"jetpack_shortlink":"https:\/\/wp.me\/pe6lTn-rAz","_links":{"self":[{"href":"https:\/\/www.visit-ulcinj.com\/blog\/wp-json\/wp\/v2\/posts\/106055"}],"collection":[{"href":"https:\/\/www.visit-ulcinj.com\/blog\/wp-json\/wp\/v2\/posts"}],"about":[{"href":"https:\/\/www.visit-ulcinj.com\/blog\/wp-json\/wp\/v2\/types\/post"}],"author":[{"embeddable":true,"href":"https:\/\/www.visit-ulcinj.com\/blog\/wp-json\/wp\/v2\/users\/1"}],"replies":[{"embeddable":true,"href":"https:\/\/www.visit-ulcinj.com\/blog\/wp-json\/wp\/v2\/comments?post=106055"}],"version-history":[{"count":1,"href":"https:\/\/www.visit-ulcinj.com\/blog\/wp-json\/wp\/v2\/posts\/106055\/revisions"}],"predecessor-version":[{"id":106057,"href":"https:\/\/www.visit-ulcinj.com\/blog\/wp-json\/wp\/v2\/posts\/106055\/revisions\/106057"}],"wp:attachment":[{"href":"https:\/\/www.visit-ulcinj.com\/blog\/wp-json\/wp\/v2\/media?parent=106055"}],"wp:term":[{"taxonomy":"category","embeddable":true,"href":"https:\/\/www.visit-ulcinj.com\/blog\/wp-json\/wp\/v2\/categories?post=106055"},{"taxonomy":"post_tag","embeddable":true,"href":"https:\/\/www.visit-ulcinj.com\/blog\/wp-json\/wp\/v2\/tags?post=106055"}],"curies":[{"name":"wp","href":"https:\/\/api.w.org\/{rel}","templated":true}]}}