{"id":106058,"date":"2017-07-06T14:18:02","date_gmt":"2017-07-06T13:18:02","guid":{"rendered":"http:\/\/www.visit-ulcinj.com\/blog\/?p=106058"},"modified":"2017-07-07T13:31:29","modified_gmt":"2017-07-07T12:31:29","slug":"cungu-prodhuesit-vendore-te-rrezikuar-nga-importi","status":"publish","type":"post","link":"https:\/\/www.visit-ulcinj.com\/blog\/2017\/07\/06\/cungu-prodhuesit-vendore-te-rrezikuar-nga-importi\/","title":{"rendered":"Cungu: Prodhuesit vendor\u00eb, t\u00eb rrezikuar nga importi"},"content":{"rendered":"<p><a href=\"http:\/\/www.visit-ulcinj.com\/blog\/wp-content\/uploads\/2017\/07\/Shqetsimi-i-prodhuesve-vendas-nga-Ulqini.jpg\"><img loading=\"lazy\" class=\"alignleft wp-image-106059\" src=\"http:\/\/www.visit-ulcinj.com\/blog\/wp-content\/uploads\/2017\/07\/Shqetsimi-i-prodhuesve-vendas-nga-Ulqini.jpg\" alt=\"\" width=\"508\" height=\"381\" srcset=\"https:\/\/www.visit-ulcinj.com\/blog\/wp-content\/uploads\/2017\/07\/Shqetsimi-i-prodhuesve-vendas-nga-Ulqini.jpg 960w, https:\/\/www.visit-ulcinj.com\/blog\/wp-content\/uploads\/2017\/07\/Shqetsimi-i-prodhuesve-vendas-nga-Ulqini-300x225.jpg 300w, https:\/\/www.visit-ulcinj.com\/blog\/wp-content\/uploads\/2017\/07\/Shqetsimi-i-prodhuesve-vendas-nga-Ulqini-768x576.jpg 768w\" sizes=\"(max-width: 508px) 100vw, 508px\" \/><\/a><strong>Prodhuesit n\u00eb komun\u00ebn e Ulqinit do t\u00eb ken\u00eb p\u00ebrher\u00eb p\u00ebrkrahjen e strukturave komunale<\/strong><\/p>\n<p><strong>Importi i produkteve t\u00eb nj\u00ebjta nga vendet e tjera, mungesa e energjis\u00eb dhe mos mb\u00ebshtetja nga Qeveria e Malit t\u00eb Zi, jan\u00eb disa nga sfidat me t\u00eb cilat p\u00ebrball\u00ebn prodhuesit vendor nga Ulqini.<\/strong><\/p>\n<p>Kryetari\u00a0\u00a0 i Komun\u00ebs Nazif Cungu dhe bashk\u00ebpun\u00ebtor\u00ebt e\u00a0 tij\u00a0 prit\u00ebn n\u00eb nj\u00eb takim\u00a0 prodhuesit\u00a0 agrar\u00eb, t\u00eb cil\u00ebt shpreh\u00ebn shqet\u00ebsimin e\u00a0 tyre\u00a0 p\u00ebr\u00a0 prodhimet\u00a0 e\u00a0 ndryshme\u00a0 q\u00eb\u00a0 hyjn\u00eb n\u00eb treg\u00a0 ilegalisht , duke i b\u00ebr\u00eb atyre konkurenc\u00eb\u00a0 dhe duke n\u00ebnvler\u00ebsuar\u00a0 prodhimet vendase.<\/p>\n<p>Kryetari\u00a0 Cungu shprehu\u00a0 gadishm\u00ebrin\u00eb e tij\u00a0\u00a0 dhe paralajm\u00ebroi nd\u00ebrmarjen e t\u00eb gjitha masave t\u00eb nevojshme , dhe\u00a0 angazhimin e sh\u00ebrbimit t\u00eb inspeksionit\u00a0 me q\u00ebllim q\u00eb\u00a0 kjo dukuri t\u00eb nd\u00ebrpritet. Ai edhe me k\u00ebt\u00eb rast vecoi se prodhuesit\u00a0 tan\u00eb\u00a0 dhe prodhimet e tyre\u00a0 jan\u00eb\u00a0 primar\u00eb.\u00a0 P\u00ebr k\u00ebt\u00eb\u00a0 c\u00ebshtje\u00a0 u fol edhe n\u00eb\u00a0 takimin e k\u00ebshillit koordinues per\u00a0 p\u00ebrcjelljen e sezonit turistik.<\/p>\n<p>P\u00ebrfaq\u00ebsuesi\u00a0 i Policis\u00eb kufitare\u00a0 tha se\u00a0 nuk b\u00ebhet fjal\u00eb p\u00ebr kalime\u00a0 t\u00eb mallrave\u00a0 ilegale\u00a0 n\u00ebp\u00ebrmes\u00a0 kufitare Sukubin-Muriqan .I nj\u00ebjti paralajm\u00ebroi shtimin e masave p\u00ebr t\u00eb penguar cdo form\u00eb\u00a0 t\u00eb kalimit t\u00eb mallrave dhe produkteve\u00a0 ilegale.\u00a0 N\u00eb takimin\u00a0 me\u00a0 prodhuesit agrar\u00a0\u00a0 u ra dakort q\u00eb\u00a0 ata\u00a0 t\u00eb shesin prodhimet etyre\u00a0 bujq\u00ebsore\u00a0 p\u00ebrgjat\u00eb rrug\u00ebs s\u00eb Shtojit.<\/p>\n<!--YouTube Error: bad URL entered-->\n<p><a href=\"http:\/\/www.visit-ulcinj.com\/blog\/wp-content\/uploads\/2017\/07\/Shqetsimi-i-prodhuesve-vendas-nga-Ulqini-Nazi-dhe-Gazmire-Cungu.jpg\"><img loading=\"lazy\" class=\"alignleft wp-image-106060\" src=\"http:\/\/www.visit-ulcinj.com\/blog\/wp-content\/uploads\/2017\/07\/Shqetsimi-i-prodhuesve-vendas-nga-Ulqini-Nazi-dhe-Gazmire-Cungu.jpg\" alt=\"\" width=\"508\" height=\"381\" srcset=\"https:\/\/www.visit-ulcinj.com\/blog\/wp-content\/uploads\/2017\/07\/Shqetsimi-i-prodhuesve-vendas-nga-Ulqini-Nazi-dhe-Gazmire-Cungu.jpg 960w, https:\/\/www.visit-ulcinj.com\/blog\/wp-content\/uploads\/2017\/07\/Shqetsimi-i-prodhuesve-vendas-nga-Ulqini-Nazi-dhe-Gazmire-Cungu-300x225.jpg 300w, https:\/\/www.visit-ulcinj.com\/blog\/wp-content\/uploads\/2017\/07\/Shqetsimi-i-prodhuesve-vendas-nga-Ulqini-Nazi-dhe-Gazmire-Cungu-768x576.jpg 768w\" sizes=\"(max-width: 508px) 100vw, 508px\" \/><\/a> <a href=\"http:\/\/www.visit-ulcinj.com\/blog\/wp-content\/uploads\/2017\/07\/Shqetsimi-i-prodhuesve-vendas-nga-Ulqini-1.jpg\"><img loading=\"lazy\" class=\"alignleft wp-image-106061\" src=\"http:\/\/www.visit-ulcinj.com\/blog\/wp-content\/uploads\/2017\/07\/Shqetsimi-i-prodhuesve-vendas-nga-Ulqini-1.jpg\" alt=\"\" width=\"508\" height=\"677\" srcset=\"https:\/\/www.visit-ulcinj.com\/blog\/wp-content\/uploads\/2017\/07\/Shqetsimi-i-prodhuesve-vendas-nga-Ulqini-1.jpg 720w, https:\/\/www.visit-ulcinj.com\/blog\/wp-content\/uploads\/2017\/07\/Shqetsimi-i-prodhuesve-vendas-nga-Ulqini-1-225x300.jpg 225w\" sizes=\"(max-width: 508px) 100vw, 508px\" \/><\/a><\/p>\n<p>&nbsp;<\/p>\n","protected":false},"excerpt":{"rendered":"<p>Prodhuesit n\u00eb komun\u00ebn e Ulqinit do t\u00eb ken\u00eb p\u00ebrher\u00eb p\u00ebrkrahjen e strukturave komunale Importi i produkteve t\u00eb nj\u00ebjta nga vendet e tjera, mungesa e energjis\u00eb dhe mos mb\u00ebshtetja nga Qeveria e Malit t\u00eb Zi, jan\u00eb disa nga sfidat me t\u00eb cilat p\u00ebrball\u00ebn prodhuesit vendor nga Ulqini. Kryetari\u00a0\u00a0 i Komun\u00ebs Nazif Cungu dhe bashk\u00ebpun\u00ebtor\u00ebt e\u00a0 tij\u00a0 [&hellip;]<\/p>\n","protected":false},"author":1,"featured_media":0,"comment_status":"closed","ping_status":"closed","sticky":false,"template":"","format":"standard","meta":{"spay_email":"","jetpack_publicize_message":"","jetpack_is_tweetstorm":false,"jetpack_publicize_feature_enabled":true},"categories":[10,1],"tags":[],"jetpack_publicize_connections":[],"yoast_head":"<!-- This site is optimized with the Yoast SEO plugin v19.1 - https:\/\/yoast.com\/wordpress\/plugins\/seo\/ -->\n<title>Cungu: Prodhuesit vendor\u00eb, t\u00eb rrezikuar nga importi - Lajme nga Ulqini<\/title>\n<meta name=\"description\" content=\"Prodhuesit n\u00eb komun\u00ebn e Ulqinit do t\u00eb ken\u00eb p\u00ebrher\u00eb p\u00ebrkrahjen e strukturave komunale Importi i produkteve t\u00eb nj\u00ebjta nga vendet e tjera, mungesa e\" \/>\n<meta name=\"robots\" content=\"index, follow, max-snippet:-1, max-image-preview:large, max-video-preview:-1\" \/>\n<link rel=\"canonical\" href=\"https:\/\/www.visit-ulcinj.com\/blog\/2017\/07\/06\/cungu-prodhuesit-vendore-te-rrezikuar-nga-importi\/\" \/>\n<meta property=\"og:locale\" content=\"en_US\" \/>\n<meta property=\"og:type\" content=\"article\" \/>\n<meta property=\"og:title\" content=\"Cungu: Prodhuesit vendor\u00eb, t\u00eb rrezikuar nga importi - Lajme nga Ulqini\" \/>\n<meta property=\"og:description\" content=\"Prodhuesit n\u00eb komun\u00ebn e Ulqinit do t\u00eb ken\u00eb p\u00ebrher\u00eb p\u00ebrkrahjen e strukturave komunale Importi i produkteve t\u00eb nj\u00ebjta nga vendet e tjera, mungesa e\" \/>\n<meta property=\"og:url\" content=\"https:\/\/www.visit-ulcinj.com\/blog\/2017\/07\/06\/cungu-prodhuesit-vendore-te-rrezikuar-nga-importi\/\" \/>\n<meta property=\"og:site_name\" content=\"Lajme nga Ulqini\" \/>\n<meta property=\"article:published_time\" content=\"2017-07-06T13:18:02+00:00\" \/>\n<meta property=\"article:modified_time\" content=\"2017-07-07T12:31:29+00:00\" \/>\n<meta property=\"og:image\" content=\"http:\/\/www.visit-ulcinj.com\/blog\/wp-content\/uploads\/2017\/07\/Shqetsimi-i-prodhuesve-vendas-nga-Ulqini.jpg\" \/>\n<meta name=\"twitter:label1\" content=\"Written by\" \/>\n\t<meta name=\"twitter:data1\" content=\"ulqini\" \/>\n\t<meta name=\"twitter:label2\" content=\"Est. reading time\" \/>\n\t<meta name=\"twitter:data2\" content=\"1 minute\" \/>\n<script type=\"application\/ld+json\" class=\"yoast-schema-graph\">{\"@context\":\"https:\/\/schema.org\",\"@graph\":[{\"@type\":\"WebSite\",\"@id\":\"https:\/\/www.visit-ulcinj.com\/blog\/#website\",\"url\":\"https:\/\/www.visit-ulcinj.com\/blog\/\",\"name\":\"Lajme nga Ulqini\",\"description\":\"Lajme,Vijesti,Ulqini,Ulqin,Crna Gora,Mali i Zi\",\"potentialAction\":[{\"@type\":\"SearchAction\",\"target\":{\"@type\":\"EntryPoint\",\"urlTemplate\":\"https:\/\/www.visit-ulcinj.com\/blog\/?s={search_term_string}\"},\"query-input\":\"required name=search_term_string\"}],\"inLanguage\":\"en-US\"},{\"@type\":\"ImageObject\",\"inLanguage\":\"en-US\",\"@id\":\"https:\/\/www.visit-ulcinj.com\/blog\/2017\/07\/06\/cungu-prodhuesit-vendore-te-rrezikuar-nga-importi\/#primaryimage\",\"url\":\"https:\/\/www.visit-ulcinj.com\/blog\/wp-content\/uploads\/2017\/07\/Shqetsimi-i-prodhuesve-vendas-nga-Ulqini.jpg\",\"contentUrl\":\"https:\/\/www.visit-ulcinj.com\/blog\/wp-content\/uploads\/2017\/07\/Shqetsimi-i-prodhuesve-vendas-nga-Ulqini.jpg\",\"width\":960,\"height\":720},{\"@type\":\"WebPage\",\"@id\":\"https:\/\/www.visit-ulcinj.com\/blog\/2017\/07\/06\/cungu-prodhuesit-vendore-te-rrezikuar-nga-importi\/#webpage\",\"url\":\"https:\/\/www.visit-ulcinj.com\/blog\/2017\/07\/06\/cungu-prodhuesit-vendore-te-rrezikuar-nga-importi\/\",\"name\":\"Cungu: Prodhuesit vendor\u00eb, t\u00eb rrezikuar nga importi - Lajme nga Ulqini\",\"isPartOf\":{\"@id\":\"https:\/\/www.visit-ulcinj.com\/blog\/#website\"},\"primaryImageOfPage\":{\"@id\":\"https:\/\/www.visit-ulcinj.com\/blog\/2017\/07\/06\/cungu-prodhuesit-vendore-te-rrezikuar-nga-importi\/#primaryimage\"},\"datePublished\":\"2017-07-06T13:18:02+00:00\",\"dateModified\":\"2017-07-07T12:31:29+00:00\",\"author\":{\"@id\":\"https:\/\/www.visit-ulcinj.com\/blog\/#\/schema\/person\/dcab619c614d3038751c63bc2aadc06d\"},\"description\":\"Prodhuesit n\u00eb komun\u00ebn e Ulqinit do t\u00eb ken\u00eb p\u00ebrher\u00eb p\u00ebrkrahjen e strukturave komunale Importi i produkteve t\u00eb nj\u00ebjta nga vendet e tjera, mungesa e\",\"breadcrumb\":{\"@id\":\"https:\/\/www.visit-ulcinj.com\/blog\/2017\/07\/06\/cungu-prodhuesit-vendore-te-rrezikuar-nga-importi\/#breadcrumb\"},\"inLanguage\":\"en-US\",\"potentialAction\":[{\"@type\":\"ReadAction\",\"target\":[\"https:\/\/www.visit-ulcinj.com\/blog\/2017\/07\/06\/cungu-prodhuesit-vendore-te-rrezikuar-nga-importi\/\"]}]},{\"@type\":\"BreadcrumbList\",\"@id\":\"https:\/\/www.visit-ulcinj.com\/blog\/2017\/07\/06\/cungu-prodhuesit-vendore-te-rrezikuar-nga-importi\/#breadcrumb\",\"itemListElement\":[{\"@type\":\"ListItem\",\"position\":1,\"name\":\"Cungu: Prodhuesit vendor\u00eb, t\u00eb rrezikuar nga importi\"}]},{\"@type\":\"Person\",\"@id\":\"https:\/\/www.visit-ulcinj.com\/blog\/#\/schema\/person\/dcab619c614d3038751c63bc2aadc06d\",\"name\":\"ulqini\",\"sameAs\":[\"http:\/\/www.visit-ulcinj.com\"],\"url\":\"https:\/\/www.visit-ulcinj.com\/blog\/author\/admin\/\"}]}<\/script>\n<!-- \/ Yoast SEO plugin. -->","yoast_head_json":{"title":"Cungu: Prodhuesit vendor\u00eb, t\u00eb rrezikuar nga importi - Lajme nga Ulqini","description":"Prodhuesit n\u00eb komun\u00ebn e Ulqinit do t\u00eb ken\u00eb p\u00ebrher\u00eb p\u00ebrkrahjen e strukturave komunale Importi i produkteve t\u00eb nj\u00ebjta nga vendet e tjera, mungesa e","robots":{"index":"index","follow":"follow","max-snippet":"max-snippet:-1","max-image-preview":"max-image-preview:large","max-video-preview":"max-video-preview:-1"},"canonical":"https:\/\/www.visit-ulcinj.com\/blog\/2017\/07\/06\/cungu-prodhuesit-vendore-te-rrezikuar-nga-importi\/","og_locale":"en_US","og_type":"article","og_title":"Cungu: Prodhuesit vendor\u00eb, t\u00eb rrezikuar nga importi - Lajme nga Ulqini","og_description":"Prodhuesit n\u00eb komun\u00ebn e Ulqinit do t\u00eb ken\u00eb p\u00ebrher\u00eb p\u00ebrkrahjen e strukturave komunale Importi i produkteve t\u00eb nj\u00ebjta nga vendet e tjera, mungesa e","og_url":"https:\/\/www.visit-ulcinj.com\/blog\/2017\/07\/06\/cungu-prodhuesit-vendore-te-rrezikuar-nga-importi\/","og_site_name":"Lajme nga Ulqini","article_published_time":"2017-07-06T13:18:02+00:00","article_modified_time":"2017-07-07T12:31:29+00:00","og_image":[{"url":"http:\/\/www.visit-ulcinj.com\/blog\/wp-content\/uploads\/2017\/07\/Shqetsimi-i-prodhuesve-vendas-nga-Ulqini.jpg"}],"twitter_misc":{"Written by":"ulqini","Est. reading time":"1 minute"},"schema":{"@context":"https:\/\/schema.org","@graph":[{"@type":"WebSite","@id":"https:\/\/www.visit-ulcinj.com\/blog\/#website","url":"https:\/\/www.visit-ulcinj.com\/blog\/","name":"Lajme nga Ulqini","description":"Lajme,Vijesti,Ulqini,Ulqin,Crna Gora,Mali i Zi","potentialAction":[{"@type":"SearchAction","target":{"@type":"EntryPoint","urlTemplate":"https:\/\/www.visit-ulcinj.com\/blog\/?s={search_term_string}"},"query-input":"required name=search_term_string"}],"inLanguage":"en-US"},{"@type":"ImageObject","inLanguage":"en-US","@id":"https:\/\/www.visit-ulcinj.com\/blog\/2017\/07\/06\/cungu-prodhuesit-vendore-te-rrezikuar-nga-importi\/#primaryimage","url":"https:\/\/www.visit-ulcinj.com\/blog\/wp-content\/uploads\/2017\/07\/Shqetsimi-i-prodhuesve-vendas-nga-Ulqini.jpg","contentUrl":"https:\/\/www.visit-ulcinj.com\/blog\/wp-content\/uploads\/2017\/07\/Shqetsimi-i-prodhuesve-vendas-nga-Ulqini.jpg","width":960,"height":720},{"@type":"WebPage","@id":"https:\/\/www.visit-ulcinj.com\/blog\/2017\/07\/06\/cungu-prodhuesit-vendore-te-rrezikuar-nga-importi\/#webpage","url":"https:\/\/www.visit-ulcinj.com\/blog\/2017\/07\/06\/cungu-prodhuesit-vendore-te-rrezikuar-nga-importi\/","name":"Cungu: Prodhuesit vendor\u00eb, t\u00eb rrezikuar nga importi - Lajme nga Ulqini","isPartOf":{"@id":"https:\/\/www.visit-ulcinj.com\/blog\/#website"},"primaryImageOfPage":{"@id":"https:\/\/www.visit-ulcinj.com\/blog\/2017\/07\/06\/cungu-prodhuesit-vendore-te-rrezikuar-nga-importi\/#primaryimage"},"datePublished":"2017-07-06T13:18:02+00:00","dateModified":"2017-07-07T12:31:29+00:00","author":{"@id":"https:\/\/www.visit-ulcinj.com\/blog\/#\/schema\/person\/dcab619c614d3038751c63bc2aadc06d"},"description":"Prodhuesit n\u00eb komun\u00ebn e Ulqinit do t\u00eb ken\u00eb p\u00ebrher\u00eb p\u00ebrkrahjen e strukturave komunale Importi i produkteve t\u00eb nj\u00ebjta nga vendet e tjera, mungesa e","breadcrumb":{"@id":"https:\/\/www.visit-ulcinj.com\/blog\/2017\/07\/06\/cungu-prodhuesit-vendore-te-rrezikuar-nga-importi\/#breadcrumb"},"inLanguage":"en-US","potentialAction":[{"@type":"ReadAction","target":["https:\/\/www.visit-ulcinj.com\/blog\/2017\/07\/06\/cungu-prodhuesit-vendore-te-rrezikuar-nga-importi\/"]}]},{"@type":"BreadcrumbList","@id":"https:\/\/www.visit-ulcinj.com\/blog\/2017\/07\/06\/cungu-prodhuesit-vendore-te-rrezikuar-nga-importi\/#breadcrumb","itemListElement":[{"@type":"ListItem","position":1,"name":"Cungu: Prodhuesit vendor\u00eb, t\u00eb rrezikuar nga importi"}]},{"@type":"Person","@id":"https:\/\/www.visit-ulcinj.com\/blog\/#\/schema\/person\/dcab619c614d3038751c63bc2aadc06d","name":"ulqini","sameAs":["http:\/\/www.visit-ulcinj.com"],"url":"https:\/\/www.visit-ulcinj.com\/blog\/author\/admin\/"}]}},"jetpack_featured_media_url":"","jetpack_sharing_enabled":true,"jetpack_shortlink":"https:\/\/wp.me\/pe6lTn-rAC","_links":{"self":[{"href":"https:\/\/www.visit-ulcinj.com\/blog\/wp-json\/wp\/v2\/posts\/106058"}],"collection":[{"href":"https:\/\/www.visit-ulcinj.com\/blog\/wp-json\/wp\/v2\/posts"}],"about":[{"href":"https:\/\/www.visit-ulcinj.com\/blog\/wp-json\/wp\/v2\/types\/post"}],"author":[{"embeddable":true,"href":"https:\/\/www.visit-ulcinj.com\/blog\/wp-json\/wp\/v2\/users\/1"}],"replies":[{"embeddable":true,"href":"https:\/\/www.visit-ulcinj.com\/blog\/wp-json\/wp\/v2\/comments?post=106058"}],"version-history":[{"count":3,"href":"https:\/\/www.visit-ulcinj.com\/blog\/wp-json\/wp\/v2\/posts\/106058\/revisions"}],"predecessor-version":[{"id":106065,"href":"https:\/\/www.visit-ulcinj.com\/blog\/wp-json\/wp\/v2\/posts\/106058\/revisions\/106065"}],"wp:attachment":[{"href":"https:\/\/www.visit-ulcinj.com\/blog\/wp-json\/wp\/v2\/media?parent=106058"}],"wp:term":[{"taxonomy":"category","embeddable":true,"href":"https:\/\/www.visit-ulcinj.com\/blog\/wp-json\/wp\/v2\/categories?post=106058"},{"taxonomy":"post_tag","embeddable":true,"href":"https:\/\/www.visit-ulcinj.com\/blog\/wp-json\/wp\/v2\/tags?post=106058"}],"curies":[{"name":"wp","href":"https:\/\/api.w.org\/{rel}","templated":true}]}}