{"id":106072,"date":"2017-07-07T13:12:18","date_gmt":"2017-07-07T12:12:18","guid":{"rendered":"http:\/\/www.visit-ulcinj.com\/blog\/?p=106072"},"modified":"2017-07-08T10:26:27","modified_gmt":"2017-07-08T09:26:27","slug":"ndahet-nga-jeta-ne-ulqin-psikologia-dua-dauti-kadriu","status":"publish","type":"post","link":"https:\/\/www.visit-ulcinj.com\/blog\/2017\/07\/07\/ndahet-nga-jeta-ne-ulqin-psikologia-dua-dauti-kadriu\/","title":{"rendered":"Ndahet nga jeta n\u00eb Ulqin, psikologia Dua Dauti-Kadriu nga Prizreni"},"content":{"rendered":"<p><strong><a href=\"http:\/\/www.visit-ulcinj.com\/blog\/wp-content\/uploads\/2017\/07\/Ndahet-nga-jeta-n\u00eb-Ulqin-psikologia-Dua-Dauti-Kadriu.jpg\"><img loading=\"lazy\" class=\"alignleft wp-image-106073\" src=\"http:\/\/www.visit-ulcinj.com\/blog\/wp-content\/uploads\/2017\/07\/Ndahet-nga-jeta-n\u00eb-Ulqin-psikologia-Dua-Dauti-Kadriu.jpg\" alt=\"\" width=\"508\" height=\"301\" srcset=\"https:\/\/www.visit-ulcinj.com\/blog\/wp-content\/uploads\/2017\/07\/Ndahet-nga-jeta-n\u00eb-Ulqin-psikologia-Dua-Dauti-Kadriu.jpg 900w, https:\/\/www.visit-ulcinj.com\/blog\/wp-content\/uploads\/2017\/07\/Ndahet-nga-jeta-n\u00eb-Ulqin-psikologia-Dua-Dauti-Kadriu-300x178.jpg 300w, https:\/\/www.visit-ulcinj.com\/blog\/wp-content\/uploads\/2017\/07\/Ndahet-nga-jeta-n\u00eb-Ulqin-psikologia-Dua-Dauti-Kadriu-768x455.jpg 768w\" sizes=\"(max-width: 508px) 100vw, 508px\" \/><\/a>N\u00eb mosh\u00ebn 36-vje\u00e7are, \u00ebsht\u00eb ndar\u00eb nga jeta tragjikisht psikologia Dua Dauti-Kadriu, n\u00eb Ulqin, transmeton KTV.<\/strong><\/p>\n<p>E ndjera ka humbur jet\u00ebn n\u00eb det, dje n\u00eb or\u00ebt e pasdites.<\/p>\n<p>Sipas familjar\u00ebve t\u00eb saj, rreth or\u00ebs 6 pasdite, dy f\u00ebmij\u00ebt e saj ishin n\u00eb uj\u00eb, nd\u00ebrsa ishte ngritur flamuri i kuq i rrezikut nga val\u00ebt e m\u00ebdha.<\/p>\n<p>Ajo kishte hyr\u00eb p\u00ebr t\u2019i shp\u00ebtuar f\u00ebmij\u00ebt, kishte arritur t\u2019i nxjerr\u00eb ata, por vet\u00eb nuk kishte dal\u00eb nga uji.<\/p>\n<p>Sipas familjar\u00ebve, trupi i pajet\u00eb i saj \u00ebsht\u00eb gjetur pas 3 or\u00eb k\u00ebrkimesh. Dua Dauti-Kadriu do t\u00eb varroset sot n\u00eb Prizren, rreth or\u00ebs 17.<\/p>\n<p>Koha.net<\/p>\n","protected":false},"excerpt":{"rendered":"<p>N\u00eb mosh\u00ebn 36-vje\u00e7are, \u00ebsht\u00eb ndar\u00eb nga jeta tragjikisht psikologia Dua Dauti-Kadriu, n\u00eb Ulqin, transmeton KTV. E ndjera ka humbur jet\u00ebn n\u00eb det, dje n\u00eb or\u00ebt e pasdites. Sipas familjar\u00ebve t\u00eb saj, rreth or\u00ebs 6 pasdite, dy f\u00ebmij\u00ebt e saj ishin n\u00eb uj\u00eb, nd\u00ebrsa ishte ngritur flamuri i kuq i rrezikut nga val\u00ebt e m\u00ebdha. Ajo [&hellip;]<\/p>\n","protected":false},"author":1,"featured_media":0,"comment_status":"closed","ping_status":"closed","sticky":false,"template":"","format":"standard","meta":{"spay_email":"","jetpack_publicize_message":"","jetpack_is_tweetstorm":false,"jetpack_publicize_feature_enabled":true},"categories":[1,6950],"tags":[],"jetpack_publicize_connections":[],"yoast_head":"<!-- This site is optimized with the Yoast SEO plugin v19.1 - https:\/\/yoast.com\/wordpress\/plugins\/seo\/ -->\n<title>Ndahet nga jeta n\u00eb Ulqin, psikologia Dua Dauti-Kadriu nga Prizreni - Lajme nga Ulqini<\/title>\n<meta name=\"description\" content=\"N\u00eb mosh\u00ebn 36-vje\u00e7are, \u00ebsht\u00eb ndar\u00eb nga jeta tragjikisht psikologia Dua Dauti-Kadriu, n\u00eb Ulqin, transmeton KTV. E ndjera ka humbur jet\u00ebn n\u00eb det, dje n\u00eb or\u00ebt\" \/>\n<meta name=\"robots\" content=\"index, follow, max-snippet:-1, max-image-preview:large, max-video-preview:-1\" \/>\n<link rel=\"canonical\" href=\"https:\/\/www.visit-ulcinj.com\/blog\/2017\/07\/07\/ndahet-nga-jeta-ne-ulqin-psikologia-dua-dauti-kadriu\/\" \/>\n<meta property=\"og:locale\" content=\"en_US\" \/>\n<meta property=\"og:type\" content=\"article\" \/>\n<meta property=\"og:title\" content=\"Ndahet nga jeta n\u00eb Ulqin, psikologia Dua Dauti-Kadriu nga Prizreni - Lajme nga Ulqini\" \/>\n<meta property=\"og:description\" content=\"N\u00eb mosh\u00ebn 36-vje\u00e7are, \u00ebsht\u00eb ndar\u00eb nga jeta tragjikisht psikologia Dua Dauti-Kadriu, n\u00eb Ulqin, transmeton KTV. E ndjera ka humbur jet\u00ebn n\u00eb det, dje n\u00eb or\u00ebt\" \/>\n<meta property=\"og:url\" content=\"https:\/\/www.visit-ulcinj.com\/blog\/2017\/07\/07\/ndahet-nga-jeta-ne-ulqin-psikologia-dua-dauti-kadriu\/\" \/>\n<meta property=\"og:site_name\" content=\"Lajme nga Ulqini\" \/>\n<meta property=\"article:published_time\" content=\"2017-07-07T12:12:18+00:00\" \/>\n<meta property=\"article:modified_time\" content=\"2017-07-08T09:26:27+00:00\" \/>\n<meta name=\"twitter:label1\" content=\"Written by\" \/>\n\t<meta name=\"twitter:data1\" content=\"ulqini\" \/>\n\t<meta name=\"twitter:label2\" content=\"Est. reading time\" \/>\n\t<meta name=\"twitter:data2\" content=\"1 minute\" \/>\n<script type=\"application\/ld+json\" class=\"yoast-schema-graph\">{\"@context\":\"https:\/\/schema.org\",\"@graph\":[{\"@type\":\"WebSite\",\"@id\":\"https:\/\/www.visit-ulcinj.com\/blog\/#website\",\"url\":\"https:\/\/www.visit-ulcinj.com\/blog\/\",\"name\":\"Lajme nga Ulqini\",\"description\":\"Lajme,Vijesti,Ulqini,Ulqin,Crna Gora,Mali i Zi\",\"potentialAction\":[{\"@type\":\"SearchAction\",\"target\":{\"@type\":\"EntryPoint\",\"urlTemplate\":\"https:\/\/www.visit-ulcinj.com\/blog\/?s={search_term_string}\"},\"query-input\":\"required name=search_term_string\"}],\"inLanguage\":\"en-US\"},{\"@type\":\"WebPage\",\"@id\":\"https:\/\/www.visit-ulcinj.com\/blog\/2017\/07\/07\/ndahet-nga-jeta-ne-ulqin-psikologia-dua-dauti-kadriu\/#webpage\",\"url\":\"https:\/\/www.visit-ulcinj.com\/blog\/2017\/07\/07\/ndahet-nga-jeta-ne-ulqin-psikologia-dua-dauti-kadriu\/\",\"name\":\"Ndahet nga jeta n\u00eb Ulqin, psikologia Dua Dauti-Kadriu nga Prizreni - Lajme nga Ulqini\",\"isPartOf\":{\"@id\":\"https:\/\/www.visit-ulcinj.com\/blog\/#website\"},\"datePublished\":\"2017-07-07T12:12:18+00:00\",\"dateModified\":\"2017-07-08T09:26:27+00:00\",\"author\":{\"@id\":\"https:\/\/www.visit-ulcinj.com\/blog\/#\/schema\/person\/dcab619c614d3038751c63bc2aadc06d\"},\"description\":\"N\u00eb mosh\u00ebn 36-vje\u00e7are, \u00ebsht\u00eb ndar\u00eb nga jeta tragjikisht psikologia Dua Dauti-Kadriu, n\u00eb Ulqin, transmeton KTV. E ndjera ka humbur jet\u00ebn n\u00eb det, dje n\u00eb or\u00ebt\",\"breadcrumb\":{\"@id\":\"https:\/\/www.visit-ulcinj.com\/blog\/2017\/07\/07\/ndahet-nga-jeta-ne-ulqin-psikologia-dua-dauti-kadriu\/#breadcrumb\"},\"inLanguage\":\"en-US\",\"potentialAction\":[{\"@type\":\"ReadAction\",\"target\":[\"https:\/\/www.visit-ulcinj.com\/blog\/2017\/07\/07\/ndahet-nga-jeta-ne-ulqin-psikologia-dua-dauti-kadriu\/\"]}]},{\"@type\":\"BreadcrumbList\",\"@id\":\"https:\/\/www.visit-ulcinj.com\/blog\/2017\/07\/07\/ndahet-nga-jeta-ne-ulqin-psikologia-dua-dauti-kadriu\/#breadcrumb\",\"itemListElement\":[{\"@type\":\"ListItem\",\"position\":1,\"name\":\"Ndahet nga jeta n\u00eb Ulqin, psikologia Dua Dauti-Kadriu nga Prizreni\"}]},{\"@type\":\"Person\",\"@id\":\"https:\/\/www.visit-ulcinj.com\/blog\/#\/schema\/person\/dcab619c614d3038751c63bc2aadc06d\",\"name\":\"ulqini\",\"sameAs\":[\"http:\/\/www.visit-ulcinj.com\"],\"url\":\"https:\/\/www.visit-ulcinj.com\/blog\/author\/admin\/\"}]}<\/script>\n<!-- \/ Yoast SEO plugin. -->","yoast_head_json":{"title":"Ndahet nga jeta n\u00eb Ulqin, psikologia Dua Dauti-Kadriu nga Prizreni - Lajme nga Ulqini","description":"N\u00eb mosh\u00ebn 36-vje\u00e7are, \u00ebsht\u00eb ndar\u00eb nga jeta tragjikisht psikologia Dua Dauti-Kadriu, n\u00eb Ulqin, transmeton KTV. E ndjera ka humbur jet\u00ebn n\u00eb det, dje n\u00eb or\u00ebt","robots":{"index":"index","follow":"follow","max-snippet":"max-snippet:-1","max-image-preview":"max-image-preview:large","max-video-preview":"max-video-preview:-1"},"canonical":"https:\/\/www.visit-ulcinj.com\/blog\/2017\/07\/07\/ndahet-nga-jeta-ne-ulqin-psikologia-dua-dauti-kadriu\/","og_locale":"en_US","og_type":"article","og_title":"Ndahet nga jeta n\u00eb Ulqin, psikologia Dua Dauti-Kadriu nga Prizreni - Lajme nga Ulqini","og_description":"N\u00eb mosh\u00ebn 36-vje\u00e7are, \u00ebsht\u00eb ndar\u00eb nga jeta tragjikisht psikologia Dua Dauti-Kadriu, n\u00eb Ulqin, transmeton KTV. E ndjera ka humbur jet\u00ebn n\u00eb det, dje n\u00eb or\u00ebt","og_url":"https:\/\/www.visit-ulcinj.com\/blog\/2017\/07\/07\/ndahet-nga-jeta-ne-ulqin-psikologia-dua-dauti-kadriu\/","og_site_name":"Lajme nga Ulqini","article_published_time":"2017-07-07T12:12:18+00:00","article_modified_time":"2017-07-08T09:26:27+00:00","twitter_misc":{"Written by":"ulqini","Est. reading time":"1 minute"},"schema":{"@context":"https:\/\/schema.org","@graph":[{"@type":"WebSite","@id":"https:\/\/www.visit-ulcinj.com\/blog\/#website","url":"https:\/\/www.visit-ulcinj.com\/blog\/","name":"Lajme nga Ulqini","description":"Lajme,Vijesti,Ulqini,Ulqin,Crna Gora,Mali i Zi","potentialAction":[{"@type":"SearchAction","target":{"@type":"EntryPoint","urlTemplate":"https:\/\/www.visit-ulcinj.com\/blog\/?s={search_term_string}"},"query-input":"required name=search_term_string"}],"inLanguage":"en-US"},{"@type":"WebPage","@id":"https:\/\/www.visit-ulcinj.com\/blog\/2017\/07\/07\/ndahet-nga-jeta-ne-ulqin-psikologia-dua-dauti-kadriu\/#webpage","url":"https:\/\/www.visit-ulcinj.com\/blog\/2017\/07\/07\/ndahet-nga-jeta-ne-ulqin-psikologia-dua-dauti-kadriu\/","name":"Ndahet nga jeta n\u00eb Ulqin, psikologia Dua Dauti-Kadriu nga Prizreni - Lajme nga Ulqini","isPartOf":{"@id":"https:\/\/www.visit-ulcinj.com\/blog\/#website"},"datePublished":"2017-07-07T12:12:18+00:00","dateModified":"2017-07-08T09:26:27+00:00","author":{"@id":"https:\/\/www.visit-ulcinj.com\/blog\/#\/schema\/person\/dcab619c614d3038751c63bc2aadc06d"},"description":"N\u00eb mosh\u00ebn 36-vje\u00e7are, \u00ebsht\u00eb ndar\u00eb nga jeta tragjikisht psikologia Dua Dauti-Kadriu, n\u00eb Ulqin, transmeton KTV. E ndjera ka humbur jet\u00ebn n\u00eb det, dje n\u00eb or\u00ebt","breadcrumb":{"@id":"https:\/\/www.visit-ulcinj.com\/blog\/2017\/07\/07\/ndahet-nga-jeta-ne-ulqin-psikologia-dua-dauti-kadriu\/#breadcrumb"},"inLanguage":"en-US","potentialAction":[{"@type":"ReadAction","target":["https:\/\/www.visit-ulcinj.com\/blog\/2017\/07\/07\/ndahet-nga-jeta-ne-ulqin-psikologia-dua-dauti-kadriu\/"]}]},{"@type":"BreadcrumbList","@id":"https:\/\/www.visit-ulcinj.com\/blog\/2017\/07\/07\/ndahet-nga-jeta-ne-ulqin-psikologia-dua-dauti-kadriu\/#breadcrumb","itemListElement":[{"@type":"ListItem","position":1,"name":"Ndahet nga jeta n\u00eb Ulqin, psikologia Dua Dauti-Kadriu nga Prizreni"}]},{"@type":"Person","@id":"https:\/\/www.visit-ulcinj.com\/blog\/#\/schema\/person\/dcab619c614d3038751c63bc2aadc06d","name":"ulqini","sameAs":["http:\/\/www.visit-ulcinj.com"],"url":"https:\/\/www.visit-ulcinj.com\/blog\/author\/admin\/"}]}},"jetpack_featured_media_url":"","jetpack_sharing_enabled":true,"jetpack_shortlink":"https:\/\/wp.me\/pe6lTn-rAQ","_links":{"self":[{"href":"https:\/\/www.visit-ulcinj.com\/blog\/wp-json\/wp\/v2\/posts\/106072"}],"collection":[{"href":"https:\/\/www.visit-ulcinj.com\/blog\/wp-json\/wp\/v2\/posts"}],"about":[{"href":"https:\/\/www.visit-ulcinj.com\/blog\/wp-json\/wp\/v2\/types\/post"}],"author":[{"embeddable":true,"href":"https:\/\/www.visit-ulcinj.com\/blog\/wp-json\/wp\/v2\/users\/1"}],"replies":[{"embeddable":true,"href":"https:\/\/www.visit-ulcinj.com\/blog\/wp-json\/wp\/v2\/comments?post=106072"}],"version-history":[{"count":2,"href":"https:\/\/www.visit-ulcinj.com\/blog\/wp-json\/wp\/v2\/posts\/106072\/revisions"}],"predecessor-version":[{"id":106079,"href":"https:\/\/www.visit-ulcinj.com\/blog\/wp-json\/wp\/v2\/posts\/106072\/revisions\/106079"}],"wp:attachment":[{"href":"https:\/\/www.visit-ulcinj.com\/blog\/wp-json\/wp\/v2\/media?parent=106072"}],"wp:term":[{"taxonomy":"category","embeddable":true,"href":"https:\/\/www.visit-ulcinj.com\/blog\/wp-json\/wp\/v2\/categories?post=106072"},{"taxonomy":"post_tag","embeddable":true,"href":"https:\/\/www.visit-ulcinj.com\/blog\/wp-json\/wp\/v2\/tags?post=106072"}],"curies":[{"name":"wp","href":"https:\/\/api.w.org\/{rel}","templated":true}]}}