{"id":106075,"date":"2017-07-07T13:25:10","date_gmt":"2017-07-07T12:25:10","guid":{"rendered":"http:\/\/www.visit-ulcinj.com\/blog\/?p=106075"},"modified":"2017-07-07T13:28:14","modified_gmt":"2017-07-07T12:28:14","slug":"eminen-se-le-burri-rahat-ne-vendlindje","status":"publish","type":"post","link":"https:\/\/www.visit-ulcinj.com\/blog\/2017\/07\/07\/eminen-se-le-burri-rahat-ne-vendlindje\/","title":{"rendered":"Eminen se le burri rahat as n\u00eb vendlindje"},"content":{"rendered":"<p>Dit\u00eb m\u00eb par\u00eb modelja e njohur Emina Cunmulaj ka udh\u00ebtuar drejt Malit t\u00eb Zi, nga ku e ka prejardhjen.<\/p>\n<p>Por, si\u00e7 duket burri i saj, miliarderi Sam Nazarian nuk do e le rehat as n\u00eb vendlindje. Pas pothuajse nj\u00eb jav\u00eb larg Emin\u00ebs, ai nuk ka duruar m\u00eb gjat\u00eb dhe i \u00ebsht\u00eb bashkuar asaj n\u00eb vendlindje.<\/p>\n<p>Sipas fotove t\u00eb publikuara nga vet\u00eb Emina, shihet se qifti po kalojn\u00eb koh\u00eb t\u00eb mrekullueshme bashk\u00eb.\/Indeksonline<\/p>\n","protected":false},"excerpt":{"rendered":"<p>Dit\u00eb m\u00eb par\u00eb modelja e njohur Emina Cunmulaj ka udh\u00ebtuar drejt Malit t\u00eb Zi, nga ku e ka prejardhjen. Por, si\u00e7 duket burri i saj, miliarderi Sam Nazarian nuk do e le rehat as n\u00eb vendlindje. Pas pothuajse nj\u00eb jav\u00eb larg Emin\u00ebs, ai nuk ka duruar m\u00eb gjat\u00eb dhe i \u00ebsht\u00eb bashkuar asaj n\u00eb vendlindje. [&hellip;]<\/p>\n","protected":false},"author":1,"featured_media":0,"comment_status":"closed","ping_status":"closed","sticky":false,"template":"","format":"standard","meta":{"spay_email":"","jetpack_publicize_message":"","jetpack_is_tweetstorm":false,"jetpack_publicize_feature_enabled":true},"categories":[1],"tags":[],"jetpack_publicize_connections":[],"yoast_head":"<!-- This site is optimized with the Yoast SEO plugin v19.1 - https:\/\/yoast.com\/wordpress\/plugins\/seo\/ -->\n<title>Eminen se le burri rahat as n\u00eb vendlindje - Lajme nga Ulqini<\/title>\n<meta name=\"description\" content=\"Dit\u00eb m\u00eb par\u00eb modelja e njohur Emina Cunmulaj ka udh\u00ebtuar drejt Malit t\u00eb Zi, nga ku e ka prejardhjen. Por, si\u00e7 duket burri i saj, miliarderi Sam Nazarian\" \/>\n<meta name=\"robots\" content=\"index, follow, max-snippet:-1, max-image-preview:large, max-video-preview:-1\" \/>\n<link rel=\"canonical\" href=\"https:\/\/www.visit-ulcinj.com\/blog\/2017\/07\/07\/eminen-se-le-burri-rahat-ne-vendlindje\/\" \/>\n<meta property=\"og:locale\" content=\"en_US\" \/>\n<meta property=\"og:type\" content=\"article\" \/>\n<meta property=\"og:title\" content=\"Eminen se le burri rahat as n\u00eb vendlindje - Lajme nga Ulqini\" \/>\n<meta property=\"og:description\" content=\"Dit\u00eb m\u00eb par\u00eb modelja e njohur Emina Cunmulaj ka udh\u00ebtuar drejt Malit t\u00eb Zi, nga ku e ka prejardhjen. Por, si\u00e7 duket burri i saj, miliarderi Sam Nazarian\" \/>\n<meta property=\"og:url\" content=\"https:\/\/www.visit-ulcinj.com\/blog\/2017\/07\/07\/eminen-se-le-burri-rahat-ne-vendlindje\/\" \/>\n<meta property=\"og:site_name\" content=\"Lajme nga Ulqini\" \/>\n<meta property=\"article:published_time\" content=\"2017-07-07T12:25:10+00:00\" \/>\n<meta property=\"article:modified_time\" content=\"2017-07-07T12:28:14+00:00\" \/>\n<meta name=\"twitter:label1\" content=\"Written by\" \/>\n\t<meta name=\"twitter:data1\" content=\"ulqini\" \/>\n<script type=\"application\/ld+json\" class=\"yoast-schema-graph\">{\"@context\":\"https:\/\/schema.org\",\"@graph\":[{\"@type\":\"WebSite\",\"@id\":\"https:\/\/www.visit-ulcinj.com\/blog\/#website\",\"url\":\"https:\/\/www.visit-ulcinj.com\/blog\/\",\"name\":\"Lajme nga Ulqini\",\"description\":\"Lajme,Vijesti,Ulqini,Ulqin,Crna Gora,Mali i Zi\",\"potentialAction\":[{\"@type\":\"SearchAction\",\"target\":{\"@type\":\"EntryPoint\",\"urlTemplate\":\"https:\/\/www.visit-ulcinj.com\/blog\/?s={search_term_string}\"},\"query-input\":\"required name=search_term_string\"}],\"inLanguage\":\"en-US\"},{\"@type\":\"WebPage\",\"@id\":\"https:\/\/www.visit-ulcinj.com\/blog\/2017\/07\/07\/eminen-se-le-burri-rahat-ne-vendlindje\/#webpage\",\"url\":\"https:\/\/www.visit-ulcinj.com\/blog\/2017\/07\/07\/eminen-se-le-burri-rahat-ne-vendlindje\/\",\"name\":\"Eminen se le burri rahat as n\u00eb vendlindje - Lajme nga Ulqini\",\"isPartOf\":{\"@id\":\"https:\/\/www.visit-ulcinj.com\/blog\/#website\"},\"datePublished\":\"2017-07-07T12:25:10+00:00\",\"dateModified\":\"2017-07-07T12:28:14+00:00\",\"author\":{\"@id\":\"https:\/\/www.visit-ulcinj.com\/blog\/#\/schema\/person\/dcab619c614d3038751c63bc2aadc06d\"},\"description\":\"Dit\u00eb m\u00eb par\u00eb modelja e njohur Emina Cunmulaj ka udh\u00ebtuar drejt Malit t\u00eb Zi, nga ku e ka prejardhjen. Por, si\u00e7 duket burri i saj, miliarderi Sam Nazarian\",\"breadcrumb\":{\"@id\":\"https:\/\/www.visit-ulcinj.com\/blog\/2017\/07\/07\/eminen-se-le-burri-rahat-ne-vendlindje\/#breadcrumb\"},\"inLanguage\":\"en-US\",\"potentialAction\":[{\"@type\":\"ReadAction\",\"target\":[\"https:\/\/www.visit-ulcinj.com\/blog\/2017\/07\/07\/eminen-se-le-burri-rahat-ne-vendlindje\/\"]}]},{\"@type\":\"BreadcrumbList\",\"@id\":\"https:\/\/www.visit-ulcinj.com\/blog\/2017\/07\/07\/eminen-se-le-burri-rahat-ne-vendlindje\/#breadcrumb\",\"itemListElement\":[{\"@type\":\"ListItem\",\"position\":1,\"name\":\"Eminen se le burri rahat as n\u00eb vendlindje\"}]},{\"@type\":\"Person\",\"@id\":\"https:\/\/www.visit-ulcinj.com\/blog\/#\/schema\/person\/dcab619c614d3038751c63bc2aadc06d\",\"name\":\"ulqini\",\"sameAs\":[\"http:\/\/www.visit-ulcinj.com\"],\"url\":\"https:\/\/www.visit-ulcinj.com\/blog\/author\/admin\/\"}]}<\/script>\n<!-- \/ Yoast SEO plugin. -->","yoast_head_json":{"title":"Eminen se le burri rahat as n\u00eb vendlindje - Lajme nga Ulqini","description":"Dit\u00eb m\u00eb par\u00eb modelja e njohur Emina Cunmulaj ka udh\u00ebtuar drejt Malit t\u00eb Zi, nga ku e ka prejardhjen. Por, si\u00e7 duket burri i saj, miliarderi Sam Nazarian","robots":{"index":"index","follow":"follow","max-snippet":"max-snippet:-1","max-image-preview":"max-image-preview:large","max-video-preview":"max-video-preview:-1"},"canonical":"https:\/\/www.visit-ulcinj.com\/blog\/2017\/07\/07\/eminen-se-le-burri-rahat-ne-vendlindje\/","og_locale":"en_US","og_type":"article","og_title":"Eminen se le burri rahat as n\u00eb vendlindje - Lajme nga Ulqini","og_description":"Dit\u00eb m\u00eb par\u00eb modelja e njohur Emina Cunmulaj ka udh\u00ebtuar drejt Malit t\u00eb Zi, nga ku e ka prejardhjen. Por, si\u00e7 duket burri i saj, miliarderi Sam Nazarian","og_url":"https:\/\/www.visit-ulcinj.com\/blog\/2017\/07\/07\/eminen-se-le-burri-rahat-ne-vendlindje\/","og_site_name":"Lajme nga Ulqini","article_published_time":"2017-07-07T12:25:10+00:00","article_modified_time":"2017-07-07T12:28:14+00:00","twitter_misc":{"Written by":"ulqini"},"schema":{"@context":"https:\/\/schema.org","@graph":[{"@type":"WebSite","@id":"https:\/\/www.visit-ulcinj.com\/blog\/#website","url":"https:\/\/www.visit-ulcinj.com\/blog\/","name":"Lajme nga Ulqini","description":"Lajme,Vijesti,Ulqini,Ulqin,Crna Gora,Mali i Zi","potentialAction":[{"@type":"SearchAction","target":{"@type":"EntryPoint","urlTemplate":"https:\/\/www.visit-ulcinj.com\/blog\/?s={search_term_string}"},"query-input":"required name=search_term_string"}],"inLanguage":"en-US"},{"@type":"WebPage","@id":"https:\/\/www.visit-ulcinj.com\/blog\/2017\/07\/07\/eminen-se-le-burri-rahat-ne-vendlindje\/#webpage","url":"https:\/\/www.visit-ulcinj.com\/blog\/2017\/07\/07\/eminen-se-le-burri-rahat-ne-vendlindje\/","name":"Eminen se le burri rahat as n\u00eb vendlindje - Lajme nga Ulqini","isPartOf":{"@id":"https:\/\/www.visit-ulcinj.com\/blog\/#website"},"datePublished":"2017-07-07T12:25:10+00:00","dateModified":"2017-07-07T12:28:14+00:00","author":{"@id":"https:\/\/www.visit-ulcinj.com\/blog\/#\/schema\/person\/dcab619c614d3038751c63bc2aadc06d"},"description":"Dit\u00eb m\u00eb par\u00eb modelja e njohur Emina Cunmulaj ka udh\u00ebtuar drejt Malit t\u00eb Zi, nga ku e ka prejardhjen. Por, si\u00e7 duket burri i saj, miliarderi Sam Nazarian","breadcrumb":{"@id":"https:\/\/www.visit-ulcinj.com\/blog\/2017\/07\/07\/eminen-se-le-burri-rahat-ne-vendlindje\/#breadcrumb"},"inLanguage":"en-US","potentialAction":[{"@type":"ReadAction","target":["https:\/\/www.visit-ulcinj.com\/blog\/2017\/07\/07\/eminen-se-le-burri-rahat-ne-vendlindje\/"]}]},{"@type":"BreadcrumbList","@id":"https:\/\/www.visit-ulcinj.com\/blog\/2017\/07\/07\/eminen-se-le-burri-rahat-ne-vendlindje\/#breadcrumb","itemListElement":[{"@type":"ListItem","position":1,"name":"Eminen se le burri rahat as n\u00eb vendlindje"}]},{"@type":"Person","@id":"https:\/\/www.visit-ulcinj.com\/blog\/#\/schema\/person\/dcab619c614d3038751c63bc2aadc06d","name":"ulqini","sameAs":["http:\/\/www.visit-ulcinj.com"],"url":"https:\/\/www.visit-ulcinj.com\/blog\/author\/admin\/"}]}},"jetpack_featured_media_url":"","jetpack_sharing_enabled":true,"jetpack_shortlink":"https:\/\/wp.me\/pe6lTn-rAT","_links":{"self":[{"href":"https:\/\/www.visit-ulcinj.com\/blog\/wp-json\/wp\/v2\/posts\/106075"}],"collection":[{"href":"https:\/\/www.visit-ulcinj.com\/blog\/wp-json\/wp\/v2\/posts"}],"about":[{"href":"https:\/\/www.visit-ulcinj.com\/blog\/wp-json\/wp\/v2\/types\/post"}],"author":[{"embeddable":true,"href":"https:\/\/www.visit-ulcinj.com\/blog\/wp-json\/wp\/v2\/users\/1"}],"replies":[{"embeddable":true,"href":"https:\/\/www.visit-ulcinj.com\/blog\/wp-json\/wp\/v2\/comments?post=106075"}],"version-history":[{"count":2,"href":"https:\/\/www.visit-ulcinj.com\/blog\/wp-json\/wp\/v2\/posts\/106075\/revisions"}],"predecessor-version":[{"id":106078,"href":"https:\/\/www.visit-ulcinj.com\/blog\/wp-json\/wp\/v2\/posts\/106075\/revisions\/106078"}],"wp:attachment":[{"href":"https:\/\/www.visit-ulcinj.com\/blog\/wp-json\/wp\/v2\/media?parent=106075"}],"wp:term":[{"taxonomy":"category","embeddable":true,"href":"https:\/\/www.visit-ulcinj.com\/blog\/wp-json\/wp\/v2\/categories?post=106075"},{"taxonomy":"post_tag","embeddable":true,"href":"https:\/\/www.visit-ulcinj.com\/blog\/wp-json\/wp\/v2\/tags?post=106075"}],"curies":[{"name":"wp","href":"https:\/\/api.w.org\/{rel}","templated":true}]}}