{"id":106080,"date":"2017-07-07T20:14:43","date_gmt":"2017-07-07T19:14:43","guid":{"rendered":"http:\/\/www.visit-ulcinj.com\/blog\/?p=106080"},"modified":"2017-07-07T20:14:43","modified_gmt":"2017-07-07T19:14:43","slug":"gjonaj-mozaik-bukur-kulturash-te-ndryshme","status":"publish","type":"post","link":"https:\/\/www.visit-ulcinj.com\/blog\/2017\/07\/07\/gjonaj-mozaik-bukur-kulturash-te-ndryshme\/","title":{"rendered":"Gjonaj: Mozaik i bukur  kulturash t\u00eb ndryshme"},"content":{"rendered":"<p><strong><a href=\"http:\/\/www.visit-ulcinj.com\/blog\/wp-content\/uploads\/2014\/10\/Festivali-folklorik-n\u00eb-Ulqin-.jpg\"><img loading=\"lazy\" class=\"alignleft wp-image-85815\" src=\"http:\/\/www.visit-ulcinj.com\/blog\/wp-content\/uploads\/2014\/10\/Festivali-folklorik-n\u00eb-Ulqin-.jpg\" alt=\"\" width=\"508\" height=\"381\" srcset=\"https:\/\/www.visit-ulcinj.com\/blog\/wp-content\/uploads\/2014\/10\/Festivali-folklorik-n\u00eb-Ulqin-.jpg 960w, https:\/\/www.visit-ulcinj.com\/blog\/wp-content\/uploads\/2014\/10\/Festivali-folklorik-n\u00eb-Ulqin--300x225.jpg 300w\" sizes=\"(max-width: 508px) 100vw, 508px\" \/><\/a>Gjek\u00eb Gjonaj<\/strong><\/p>\n<p>Artdash\u00ebsit ulqinak\u00eb dhe mysafir\u00ebt e tjer\u00eb t\u00eb gjinis\u00eb s\u00eb folklorit, sidomos\u00a0 vlerave t\u00eb pakontestueshme t\u00eb trash\u00ebgimis\u00eb kulturore e shpirt\u00ebrore, jo vet\u00ebm komb\u00ebtare,\u00a0 por mbi t\u00eb gjitha evropiane\u00a0\u00a0 p\u00ebr dy mbr\u00ebmje me radh\u00eb, m\u00eb\u00a0 28-29 qershor, ndoq\u00ebn me mjaft interesim vallet popullore plot rit\u00ebm, dinamiz\u00ebm, liriz\u00ebm e epiz\u00ebm t\u00eb grupeve dhe ansambleve folklorike nga Ukraina, Bulgaria, Litvania, Rumania, Slovenia,\u00a0 Bosnja e Hercegovina, Serbia, Kosova, Shqip\u00ebria dhe Mali i Zi.\u00a0 Nj\u00ebherazi edhe\u00a0 k\u00ebng\u00eb t\u00eb bukura, ritme t\u00eb mrekullueshme dhe kostume mahnit\u00ebse plot ngjyra e ornamente t\u00eb\u00a0 bukura . Artist\u00ebt pjes\u00ebmarr\u00ebs t\u00eb popujve t\u00eb ndrysh\u00ebm t\u00eb Ballkanit\u00a0 me defilet\u00eb\u00a0 e tyre\u00a0 n\u00ebp\u00ebr rrug\u00ebt e k\u00ebtij qyteti dhe me prezentimin dinjitoz, me shum\u00eb dashuri e pasion t\u00eb kulturave t\u00eb tyre,\u00a0 krijuan nj\u00eb atmosfer\u00eb\u00a0 feste t\u00eb v\u00ebrtet\u00eb\u00a0 popullore, e cila u p\u00ebrcoll me ovacione e duartrokitje \u00a0nga publiku vendas dhe t\u00eb huajt\u00eb.<\/p>\n<p>Ky mozaik kulturash t\u00eb ndryshme \u00ebsht\u00eb nj\u00eb kontribut\u00a0 p\u00ebr ruajtjen\u00a0 dhe pasurimin\u00a0 e vlerave t\u00eb trash\u00ebgimis\u00eb kulturore e shpirt\u00ebrore dhe p\u00ebr t\u00eb p\u00ebrcjell\u00eb imazhe pozitive n\u00eb rrug\u00ebn e integrimeve.\u00a0 E ve\u00e7anta e edicionit t\u00eb kat\u00ebrt t\u00eb \u201c Dolcinium internacional festival\u201d i\u00a0 organizuar\u00a0 me sukses nga Organizata lokale turistike,\u00a0 n\u00eb bashk\u00ebpunim me Komun\u00ebn e Ulqinit, afarist\u00ebt vendas dhe OJQ \u201c Porta di Danza\u201d,\u00a0 ishte\u00a0 nd\u00ebrthurja e q\u00eblluar\u00a0 e turizmit natyror me at\u00eb\u00a0 kulturor. Po ashtu sh\u00ebrbeu si nj\u00eb mund\u00ebsi promovimi , njohje e lidhjesh t\u00eb gjera t\u00eb grupeve dhe ansambleve nga vendet e rajonit.<\/p>\n<p>Nga ana tjet\u00ebr pjes\u00ebmarr\u00ebsit e\u00a0\u00a0 k\u00ebtij manifestimi\u00a0 kulturor\u00a0 \u00a0\u00a0jan\u00eb vizitor\u00ebt e par\u00eb turistik\u00eb k\u00ebto dit\u00eb p\u00ebrc\u00eblluese\u00a0 t\u00eb sezonit\u00a0 veror, edhe pse jo lajm\u00ebtar\u00ebt e par\u00eb t\u00eb ofert\u00ebs turstike\u00a0 t\u00eb k\u00ebtij qyteti, i cili gjithmon\u00eb ka qen\u00eb, \u00ebsht\u00eb dhe do t\u00eb mbetet qytet bregdetar shqiptar me tradit\u00eb t\u00eb lasht\u00eb turistike, detare, kulturore e historike.<\/p>\n<p>V\u00ebrtet\u00eb \u00ebsht\u00eb di\u00e7ka e bukur \u00a0dhe me vler\u00eb kur shikon\u00a0 dhe p\u00ebrjeton nj\u00eb atmosfer\u00eb e frym\u00eb\u00a0 miq\u00ebsie si kjo, ku ansamblet\u00a0 shqiptare bashk\u00eb me ato t\u00eb popujve tjer\u00eb,\u00a0\u00a0 p\u00ebrve\u00e7se\u00a0 shpalosin flamujt dhe\u00a0 kulturat\u00a0 e tyre,\u00a0 jan\u00eb shprehje\u00a0\u00a0 e integrimit, bashk\u00ebjetes\u00ebs, toleranc\u00ebs dhe shk\u00ebmbimit t\u00eb vlerave t\u00eb p\u00ebrbashk\u00ebta, n\u00eb nj\u00eb koh\u00eb kur\u00a0 nga vende t\u00eb ndryshme\u00a0 vijn\u00eb lajme trondit\u00ebse q\u00eb duan pik\u00ebrisht t\u00eb prishin\u00a0 atmosfer\u00ebn e jetes\u00ebs s\u00eb\u00a0 popujve n\u00eb qet\u00ebsi e harmoni. Kjo shenj\u00eb bashkimi dhe larmie kulturash, na ndihmoft\u00eb t\u00eb kuptojm\u00eb se rruga e vetme e\u00a0 paqes \u00ebsht\u00eb t\u00eb bashkohemi, duke respektuar ndryshimet.<\/p>\n","protected":false},"excerpt":{"rendered":"<p>Gjek\u00eb Gjonaj Artdash\u00ebsit ulqinak\u00eb dhe mysafir\u00ebt e tjer\u00eb t\u00eb gjinis\u00eb s\u00eb folklorit, sidomos\u00a0 vlerave t\u00eb pakontestueshme t\u00eb trash\u00ebgimis\u00eb kulturore e shpirt\u00ebrore, jo vet\u00ebm komb\u00ebtare,\u00a0 por mbi t\u00eb gjitha evropiane\u00a0\u00a0 p\u00ebr dy mbr\u00ebmje me radh\u00eb, m\u00eb\u00a0 28-29 qershor, ndoq\u00ebn me mjaft interesim vallet popullore plot rit\u00ebm, dinamiz\u00ebm, liriz\u00ebm e epiz\u00ebm t\u00eb grupeve dhe ansambleve folklorike nga [&hellip;]<\/p>\n","protected":false},"author":1,"featured_media":0,"comment_status":"closed","ping_status":"closed","sticky":false,"template":"","format":"standard","meta":{"spay_email":"","jetpack_publicize_message":"","jetpack_is_tweetstorm":false,"jetpack_publicize_feature_enabled":true},"categories":[4],"tags":[],"jetpack_publicize_connections":[],"yoast_head":"<!-- This site is optimized with the Yoast SEO plugin v19.1 - https:\/\/yoast.com\/wordpress\/plugins\/seo\/ -->\n<title>Gjonaj: Mozaik i bukur kulturash t\u00eb ndryshme - Lajme nga Ulqini<\/title>\n<meta name=\"description\" content=\"Gjek\u00eb Gjonaj Artdash\u00ebsit ulqinak\u00eb dhe mysafir\u00ebt e tjer\u00eb t\u00eb gjinis\u00eb s\u00eb folklorit, sidomos\u00a0 vlerave t\u00eb pakontestueshme t\u00eb trash\u00ebgimis\u00eb kulturore e\" \/>\n<meta name=\"robots\" content=\"index, follow, max-snippet:-1, max-image-preview:large, max-video-preview:-1\" \/>\n<link rel=\"canonical\" href=\"https:\/\/www.visit-ulcinj.com\/blog\/2017\/07\/07\/gjonaj-mozaik-bukur-kulturash-te-ndryshme\/\" \/>\n<meta property=\"og:locale\" content=\"en_US\" \/>\n<meta property=\"og:type\" content=\"article\" \/>\n<meta property=\"og:title\" content=\"Gjonaj: Mozaik i bukur kulturash t\u00eb ndryshme - Lajme nga Ulqini\" \/>\n<meta property=\"og:description\" content=\"Gjek\u00eb Gjonaj Artdash\u00ebsit ulqinak\u00eb dhe mysafir\u00ebt e tjer\u00eb t\u00eb gjinis\u00eb s\u00eb folklorit, sidomos\u00a0 vlerave t\u00eb pakontestueshme t\u00eb trash\u00ebgimis\u00eb kulturore e\" \/>\n<meta property=\"og:url\" content=\"https:\/\/www.visit-ulcinj.com\/blog\/2017\/07\/07\/gjonaj-mozaik-bukur-kulturash-te-ndryshme\/\" \/>\n<meta property=\"og:site_name\" content=\"Lajme nga Ulqini\" \/>\n<meta property=\"article:published_time\" content=\"2017-07-07T19:14:43+00:00\" \/>\n<meta name=\"twitter:label1\" content=\"Written by\" \/>\n\t<meta name=\"twitter:data1\" content=\"ulqini\" \/>\n\t<meta name=\"twitter:label2\" content=\"Est. reading time\" \/>\n\t<meta name=\"twitter:data2\" content=\"2 minutes\" \/>\n<script type=\"application\/ld+json\" class=\"yoast-schema-graph\">{\"@context\":\"https:\/\/schema.org\",\"@graph\":[{\"@type\":\"WebSite\",\"@id\":\"https:\/\/www.visit-ulcinj.com\/blog\/#website\",\"url\":\"https:\/\/www.visit-ulcinj.com\/blog\/\",\"name\":\"Lajme nga Ulqini\",\"description\":\"Lajme,Vijesti,Ulqini,Ulqin,Crna Gora,Mali i Zi\",\"potentialAction\":[{\"@type\":\"SearchAction\",\"target\":{\"@type\":\"EntryPoint\",\"urlTemplate\":\"https:\/\/www.visit-ulcinj.com\/blog\/?s={search_term_string}\"},\"query-input\":\"required name=search_term_string\"}],\"inLanguage\":\"en-US\"},{\"@type\":\"WebPage\",\"@id\":\"https:\/\/www.visit-ulcinj.com\/blog\/2017\/07\/07\/gjonaj-mozaik-bukur-kulturash-te-ndryshme\/#webpage\",\"url\":\"https:\/\/www.visit-ulcinj.com\/blog\/2017\/07\/07\/gjonaj-mozaik-bukur-kulturash-te-ndryshme\/\",\"name\":\"Gjonaj: Mozaik i bukur kulturash t\u00eb ndryshme - Lajme nga Ulqini\",\"isPartOf\":{\"@id\":\"https:\/\/www.visit-ulcinj.com\/blog\/#website\"},\"datePublished\":\"2017-07-07T19:14:43+00:00\",\"dateModified\":\"2017-07-07T19:14:43+00:00\",\"author\":{\"@id\":\"https:\/\/www.visit-ulcinj.com\/blog\/#\/schema\/person\/dcab619c614d3038751c63bc2aadc06d\"},\"description\":\"Gjek\u00eb Gjonaj Artdash\u00ebsit ulqinak\u00eb dhe mysafir\u00ebt e tjer\u00eb t\u00eb gjinis\u00eb s\u00eb folklorit, sidomos\u00a0 vlerave t\u00eb pakontestueshme t\u00eb trash\u00ebgimis\u00eb kulturore e\",\"breadcrumb\":{\"@id\":\"https:\/\/www.visit-ulcinj.com\/blog\/2017\/07\/07\/gjonaj-mozaik-bukur-kulturash-te-ndryshme\/#breadcrumb\"},\"inLanguage\":\"en-US\",\"potentialAction\":[{\"@type\":\"ReadAction\",\"target\":[\"https:\/\/www.visit-ulcinj.com\/blog\/2017\/07\/07\/gjonaj-mozaik-bukur-kulturash-te-ndryshme\/\"]}]},{\"@type\":\"BreadcrumbList\",\"@id\":\"https:\/\/www.visit-ulcinj.com\/blog\/2017\/07\/07\/gjonaj-mozaik-bukur-kulturash-te-ndryshme\/#breadcrumb\",\"itemListElement\":[{\"@type\":\"ListItem\",\"position\":1,\"name\":\"Gjonaj: Mozaik i bukur kulturash t\u00eb ndryshme\"}]},{\"@type\":\"Person\",\"@id\":\"https:\/\/www.visit-ulcinj.com\/blog\/#\/schema\/person\/dcab619c614d3038751c63bc2aadc06d\",\"name\":\"ulqini\",\"sameAs\":[\"http:\/\/www.visit-ulcinj.com\"],\"url\":\"https:\/\/www.visit-ulcinj.com\/blog\/author\/admin\/\"}]}<\/script>\n<!-- \/ Yoast SEO plugin. -->","yoast_head_json":{"title":"Gjonaj: Mozaik i bukur kulturash t\u00eb ndryshme - Lajme nga Ulqini","description":"Gjek\u00eb Gjonaj Artdash\u00ebsit ulqinak\u00eb dhe mysafir\u00ebt e tjer\u00eb t\u00eb gjinis\u00eb s\u00eb folklorit, sidomos\u00a0 vlerave t\u00eb pakontestueshme t\u00eb trash\u00ebgimis\u00eb kulturore e","robots":{"index":"index","follow":"follow","max-snippet":"max-snippet:-1","max-image-preview":"max-image-preview:large","max-video-preview":"max-video-preview:-1"},"canonical":"https:\/\/www.visit-ulcinj.com\/blog\/2017\/07\/07\/gjonaj-mozaik-bukur-kulturash-te-ndryshme\/","og_locale":"en_US","og_type":"article","og_title":"Gjonaj: Mozaik i bukur kulturash t\u00eb ndryshme - Lajme nga Ulqini","og_description":"Gjek\u00eb Gjonaj Artdash\u00ebsit ulqinak\u00eb dhe mysafir\u00ebt e tjer\u00eb t\u00eb gjinis\u00eb s\u00eb folklorit, sidomos\u00a0 vlerave t\u00eb pakontestueshme t\u00eb trash\u00ebgimis\u00eb kulturore e","og_url":"https:\/\/www.visit-ulcinj.com\/blog\/2017\/07\/07\/gjonaj-mozaik-bukur-kulturash-te-ndryshme\/","og_site_name":"Lajme nga Ulqini","article_published_time":"2017-07-07T19:14:43+00:00","twitter_misc":{"Written by":"ulqini","Est. reading time":"2 minutes"},"schema":{"@context":"https:\/\/schema.org","@graph":[{"@type":"WebSite","@id":"https:\/\/www.visit-ulcinj.com\/blog\/#website","url":"https:\/\/www.visit-ulcinj.com\/blog\/","name":"Lajme nga Ulqini","description":"Lajme,Vijesti,Ulqini,Ulqin,Crna Gora,Mali i Zi","potentialAction":[{"@type":"SearchAction","target":{"@type":"EntryPoint","urlTemplate":"https:\/\/www.visit-ulcinj.com\/blog\/?s={search_term_string}"},"query-input":"required name=search_term_string"}],"inLanguage":"en-US"},{"@type":"WebPage","@id":"https:\/\/www.visit-ulcinj.com\/blog\/2017\/07\/07\/gjonaj-mozaik-bukur-kulturash-te-ndryshme\/#webpage","url":"https:\/\/www.visit-ulcinj.com\/blog\/2017\/07\/07\/gjonaj-mozaik-bukur-kulturash-te-ndryshme\/","name":"Gjonaj: Mozaik i bukur kulturash t\u00eb ndryshme - Lajme nga Ulqini","isPartOf":{"@id":"https:\/\/www.visit-ulcinj.com\/blog\/#website"},"datePublished":"2017-07-07T19:14:43+00:00","dateModified":"2017-07-07T19:14:43+00:00","author":{"@id":"https:\/\/www.visit-ulcinj.com\/blog\/#\/schema\/person\/dcab619c614d3038751c63bc2aadc06d"},"description":"Gjek\u00eb Gjonaj Artdash\u00ebsit ulqinak\u00eb dhe mysafir\u00ebt e tjer\u00eb t\u00eb gjinis\u00eb s\u00eb folklorit, sidomos\u00a0 vlerave t\u00eb pakontestueshme t\u00eb trash\u00ebgimis\u00eb kulturore e","breadcrumb":{"@id":"https:\/\/www.visit-ulcinj.com\/blog\/2017\/07\/07\/gjonaj-mozaik-bukur-kulturash-te-ndryshme\/#breadcrumb"},"inLanguage":"en-US","potentialAction":[{"@type":"ReadAction","target":["https:\/\/www.visit-ulcinj.com\/blog\/2017\/07\/07\/gjonaj-mozaik-bukur-kulturash-te-ndryshme\/"]}]},{"@type":"BreadcrumbList","@id":"https:\/\/www.visit-ulcinj.com\/blog\/2017\/07\/07\/gjonaj-mozaik-bukur-kulturash-te-ndryshme\/#breadcrumb","itemListElement":[{"@type":"ListItem","position":1,"name":"Gjonaj: Mozaik i bukur kulturash t\u00eb ndryshme"}]},{"@type":"Person","@id":"https:\/\/www.visit-ulcinj.com\/blog\/#\/schema\/person\/dcab619c614d3038751c63bc2aadc06d","name":"ulqini","sameAs":["http:\/\/www.visit-ulcinj.com"],"url":"https:\/\/www.visit-ulcinj.com\/blog\/author\/admin\/"}]}},"jetpack_featured_media_url":"","jetpack_sharing_enabled":true,"jetpack_shortlink":"https:\/\/wp.me\/pe6lTn-rAY","_links":{"self":[{"href":"https:\/\/www.visit-ulcinj.com\/blog\/wp-json\/wp\/v2\/posts\/106080"}],"collection":[{"href":"https:\/\/www.visit-ulcinj.com\/blog\/wp-json\/wp\/v2\/posts"}],"about":[{"href":"https:\/\/www.visit-ulcinj.com\/blog\/wp-json\/wp\/v2\/types\/post"}],"author":[{"embeddable":true,"href":"https:\/\/www.visit-ulcinj.com\/blog\/wp-json\/wp\/v2\/users\/1"}],"replies":[{"embeddable":true,"href":"https:\/\/www.visit-ulcinj.com\/blog\/wp-json\/wp\/v2\/comments?post=106080"}],"version-history":[{"count":1,"href":"https:\/\/www.visit-ulcinj.com\/blog\/wp-json\/wp\/v2\/posts\/106080\/revisions"}],"predecessor-version":[{"id":106081,"href":"https:\/\/www.visit-ulcinj.com\/blog\/wp-json\/wp\/v2\/posts\/106080\/revisions\/106081"}],"wp:attachment":[{"href":"https:\/\/www.visit-ulcinj.com\/blog\/wp-json\/wp\/v2\/media?parent=106080"}],"wp:term":[{"taxonomy":"category","embeddable":true,"href":"https:\/\/www.visit-ulcinj.com\/blog\/wp-json\/wp\/v2\/categories?post=106080"},{"taxonomy":"post_tag","embeddable":true,"href":"https:\/\/www.visit-ulcinj.com\/blog\/wp-json\/wp\/v2\/tags?post=106080"}],"curies":[{"name":"wp","href":"https:\/\/api.w.org\/{rel}","templated":true}]}}