{"id":106082,"date":"2017-07-08T10:22:15","date_gmt":"2017-07-08T09:22:15","guid":{"rendered":"http:\/\/www.visit-ulcinj.com\/blog\/?p=106082"},"modified":"2017-07-09T10:43:30","modified_gmt":"2017-07-09T09:43:30","slug":"karlsruhe-merita-haxhibeti-tafili-nderohet-cmimin-ludwig-lenz","status":"publish","type":"post","link":"https:\/\/www.visit-ulcinj.com\/blog\/2017\/07\/08\/karlsruhe-merita-haxhibeti-tafili-nderohet-cmimin-ludwig-lenz\/","title":{"rendered":"Karlsruhe, Merita Haxhibeti-Tafili nderohet me \u00e7mimin &#8220;Ludwig Lenz&#8221;"},"content":{"rendered":"<p><a href=\"http:\/\/www.visit-ulcinj.com\/blog\/wp-content\/uploads\/2017\/07\/Merita_Tafili.png\"><img loading=\"lazy\" class=\"alignleft wp-image-106083\" src=\"http:\/\/www.visit-ulcinj.com\/blog\/wp-content\/uploads\/2017\/07\/Merita_Tafili.png\" alt=\"\" width=\"250\" height=\"250\" srcset=\"https:\/\/www.visit-ulcinj.com\/blog\/wp-content\/uploads\/2017\/07\/Merita_Tafili.png 200w, https:\/\/www.visit-ulcinj.com\/blog\/wp-content\/uploads\/2017\/07\/Merita_Tafili-150x150.png 150w\" sizes=\"(max-width: 250px) 100vw, 250px\" \/><\/a>N\u00eb kuad\u00ebr t\u00eb nj\u00eb manifestimi solemn, nga profesor\u00eb dhe p\u00ebrfaq\u00ebsues t\u00eb kompanive gjermane arkitektes s\u00eb sukseshme nga Ulqini\u00a0<strong>Merita Haxhibeti Tafili<\/strong>, e cila punon dhe vepron ne Karlsruhe t\u00eb Gjermanis\u00eb, \u00a0iu dor\u00ebzua \u00e7mimi q\u00eb mban emrin e inxhinierit t\u00eb shquar gjerman Ludwig Lenz, raporton portali Lajm.me.<\/p>\n<p>Ky \u00e7mim vjen si shp\u00ebrblim p\u00ebr absolventen m\u00eb t\u00eb mir\u00eb t\u00eb studimeve master n\u00eb Universitetin e Karlsruhes, t\u00eb cilat i perfundoi nj\u00eb vit m\u00eb par\u00eb.<\/p>\n<p>Merita ishte nx\u00ebn\u00ebse e dalluar edhe gjat\u00eb shkollimit n\u00eb Ulqin.<\/p>\n<p>&nbsp;<\/p>\n<p><span id=\"fbPhotoSnowliftCaption\" class=\"fbPhotosPhotoCaption\" tabindex=\"0\" aria-live=\"polite\" data-ft=\"{&quot;tn&quot;:&quot;K&quot;}\"><span class=\"hasCaption\">Di\u00e7ka p\u00ebr Merita Haxhibeti-Tafili nga rrjeti social i Facebookut\u00a0 t\u00eb <a id=\"js_183\" class=\"_hli\" href=\"https:\/\/www.facebook.com\/VB-studio-design-1425857307643860\/\" data-ft=\"{&quot;tn&quot;:&quot;k&quot;}\" data-hovercard=\"\/ajax\/hovercard\/page.php?id=1425857307643860\" data-hovercard-prefer-more-content-show=\"1\" aria-controls=\"js_184\" aria-haspopup=\"true\" aria-describedby=\"js_185\"><strong>V&amp;B studio design<\/strong><\/a>, thuhet se ka diplomuar ne fakultetin e ndertimtarise ne Karlsruhe te Gjermanise, si studentja me e mira qe vijne prej shteteve te huaja! Merita ka specijalizuar ne degen e Konstrukcionit dhe Gjeoteknikes! Momentalisht eshte duke ndjekur studimet postuniversitare ne te njejtin fakultet ne Karlsruhe! <\/span><\/span><span id=\"fbPhotoSnowliftCaption\" class=\"fbPhotosPhotoCaption\" tabindex=\"0\" aria-live=\"polite\" data-ft=\"{&quot;tn&quot;:&quot;K&quot;}\"><span class=\"hasCaption\"><br \/>\nEshte kenaqesi e vecante qe kemi nje bashkpunim profesional te ngusht me Meriten, e cila ne projektet e V&amp;B-s\u00eb, ne sferen e konstrukcionit permbledh te gjithe dijen dhe eksperiencen e saj profesionale te arritur ne Gjermani! Merites i urojme cdo t mire ne jete dhe suksese te metejshme ne rrafshin profesional!, thuhet n\u00eb faeqen e Facebookut t\u00eb <a id=\"js_183\" class=\"_hli\" href=\"https:\/\/www.facebook.com\/VB-studio-design-1425857307643860\/\" data-ft=\"{&quot;tn&quot;:&quot;k&quot;}\" data-hovercard=\"\/ajax\/hovercard\/page.php?id=1425857307643860\" data-hovercard-prefer-more-content-show=\"1\" aria-controls=\"js_184\" aria-haspopup=\"true\" aria-describedby=\"js_185\"><strong>V&amp;B studio design<\/strong><\/a>.<br \/>\n<\/span><\/span><\/p>\n<p><a href=\"http:\/\/www.visit-ulcinj.com\/blog\/wp-content\/uploads\/2017\/07\/Merita-Hadzibeti-Tafili-of-Karlsruhe-Institute-of-Technology-Karlsruhe.jpg\"><img loading=\"lazy\" class=\"alignleft wp-image-106084\" src=\"http:\/\/www.visit-ulcinj.com\/blog\/wp-content\/uploads\/2017\/07\/Merita-Hadzibeti-Tafili-of-Karlsruhe-Institute-of-Technology-Karlsruhe.jpg\" alt=\"\" width=\"508\" height=\"714\" srcset=\"https:\/\/www.visit-ulcinj.com\/blog\/wp-content\/uploads\/2017\/07\/Merita-Hadzibeti-Tafili-of-Karlsruhe-Institute-of-Technology-Karlsruhe.jpg 720w, https:\/\/www.visit-ulcinj.com\/blog\/wp-content\/uploads\/2017\/07\/Merita-Hadzibeti-Tafili-of-Karlsruhe-Institute-of-Technology-Karlsruhe-213x300.jpg 213w\" sizes=\"(max-width: 508px) 100vw, 508px\" \/><\/a><\/p>\n<div id=\"fbPhotoSnowliftProductsTagList\" class=\"pts fbPhotoProductsTagList\"><\/div>\n<div id=\"fbPhotoSnowliftProductTags\" class=\"fbPhotoProductTags\"><\/div>\n","protected":false},"excerpt":{"rendered":"<p>N\u00eb kuad\u00ebr t\u00eb nj\u00eb manifestimi solemn, nga profesor\u00eb dhe p\u00ebrfaq\u00ebsues t\u00eb kompanive gjermane arkitektes s\u00eb sukseshme nga Ulqini\u00a0Merita Haxhibeti Tafili, e cila punon dhe vepron ne Karlsruhe t\u00eb Gjermanis\u00eb, \u00a0iu dor\u00ebzua \u00e7mimi q\u00eb mban emrin e inxhinierit t\u00eb shquar gjerman Ludwig Lenz, raporton portali Lajm.me. Ky \u00e7mim vjen si shp\u00ebrblim p\u00ebr absolventen m\u00eb t\u00eb mir\u00eb [&hellip;]<\/p>\n","protected":false},"author":1,"featured_media":0,"comment_status":"closed","ping_status":"closed","sticky":false,"template":"","format":"standard","meta":{"spay_email":"","jetpack_publicize_message":"","jetpack_is_tweetstorm":false,"jetpack_publicize_feature_enabled":true},"categories":[7,1],"tags":[],"jetpack_publicize_connections":[],"yoast_head":"<!-- This site is optimized with the Yoast SEO plugin v19.1 - https:\/\/yoast.com\/wordpress\/plugins\/seo\/ -->\n<title>Karlsruhe, Merita Haxhibeti-Tafili nderohet me \u00e7mimin &quot;Ludwig Lenz&quot; - Lajme nga Ulqini<\/title>\n<meta name=\"description\" content=\"N\u00eb kuad\u00ebr t\u00eb nj\u00eb manifestimi solemn, nga profesor\u00eb dhe p\u00ebrfaq\u00ebsues t\u00eb kompanive gjermane arkitektes s\u00eb sukseshme nga Ulqini\u00a0Merita Haxhibeti Tafili, e\" \/>\n<meta name=\"robots\" content=\"index, follow, max-snippet:-1, max-image-preview:large, max-video-preview:-1\" \/>\n<link rel=\"canonical\" href=\"https:\/\/www.visit-ulcinj.com\/blog\/2017\/07\/08\/karlsruhe-merita-haxhibeti-tafili-nderohet-cmimin-ludwig-lenz\/\" \/>\n<meta property=\"og:locale\" content=\"en_US\" \/>\n<meta property=\"og:type\" content=\"article\" \/>\n<meta property=\"og:title\" content=\"Karlsruhe, Merita Haxhibeti-Tafili nderohet me \u00e7mimin &quot;Ludwig Lenz&quot; - Lajme nga Ulqini\" \/>\n<meta property=\"og:description\" content=\"N\u00eb kuad\u00ebr t\u00eb nj\u00eb manifestimi solemn, nga profesor\u00eb dhe p\u00ebrfaq\u00ebsues t\u00eb kompanive gjermane arkitektes s\u00eb sukseshme nga Ulqini\u00a0Merita Haxhibeti Tafili, e\" \/>\n<meta property=\"og:url\" content=\"https:\/\/www.visit-ulcinj.com\/blog\/2017\/07\/08\/karlsruhe-merita-haxhibeti-tafili-nderohet-cmimin-ludwig-lenz\/\" \/>\n<meta property=\"og:site_name\" content=\"Lajme nga Ulqini\" \/>\n<meta property=\"article:published_time\" content=\"2017-07-08T09:22:15+00:00\" \/>\n<meta property=\"article:modified_time\" content=\"2017-07-09T09:43:30+00:00\" \/>\n<meta property=\"og:image\" content=\"http:\/\/www.visit-ulcinj.com\/blog\/wp-content\/uploads\/2017\/07\/Merita_Tafili.png\" \/>\n<meta name=\"twitter:label1\" content=\"Written by\" \/>\n\t<meta name=\"twitter:data1\" content=\"ulqini\" \/>\n\t<meta name=\"twitter:label2\" content=\"Est. reading time\" \/>\n\t<meta name=\"twitter:data2\" content=\"1 minute\" \/>\n<script type=\"application\/ld+json\" class=\"yoast-schema-graph\">{\"@context\":\"https:\/\/schema.org\",\"@graph\":[{\"@type\":\"WebSite\",\"@id\":\"https:\/\/www.visit-ulcinj.com\/blog\/#website\",\"url\":\"https:\/\/www.visit-ulcinj.com\/blog\/\",\"name\":\"Lajme nga Ulqini\",\"description\":\"Lajme,Vijesti,Ulqini,Ulqin,Crna Gora,Mali i Zi\",\"potentialAction\":[{\"@type\":\"SearchAction\",\"target\":{\"@type\":\"EntryPoint\",\"urlTemplate\":\"https:\/\/www.visit-ulcinj.com\/blog\/?s={search_term_string}\"},\"query-input\":\"required name=search_term_string\"}],\"inLanguage\":\"en-US\"},{\"@type\":\"ImageObject\",\"inLanguage\":\"en-US\",\"@id\":\"https:\/\/www.visit-ulcinj.com\/blog\/2017\/07\/08\/karlsruhe-merita-haxhibeti-tafili-nderohet-cmimin-ludwig-lenz\/#primaryimage\",\"url\":\"https:\/\/www.visit-ulcinj.com\/blog\/wp-content\/uploads\/2017\/07\/Merita_Tafili.png\",\"contentUrl\":\"https:\/\/www.visit-ulcinj.com\/blog\/wp-content\/uploads\/2017\/07\/Merita_Tafili.png\",\"width\":200,\"height\":200},{\"@type\":\"WebPage\",\"@id\":\"https:\/\/www.visit-ulcinj.com\/blog\/2017\/07\/08\/karlsruhe-merita-haxhibeti-tafili-nderohet-cmimin-ludwig-lenz\/#webpage\",\"url\":\"https:\/\/www.visit-ulcinj.com\/blog\/2017\/07\/08\/karlsruhe-merita-haxhibeti-tafili-nderohet-cmimin-ludwig-lenz\/\",\"name\":\"Karlsruhe, Merita Haxhibeti-Tafili nderohet me \u00e7mimin \\\"Ludwig Lenz\\\" - Lajme nga Ulqini\",\"isPartOf\":{\"@id\":\"https:\/\/www.visit-ulcinj.com\/blog\/#website\"},\"primaryImageOfPage\":{\"@id\":\"https:\/\/www.visit-ulcinj.com\/blog\/2017\/07\/08\/karlsruhe-merita-haxhibeti-tafili-nderohet-cmimin-ludwig-lenz\/#primaryimage\"},\"datePublished\":\"2017-07-08T09:22:15+00:00\",\"dateModified\":\"2017-07-09T09:43:30+00:00\",\"author\":{\"@id\":\"https:\/\/www.visit-ulcinj.com\/blog\/#\/schema\/person\/dcab619c614d3038751c63bc2aadc06d\"},\"description\":\"N\u00eb kuad\u00ebr t\u00eb nj\u00eb manifestimi solemn, nga profesor\u00eb dhe p\u00ebrfaq\u00ebsues t\u00eb kompanive gjermane arkitektes s\u00eb sukseshme nga Ulqini\u00a0Merita Haxhibeti Tafili, e\",\"breadcrumb\":{\"@id\":\"https:\/\/www.visit-ulcinj.com\/blog\/2017\/07\/08\/karlsruhe-merita-haxhibeti-tafili-nderohet-cmimin-ludwig-lenz\/#breadcrumb\"},\"inLanguage\":\"en-US\",\"potentialAction\":[{\"@type\":\"ReadAction\",\"target\":[\"https:\/\/www.visit-ulcinj.com\/blog\/2017\/07\/08\/karlsruhe-merita-haxhibeti-tafili-nderohet-cmimin-ludwig-lenz\/\"]}]},{\"@type\":\"BreadcrumbList\",\"@id\":\"https:\/\/www.visit-ulcinj.com\/blog\/2017\/07\/08\/karlsruhe-merita-haxhibeti-tafili-nderohet-cmimin-ludwig-lenz\/#breadcrumb\",\"itemListElement\":[{\"@type\":\"ListItem\",\"position\":1,\"name\":\"Karlsruhe, Merita Haxhibeti-Tafili nderohet me \u00e7mimin &#8220;Ludwig Lenz&#8221;\"}]},{\"@type\":\"Person\",\"@id\":\"https:\/\/www.visit-ulcinj.com\/blog\/#\/schema\/person\/dcab619c614d3038751c63bc2aadc06d\",\"name\":\"ulqini\",\"sameAs\":[\"http:\/\/www.visit-ulcinj.com\"],\"url\":\"https:\/\/www.visit-ulcinj.com\/blog\/author\/admin\/\"}]}<\/script>\n<!-- \/ Yoast SEO plugin. -->","yoast_head_json":{"title":"Karlsruhe, Merita Haxhibeti-Tafili nderohet me \u00e7mimin \"Ludwig Lenz\" - Lajme nga Ulqini","description":"N\u00eb kuad\u00ebr t\u00eb nj\u00eb manifestimi solemn, nga profesor\u00eb dhe p\u00ebrfaq\u00ebsues t\u00eb kompanive gjermane arkitektes s\u00eb sukseshme nga Ulqini\u00a0Merita Haxhibeti Tafili, e","robots":{"index":"index","follow":"follow","max-snippet":"max-snippet:-1","max-image-preview":"max-image-preview:large","max-video-preview":"max-video-preview:-1"},"canonical":"https:\/\/www.visit-ulcinj.com\/blog\/2017\/07\/08\/karlsruhe-merita-haxhibeti-tafili-nderohet-cmimin-ludwig-lenz\/","og_locale":"en_US","og_type":"article","og_title":"Karlsruhe, Merita Haxhibeti-Tafili nderohet me \u00e7mimin \"Ludwig Lenz\" - Lajme nga Ulqini","og_description":"N\u00eb kuad\u00ebr t\u00eb nj\u00eb manifestimi solemn, nga profesor\u00eb dhe p\u00ebrfaq\u00ebsues t\u00eb kompanive gjermane arkitektes s\u00eb sukseshme nga Ulqini\u00a0Merita Haxhibeti Tafili, e","og_url":"https:\/\/www.visit-ulcinj.com\/blog\/2017\/07\/08\/karlsruhe-merita-haxhibeti-tafili-nderohet-cmimin-ludwig-lenz\/","og_site_name":"Lajme nga Ulqini","article_published_time":"2017-07-08T09:22:15+00:00","article_modified_time":"2017-07-09T09:43:30+00:00","og_image":[{"url":"http:\/\/www.visit-ulcinj.com\/blog\/wp-content\/uploads\/2017\/07\/Merita_Tafili.png"}],"twitter_misc":{"Written by":"ulqini","Est. reading time":"1 minute"},"schema":{"@context":"https:\/\/schema.org","@graph":[{"@type":"WebSite","@id":"https:\/\/www.visit-ulcinj.com\/blog\/#website","url":"https:\/\/www.visit-ulcinj.com\/blog\/","name":"Lajme nga Ulqini","description":"Lajme,Vijesti,Ulqini,Ulqin,Crna Gora,Mali i Zi","potentialAction":[{"@type":"SearchAction","target":{"@type":"EntryPoint","urlTemplate":"https:\/\/www.visit-ulcinj.com\/blog\/?s={search_term_string}"},"query-input":"required name=search_term_string"}],"inLanguage":"en-US"},{"@type":"ImageObject","inLanguage":"en-US","@id":"https:\/\/www.visit-ulcinj.com\/blog\/2017\/07\/08\/karlsruhe-merita-haxhibeti-tafili-nderohet-cmimin-ludwig-lenz\/#primaryimage","url":"https:\/\/www.visit-ulcinj.com\/blog\/wp-content\/uploads\/2017\/07\/Merita_Tafili.png","contentUrl":"https:\/\/www.visit-ulcinj.com\/blog\/wp-content\/uploads\/2017\/07\/Merita_Tafili.png","width":200,"height":200},{"@type":"WebPage","@id":"https:\/\/www.visit-ulcinj.com\/blog\/2017\/07\/08\/karlsruhe-merita-haxhibeti-tafili-nderohet-cmimin-ludwig-lenz\/#webpage","url":"https:\/\/www.visit-ulcinj.com\/blog\/2017\/07\/08\/karlsruhe-merita-haxhibeti-tafili-nderohet-cmimin-ludwig-lenz\/","name":"Karlsruhe, Merita Haxhibeti-Tafili nderohet me \u00e7mimin \"Ludwig Lenz\" - Lajme nga Ulqini","isPartOf":{"@id":"https:\/\/www.visit-ulcinj.com\/blog\/#website"},"primaryImageOfPage":{"@id":"https:\/\/www.visit-ulcinj.com\/blog\/2017\/07\/08\/karlsruhe-merita-haxhibeti-tafili-nderohet-cmimin-ludwig-lenz\/#primaryimage"},"datePublished":"2017-07-08T09:22:15+00:00","dateModified":"2017-07-09T09:43:30+00:00","author":{"@id":"https:\/\/www.visit-ulcinj.com\/blog\/#\/schema\/person\/dcab619c614d3038751c63bc2aadc06d"},"description":"N\u00eb kuad\u00ebr t\u00eb nj\u00eb manifestimi solemn, nga profesor\u00eb dhe p\u00ebrfaq\u00ebsues t\u00eb kompanive gjermane arkitektes s\u00eb sukseshme nga Ulqini\u00a0Merita Haxhibeti Tafili, e","breadcrumb":{"@id":"https:\/\/www.visit-ulcinj.com\/blog\/2017\/07\/08\/karlsruhe-merita-haxhibeti-tafili-nderohet-cmimin-ludwig-lenz\/#breadcrumb"},"inLanguage":"en-US","potentialAction":[{"@type":"ReadAction","target":["https:\/\/www.visit-ulcinj.com\/blog\/2017\/07\/08\/karlsruhe-merita-haxhibeti-tafili-nderohet-cmimin-ludwig-lenz\/"]}]},{"@type":"BreadcrumbList","@id":"https:\/\/www.visit-ulcinj.com\/blog\/2017\/07\/08\/karlsruhe-merita-haxhibeti-tafili-nderohet-cmimin-ludwig-lenz\/#breadcrumb","itemListElement":[{"@type":"ListItem","position":1,"name":"Karlsruhe, Merita Haxhibeti-Tafili nderohet me \u00e7mimin &#8220;Ludwig Lenz&#8221;"}]},{"@type":"Person","@id":"https:\/\/www.visit-ulcinj.com\/blog\/#\/schema\/person\/dcab619c614d3038751c63bc2aadc06d","name":"ulqini","sameAs":["http:\/\/www.visit-ulcinj.com"],"url":"https:\/\/www.visit-ulcinj.com\/blog\/author\/admin\/"}]}},"jetpack_featured_media_url":"","jetpack_sharing_enabled":true,"jetpack_shortlink":"https:\/\/wp.me\/pe6lTn-rB0","_links":{"self":[{"href":"https:\/\/www.visit-ulcinj.com\/blog\/wp-json\/wp\/v2\/posts\/106082"}],"collection":[{"href":"https:\/\/www.visit-ulcinj.com\/blog\/wp-json\/wp\/v2\/posts"}],"about":[{"href":"https:\/\/www.visit-ulcinj.com\/blog\/wp-json\/wp\/v2\/types\/post"}],"author":[{"embeddable":true,"href":"https:\/\/www.visit-ulcinj.com\/blog\/wp-json\/wp\/v2\/users\/1"}],"replies":[{"embeddable":true,"href":"https:\/\/www.visit-ulcinj.com\/blog\/wp-json\/wp\/v2\/comments?post=106082"}],"version-history":[{"count":1,"href":"https:\/\/www.visit-ulcinj.com\/blog\/wp-json\/wp\/v2\/posts\/106082\/revisions"}],"predecessor-version":[{"id":106085,"href":"https:\/\/www.visit-ulcinj.com\/blog\/wp-json\/wp\/v2\/posts\/106082\/revisions\/106085"}],"wp:attachment":[{"href":"https:\/\/www.visit-ulcinj.com\/blog\/wp-json\/wp\/v2\/media?parent=106082"}],"wp:term":[{"taxonomy":"category","embeddable":true,"href":"https:\/\/www.visit-ulcinj.com\/blog\/wp-json\/wp\/v2\/categories?post=106082"},{"taxonomy":"post_tag","embeddable":true,"href":"https:\/\/www.visit-ulcinj.com\/blog\/wp-json\/wp\/v2\/tags?post=106082"}],"curies":[{"name":"wp","href":"https:\/\/api.w.org\/{rel}","templated":true}]}}