{"id":106088,"date":"2017-07-08T11:00:30","date_gmt":"2017-07-08T10:00:30","guid":{"rendered":"http:\/\/www.visit-ulcinj.com\/blog\/?p=106088"},"modified":"2017-07-08T11:00:30","modified_gmt":"2017-07-08T10:00:30","slug":"shqiptaret-ikin-per-fundjave-1-km-radha-ne-doganen-e-muriqanit-video","status":"publish","type":"post","link":"https:\/\/www.visit-ulcinj.com\/blog\/2017\/07\/08\/shqiptaret-ikin-per-fundjave-1-km-radha-ne-doganen-e-muriqanit-video\/","title":{"rendered":"Shqiptar\u00ebt ikin p\u00ebr fundjav\u00eb, 1 km radha n\u00eb dogan\u00ebn e Muriqanit &#8211; Video"},"content":{"rendered":"<p><a href=\"http:\/\/www.visit-ulcinj.com\/blog\/wp-content\/uploads\/2017\/07\/dogana-Muriqan-Sukobin.jpg\"><img loading=\"lazy\" class=\"alignleft wp-image-106089\" src=\"http:\/\/www.visit-ulcinj.com\/blog\/wp-content\/uploads\/2017\/07\/dogana-Muriqan-Sukobin.jpg\" alt=\"\" width=\"508\" height=\"254\" srcset=\"https:\/\/www.visit-ulcinj.com\/blog\/wp-content\/uploads\/2017\/07\/dogana-Muriqan-Sukobin.jpg 660w, https:\/\/www.visit-ulcinj.com\/blog\/wp-content\/uploads\/2017\/07\/dogana-Muriqan-Sukobin-300x150.jpg 300w\" sizes=\"(max-width: 508px) 100vw, 508px\" \/><\/a>Shqiptar\u00ebt duket se nuk e kan\u00eb qejf q\u00eb t\u00eb kalojn\u00eb fundjav\u00ebn n\u00eb vend, por duan t\u00eb largohen.<\/p>\n<p>Pik\u00ebrisht k\u00ebshtu ka ndodhur edhe m\u00ebngjesin e sot\u00ebm, ku qindra qytetar\u00eb jan\u00eb nisur drejt Malit t\u00eb Zi, p\u00ebr t\u00eb kaluar fundjav\u00ebn n\u00eb qytetet e shtetit fqinj.<\/p>\n<p>Por largimi i tyre ka krijuar nj\u00eb radh\u00eb prej m\u00eb shum\u00eb se 1 kilomet\u00ebr n\u00eb or\u00ebt e para t\u00eb m\u00ebngjesit n\u00eb pik\u00ebn e kalimit kufitar t\u00eb Muriqanit.<\/p>\n<p><strong>ElbasanPlus<\/strong><br \/>\n<iframe loading=\"lazy\" src=\"https:\/\/www.facebook.com\/plugins\/video.php?href=https%3A%2F%2Fwww.facebook.com%2Fshkodra.newsOnline%2Fvideos%2F1497496763643935%2F&#038;show_text=0&#038;width=508\" width=\"508\" height=\"315\" style=\"border:none;overflow:hidden\" scrolling=\"no\" frameborder=\"0\" allowTransparency=\"true\" allowFullScreen=\"true\"><\/iframe><\/p>\n","protected":false},"excerpt":{"rendered":"<p>Shqiptar\u00ebt duket se nuk e kan\u00eb qejf q\u00eb t\u00eb kalojn\u00eb fundjav\u00ebn n\u00eb vend, por duan t\u00eb largohen. Pik\u00ebrisht k\u00ebshtu ka ndodhur edhe m\u00ebngjesin e sot\u00ebm, ku qindra qytetar\u00eb jan\u00eb nisur drejt Malit t\u00eb Zi, p\u00ebr t\u00eb kaluar fundjav\u00ebn n\u00eb qytetet e shtetit fqinj. Por largimi i tyre ka krijuar nj\u00eb radh\u00eb prej m\u00eb shum\u00eb se [&hellip;]<\/p>\n","protected":false},"author":1,"featured_media":0,"comment_status":"closed","ping_status":"closed","sticky":false,"template":"","format":"standard","meta":{"spay_email":"","jetpack_publicize_message":"","jetpack_is_tweetstorm":false,"jetpack_publicize_feature_enabled":true},"categories":[6950],"tags":[],"jetpack_publicize_connections":[],"yoast_head":"<!-- This site is optimized with the Yoast SEO plugin v19.1 - https:\/\/yoast.com\/wordpress\/plugins\/seo\/ -->\n<title>Shqiptar\u00ebt ikin p\u00ebr fundjav\u00eb, 1 km radha n\u00eb dogan\u00ebn e Muriqanit - Video - Lajme nga Ulqini<\/title>\n<meta name=\"description\" content=\"Shqiptar\u00ebt duket se nuk e kan\u00eb qejf q\u00eb t\u00eb kalojn\u00eb fundjav\u00ebn n\u00eb vend, por duan t\u00eb largohen. Pik\u00ebrisht k\u00ebshtu ka ndodhur edhe m\u00ebngjesin e sot\u00ebm, ku qindra\" \/>\n<meta name=\"robots\" content=\"index, follow, max-snippet:-1, max-image-preview:large, max-video-preview:-1\" \/>\n<link rel=\"canonical\" href=\"https:\/\/www.visit-ulcinj.com\/blog\/2017\/07\/08\/shqiptaret-ikin-per-fundjave-1-km-radha-ne-doganen-e-muriqanit-video\/\" \/>\n<meta property=\"og:locale\" content=\"en_US\" \/>\n<meta property=\"og:type\" content=\"article\" \/>\n<meta property=\"og:title\" content=\"Shqiptar\u00ebt ikin p\u00ebr fundjav\u00eb, 1 km radha n\u00eb dogan\u00ebn e Muriqanit - Video - Lajme nga Ulqini\" \/>\n<meta property=\"og:description\" content=\"Shqiptar\u00ebt duket se nuk e kan\u00eb qejf q\u00eb t\u00eb kalojn\u00eb fundjav\u00ebn n\u00eb vend, por duan t\u00eb largohen. Pik\u00ebrisht k\u00ebshtu ka ndodhur edhe m\u00ebngjesin e sot\u00ebm, ku qindra\" \/>\n<meta property=\"og:url\" content=\"https:\/\/www.visit-ulcinj.com\/blog\/2017\/07\/08\/shqiptaret-ikin-per-fundjave-1-km-radha-ne-doganen-e-muriqanit-video\/\" \/>\n<meta property=\"og:site_name\" content=\"Lajme nga Ulqini\" \/>\n<meta property=\"article:published_time\" content=\"2017-07-08T10:00:30+00:00\" \/>\n<meta property=\"og:image\" content=\"http:\/\/www.visit-ulcinj.com\/blog\/wp-content\/uploads\/2017\/07\/dogana-Muriqan-Sukobin.jpg\" \/>\n<meta name=\"twitter:label1\" content=\"Written by\" \/>\n\t<meta name=\"twitter:data1\" content=\"ulqini\" \/>\n<script type=\"application\/ld+json\" class=\"yoast-schema-graph\">{\"@context\":\"https:\/\/schema.org\",\"@graph\":[{\"@type\":\"WebSite\",\"@id\":\"https:\/\/www.visit-ulcinj.com\/blog\/#website\",\"url\":\"https:\/\/www.visit-ulcinj.com\/blog\/\",\"name\":\"Lajme nga Ulqini\",\"description\":\"Lajme,Vijesti,Ulqini,Ulqin,Crna Gora,Mali i Zi\",\"potentialAction\":[{\"@type\":\"SearchAction\",\"target\":{\"@type\":\"EntryPoint\",\"urlTemplate\":\"https:\/\/www.visit-ulcinj.com\/blog\/?s={search_term_string}\"},\"query-input\":\"required name=search_term_string\"}],\"inLanguage\":\"en-US\"},{\"@type\":\"ImageObject\",\"inLanguage\":\"en-US\",\"@id\":\"https:\/\/www.visit-ulcinj.com\/blog\/2017\/07\/08\/shqiptaret-ikin-per-fundjave-1-km-radha-ne-doganen-e-muriqanit-video\/#primaryimage\",\"url\":\"https:\/\/www.visit-ulcinj.com\/blog\/wp-content\/uploads\/2017\/07\/dogana-Muriqan-Sukobin.jpg\",\"contentUrl\":\"https:\/\/www.visit-ulcinj.com\/blog\/wp-content\/uploads\/2017\/07\/dogana-Muriqan-Sukobin.jpg\",\"width\":660,\"height\":330},{\"@type\":\"WebPage\",\"@id\":\"https:\/\/www.visit-ulcinj.com\/blog\/2017\/07\/08\/shqiptaret-ikin-per-fundjave-1-km-radha-ne-doganen-e-muriqanit-video\/#webpage\",\"url\":\"https:\/\/www.visit-ulcinj.com\/blog\/2017\/07\/08\/shqiptaret-ikin-per-fundjave-1-km-radha-ne-doganen-e-muriqanit-video\/\",\"name\":\"Shqiptar\u00ebt ikin p\u00ebr fundjav\u00eb, 1 km radha n\u00eb dogan\u00ebn e Muriqanit - Video - Lajme nga Ulqini\",\"isPartOf\":{\"@id\":\"https:\/\/www.visit-ulcinj.com\/blog\/#website\"},\"primaryImageOfPage\":{\"@id\":\"https:\/\/www.visit-ulcinj.com\/blog\/2017\/07\/08\/shqiptaret-ikin-per-fundjave-1-km-radha-ne-doganen-e-muriqanit-video\/#primaryimage\"},\"datePublished\":\"2017-07-08T10:00:30+00:00\",\"dateModified\":\"2017-07-08T10:00:30+00:00\",\"author\":{\"@id\":\"https:\/\/www.visit-ulcinj.com\/blog\/#\/schema\/person\/dcab619c614d3038751c63bc2aadc06d\"},\"description\":\"Shqiptar\u00ebt duket se nuk e kan\u00eb qejf q\u00eb t\u00eb kalojn\u00eb fundjav\u00ebn n\u00eb vend, por duan t\u00eb largohen. Pik\u00ebrisht k\u00ebshtu ka ndodhur edhe m\u00ebngjesin e sot\u00ebm, ku qindra\",\"breadcrumb\":{\"@id\":\"https:\/\/www.visit-ulcinj.com\/blog\/2017\/07\/08\/shqiptaret-ikin-per-fundjave-1-km-radha-ne-doganen-e-muriqanit-video\/#breadcrumb\"},\"inLanguage\":\"en-US\",\"potentialAction\":[{\"@type\":\"ReadAction\",\"target\":[\"https:\/\/www.visit-ulcinj.com\/blog\/2017\/07\/08\/shqiptaret-ikin-per-fundjave-1-km-radha-ne-doganen-e-muriqanit-video\/\"]}]},{\"@type\":\"BreadcrumbList\",\"@id\":\"https:\/\/www.visit-ulcinj.com\/blog\/2017\/07\/08\/shqiptaret-ikin-per-fundjave-1-km-radha-ne-doganen-e-muriqanit-video\/#breadcrumb\",\"itemListElement\":[{\"@type\":\"ListItem\",\"position\":1,\"name\":\"Shqiptar\u00ebt ikin p\u00ebr fundjav\u00eb, 1 km radha n\u00eb dogan\u00ebn e Muriqanit &#8211; Video\"}]},{\"@type\":\"Person\",\"@id\":\"https:\/\/www.visit-ulcinj.com\/blog\/#\/schema\/person\/dcab619c614d3038751c63bc2aadc06d\",\"name\":\"ulqini\",\"sameAs\":[\"http:\/\/www.visit-ulcinj.com\"],\"url\":\"https:\/\/www.visit-ulcinj.com\/blog\/author\/admin\/\"}]}<\/script>\n<!-- \/ Yoast SEO plugin. -->","yoast_head_json":{"title":"Shqiptar\u00ebt ikin p\u00ebr fundjav\u00eb, 1 km radha n\u00eb dogan\u00ebn e Muriqanit - Video - Lajme nga Ulqini","description":"Shqiptar\u00ebt duket se nuk e kan\u00eb qejf q\u00eb t\u00eb kalojn\u00eb fundjav\u00ebn n\u00eb vend, por duan t\u00eb largohen. Pik\u00ebrisht k\u00ebshtu ka ndodhur edhe m\u00ebngjesin e sot\u00ebm, ku qindra","robots":{"index":"index","follow":"follow","max-snippet":"max-snippet:-1","max-image-preview":"max-image-preview:large","max-video-preview":"max-video-preview:-1"},"canonical":"https:\/\/www.visit-ulcinj.com\/blog\/2017\/07\/08\/shqiptaret-ikin-per-fundjave-1-km-radha-ne-doganen-e-muriqanit-video\/","og_locale":"en_US","og_type":"article","og_title":"Shqiptar\u00ebt ikin p\u00ebr fundjav\u00eb, 1 km radha n\u00eb dogan\u00ebn e Muriqanit - Video - Lajme nga Ulqini","og_description":"Shqiptar\u00ebt duket se nuk e kan\u00eb qejf q\u00eb t\u00eb kalojn\u00eb fundjav\u00ebn n\u00eb vend, por duan t\u00eb largohen. Pik\u00ebrisht k\u00ebshtu ka ndodhur edhe m\u00ebngjesin e sot\u00ebm, ku qindra","og_url":"https:\/\/www.visit-ulcinj.com\/blog\/2017\/07\/08\/shqiptaret-ikin-per-fundjave-1-km-radha-ne-doganen-e-muriqanit-video\/","og_site_name":"Lajme nga Ulqini","article_published_time":"2017-07-08T10:00:30+00:00","og_image":[{"url":"http:\/\/www.visit-ulcinj.com\/blog\/wp-content\/uploads\/2017\/07\/dogana-Muriqan-Sukobin.jpg"}],"twitter_misc":{"Written by":"ulqini"},"schema":{"@context":"https:\/\/schema.org","@graph":[{"@type":"WebSite","@id":"https:\/\/www.visit-ulcinj.com\/blog\/#website","url":"https:\/\/www.visit-ulcinj.com\/blog\/","name":"Lajme nga Ulqini","description":"Lajme,Vijesti,Ulqini,Ulqin,Crna Gora,Mali i Zi","potentialAction":[{"@type":"SearchAction","target":{"@type":"EntryPoint","urlTemplate":"https:\/\/www.visit-ulcinj.com\/blog\/?s={search_term_string}"},"query-input":"required name=search_term_string"}],"inLanguage":"en-US"},{"@type":"ImageObject","inLanguage":"en-US","@id":"https:\/\/www.visit-ulcinj.com\/blog\/2017\/07\/08\/shqiptaret-ikin-per-fundjave-1-km-radha-ne-doganen-e-muriqanit-video\/#primaryimage","url":"https:\/\/www.visit-ulcinj.com\/blog\/wp-content\/uploads\/2017\/07\/dogana-Muriqan-Sukobin.jpg","contentUrl":"https:\/\/www.visit-ulcinj.com\/blog\/wp-content\/uploads\/2017\/07\/dogana-Muriqan-Sukobin.jpg","width":660,"height":330},{"@type":"WebPage","@id":"https:\/\/www.visit-ulcinj.com\/blog\/2017\/07\/08\/shqiptaret-ikin-per-fundjave-1-km-radha-ne-doganen-e-muriqanit-video\/#webpage","url":"https:\/\/www.visit-ulcinj.com\/blog\/2017\/07\/08\/shqiptaret-ikin-per-fundjave-1-km-radha-ne-doganen-e-muriqanit-video\/","name":"Shqiptar\u00ebt ikin p\u00ebr fundjav\u00eb, 1 km radha n\u00eb dogan\u00ebn e Muriqanit - Video - Lajme nga Ulqini","isPartOf":{"@id":"https:\/\/www.visit-ulcinj.com\/blog\/#website"},"primaryImageOfPage":{"@id":"https:\/\/www.visit-ulcinj.com\/blog\/2017\/07\/08\/shqiptaret-ikin-per-fundjave-1-km-radha-ne-doganen-e-muriqanit-video\/#primaryimage"},"datePublished":"2017-07-08T10:00:30+00:00","dateModified":"2017-07-08T10:00:30+00:00","author":{"@id":"https:\/\/www.visit-ulcinj.com\/blog\/#\/schema\/person\/dcab619c614d3038751c63bc2aadc06d"},"description":"Shqiptar\u00ebt duket se nuk e kan\u00eb qejf q\u00eb t\u00eb kalojn\u00eb fundjav\u00ebn n\u00eb vend, por duan t\u00eb largohen. Pik\u00ebrisht k\u00ebshtu ka ndodhur edhe m\u00ebngjesin e sot\u00ebm, ku qindra","breadcrumb":{"@id":"https:\/\/www.visit-ulcinj.com\/blog\/2017\/07\/08\/shqiptaret-ikin-per-fundjave-1-km-radha-ne-doganen-e-muriqanit-video\/#breadcrumb"},"inLanguage":"en-US","potentialAction":[{"@type":"ReadAction","target":["https:\/\/www.visit-ulcinj.com\/blog\/2017\/07\/08\/shqiptaret-ikin-per-fundjave-1-km-radha-ne-doganen-e-muriqanit-video\/"]}]},{"@type":"BreadcrumbList","@id":"https:\/\/www.visit-ulcinj.com\/blog\/2017\/07\/08\/shqiptaret-ikin-per-fundjave-1-km-radha-ne-doganen-e-muriqanit-video\/#breadcrumb","itemListElement":[{"@type":"ListItem","position":1,"name":"Shqiptar\u00ebt ikin p\u00ebr fundjav\u00eb, 1 km radha n\u00eb dogan\u00ebn e Muriqanit &#8211; Video"}]},{"@type":"Person","@id":"https:\/\/www.visit-ulcinj.com\/blog\/#\/schema\/person\/dcab619c614d3038751c63bc2aadc06d","name":"ulqini","sameAs":["http:\/\/www.visit-ulcinj.com"],"url":"https:\/\/www.visit-ulcinj.com\/blog\/author\/admin\/"}]}},"jetpack_featured_media_url":"","jetpack_sharing_enabled":true,"jetpack_shortlink":"https:\/\/wp.me\/pe6lTn-rB6","_links":{"self":[{"href":"https:\/\/www.visit-ulcinj.com\/blog\/wp-json\/wp\/v2\/posts\/106088"}],"collection":[{"href":"https:\/\/www.visit-ulcinj.com\/blog\/wp-json\/wp\/v2\/posts"}],"about":[{"href":"https:\/\/www.visit-ulcinj.com\/blog\/wp-json\/wp\/v2\/types\/post"}],"author":[{"embeddable":true,"href":"https:\/\/www.visit-ulcinj.com\/blog\/wp-json\/wp\/v2\/users\/1"}],"replies":[{"embeddable":true,"href":"https:\/\/www.visit-ulcinj.com\/blog\/wp-json\/wp\/v2\/comments?post=106088"}],"version-history":[{"count":1,"href":"https:\/\/www.visit-ulcinj.com\/blog\/wp-json\/wp\/v2\/posts\/106088\/revisions"}],"predecessor-version":[{"id":106090,"href":"https:\/\/www.visit-ulcinj.com\/blog\/wp-json\/wp\/v2\/posts\/106088\/revisions\/106090"}],"wp:attachment":[{"href":"https:\/\/www.visit-ulcinj.com\/blog\/wp-json\/wp\/v2\/media?parent=106088"}],"wp:term":[{"taxonomy":"category","embeddable":true,"href":"https:\/\/www.visit-ulcinj.com\/blog\/wp-json\/wp\/v2\/categories?post=106088"},{"taxonomy":"post_tag","embeddable":true,"href":"https:\/\/www.visit-ulcinj.com\/blog\/wp-json\/wp\/v2\/tags?post=106088"}],"curies":[{"name":"wp","href":"https:\/\/api.w.org\/{rel}","templated":true}]}}