{"id":106091,"date":"2017-07-08T16:16:45","date_gmt":"2017-07-08T15:16:45","guid":{"rendered":"http:\/\/www.visit-ulcinj.com\/blog\/?p=106091"},"modified":"2017-07-08T16:16:45","modified_gmt":"2017-07-08T15:16:45","slug":"vijesti-premtimet-e-te-mirave-detare-te-parealizueshme-ne-2017","status":"publish","type":"post","link":"https:\/\/www.visit-ulcinj.com\/blog\/2017\/07\/08\/vijesti-premtimet-e-te-mirave-detare-te-parealizueshme-ne-2017\/","title":{"rendered":"Vijesti: Premtimet e t\u00eb Mirave Detare t\u00eb parealizueshme n\u00eb 2017"},"content":{"rendered":"<p><strong><a href=\"http:\/\/www.visit-ulcinj.com\/blog\/wp-content\/uploads\/2017\/07\/Ulcinj-Riviera-.jpg\"><img loading=\"lazy\" class=\"alignleft wp-image-106092\" src=\"http:\/\/www.visit-ulcinj.com\/blog\/wp-content\/uploads\/2017\/07\/Ulcinj-Riviera-.jpg\" alt=\"\" width=\"508\" height=\"254\" srcset=\"https:\/\/www.visit-ulcinj.com\/blog\/wp-content\/uploads\/2017\/07\/Ulcinj-Riviera-.jpg 660w, https:\/\/www.visit-ulcinj.com\/blog\/wp-content\/uploads\/2017\/07\/Ulcinj-Riviera--300x150.jpg 300w\" sizes=\"(max-width: 508px) 100vw, 508px\" \/><\/a>Mekanizmi p\u00ebr nxjerrjen e anijeve n\u00eb breg n\u00eb Plazh t\u00eb vog\u00ebl nuk u p\u00ebrfundua p\u00ebrkund\u00ebr premtimeve q\u00eb do t\u00eb p\u00ebrfundohet n\u00eb shtator t\u00eb vitit t\u00eb kaluar, shkruan \u201cVijesti\u201d, raporton portali Ul.info.<\/strong><\/p>\n<p>Nga t\u00eb Mirat detare si arsye kan\u00eb p\u00ebrmendur \u201cproblemet me dokumentacion\u201d duke theksuar se \u201cdit\u00ebt e ardhshme do t\u00eb iniciohet procesi dhe procedura e hartimit t\u00eb dokumentacionit planifikues\u201d!<\/p>\n<p>P\u00ebrkund\u00ebr premtimeve as pista e vrapimit prej hotelit \u201cAlbatros\u201d deri tek kepi i Gjeranave nuk u realizua. \u201cVijon procesi tenderik p\u00ebr p\u00ebrzgjedhjen e projektuesit dhe presim q\u00eb s\u00eb shpejti t\u00eb n\u00ebnshkruhet kontrata p\u00ebr p\u00ebrpilimin e k\u00ebtij projekti\u201d, than\u00eb nga t\u00eb Mirat detare.<\/p>\n<p>\u201cVijesti\u201d rikujton se nuk \u00ebsht\u00eb pastruar as pista e k\u00ebmb\u00ebsorve n\u00eb k\u00ebt\u00eb pjes\u00eb t\u00eb qytetit.<\/p>\n","protected":false},"excerpt":{"rendered":"<p>Mekanizmi p\u00ebr nxjerrjen e anijeve n\u00eb breg n\u00eb Plazh t\u00eb vog\u00ebl nuk u p\u00ebrfundua p\u00ebrkund\u00ebr premtimeve q\u00eb do t\u00eb p\u00ebrfundohet n\u00eb shtator t\u00eb vitit t\u00eb kaluar, shkruan \u201cVijesti\u201d, raporton portali Ul.info. Nga t\u00eb Mirat detare si arsye kan\u00eb p\u00ebrmendur \u201cproblemet me dokumentacion\u201d duke theksuar se \u201cdit\u00ebt e ardhshme do t\u00eb iniciohet procesi dhe procedura e [&hellip;]<\/p>\n","protected":false},"author":1,"featured_media":0,"comment_status":"closed","ping_status":"closed","sticky":false,"template":"","format":"standard","meta":{"spay_email":"","jetpack_publicize_message":"","jetpack_is_tweetstorm":false,"jetpack_publicize_feature_enabled":true},"categories":[12],"tags":[],"jetpack_publicize_connections":[],"yoast_head":"<!-- This site is optimized with the Yoast SEO plugin v19.1 - https:\/\/yoast.com\/wordpress\/plugins\/seo\/ -->\n<title>Vijesti: Premtimet e t\u00eb Mirave Detare t\u00eb parealizueshme n\u00eb 2017 - Lajme nga Ulqini<\/title>\n<meta name=\"description\" content=\"Mekanizmi p\u00ebr nxjerrjen e anijeve n\u00eb breg n\u00eb Plazh t\u00eb vog\u00ebl nuk u p\u00ebrfundua p\u00ebrkund\u00ebr premtimeve q\u00eb do t\u00eb p\u00ebrfundohet n\u00eb shtator t\u00eb vitit t\u00eb kaluar,\" \/>\n<meta name=\"robots\" content=\"index, follow, max-snippet:-1, max-image-preview:large, max-video-preview:-1\" \/>\n<link rel=\"canonical\" href=\"https:\/\/www.visit-ulcinj.com\/blog\/2017\/07\/08\/vijesti-premtimet-e-te-mirave-detare-te-parealizueshme-ne-2017\/\" \/>\n<meta property=\"og:locale\" content=\"en_US\" \/>\n<meta property=\"og:type\" content=\"article\" \/>\n<meta property=\"og:title\" content=\"Vijesti: Premtimet e t\u00eb Mirave Detare t\u00eb parealizueshme n\u00eb 2017 - Lajme nga Ulqini\" \/>\n<meta property=\"og:description\" content=\"Mekanizmi p\u00ebr nxjerrjen e anijeve n\u00eb breg n\u00eb Plazh t\u00eb vog\u00ebl nuk u p\u00ebrfundua p\u00ebrkund\u00ebr premtimeve q\u00eb do t\u00eb p\u00ebrfundohet n\u00eb shtator t\u00eb vitit t\u00eb kaluar,\" \/>\n<meta property=\"og:url\" content=\"https:\/\/www.visit-ulcinj.com\/blog\/2017\/07\/08\/vijesti-premtimet-e-te-mirave-detare-te-parealizueshme-ne-2017\/\" \/>\n<meta property=\"og:site_name\" content=\"Lajme nga Ulqini\" \/>\n<meta property=\"article:published_time\" content=\"2017-07-08T15:16:45+00:00\" \/>\n<meta property=\"og:image\" content=\"http:\/\/www.visit-ulcinj.com\/blog\/wp-content\/uploads\/2017\/07\/Ulcinj-Riviera-.jpg\" \/>\n<meta name=\"twitter:label1\" content=\"Written by\" \/>\n\t<meta name=\"twitter:data1\" content=\"ulqini\" \/>\n\t<meta name=\"twitter:label2\" content=\"Est. reading time\" \/>\n\t<meta name=\"twitter:data2\" content=\"1 minute\" \/>\n<script type=\"application\/ld+json\" class=\"yoast-schema-graph\">{\"@context\":\"https:\/\/schema.org\",\"@graph\":[{\"@type\":\"WebSite\",\"@id\":\"https:\/\/www.visit-ulcinj.com\/blog\/#website\",\"url\":\"https:\/\/www.visit-ulcinj.com\/blog\/\",\"name\":\"Lajme nga Ulqini\",\"description\":\"Lajme,Vijesti,Ulqini,Ulqin,Crna Gora,Mali i Zi\",\"potentialAction\":[{\"@type\":\"SearchAction\",\"target\":{\"@type\":\"EntryPoint\",\"urlTemplate\":\"https:\/\/www.visit-ulcinj.com\/blog\/?s={search_term_string}\"},\"query-input\":\"required name=search_term_string\"}],\"inLanguage\":\"en-US\"},{\"@type\":\"ImageObject\",\"inLanguage\":\"en-US\",\"@id\":\"https:\/\/www.visit-ulcinj.com\/blog\/2017\/07\/08\/vijesti-premtimet-e-te-mirave-detare-te-parealizueshme-ne-2017\/#primaryimage\",\"url\":\"https:\/\/www.visit-ulcinj.com\/blog\/wp-content\/uploads\/2017\/07\/Ulcinj-Riviera-.jpg\",\"contentUrl\":\"https:\/\/www.visit-ulcinj.com\/blog\/wp-content\/uploads\/2017\/07\/Ulcinj-Riviera-.jpg\",\"width\":660,\"height\":330},{\"@type\":\"WebPage\",\"@id\":\"https:\/\/www.visit-ulcinj.com\/blog\/2017\/07\/08\/vijesti-premtimet-e-te-mirave-detare-te-parealizueshme-ne-2017\/#webpage\",\"url\":\"https:\/\/www.visit-ulcinj.com\/blog\/2017\/07\/08\/vijesti-premtimet-e-te-mirave-detare-te-parealizueshme-ne-2017\/\",\"name\":\"Vijesti: Premtimet e t\u00eb Mirave Detare t\u00eb parealizueshme n\u00eb 2017 - Lajme nga Ulqini\",\"isPartOf\":{\"@id\":\"https:\/\/www.visit-ulcinj.com\/blog\/#website\"},\"primaryImageOfPage\":{\"@id\":\"https:\/\/www.visit-ulcinj.com\/blog\/2017\/07\/08\/vijesti-premtimet-e-te-mirave-detare-te-parealizueshme-ne-2017\/#primaryimage\"},\"datePublished\":\"2017-07-08T15:16:45+00:00\",\"dateModified\":\"2017-07-08T15:16:45+00:00\",\"author\":{\"@id\":\"https:\/\/www.visit-ulcinj.com\/blog\/#\/schema\/person\/dcab619c614d3038751c63bc2aadc06d\"},\"description\":\"Mekanizmi p\u00ebr nxjerrjen e anijeve n\u00eb breg n\u00eb Plazh t\u00eb vog\u00ebl nuk u p\u00ebrfundua p\u00ebrkund\u00ebr premtimeve q\u00eb do t\u00eb p\u00ebrfundohet n\u00eb shtator t\u00eb vitit t\u00eb kaluar,\",\"breadcrumb\":{\"@id\":\"https:\/\/www.visit-ulcinj.com\/blog\/2017\/07\/08\/vijesti-premtimet-e-te-mirave-detare-te-parealizueshme-ne-2017\/#breadcrumb\"},\"inLanguage\":\"en-US\",\"potentialAction\":[{\"@type\":\"ReadAction\",\"target\":[\"https:\/\/www.visit-ulcinj.com\/blog\/2017\/07\/08\/vijesti-premtimet-e-te-mirave-detare-te-parealizueshme-ne-2017\/\"]}]},{\"@type\":\"BreadcrumbList\",\"@id\":\"https:\/\/www.visit-ulcinj.com\/blog\/2017\/07\/08\/vijesti-premtimet-e-te-mirave-detare-te-parealizueshme-ne-2017\/#breadcrumb\",\"itemListElement\":[{\"@type\":\"ListItem\",\"position\":1,\"name\":\"Vijesti: Premtimet e t\u00eb Mirave Detare t\u00eb parealizueshme n\u00eb 2017\"}]},{\"@type\":\"Person\",\"@id\":\"https:\/\/www.visit-ulcinj.com\/blog\/#\/schema\/person\/dcab619c614d3038751c63bc2aadc06d\",\"name\":\"ulqini\",\"sameAs\":[\"http:\/\/www.visit-ulcinj.com\"],\"url\":\"https:\/\/www.visit-ulcinj.com\/blog\/author\/admin\/\"}]}<\/script>\n<!-- \/ Yoast SEO plugin. -->","yoast_head_json":{"title":"Vijesti: Premtimet e t\u00eb Mirave Detare t\u00eb parealizueshme n\u00eb 2017 - Lajme nga Ulqini","description":"Mekanizmi p\u00ebr nxjerrjen e anijeve n\u00eb breg n\u00eb Plazh t\u00eb vog\u00ebl nuk u p\u00ebrfundua p\u00ebrkund\u00ebr premtimeve q\u00eb do t\u00eb p\u00ebrfundohet n\u00eb shtator t\u00eb vitit t\u00eb kaluar,","robots":{"index":"index","follow":"follow","max-snippet":"max-snippet:-1","max-image-preview":"max-image-preview:large","max-video-preview":"max-video-preview:-1"},"canonical":"https:\/\/www.visit-ulcinj.com\/blog\/2017\/07\/08\/vijesti-premtimet-e-te-mirave-detare-te-parealizueshme-ne-2017\/","og_locale":"en_US","og_type":"article","og_title":"Vijesti: Premtimet e t\u00eb Mirave Detare t\u00eb parealizueshme n\u00eb 2017 - Lajme nga Ulqini","og_description":"Mekanizmi p\u00ebr nxjerrjen e anijeve n\u00eb breg n\u00eb Plazh t\u00eb vog\u00ebl nuk u p\u00ebrfundua p\u00ebrkund\u00ebr premtimeve q\u00eb do t\u00eb p\u00ebrfundohet n\u00eb shtator t\u00eb vitit t\u00eb kaluar,","og_url":"https:\/\/www.visit-ulcinj.com\/blog\/2017\/07\/08\/vijesti-premtimet-e-te-mirave-detare-te-parealizueshme-ne-2017\/","og_site_name":"Lajme nga Ulqini","article_published_time":"2017-07-08T15:16:45+00:00","og_image":[{"url":"http:\/\/www.visit-ulcinj.com\/blog\/wp-content\/uploads\/2017\/07\/Ulcinj-Riviera-.jpg"}],"twitter_misc":{"Written by":"ulqini","Est. reading time":"1 minute"},"schema":{"@context":"https:\/\/schema.org","@graph":[{"@type":"WebSite","@id":"https:\/\/www.visit-ulcinj.com\/blog\/#website","url":"https:\/\/www.visit-ulcinj.com\/blog\/","name":"Lajme nga Ulqini","description":"Lajme,Vijesti,Ulqini,Ulqin,Crna Gora,Mali i Zi","potentialAction":[{"@type":"SearchAction","target":{"@type":"EntryPoint","urlTemplate":"https:\/\/www.visit-ulcinj.com\/blog\/?s={search_term_string}"},"query-input":"required name=search_term_string"}],"inLanguage":"en-US"},{"@type":"ImageObject","inLanguage":"en-US","@id":"https:\/\/www.visit-ulcinj.com\/blog\/2017\/07\/08\/vijesti-premtimet-e-te-mirave-detare-te-parealizueshme-ne-2017\/#primaryimage","url":"https:\/\/www.visit-ulcinj.com\/blog\/wp-content\/uploads\/2017\/07\/Ulcinj-Riviera-.jpg","contentUrl":"https:\/\/www.visit-ulcinj.com\/blog\/wp-content\/uploads\/2017\/07\/Ulcinj-Riviera-.jpg","width":660,"height":330},{"@type":"WebPage","@id":"https:\/\/www.visit-ulcinj.com\/blog\/2017\/07\/08\/vijesti-premtimet-e-te-mirave-detare-te-parealizueshme-ne-2017\/#webpage","url":"https:\/\/www.visit-ulcinj.com\/blog\/2017\/07\/08\/vijesti-premtimet-e-te-mirave-detare-te-parealizueshme-ne-2017\/","name":"Vijesti: Premtimet e t\u00eb Mirave Detare t\u00eb parealizueshme n\u00eb 2017 - Lajme nga Ulqini","isPartOf":{"@id":"https:\/\/www.visit-ulcinj.com\/blog\/#website"},"primaryImageOfPage":{"@id":"https:\/\/www.visit-ulcinj.com\/blog\/2017\/07\/08\/vijesti-premtimet-e-te-mirave-detare-te-parealizueshme-ne-2017\/#primaryimage"},"datePublished":"2017-07-08T15:16:45+00:00","dateModified":"2017-07-08T15:16:45+00:00","author":{"@id":"https:\/\/www.visit-ulcinj.com\/blog\/#\/schema\/person\/dcab619c614d3038751c63bc2aadc06d"},"description":"Mekanizmi p\u00ebr nxjerrjen e anijeve n\u00eb breg n\u00eb Plazh t\u00eb vog\u00ebl nuk u p\u00ebrfundua p\u00ebrkund\u00ebr premtimeve q\u00eb do t\u00eb p\u00ebrfundohet n\u00eb shtator t\u00eb vitit t\u00eb kaluar,","breadcrumb":{"@id":"https:\/\/www.visit-ulcinj.com\/blog\/2017\/07\/08\/vijesti-premtimet-e-te-mirave-detare-te-parealizueshme-ne-2017\/#breadcrumb"},"inLanguage":"en-US","potentialAction":[{"@type":"ReadAction","target":["https:\/\/www.visit-ulcinj.com\/blog\/2017\/07\/08\/vijesti-premtimet-e-te-mirave-detare-te-parealizueshme-ne-2017\/"]}]},{"@type":"BreadcrumbList","@id":"https:\/\/www.visit-ulcinj.com\/blog\/2017\/07\/08\/vijesti-premtimet-e-te-mirave-detare-te-parealizueshme-ne-2017\/#breadcrumb","itemListElement":[{"@type":"ListItem","position":1,"name":"Vijesti: Premtimet e t\u00eb Mirave Detare t\u00eb parealizueshme n\u00eb 2017"}]},{"@type":"Person","@id":"https:\/\/www.visit-ulcinj.com\/blog\/#\/schema\/person\/dcab619c614d3038751c63bc2aadc06d","name":"ulqini","sameAs":["http:\/\/www.visit-ulcinj.com"],"url":"https:\/\/www.visit-ulcinj.com\/blog\/author\/admin\/"}]}},"jetpack_featured_media_url":"","jetpack_sharing_enabled":true,"jetpack_shortlink":"https:\/\/wp.me\/pe6lTn-rB9","_links":{"self":[{"href":"https:\/\/www.visit-ulcinj.com\/blog\/wp-json\/wp\/v2\/posts\/106091"}],"collection":[{"href":"https:\/\/www.visit-ulcinj.com\/blog\/wp-json\/wp\/v2\/posts"}],"about":[{"href":"https:\/\/www.visit-ulcinj.com\/blog\/wp-json\/wp\/v2\/types\/post"}],"author":[{"embeddable":true,"href":"https:\/\/www.visit-ulcinj.com\/blog\/wp-json\/wp\/v2\/users\/1"}],"replies":[{"embeddable":true,"href":"https:\/\/www.visit-ulcinj.com\/blog\/wp-json\/wp\/v2\/comments?post=106091"}],"version-history":[{"count":1,"href":"https:\/\/www.visit-ulcinj.com\/blog\/wp-json\/wp\/v2\/posts\/106091\/revisions"}],"predecessor-version":[{"id":106093,"href":"https:\/\/www.visit-ulcinj.com\/blog\/wp-json\/wp\/v2\/posts\/106091\/revisions\/106093"}],"wp:attachment":[{"href":"https:\/\/www.visit-ulcinj.com\/blog\/wp-json\/wp\/v2\/media?parent=106091"}],"wp:term":[{"taxonomy":"category","embeddable":true,"href":"https:\/\/www.visit-ulcinj.com\/blog\/wp-json\/wp\/v2\/categories?post=106091"},{"taxonomy":"post_tag","embeddable":true,"href":"https:\/\/www.visit-ulcinj.com\/blog\/wp-json\/wp\/v2\/tags?post=106091"}],"curies":[{"name":"wp","href":"https:\/\/api.w.org\/{rel}","templated":true}]}}