{"id":106094,"date":"2017-07-09T10:15:41","date_gmt":"2017-07-09T09:15:41","guid":{"rendered":"http:\/\/www.visit-ulcinj.com\/blog\/?p=106094"},"modified":"2017-07-09T10:15:41","modified_gmt":"2017-07-09T09:15:41","slug":"ura-ulcinj-cungu-trazio-300-000-eura-donacije-od-markovica","status":"publish","type":"post","link":"https:\/\/www.visit-ulcinj.com\/blog\/2017\/07\/09\/ura-ulcinj-cungu-trazio-300-000-eura-donacije-od-markovica\/","title":{"rendered":"URA Ulcinj: Cungu tra\u017eio 300.000 eura donacije od Markovi\u0107a"},"content":{"rendered":"<p><strong><a href=\"http:\/\/www.visit-ulcinj.com\/blog\/wp-content\/uploads\/2017\/07\/Nazif-Cungu-Ulcinj.jpg\"><img loading=\"lazy\" class=\"alignleft wp-image-106095\" src=\"http:\/\/www.visit-ulcinj.com\/blog\/wp-content\/uploads\/2017\/07\/Nazif-Cungu-Ulcinj.jpg\" alt=\"\" width=\"508\" height=\"293\" srcset=\"https:\/\/www.visit-ulcinj.com\/blog\/wp-content\/uploads\/2017\/07\/Nazif-Cungu-Ulcinj.jpg 563w, https:\/\/www.visit-ulcinj.com\/blog\/wp-content\/uploads\/2017\/07\/Nazif-Cungu-Ulcinj-300x173.jpg 300w\" sizes=\"(max-width: 508px) 100vw, 508px\" \/><\/a>Cungovi koalicioni partneri o ovom zahtjevu, ka\u017eu, ne znaju ni\u0161ta, ali imaju komentar<\/strong><\/p>\n<p><span class=\"credits__author\"> <strong>Autor:<\/strong> <a href=\"http:\/\/www.vijesti.me\/autori\/suzana-ganic-455\/profil\"><strong>Suzana Gani\u0107<\/strong><\/a> <\/span><\/p>\n<p>Predsjednik op\u0161tine Ulcinj Nazif Cungu pisao je premijeru Du\u0161ku Markovi\u0107u i tra\u017eio od njega da toj lokalnoj samoupravi pokloni 300.000 eura iz dr\u017eavne bud\u017eetske rezerve. U dopisu, Cungu izme\u0111u ostalog navodi, da je taj novac neophodan kako bi sprije\u010dili blokadu lokalne uprave. Iz URA, koja je dostavila dokument TV &#8220;Vijesti&#8221;, ovakav potez ocjenjuju skandaloznim.<\/p>\n<p>&#8220;Ovaj zahtjev je u najmanju ruku skandalozan. Predsjednik op\u0161tine ovim dopisom samo priznaje da kao \u010delni \u010dovjek velike koalicije nije u stanju da sanira stanje u op\u0161tini, u finansijama, stanje koje su u velikoj mjeri oni sami kreirali&#8221;, rekao je Omer Bajraktari predsjednik ulcinjskog odbora URA.<\/p>\n<p>Cungovi koalicioni partneri o ovom zahtjevu, ka\u017eu, ne znaju ni\u0161ta, ali imaju komentar.<\/p>\n<p>&#8220;Interesantno je i smije\u0161no. Prvi put se srije\u0107em sa ovakvom \u010dinjenicom da jedna op\u0161tina tra\u017ei donaciju od Vlade, ajde da je bila dotacija&#8221;, rekao je predsjednik Demokratske partije Fatmir \u0110eka.<\/p>\n<p>Ni u ulcinjskom DPS-u ne znaju ni\u0161ta, potvrdio je u telefonskom razgovoru za TV &#8220;Vijesti&#8221; predsjednik op\u0161tinskog odbora Ljoro Nreki\u0107, koji ovakav potez prvog \u010dovjeka grada nije \u017eelio da komentari\u0161e.<\/p>\n<p>S druge strane, \u0110eka je poru\u010dio Cunguu da se lati posla.<\/p>\n<p>&#8220;Danas gra\u0111ani i pravna lica od neubiranih poreza duguju op\u0161tini oko deset miliona eura. Plus imamo i predmete koji su preko million eura, uzete su pare, a op\u0161tina je dobila predmete i ti ljudi treba da vrate novac na\u0161oj op\u0161tini&#8221; rekao je \u0110eka.<\/p>\n<p>U URA su uvjereni da bi Cungu taj novac usmjerio na predizbornu kampanju.<\/p>\n<p>&#8220;Po meni op\u0161tina tra\u017ei novac za predizbornu kampanju koja \u0107e po\u010deti odmah nakon ljetnjih mjeseci &#8211; za asfaltiranje, \u0161minkanje grada, da se pridobije volja gra\u0111ana&#8221;, rekao je Bajraktari.<\/p>\n<p>Sagovornici TV &#8220;Vijesti&#8221; ipak ne vjeruju da \u0107e premijer pokloniti Cunguu 300.000 eura.Iz URA su pozvali prvog \u010dovjeka grada da obavijesti javnost, sazove hitnu sjednicu parlamenta i saop\u0161ti, ukoliko je to ta\u010dno, da lokalnoj samoupravi po prvi put u istoriji njenog postojanja prijeti blokada. Cungu nije \u017eelio da govori o razlozima zbog kojih je tra\u017eio od Vlade donaciju, poru\u010div\u0161i da sve stoji u dopisu.<\/p>\n<p><strong>Izvor: Vijesti Online<\/strong><\/p>\n<!--YouTube Error: bad URL entered-->\n","protected":false},"excerpt":{"rendered":"<p>Cungovi koalicioni partneri o ovom zahtjevu, ka\u017eu, ne znaju ni\u0161ta, ali imaju komentar Autor: Suzana Gani\u0107 Predsjednik op\u0161tine Ulcinj Nazif Cungu pisao je premijeru Du\u0161ku Markovi\u0107u i tra\u017eio od njega da toj lokalnoj samoupravi pokloni 300.000 eura iz dr\u017eavne bud\u017eetske rezerve. U dopisu, Cungu izme\u0111u ostalog navodi, da je taj novac neophodan kako bi sprije\u010dili [&hellip;]<\/p>\n","protected":false},"author":1,"featured_media":0,"comment_status":"closed","ping_status":"closed","sticky":false,"template":"","format":"standard","meta":{"spay_email":"","jetpack_publicize_message":"","jetpack_is_tweetstorm":false,"jetpack_publicize_feature_enabled":true},"categories":[8337],"tags":[],"jetpack_publicize_connections":[],"yoast_head":"<!-- This site is optimized with the Yoast SEO plugin v19.1 - https:\/\/yoast.com\/wordpress\/plugins\/seo\/ -->\n<title>URA Ulcinj: Cungu tra\u017eio 300.000 eura donacije od Markovi\u0107a - Lajme nga Ulqini<\/title>\n<meta name=\"description\" content=\"Cungovi koalicioni partneri o ovom zahtjevu, ka\u017eu, ne znaju ni\u0161ta, ali imaju komentar Autor: Suzana Gani\u0107 Predsjednik op\u0161tine Ulcinj Nazif Cungu pisao je\" \/>\n<meta name=\"robots\" content=\"index, follow, max-snippet:-1, max-image-preview:large, max-video-preview:-1\" \/>\n<link rel=\"canonical\" href=\"https:\/\/www.visit-ulcinj.com\/blog\/2017\/07\/09\/ura-ulcinj-cungu-trazio-300-000-eura-donacije-od-markovica\/\" \/>\n<meta property=\"og:locale\" content=\"en_US\" \/>\n<meta property=\"og:type\" content=\"article\" \/>\n<meta property=\"og:title\" content=\"URA Ulcinj: Cungu tra\u017eio 300.000 eura donacije od Markovi\u0107a - Lajme nga Ulqini\" \/>\n<meta property=\"og:description\" content=\"Cungovi koalicioni partneri o ovom zahtjevu, ka\u017eu, ne znaju ni\u0161ta, ali imaju komentar Autor: Suzana Gani\u0107 Predsjednik op\u0161tine Ulcinj Nazif Cungu pisao je\" \/>\n<meta property=\"og:url\" content=\"https:\/\/www.visit-ulcinj.com\/blog\/2017\/07\/09\/ura-ulcinj-cungu-trazio-300-000-eura-donacije-od-markovica\/\" \/>\n<meta property=\"og:site_name\" content=\"Lajme nga Ulqini\" \/>\n<meta property=\"article:published_time\" content=\"2017-07-09T09:15:41+00:00\" \/>\n<meta property=\"og:image\" content=\"http:\/\/www.visit-ulcinj.com\/blog\/wp-content\/uploads\/2017\/07\/Nazif-Cungu-Ulcinj.jpg\" \/>\n<meta name=\"twitter:label1\" content=\"Written by\" \/>\n\t<meta name=\"twitter:data1\" content=\"ulqini\" \/>\n\t<meta name=\"twitter:label2\" content=\"Est. reading time\" \/>\n\t<meta name=\"twitter:data2\" content=\"2 minutes\" \/>\n<script type=\"application\/ld+json\" class=\"yoast-schema-graph\">{\"@context\":\"https:\/\/schema.org\",\"@graph\":[{\"@type\":\"WebSite\",\"@id\":\"https:\/\/www.visit-ulcinj.com\/blog\/#website\",\"url\":\"https:\/\/www.visit-ulcinj.com\/blog\/\",\"name\":\"Lajme nga Ulqini\",\"description\":\"Lajme,Vijesti,Ulqini,Ulqin,Crna Gora,Mali i Zi\",\"potentialAction\":[{\"@type\":\"SearchAction\",\"target\":{\"@type\":\"EntryPoint\",\"urlTemplate\":\"https:\/\/www.visit-ulcinj.com\/blog\/?s={search_term_string}\"},\"query-input\":\"required name=search_term_string\"}],\"inLanguage\":\"en-US\"},{\"@type\":\"ImageObject\",\"inLanguage\":\"en-US\",\"@id\":\"https:\/\/www.visit-ulcinj.com\/blog\/2017\/07\/09\/ura-ulcinj-cungu-trazio-300-000-eura-donacije-od-markovica\/#primaryimage\",\"url\":\"https:\/\/www.visit-ulcinj.com\/blog\/wp-content\/uploads\/2017\/07\/Nazif-Cungu-Ulcinj.jpg\",\"contentUrl\":\"https:\/\/www.visit-ulcinj.com\/blog\/wp-content\/uploads\/2017\/07\/Nazif-Cungu-Ulcinj.jpg\",\"width\":563,\"height\":325},{\"@type\":\"WebPage\",\"@id\":\"https:\/\/www.visit-ulcinj.com\/blog\/2017\/07\/09\/ura-ulcinj-cungu-trazio-300-000-eura-donacije-od-markovica\/#webpage\",\"url\":\"https:\/\/www.visit-ulcinj.com\/blog\/2017\/07\/09\/ura-ulcinj-cungu-trazio-300-000-eura-donacije-od-markovica\/\",\"name\":\"URA Ulcinj: Cungu tra\u017eio 300.000 eura donacije od Markovi\u0107a - Lajme nga Ulqini\",\"isPartOf\":{\"@id\":\"https:\/\/www.visit-ulcinj.com\/blog\/#website\"},\"primaryImageOfPage\":{\"@id\":\"https:\/\/www.visit-ulcinj.com\/blog\/2017\/07\/09\/ura-ulcinj-cungu-trazio-300-000-eura-donacije-od-markovica\/#primaryimage\"},\"datePublished\":\"2017-07-09T09:15:41+00:00\",\"dateModified\":\"2017-07-09T09:15:41+00:00\",\"author\":{\"@id\":\"https:\/\/www.visit-ulcinj.com\/blog\/#\/schema\/person\/dcab619c614d3038751c63bc2aadc06d\"},\"description\":\"Cungovi koalicioni partneri o ovom zahtjevu, ka\u017eu, ne znaju ni\u0161ta, ali imaju komentar Autor: Suzana Gani\u0107 Predsjednik op\u0161tine Ulcinj Nazif Cungu pisao je\",\"breadcrumb\":{\"@id\":\"https:\/\/www.visit-ulcinj.com\/blog\/2017\/07\/09\/ura-ulcinj-cungu-trazio-300-000-eura-donacije-od-markovica\/#breadcrumb\"},\"inLanguage\":\"en-US\",\"potentialAction\":[{\"@type\":\"ReadAction\",\"target\":[\"https:\/\/www.visit-ulcinj.com\/blog\/2017\/07\/09\/ura-ulcinj-cungu-trazio-300-000-eura-donacije-od-markovica\/\"]}]},{\"@type\":\"BreadcrumbList\",\"@id\":\"https:\/\/www.visit-ulcinj.com\/blog\/2017\/07\/09\/ura-ulcinj-cungu-trazio-300-000-eura-donacije-od-markovica\/#breadcrumb\",\"itemListElement\":[{\"@type\":\"ListItem\",\"position\":1,\"name\":\"URA Ulcinj: Cungu tra\u017eio 300.000 eura donacije od Markovi\u0107a\"}]},{\"@type\":\"Person\",\"@id\":\"https:\/\/www.visit-ulcinj.com\/blog\/#\/schema\/person\/dcab619c614d3038751c63bc2aadc06d\",\"name\":\"ulqini\",\"sameAs\":[\"http:\/\/www.visit-ulcinj.com\"],\"url\":\"https:\/\/www.visit-ulcinj.com\/blog\/author\/admin\/\"}]}<\/script>\n<!-- \/ Yoast SEO plugin. -->","yoast_head_json":{"title":"URA Ulcinj: Cungu tra\u017eio 300.000 eura donacije od Markovi\u0107a - Lajme nga Ulqini","description":"Cungovi koalicioni partneri o ovom zahtjevu, ka\u017eu, ne znaju ni\u0161ta, ali imaju komentar Autor: Suzana Gani\u0107 Predsjednik op\u0161tine Ulcinj Nazif Cungu pisao je","robots":{"index":"index","follow":"follow","max-snippet":"max-snippet:-1","max-image-preview":"max-image-preview:large","max-video-preview":"max-video-preview:-1"},"canonical":"https:\/\/www.visit-ulcinj.com\/blog\/2017\/07\/09\/ura-ulcinj-cungu-trazio-300-000-eura-donacije-od-markovica\/","og_locale":"en_US","og_type":"article","og_title":"URA Ulcinj: Cungu tra\u017eio 300.000 eura donacije od Markovi\u0107a - Lajme nga Ulqini","og_description":"Cungovi koalicioni partneri o ovom zahtjevu, ka\u017eu, ne znaju ni\u0161ta, ali imaju komentar Autor: Suzana Gani\u0107 Predsjednik op\u0161tine Ulcinj Nazif Cungu pisao je","og_url":"https:\/\/www.visit-ulcinj.com\/blog\/2017\/07\/09\/ura-ulcinj-cungu-trazio-300-000-eura-donacije-od-markovica\/","og_site_name":"Lajme nga Ulqini","article_published_time":"2017-07-09T09:15:41+00:00","og_image":[{"url":"http:\/\/www.visit-ulcinj.com\/blog\/wp-content\/uploads\/2017\/07\/Nazif-Cungu-Ulcinj.jpg"}],"twitter_misc":{"Written by":"ulqini","Est. reading time":"2 minutes"},"schema":{"@context":"https:\/\/schema.org","@graph":[{"@type":"WebSite","@id":"https:\/\/www.visit-ulcinj.com\/blog\/#website","url":"https:\/\/www.visit-ulcinj.com\/blog\/","name":"Lajme nga Ulqini","description":"Lajme,Vijesti,Ulqini,Ulqin,Crna Gora,Mali i Zi","potentialAction":[{"@type":"SearchAction","target":{"@type":"EntryPoint","urlTemplate":"https:\/\/www.visit-ulcinj.com\/blog\/?s={search_term_string}"},"query-input":"required name=search_term_string"}],"inLanguage":"en-US"},{"@type":"ImageObject","inLanguage":"en-US","@id":"https:\/\/www.visit-ulcinj.com\/blog\/2017\/07\/09\/ura-ulcinj-cungu-trazio-300-000-eura-donacije-od-markovica\/#primaryimage","url":"https:\/\/www.visit-ulcinj.com\/blog\/wp-content\/uploads\/2017\/07\/Nazif-Cungu-Ulcinj.jpg","contentUrl":"https:\/\/www.visit-ulcinj.com\/blog\/wp-content\/uploads\/2017\/07\/Nazif-Cungu-Ulcinj.jpg","width":563,"height":325},{"@type":"WebPage","@id":"https:\/\/www.visit-ulcinj.com\/blog\/2017\/07\/09\/ura-ulcinj-cungu-trazio-300-000-eura-donacije-od-markovica\/#webpage","url":"https:\/\/www.visit-ulcinj.com\/blog\/2017\/07\/09\/ura-ulcinj-cungu-trazio-300-000-eura-donacije-od-markovica\/","name":"URA Ulcinj: Cungu tra\u017eio 300.000 eura donacije od Markovi\u0107a - Lajme nga Ulqini","isPartOf":{"@id":"https:\/\/www.visit-ulcinj.com\/blog\/#website"},"primaryImageOfPage":{"@id":"https:\/\/www.visit-ulcinj.com\/blog\/2017\/07\/09\/ura-ulcinj-cungu-trazio-300-000-eura-donacije-od-markovica\/#primaryimage"},"datePublished":"2017-07-09T09:15:41+00:00","dateModified":"2017-07-09T09:15:41+00:00","author":{"@id":"https:\/\/www.visit-ulcinj.com\/blog\/#\/schema\/person\/dcab619c614d3038751c63bc2aadc06d"},"description":"Cungovi koalicioni partneri o ovom zahtjevu, ka\u017eu, ne znaju ni\u0161ta, ali imaju komentar Autor: Suzana Gani\u0107 Predsjednik op\u0161tine Ulcinj Nazif Cungu pisao je","breadcrumb":{"@id":"https:\/\/www.visit-ulcinj.com\/blog\/2017\/07\/09\/ura-ulcinj-cungu-trazio-300-000-eura-donacije-od-markovica\/#breadcrumb"},"inLanguage":"en-US","potentialAction":[{"@type":"ReadAction","target":["https:\/\/www.visit-ulcinj.com\/blog\/2017\/07\/09\/ura-ulcinj-cungu-trazio-300-000-eura-donacije-od-markovica\/"]}]},{"@type":"BreadcrumbList","@id":"https:\/\/www.visit-ulcinj.com\/blog\/2017\/07\/09\/ura-ulcinj-cungu-trazio-300-000-eura-donacije-od-markovica\/#breadcrumb","itemListElement":[{"@type":"ListItem","position":1,"name":"URA Ulcinj: Cungu tra\u017eio 300.000 eura donacije od Markovi\u0107a"}]},{"@type":"Person","@id":"https:\/\/www.visit-ulcinj.com\/blog\/#\/schema\/person\/dcab619c614d3038751c63bc2aadc06d","name":"ulqini","sameAs":["http:\/\/www.visit-ulcinj.com"],"url":"https:\/\/www.visit-ulcinj.com\/blog\/author\/admin\/"}]}},"jetpack_featured_media_url":"","jetpack_sharing_enabled":true,"jetpack_shortlink":"https:\/\/wp.me\/pe6lTn-rBc","_links":{"self":[{"href":"https:\/\/www.visit-ulcinj.com\/blog\/wp-json\/wp\/v2\/posts\/106094"}],"collection":[{"href":"https:\/\/www.visit-ulcinj.com\/blog\/wp-json\/wp\/v2\/posts"}],"about":[{"href":"https:\/\/www.visit-ulcinj.com\/blog\/wp-json\/wp\/v2\/types\/post"}],"author":[{"embeddable":true,"href":"https:\/\/www.visit-ulcinj.com\/blog\/wp-json\/wp\/v2\/users\/1"}],"replies":[{"embeddable":true,"href":"https:\/\/www.visit-ulcinj.com\/blog\/wp-json\/wp\/v2\/comments?post=106094"}],"version-history":[{"count":1,"href":"https:\/\/www.visit-ulcinj.com\/blog\/wp-json\/wp\/v2\/posts\/106094\/revisions"}],"predecessor-version":[{"id":106096,"href":"https:\/\/www.visit-ulcinj.com\/blog\/wp-json\/wp\/v2\/posts\/106094\/revisions\/106096"}],"wp:attachment":[{"href":"https:\/\/www.visit-ulcinj.com\/blog\/wp-json\/wp\/v2\/media?parent=106094"}],"wp:term":[{"taxonomy":"category","embeddable":true,"href":"https:\/\/www.visit-ulcinj.com\/blog\/wp-json\/wp\/v2\/categories?post=106094"},{"taxonomy":"post_tag","embeddable":true,"href":"https:\/\/www.visit-ulcinj.com\/blog\/wp-json\/wp\/v2\/tags?post=106094"}],"curies":[{"name":"wp","href":"https:\/\/api.w.org\/{rel}","templated":true}]}}