{"id":106097,"date":"2017-07-09T10:32:09","date_gmt":"2017-07-09T09:32:09","guid":{"rendered":"http:\/\/www.visit-ulcinj.com\/blog\/?p=106097"},"modified":"2017-07-10T16:11:24","modified_gmt":"2017-07-10T15:11:24","slug":"eshte-koha-per-zgjerimin-dhe-modernizimin-e-pikes-kufitare-muriqan-sukubine","status":"publish","type":"post","link":"https:\/\/www.visit-ulcinj.com\/blog\/2017\/07\/09\/eshte-koha-per-zgjerimin-dhe-modernizimin-e-pikes-kufitare-muriqan-sukubine\/","title":{"rendered":"\u00cbsht\u00eb koha p\u00ebr zgjerimin dhe modernizimin e pik\u00ebs kufitare Muriqan &#8211; Sukubin\u00eb!"},"content":{"rendered":"<p class=\"m_5278827963571451586p2\"><span class=\"m_5278827963571451586s1\"><a href=\"http:\/\/www.visit-ulcinj.com\/blog\/wp-content\/uploads\/2008\/04\/berisha-gjukanovic-sukubin-_muriqan.jpg\"><img loading=\"lazy\" class=\"alignleft wp-image-1344\" src=\"http:\/\/www.visit-ulcinj.com\/blog\/wp-content\/uploads\/2008\/04\/berisha-gjukanovic-sukubin-_muriqan.jpg\" alt=\"\" width=\"508\" height=\"302\" \/><\/a><strong>Nga Xheladin Zeneli<\/strong><\/span><\/p>\n<p class=\"m_5278827963571451586p2\"><span class=\"m_5278827963571451586s1\">Para 15 viteve, pra<span class=\"m_5278827963571451586Apple-converted-space\">\u00a0 <\/span>n\u00eb vitin 2002 u hap pika kufitare midis Shqip\u00ebris\u00eb dhe Malit t\u00eb Zi n\u00eb vendin Sukubin\u00eb-Muriqan, i cili gjindet n\u00eb aksin rrugor Ulqin-Shkod\u00ebr. N\u00eb nj\u00eb atmosfer\u00eb t\u00eb at\u00ebhershme solemne dhe n\u00eb presenc\u00ebn e mij\u00ebra banor\u00ebve nga Ulqini, Ana e Malit, Tivari, Kraja, dhe Shkodra me rrethin\u00eb, t\u00eb cil\u00ebt shpreh\u00ebn g\u00ebzimin<span class=\"m_5278827963571451586Apple-converted-space\">\u00a0 <\/span>dhe k\u00ebnaq\u00ebsin\u00eb e tyre q\u00eb pas 50 viteve, banor\u00ebt e t\u00eb dy an\u00ebve t\u00eb kufirit mund t\u00eb l\u00ebviznin lirsh\u00ebm dhe mund t\u00eb rip\u00ebrtrijn\u00eb marr\u00ebdh\u00ebniet e tyre v\u00ebllaz\u00ebrore n\u00eb \u00e7do aspekt t\u00eb jet\u00ebs shoq\u00ebrore.<\/span><\/p>\n<p><a href=\"http:\/\/www.visit-ulcinj.com\/blog\/wp-content\/uploads\/2008\/04\/berisha-gjukanovic-sukubin-_muriqan2.jpg\"><img loading=\"lazy\" class=\"alignleft wp-image-1347\" src=\"http:\/\/www.visit-ulcinj.com\/blog\/wp-content\/uploads\/2008\/04\/berisha-gjukanovic-sukubin-_muriqan2.jpg\" alt=\"\" width=\"508\" height=\"368\" \/><\/a><\/p>\n<p class=\"m_5278827963571451586p2\"><span class=\"m_5278827963571451586s1\"><span class=\"m_5278827963571451586Apple-converted-space\">\u00a0 \u00a0 \u00a0 <\/span>Po ve\u00e7ojm\u00eb disa fjali t\u00eb zyrtar\u00ebve t\u00eb at\u00ebhersh\u00ebm t\u00eb Shqip\u00ebris\u00eb dhe t\u00eb Malit t\u00eb Zi, t\u00eb cil\u00ebt me pompozitet t\u00eb madh u shpreh\u00ebn me rastin e hapjes s\u00eb k\u00ebtij vendkalimi kufitar, ku n\u00eb mes<span class=\"m_5278827963571451586Apple-converted-space\">\u00a0 <\/span>tjerash ata than\u00eb :&#8221;&#8230;Kjo pik\u00eb kufitare afron Shkodr\u00ebn dhe Ulqinin duke b\u00ebr\u00eb bashkimin shpirt\u00ebror, i cili p\u00ebr vite ishte i ndaluar&#8230;&#8221;.&#8221; &#8230;Pika kufitare n\u00eb Sukubin\u00eb- Muriqan do t\u00eb shkurtoj\u00eb duksh\u00ebm distanc\u00ebn midis dy qyteteve t\u00eb lashta, Shkodr\u00ebs dhe Ulqinit&#8221;.<\/span><\/p>\n<p class=\"m_5278827963571451586p2\"><span class=\"m_5278827963571451586s1\"><span class=\"m_5278827963571451586Apple-converted-space\">\u00a0\u00a0 <\/span>Me keqardhje mund konstatojm\u00eb por ky vendkalim kufitar sot, gjat\u00eb muajv\u00eb t\u00eb ver\u00ebs , me pritjet e m\u00ebdha dhe kolonat e gjata, nuk po shkurton por po e zgjat duksh\u00ebm distanc\u00ebn n\u00eb mes k\u00ebtyre dy qyteteve dhe m\u00eb shum\u00eb po largon<span class=\"m_5278827963571451586Apple-converted-space\">\u00a0 <\/span>se sa po afron, posa\u00e7\u00ebrisht<span class=\"m_5278827963571451586Apple-converted-space\">\u00a0 <\/span>banor\u00ebt vendas t\u00eb dy an\u00ebve t\u00eb kufirit shqiptaro &#8211; shiptar.<\/span><\/p>\n<p><a href=\"http:\/\/www.visit-ulcinj.com\/blog\/wp-content\/uploads\/2011\/03\/kufiri-Muriqan-Sukubin.jpg\"><img loading=\"lazy\" class=\"alignleft wp-image-44693\" src=\"http:\/\/www.visit-ulcinj.com\/blog\/wp-content\/uploads\/2011\/03\/kufiri-Muriqan-Sukubin.jpg\" alt=\"\" width=\"508\" height=\"381\" srcset=\"https:\/\/www.visit-ulcinj.com\/blog\/wp-content\/uploads\/2011\/03\/kufiri-Muriqan-Sukubin.jpg 640w, https:\/\/www.visit-ulcinj.com\/blog\/wp-content\/uploads\/2011\/03\/kufiri-Muriqan-Sukubin-300x225.jpg 300w\" sizes=\"(max-width: 508px) 100vw, 508px\" \/><\/a><\/p>\n<p class=\"m_5278827963571451586p2\"><span class=\"m_5278827963571451586s1\"><span class=\"m_5278827963571451586Apple-converted-space\">\u00a0\u00a0 <\/span>Nga Ulqini deri n\u00eb Shkod\u00ebr ka 42 kilometra dhe kjo distanc\u00eb, n\u00eb kushte normale kalohet p\u00ebr 40-50 minuta, por gjat\u00eb ver\u00ebs mund shpenzohen edhe<span class=\"m_5278827963571451586Apple-converted-space\">\u00a0 <\/span>3-4 or\u00eb udh\u00ebtim me automjet !<\/span><\/p>\n<p class=\"m_5278827963571451586p2\"><span class=\"m_5278827963571451586s1\"><span class=\"m_5278827963571451586Apple-converted-space\">\u00a0\u00a0 <\/span>Vit\u00ebve t\u00eb fundit, m\u00eb ka q\u00eblluar shpesh <span class=\"m_5278827963571451586Apple-converted-space\">\u00a0 <\/span>q\u00eb gjat\u00eb pushimit tim veror n\u00eb vendlindje ( An\u00eb t\u00eb Malit), bashk\u00eb me t\u00eb af\u00ebrmit, miq\u00ebt apo shok\u00ebt t\u00eb mendojm\u00eb p\u00ebr t\u00eb shkuar dhe p\u00ebr t\u00eb kaluar ndonji pasdite apo mbr\u00ebmje t\u00eb bukur n\u00eb Shkod\u00ebr, por kjo d\u00ebshir\u00eb, gjith\u00ebmon\u00eb pengohej q\u00eb t\u00eb realizohej nga vet fakti i kolonave t\u00eb gjata t\u00eb automjeteve,nganj\u00ebher\u00eb me disa kilometra, q\u00eb presin t\u00eb kalojn\u00eb nga t\u00eb dyja an\u00ebt e kufirit !. Jam i bindur se po e nj\u00ebjta arsye i diskurajon edhe shum\u00eb t\u00eb tjer\u00eb q\u00eb d\u00ebshirojn\u00eb t\u00eb marrin drejtimin p\u00ebrtej kufirit.<\/span><\/p>\n<p class=\"m_5278827963571451586p2\"><span class=\"m_5278827963571451586s1\"><span class=\"m_5278827963571451586Apple-converted-space\">\u00a0\u00a0 \u00a0 <\/span>Q\u00eb nga dita e hapjes s\u00eb pik\u00ebs kufitare n\u00eb fjal\u00eb e deri m\u00eb sot, gjendja ka ardhur duke u p\u00ebrkeq\u00ebsuar, edhe p\u00ebrkund\u00ebr angazhimeve t\u00eb dy pal\u00ebve n\u00eb p\u00ebrmir\u00ebsimin apo p\u00ebrshpejtimin e procedur\u00ebs doganore. N\u00eb vitin 2009 filloj nga puna nd\u00ebrtesa e p\u00ebrbashk\u00ebt doganore Shqip\u00ebri\/Mali i Zi ku at\u00ebher\u00eb t\u00eb dy policit\u00eb kufitare i kontrollonin dokumentet ve\u00e7mas, proces ky i cili ngadal\u00ebsonte<span class=\"m_5278827963571451586Apple-converted-space\">\u00a0 <\/span>procedur\u00ebn doganore. Kurse n\u00eb vitin 2011 p\u00ebr shtetasit shqiptar\u00eb dhe malazez\u00eb filloj procesi i kalimit t\u00eb kufirit vet\u00ebm p\u00ebrmes<span class=\"m_5278827963571451586Apple-converted-space\">\u00a0 <\/span>let\u00ebrnjoftimit i cili kontrollohet vet\u00ebm nj\u00eb her\u00eb nga punonj\u00ebsit e dy vendeve.<\/span><\/p>\n<p><a href=\"http:\/\/www.visit-ulcinj.com\/blog\/wp-content\/uploads\/2010\/08\/sukubin_shkoder.jpg\"><img loading=\"lazy\" class=\"alignleft wp-image-36189\" src=\"http:\/\/www.visit-ulcinj.com\/blog\/wp-content\/uploads\/2010\/08\/sukubin_shkoder.jpg\" alt=\"\" width=\"508\" height=\"337\" srcset=\"https:\/\/www.visit-ulcinj.com\/blog\/wp-content\/uploads\/2010\/08\/sukubin_shkoder.jpg 640w, https:\/\/www.visit-ulcinj.com\/blog\/wp-content\/uploads\/2010\/08\/sukubin_shkoder-300x199.jpg 300w\" sizes=\"(max-width: 508px) 100vw, 508px\" \/><\/a><\/p>\n<p class=\"m_5278827963571451586p2\"><span class=\"m_5278827963571451586s1\"><span class=\"m_5278827963571451586Apple-converted-space\">\u00a0\u00a0 \u00a0 <\/span>Problemi paraqitet gjat\u00eb muajve veror ku ka nj\u00eb fluks t\u00eb jasht\u00ebzakonsh\u00ebm t\u00eb turist\u00ebve dhe nj\u00eb ngarkes\u00eb tep\u00ebr t\u00eb madhe n\u00eb aksin rrugor Ulqin-Shkod\u00ebr i cili nj\u00ebherit shfryt\u00ebzohet si udh\u00eb lidh\u00ebse me autostradat e disa shteteve<span class=\"m_5278827963571451586Apple-converted-space\">\u00a0 <\/span>t\u00eb rajonit dhe n\u00eb k\u00ebt\u00eb m\u00ebnyr\u00eb <\/span><span class=\"m_5278827963571451586s1\">krijon trysni kumunikacioni n\u00eb vendkalimin Muriqan-Sukubin\u00eb.<\/span><\/p>\n<p class=\"m_5278827963571451586p2\"><span class=\"m_5278827963571451586s1\">Pra, n\u00eb rastin e turist\u00ebve tranzitor , n\u00eb pik\u00ebn kufitare duhet t\u00eb realizohet dhe implementohet<span class=\"m_5278827963571451586Apple-converted-space\">\u00a0 <\/span>programi i integruar kompjuterik , di\u00e7ka q\u00eb aplikohet n\u00eb vendet e Europ\u00ebs P\u00ebrendimore, me an\u00eb t\u00eb s\u00eb cilit b\u00ebhet regjistrimi i dokumenteve nj\u00eb her\u00eb t\u00eb vetme .Pra, e gjith\u00eb esenca e egzistimit t\u00eb nj\u00eb nd\u00ebrtese t\u00eb p\u00ebrbashk\u00ebt doganore \u00ebsht\u00eb q\u00eb t\u00eb gjith\u00eb kalimtar\u00ebt, bashk\u00eb me automjetet e tyre, t\u00eb identifikohen vet\u00ebm nj\u00eb her\u00eb.<span class=\"m_5278827963571451586Apple-converted-space\">\u00a0<\/span><\/span><\/p>\n<p class=\"m_5278827963571451586p2\"><span class=\"m_5278827963571451586s1\"><span class=\"m_5278827963571451586Apple-converted-space\">\u00a0\u00a0 <\/span>Problemi tjet\u00ebr ka t\u00eb b\u00ebj\u00eb me infrastuktur\u00ebn rrugore e cila duhet t&#8217;i p\u00ebrshtatet kapacitetit t\u00eb tanish\u00ebm t\u00eb automjeteve. Si\u00e7 dihet nd\u00ebrtimi i pjes\u00ebs s\u00eb aksit rrugor Ulqin &#8211; Kryth\u00eb po zvarritet me vite t\u00eb t\u00ebra dhe kjo po e v\u00ebshtir\u00ebson gjendjen edhe aq t\u00eb v\u00ebshtir\u00eb. Derisa n\u00eb fillim t\u00eb hapjes dhe funksionimit t\u00eb k\u00ebsaj pike kufitare, num\u00ebri i kalimtar\u00ebve ishte i vog\u00ebl, me kalimin e koh\u00ebs<span class=\"m_5278827963571451586Apple-converted-space\">\u00a0 <\/span>ky num\u00ebr ka arritur me qindra mij\u00ebra n\u00eb vit dhe dogana egzistuese nuk e p\u00ebrmban dot ngarkes\u00ebn e tanishme.<\/span><\/p>\n<p><a href=\"http:\/\/www.visit-ulcinj.com\/blog\/wp-content\/uploads\/2010\/09\/kufini-ne-Sukubin_Muriqan.jpg\"><img loading=\"lazy\" class=\"alignleft wp-image-37281\" src=\"http:\/\/www.visit-ulcinj.com\/blog\/wp-content\/uploads\/2010\/09\/kufini-ne-Sukubin_Muriqan.jpg\" alt=\"\" width=\"508\" height=\"381\" srcset=\"https:\/\/www.visit-ulcinj.com\/blog\/wp-content\/uploads\/2010\/09\/kufini-ne-Sukubin_Muriqan.jpg 604w, https:\/\/www.visit-ulcinj.com\/blog\/wp-content\/uploads\/2010\/09\/kufini-ne-Sukubin_Muriqan-300x225.jpg 300w\" sizes=\"(max-width: 508px) 100vw, 508px\" \/><\/a><\/p>\n<p class=\"m_5278827963571451586p2\"><span class=\"m_5278827963571451586s1\"><span class=\"m_5278827963571451586Apple-converted-space\">\u00a0 <\/span>Gjithashtu, ndoshta \u00ebsht\u00eb koha q\u00eb dy shtetet p\u00ebrkat\u00ebse t\u00eb investojn\u00eb n\u00eb zgjerimin dhe modernizimin e nd\u00ebrtes\u00ebs s\u00eb p\u00ebrbashk\u00ebt doganore, nd\u00ebrtimi i s\u00eb cil\u00ebs ishte financuar nga BE n\u00eb vitin 2009.<span class=\"m_5278827963571451586Apple-converted-space\">\u00a0<\/span><\/span><\/p>\n<p class=\"m_5278827963571451586p2\"><span class=\"m_5278827963571451586s1\"><span class=\"m_5278827963571451586Apple-converted-space\">\u00a0\u00a0 <\/span>Pa marr parasysh planeve t\u00eb ardhshme, nj\u00eb gj\u00eb \u00ebsht\u00eb e sigurt\u00eb, se di\u00e7ka medeomos duhet t\u00eb ndryshoj\u00eb pozitivisht, me q\u00ebllim q\u00eb t\u00eb minimizohet pritja e automjeteve dhe t\u00eb leht\u00ebsohet procedura e kalimit t\u00eb kufirit. N\u00eb rend t\u00eb par\u00eb, p\u00ebr banor\u00ebt vendas n\u00eb t\u00eb dy an\u00ebt e kufirit t\u00eb cil\u00ebt n\u00eb asnj\u00eb m\u00ebnyr\u00eb nuk do t\u00eb duheshin q\u00eb t\u00eb presin 2-3 or\u00eb n\u00eb muajt e nxeht\u00eb t\u00eb ver\u00ebs, brenda veturave t\u00eb tyre, p\u00ebr t\u00eb shkuar p\u00ebr t\u00eb h\u00ebng\u00ebr nj\u00eb dark\u00eb apo p\u00ebr t\u00eb pir\u00eb nj\u00eb kafe n\u00eb qytetet e tyre respektive, n\u00eb Shkod\u00ebr apo n\u00eb Ulqin.Kurse p\u00ebr turist\u00ebt dhe pushuesit transitor do t\u00eb duhet t&#8217;ju mund\u00ebsohet q\u00eb mos t\u00eb t\u00eb humbin gjysm\u00ebn e dit\u00ebs s\u00eb tyre t\u00eb pushimit duke pritur n\u00eb kolonat e gjata n\u00eb dogan\u00eb.<\/span><\/p>\n<p class=\"m_5278827963571451586p1\"><span class=\"m_5278827963571451586s1\"><span class=\"m_5278827963571451586Apple-converted-space\">\u00a0 \u00a0 \u00a0<\/span><\/span><\/p>\n<p class=\"m_5278827963571451586p2\"><span class=\"m_5278827963571451586s1\">Xheladin Zeneli<\/span><\/p>\n<p class=\"m_5278827963571451586p2\"><span class=\"m_5278827963571451586s1\">8 Korrik 2017<\/span><\/p>\n","protected":false},"excerpt":{"rendered":"<p>Nga Xheladin Zeneli Para 15 viteve, pra\u00a0 n\u00eb vitin 2002 u hap pika kufitare midis Shqip\u00ebris\u00eb dhe Malit t\u00eb Zi n\u00eb vendin Sukubin\u00eb-Muriqan, i cili gjindet n\u00eb aksin rrugor Ulqin-Shkod\u00ebr. N\u00eb nj\u00eb atmosfer\u00eb t\u00eb at\u00ebhershme solemne dhe n\u00eb presenc\u00ebn e mij\u00ebra banor\u00ebve nga Ulqini, Ana e Malit, Tivari, Kraja, dhe Shkodra me rrethin\u00eb, t\u00eb cil\u00ebt [&hellip;]<\/p>\n","protected":false},"author":1,"featured_media":0,"comment_status":"closed","ping_status":"closed","sticky":false,"template":"","format":"standard","meta":{"spay_email":"","jetpack_publicize_message":"","jetpack_is_tweetstorm":false,"jetpack_publicize_feature_enabled":true},"categories":[1,11],"tags":[],"jetpack_publicize_connections":[],"yoast_head":"<!-- This site is optimized with the Yoast SEO plugin v19.1 - https:\/\/yoast.com\/wordpress\/plugins\/seo\/ -->\n<title>\u00cbsht\u00eb koha p\u00ebr zgjerimin dhe modernizimin e pik\u00ebs kufitare Muriqan - Sukubin\u00eb! - Lajme nga Ulqini<\/title>\n<meta name=\"description\" content=\"Nga Xheladin Zeneli Para 15 viteve, pra\u00a0 n\u00eb vitin 2002 u hap pika kufitare midis Shqip\u00ebris\u00eb dhe Malit t\u00eb Zi n\u00eb vendin Sukubin\u00eb-Muriqan, i cili gjindet n\u00eb\" \/>\n<meta name=\"robots\" content=\"index, follow, max-snippet:-1, max-image-preview:large, max-video-preview:-1\" \/>\n<link rel=\"canonical\" href=\"https:\/\/www.visit-ulcinj.com\/blog\/2017\/07\/09\/eshte-koha-per-zgjerimin-dhe-modernizimin-e-pikes-kufitare-muriqan-sukubine\/\" \/>\n<meta property=\"og:locale\" content=\"en_US\" \/>\n<meta property=\"og:type\" content=\"article\" \/>\n<meta property=\"og:title\" content=\"\u00cbsht\u00eb koha p\u00ebr zgjerimin dhe modernizimin e pik\u00ebs kufitare Muriqan - Sukubin\u00eb! - Lajme nga Ulqini\" \/>\n<meta property=\"og:description\" content=\"Nga Xheladin Zeneli Para 15 viteve, pra\u00a0 n\u00eb vitin 2002 u hap pika kufitare midis Shqip\u00ebris\u00eb dhe Malit t\u00eb Zi n\u00eb vendin Sukubin\u00eb-Muriqan, i cili gjindet n\u00eb\" \/>\n<meta property=\"og:url\" content=\"https:\/\/www.visit-ulcinj.com\/blog\/2017\/07\/09\/eshte-koha-per-zgjerimin-dhe-modernizimin-e-pikes-kufitare-muriqan-sukubine\/\" \/>\n<meta property=\"og:site_name\" content=\"Lajme nga Ulqini\" \/>\n<meta property=\"article:published_time\" content=\"2017-07-09T09:32:09+00:00\" \/>\n<meta property=\"article:modified_time\" content=\"2017-07-10T15:11:24+00:00\" \/>\n<meta property=\"og:image\" content=\"http:\/\/www.visit-ulcinj.com\/blog\/wp-content\/uploads\/2008\/04\/berisha-gjukanovic-sukubin-_muriqan.jpg\" \/>\n<meta name=\"twitter:label1\" content=\"Written by\" \/>\n\t<meta name=\"twitter:data1\" content=\"ulqini\" \/>\n\t<meta name=\"twitter:label2\" content=\"Est. reading time\" \/>\n\t<meta name=\"twitter:data2\" content=\"5 minutes\" \/>\n<script type=\"application\/ld+json\" class=\"yoast-schema-graph\">{\"@context\":\"https:\/\/schema.org\",\"@graph\":[{\"@type\":\"WebSite\",\"@id\":\"https:\/\/www.visit-ulcinj.com\/blog\/#website\",\"url\":\"https:\/\/www.visit-ulcinj.com\/blog\/\",\"name\":\"Lajme nga Ulqini\",\"description\":\"Lajme,Vijesti,Ulqini,Ulqin,Crna Gora,Mali i Zi\",\"potentialAction\":[{\"@type\":\"SearchAction\",\"target\":{\"@type\":\"EntryPoint\",\"urlTemplate\":\"https:\/\/www.visit-ulcinj.com\/blog\/?s={search_term_string}\"},\"query-input\":\"required name=search_term_string\"}],\"inLanguage\":\"en-US\"},{\"@type\":\"ImageObject\",\"inLanguage\":\"en-US\",\"@id\":\"https:\/\/www.visit-ulcinj.com\/blog\/2017\/07\/09\/eshte-koha-per-zgjerimin-dhe-modernizimin-e-pikes-kufitare-muriqan-sukubine\/#primaryimage\",\"url\":\"http:\/\/www.visit-ulcinj.com\/blog\/wp-content\/uploads\/2008\/04\/berisha-gjukanovic-sukubin-_muriqan.jpg\",\"contentUrl\":\"http:\/\/www.visit-ulcinj.com\/blog\/wp-content\/uploads\/2008\/04\/berisha-gjukanovic-sukubin-_muriqan.jpg\"},{\"@type\":\"WebPage\",\"@id\":\"https:\/\/www.visit-ulcinj.com\/blog\/2017\/07\/09\/eshte-koha-per-zgjerimin-dhe-modernizimin-e-pikes-kufitare-muriqan-sukubine\/#webpage\",\"url\":\"https:\/\/www.visit-ulcinj.com\/blog\/2017\/07\/09\/eshte-koha-per-zgjerimin-dhe-modernizimin-e-pikes-kufitare-muriqan-sukubine\/\",\"name\":\"\u00cbsht\u00eb koha p\u00ebr zgjerimin dhe modernizimin e pik\u00ebs kufitare Muriqan - Sukubin\u00eb! - Lajme nga Ulqini\",\"isPartOf\":{\"@id\":\"https:\/\/www.visit-ulcinj.com\/blog\/#website\"},\"primaryImageOfPage\":{\"@id\":\"https:\/\/www.visit-ulcinj.com\/blog\/2017\/07\/09\/eshte-koha-per-zgjerimin-dhe-modernizimin-e-pikes-kufitare-muriqan-sukubine\/#primaryimage\"},\"datePublished\":\"2017-07-09T09:32:09+00:00\",\"dateModified\":\"2017-07-10T15:11:24+00:00\",\"author\":{\"@id\":\"https:\/\/www.visit-ulcinj.com\/blog\/#\/schema\/person\/dcab619c614d3038751c63bc2aadc06d\"},\"description\":\"Nga Xheladin Zeneli Para 15 viteve, pra\u00a0 n\u00eb vitin 2002 u hap pika kufitare midis Shqip\u00ebris\u00eb dhe Malit t\u00eb Zi n\u00eb vendin Sukubin\u00eb-Muriqan, i cili gjindet n\u00eb\",\"breadcrumb\":{\"@id\":\"https:\/\/www.visit-ulcinj.com\/blog\/2017\/07\/09\/eshte-koha-per-zgjerimin-dhe-modernizimin-e-pikes-kufitare-muriqan-sukubine\/#breadcrumb\"},\"inLanguage\":\"en-US\",\"potentialAction\":[{\"@type\":\"ReadAction\",\"target\":[\"https:\/\/www.visit-ulcinj.com\/blog\/2017\/07\/09\/eshte-koha-per-zgjerimin-dhe-modernizimin-e-pikes-kufitare-muriqan-sukubine\/\"]}]},{\"@type\":\"BreadcrumbList\",\"@id\":\"https:\/\/www.visit-ulcinj.com\/blog\/2017\/07\/09\/eshte-koha-per-zgjerimin-dhe-modernizimin-e-pikes-kufitare-muriqan-sukubine\/#breadcrumb\",\"itemListElement\":[{\"@type\":\"ListItem\",\"position\":1,\"name\":\"\u00cbsht\u00eb koha p\u00ebr zgjerimin dhe modernizimin e pik\u00ebs kufitare Muriqan &#8211; Sukubin\u00eb!\"}]},{\"@type\":\"Person\",\"@id\":\"https:\/\/www.visit-ulcinj.com\/blog\/#\/schema\/person\/dcab619c614d3038751c63bc2aadc06d\",\"name\":\"ulqini\",\"sameAs\":[\"http:\/\/www.visit-ulcinj.com\"],\"url\":\"https:\/\/www.visit-ulcinj.com\/blog\/author\/admin\/\"}]}<\/script>\n<!-- \/ Yoast SEO plugin. -->","yoast_head_json":{"title":"\u00cbsht\u00eb koha p\u00ebr zgjerimin dhe modernizimin e pik\u00ebs kufitare Muriqan - Sukubin\u00eb! - Lajme nga Ulqini","description":"Nga Xheladin Zeneli Para 15 viteve, pra\u00a0 n\u00eb vitin 2002 u hap pika kufitare midis Shqip\u00ebris\u00eb dhe Malit t\u00eb Zi n\u00eb vendin Sukubin\u00eb-Muriqan, i cili gjindet n\u00eb","robots":{"index":"index","follow":"follow","max-snippet":"max-snippet:-1","max-image-preview":"max-image-preview:large","max-video-preview":"max-video-preview:-1"},"canonical":"https:\/\/www.visit-ulcinj.com\/blog\/2017\/07\/09\/eshte-koha-per-zgjerimin-dhe-modernizimin-e-pikes-kufitare-muriqan-sukubine\/","og_locale":"en_US","og_type":"article","og_title":"\u00cbsht\u00eb koha p\u00ebr zgjerimin dhe modernizimin e pik\u00ebs kufitare Muriqan - Sukubin\u00eb! - Lajme nga Ulqini","og_description":"Nga Xheladin Zeneli Para 15 viteve, pra\u00a0 n\u00eb vitin 2002 u hap pika kufitare midis Shqip\u00ebris\u00eb dhe Malit t\u00eb Zi n\u00eb vendin Sukubin\u00eb-Muriqan, i cili gjindet n\u00eb","og_url":"https:\/\/www.visit-ulcinj.com\/blog\/2017\/07\/09\/eshte-koha-per-zgjerimin-dhe-modernizimin-e-pikes-kufitare-muriqan-sukubine\/","og_site_name":"Lajme nga Ulqini","article_published_time":"2017-07-09T09:32:09+00:00","article_modified_time":"2017-07-10T15:11:24+00:00","og_image":[{"url":"http:\/\/www.visit-ulcinj.com\/blog\/wp-content\/uploads\/2008\/04\/berisha-gjukanovic-sukubin-_muriqan.jpg"}],"twitter_misc":{"Written by":"ulqini","Est. reading time":"5 minutes"},"schema":{"@context":"https:\/\/schema.org","@graph":[{"@type":"WebSite","@id":"https:\/\/www.visit-ulcinj.com\/blog\/#website","url":"https:\/\/www.visit-ulcinj.com\/blog\/","name":"Lajme nga Ulqini","description":"Lajme,Vijesti,Ulqini,Ulqin,Crna Gora,Mali i Zi","potentialAction":[{"@type":"SearchAction","target":{"@type":"EntryPoint","urlTemplate":"https:\/\/www.visit-ulcinj.com\/blog\/?s={search_term_string}"},"query-input":"required name=search_term_string"}],"inLanguage":"en-US"},{"@type":"ImageObject","inLanguage":"en-US","@id":"https:\/\/www.visit-ulcinj.com\/blog\/2017\/07\/09\/eshte-koha-per-zgjerimin-dhe-modernizimin-e-pikes-kufitare-muriqan-sukubine\/#primaryimage","url":"http:\/\/www.visit-ulcinj.com\/blog\/wp-content\/uploads\/2008\/04\/berisha-gjukanovic-sukubin-_muriqan.jpg","contentUrl":"http:\/\/www.visit-ulcinj.com\/blog\/wp-content\/uploads\/2008\/04\/berisha-gjukanovic-sukubin-_muriqan.jpg"},{"@type":"WebPage","@id":"https:\/\/www.visit-ulcinj.com\/blog\/2017\/07\/09\/eshte-koha-per-zgjerimin-dhe-modernizimin-e-pikes-kufitare-muriqan-sukubine\/#webpage","url":"https:\/\/www.visit-ulcinj.com\/blog\/2017\/07\/09\/eshte-koha-per-zgjerimin-dhe-modernizimin-e-pikes-kufitare-muriqan-sukubine\/","name":"\u00cbsht\u00eb koha p\u00ebr zgjerimin dhe modernizimin e pik\u00ebs kufitare Muriqan - Sukubin\u00eb! - Lajme nga Ulqini","isPartOf":{"@id":"https:\/\/www.visit-ulcinj.com\/blog\/#website"},"primaryImageOfPage":{"@id":"https:\/\/www.visit-ulcinj.com\/blog\/2017\/07\/09\/eshte-koha-per-zgjerimin-dhe-modernizimin-e-pikes-kufitare-muriqan-sukubine\/#primaryimage"},"datePublished":"2017-07-09T09:32:09+00:00","dateModified":"2017-07-10T15:11:24+00:00","author":{"@id":"https:\/\/www.visit-ulcinj.com\/blog\/#\/schema\/person\/dcab619c614d3038751c63bc2aadc06d"},"description":"Nga Xheladin Zeneli Para 15 viteve, pra\u00a0 n\u00eb vitin 2002 u hap pika kufitare midis Shqip\u00ebris\u00eb dhe Malit t\u00eb Zi n\u00eb vendin Sukubin\u00eb-Muriqan, i cili gjindet n\u00eb","breadcrumb":{"@id":"https:\/\/www.visit-ulcinj.com\/blog\/2017\/07\/09\/eshte-koha-per-zgjerimin-dhe-modernizimin-e-pikes-kufitare-muriqan-sukubine\/#breadcrumb"},"inLanguage":"en-US","potentialAction":[{"@type":"ReadAction","target":["https:\/\/www.visit-ulcinj.com\/blog\/2017\/07\/09\/eshte-koha-per-zgjerimin-dhe-modernizimin-e-pikes-kufitare-muriqan-sukubine\/"]}]},{"@type":"BreadcrumbList","@id":"https:\/\/www.visit-ulcinj.com\/blog\/2017\/07\/09\/eshte-koha-per-zgjerimin-dhe-modernizimin-e-pikes-kufitare-muriqan-sukubine\/#breadcrumb","itemListElement":[{"@type":"ListItem","position":1,"name":"\u00cbsht\u00eb koha p\u00ebr zgjerimin dhe modernizimin e pik\u00ebs kufitare Muriqan &#8211; Sukubin\u00eb!"}]},{"@type":"Person","@id":"https:\/\/www.visit-ulcinj.com\/blog\/#\/schema\/person\/dcab619c614d3038751c63bc2aadc06d","name":"ulqini","sameAs":["http:\/\/www.visit-ulcinj.com"],"url":"https:\/\/www.visit-ulcinj.com\/blog\/author\/admin\/"}]}},"jetpack_featured_media_url":"","jetpack_sharing_enabled":true,"jetpack_shortlink":"https:\/\/wp.me\/pe6lTn-rBf","_links":{"self":[{"href":"https:\/\/www.visit-ulcinj.com\/blog\/wp-json\/wp\/v2\/posts\/106097"}],"collection":[{"href":"https:\/\/www.visit-ulcinj.com\/blog\/wp-json\/wp\/v2\/posts"}],"about":[{"href":"https:\/\/www.visit-ulcinj.com\/blog\/wp-json\/wp\/v2\/types\/post"}],"author":[{"embeddable":true,"href":"https:\/\/www.visit-ulcinj.com\/blog\/wp-json\/wp\/v2\/users\/1"}],"replies":[{"embeddable":true,"href":"https:\/\/www.visit-ulcinj.com\/blog\/wp-json\/wp\/v2\/comments?post=106097"}],"version-history":[{"count":2,"href":"https:\/\/www.visit-ulcinj.com\/blog\/wp-json\/wp\/v2\/posts\/106097\/revisions"}],"predecessor-version":[{"id":106099,"href":"https:\/\/www.visit-ulcinj.com\/blog\/wp-json\/wp\/v2\/posts\/106097\/revisions\/106099"}],"wp:attachment":[{"href":"https:\/\/www.visit-ulcinj.com\/blog\/wp-json\/wp\/v2\/media?parent=106097"}],"wp:term":[{"taxonomy":"category","embeddable":true,"href":"https:\/\/www.visit-ulcinj.com\/blog\/wp-json\/wp\/v2\/categories?post=106097"},{"taxonomy":"post_tag","embeddable":true,"href":"https:\/\/www.visit-ulcinj.com\/blog\/wp-json\/wp\/v2\/tags?post=106097"}],"curies":[{"name":"wp","href":"https:\/\/api.w.org\/{rel}","templated":true}]}}