{"id":106100,"date":"2017-07-09T11:21:22","date_gmt":"2017-07-09T10:21:22","guid":{"rendered":"http:\/\/www.visit-ulcinj.com\/blog\/?p=106100"},"modified":"2017-07-09T11:34:06","modified_gmt":"2017-07-09T10:34:06","slug":"emina-dhe-sam-nazarian-shijojn-pushimet-luksoze-ne-rivieren-e-ulqinit-dhe-te-malit-te-zi","status":"publish","type":"post","link":"https:\/\/www.visit-ulcinj.com\/blog\/2017\/07\/09\/emina-dhe-sam-nazarian-shijojn-pushimet-luksoze-ne-rivieren-e-ulqinit-dhe-te-malit-te-zi\/","title":{"rendered":"Emina &#038; Sam Nazarian shijojn pushimet luksoze n\u00eb rivier\u00ebn e Ulqinit dhe t\u00eb Malit t\u00eb Zi"},"content":{"rendered":"<p class=\"description\"><strong>Modelja me fam\u00eb bot\u00ebrore Emina Cunmulaj gjendet n\u00eb vendlindjen e saj, s\u00eb bashku me bashk\u00ebshortin e saj, bizninismeni\u00a0 izraelit Sam Nazarian si dhe vajza Ella Farias, shkruan Emina krahas fotove dhe video t\u00eb publikuara prej saj n\u00eb Instagram.<\/strong><\/p>\n<p><span class=\"st\">Bukuroshja shqiptare, <\/span>Emina\u00a0\u00c7unmulaj po relaksohet n\u00eb rivier\u00ebn e Ulqinit dhe rivier\u00ebn e Malit t\u00eb Zi n\u00eb jaht\u00ebn luksoze t\u00eb bashk\u00ebshortit dhe <span class=\"st\">biznesmenit Sam Nazarian<\/span>.<\/p>\n<p>Emina esht\u00eb duke shijuar rrezet e diellit n\u00eb jahtin luksoz bashk\u00eb me familjen e saj Samin dhe vajz\u00ebs Ella Faria. Kjo jahte luksoze me gjat\u00ebsi 20-25 metra, kurse kushton minimalisht 500,000 euro.<\/p>\n<p>Emina po shijon plazhet e qytetit t\u00eb Ulqinit si dhe hotelet dhe resortet m\u00eb luksoze n\u00eb Ulqin si dhe n\u00eb Mal t\u00eb Zi.\/Lajme nga Ulqini<\/p>\n","protected":false},"excerpt":{"rendered":"<p>Modelja me fam\u00eb bot\u00ebrore Emina Cunmulaj gjendet n\u00eb vendlindjen e saj, s\u00eb bashku me bashk\u00ebshortin e saj, bizninismeni\u00a0 izraelit Sam Nazarian si dhe vajza Ella Farias, shkruan Emina krahas fotove dhe video t\u00eb publikuara prej saj n\u00eb Instagram. Bukuroshja shqiptare, Emina\u00a0\u00c7unmulaj po relaksohet n\u00eb rivier\u00ebn e Ulqinit dhe rivier\u00ebn e Malit t\u00eb Zi n\u00eb jaht\u00ebn [&hellip;]<\/p>\n","protected":false},"author":1,"featured_media":0,"comment_status":"closed","ping_status":"closed","sticky":false,"template":"","format":"standard","meta":{"spay_email":"","jetpack_publicize_message":"","jetpack_is_tweetstorm":false,"jetpack_publicize_feature_enabled":true},"categories":[1],"tags":[],"jetpack_publicize_connections":[],"yoast_head":"<!-- This site is optimized with the Yoast SEO plugin v19.1 - https:\/\/yoast.com\/wordpress\/plugins\/seo\/ -->\n<title>Emina &amp; Sam Nazarian shijojn pushimet luksoze n\u00eb rivier\u00ebn e Ulqinit dhe t\u00eb Malit t\u00eb Zi - Lajme nga Ulqini<\/title>\n<meta name=\"description\" content=\"Modelja me fam\u00eb bot\u00ebrore Emina Cunmulaj gjendet n\u00eb vendlindjen e saj, s\u00eb bashku me bashk\u00ebshortin e saj, bizninismeni\u00a0 izraelit Sam Nazarian si dhe vajza\" \/>\n<meta name=\"robots\" content=\"index, follow, max-snippet:-1, max-image-preview:large, max-video-preview:-1\" \/>\n<link rel=\"canonical\" href=\"https:\/\/www.visit-ulcinj.com\/blog\/2017\/07\/09\/emina-dhe-sam-nazarian-shijojn-pushimet-luksoze-ne-rivieren-e-ulqinit-dhe-te-malit-te-zi\/\" \/>\n<meta property=\"og:locale\" content=\"en_US\" \/>\n<meta property=\"og:type\" content=\"article\" \/>\n<meta property=\"og:title\" content=\"Emina &amp; Sam Nazarian shijojn pushimet luksoze n\u00eb rivier\u00ebn e Ulqinit dhe t\u00eb Malit t\u00eb Zi - Lajme nga Ulqini\" \/>\n<meta property=\"og:description\" content=\"Modelja me fam\u00eb bot\u00ebrore Emina Cunmulaj gjendet n\u00eb vendlindjen e saj, s\u00eb bashku me bashk\u00ebshortin e saj, bizninismeni\u00a0 izraelit Sam Nazarian si dhe vajza\" \/>\n<meta property=\"og:url\" content=\"https:\/\/www.visit-ulcinj.com\/blog\/2017\/07\/09\/emina-dhe-sam-nazarian-shijojn-pushimet-luksoze-ne-rivieren-e-ulqinit-dhe-te-malit-te-zi\/\" \/>\n<meta property=\"og:site_name\" content=\"Lajme nga Ulqini\" \/>\n<meta property=\"article:published_time\" content=\"2017-07-09T10:21:22+00:00\" \/>\n<meta property=\"article:modified_time\" content=\"2017-07-09T10:34:06+00:00\" \/>\n<meta name=\"twitter:label1\" content=\"Written by\" \/>\n\t<meta name=\"twitter:data1\" content=\"ulqini\" \/>\n\t<meta name=\"twitter:label2\" content=\"Est. reading time\" \/>\n\t<meta name=\"twitter:data2\" content=\"1 minute\" \/>\n<script type=\"application\/ld+json\" class=\"yoast-schema-graph\">{\"@context\":\"https:\/\/schema.org\",\"@graph\":[{\"@type\":\"WebSite\",\"@id\":\"https:\/\/www.visit-ulcinj.com\/blog\/#website\",\"url\":\"https:\/\/www.visit-ulcinj.com\/blog\/\",\"name\":\"Lajme nga Ulqini\",\"description\":\"Lajme,Vijesti,Ulqini,Ulqin,Crna Gora,Mali i Zi\",\"potentialAction\":[{\"@type\":\"SearchAction\",\"target\":{\"@type\":\"EntryPoint\",\"urlTemplate\":\"https:\/\/www.visit-ulcinj.com\/blog\/?s={search_term_string}\"},\"query-input\":\"required name=search_term_string\"}],\"inLanguage\":\"en-US\"},{\"@type\":\"WebPage\",\"@id\":\"https:\/\/www.visit-ulcinj.com\/blog\/2017\/07\/09\/emina-dhe-sam-nazarian-shijojn-pushimet-luksoze-ne-rivieren-e-ulqinit-dhe-te-malit-te-zi\/#webpage\",\"url\":\"https:\/\/www.visit-ulcinj.com\/blog\/2017\/07\/09\/emina-dhe-sam-nazarian-shijojn-pushimet-luksoze-ne-rivieren-e-ulqinit-dhe-te-malit-te-zi\/\",\"name\":\"Emina & Sam Nazarian shijojn pushimet luksoze n\u00eb rivier\u00ebn e Ulqinit dhe t\u00eb Malit t\u00eb Zi - Lajme nga Ulqini\",\"isPartOf\":{\"@id\":\"https:\/\/www.visit-ulcinj.com\/blog\/#website\"},\"datePublished\":\"2017-07-09T10:21:22+00:00\",\"dateModified\":\"2017-07-09T10:34:06+00:00\",\"author\":{\"@id\":\"https:\/\/www.visit-ulcinj.com\/blog\/#\/schema\/person\/dcab619c614d3038751c63bc2aadc06d\"},\"description\":\"Modelja me fam\u00eb bot\u00ebrore Emina Cunmulaj gjendet n\u00eb vendlindjen e saj, s\u00eb bashku me bashk\u00ebshortin e saj, bizninismeni\u00a0 izraelit Sam Nazarian si dhe vajza\",\"breadcrumb\":{\"@id\":\"https:\/\/www.visit-ulcinj.com\/blog\/2017\/07\/09\/emina-dhe-sam-nazarian-shijojn-pushimet-luksoze-ne-rivieren-e-ulqinit-dhe-te-malit-te-zi\/#breadcrumb\"},\"inLanguage\":\"en-US\",\"potentialAction\":[{\"@type\":\"ReadAction\",\"target\":[\"https:\/\/www.visit-ulcinj.com\/blog\/2017\/07\/09\/emina-dhe-sam-nazarian-shijojn-pushimet-luksoze-ne-rivieren-e-ulqinit-dhe-te-malit-te-zi\/\"]}]},{\"@type\":\"BreadcrumbList\",\"@id\":\"https:\/\/www.visit-ulcinj.com\/blog\/2017\/07\/09\/emina-dhe-sam-nazarian-shijojn-pushimet-luksoze-ne-rivieren-e-ulqinit-dhe-te-malit-te-zi\/#breadcrumb\",\"itemListElement\":[{\"@type\":\"ListItem\",\"position\":1,\"name\":\"Emina &#038; Sam Nazarian shijojn pushimet luksoze n\u00eb rivier\u00ebn e Ulqinit dhe t\u00eb Malit t\u00eb Zi\"}]},{\"@type\":\"Person\",\"@id\":\"https:\/\/www.visit-ulcinj.com\/blog\/#\/schema\/person\/dcab619c614d3038751c63bc2aadc06d\",\"name\":\"ulqini\",\"sameAs\":[\"http:\/\/www.visit-ulcinj.com\"],\"url\":\"https:\/\/www.visit-ulcinj.com\/blog\/author\/admin\/\"}]}<\/script>\n<!-- \/ Yoast SEO plugin. -->","yoast_head_json":{"title":"Emina & Sam Nazarian shijojn pushimet luksoze n\u00eb rivier\u00ebn e Ulqinit dhe t\u00eb Malit t\u00eb Zi - Lajme nga Ulqini","description":"Modelja me fam\u00eb bot\u00ebrore Emina Cunmulaj gjendet n\u00eb vendlindjen e saj, s\u00eb bashku me bashk\u00ebshortin e saj, bizninismeni\u00a0 izraelit Sam Nazarian si dhe vajza","robots":{"index":"index","follow":"follow","max-snippet":"max-snippet:-1","max-image-preview":"max-image-preview:large","max-video-preview":"max-video-preview:-1"},"canonical":"https:\/\/www.visit-ulcinj.com\/blog\/2017\/07\/09\/emina-dhe-sam-nazarian-shijojn-pushimet-luksoze-ne-rivieren-e-ulqinit-dhe-te-malit-te-zi\/","og_locale":"en_US","og_type":"article","og_title":"Emina & Sam Nazarian shijojn pushimet luksoze n\u00eb rivier\u00ebn e Ulqinit dhe t\u00eb Malit t\u00eb Zi - Lajme nga Ulqini","og_description":"Modelja me fam\u00eb bot\u00ebrore Emina Cunmulaj gjendet n\u00eb vendlindjen e saj, s\u00eb bashku me bashk\u00ebshortin e saj, bizninismeni\u00a0 izraelit Sam Nazarian si dhe vajza","og_url":"https:\/\/www.visit-ulcinj.com\/blog\/2017\/07\/09\/emina-dhe-sam-nazarian-shijojn-pushimet-luksoze-ne-rivieren-e-ulqinit-dhe-te-malit-te-zi\/","og_site_name":"Lajme nga Ulqini","article_published_time":"2017-07-09T10:21:22+00:00","article_modified_time":"2017-07-09T10:34:06+00:00","twitter_misc":{"Written by":"ulqini","Est. reading time":"1 minute"},"schema":{"@context":"https:\/\/schema.org","@graph":[{"@type":"WebSite","@id":"https:\/\/www.visit-ulcinj.com\/blog\/#website","url":"https:\/\/www.visit-ulcinj.com\/blog\/","name":"Lajme nga Ulqini","description":"Lajme,Vijesti,Ulqini,Ulqin,Crna Gora,Mali i Zi","potentialAction":[{"@type":"SearchAction","target":{"@type":"EntryPoint","urlTemplate":"https:\/\/www.visit-ulcinj.com\/blog\/?s={search_term_string}"},"query-input":"required name=search_term_string"}],"inLanguage":"en-US"},{"@type":"WebPage","@id":"https:\/\/www.visit-ulcinj.com\/blog\/2017\/07\/09\/emina-dhe-sam-nazarian-shijojn-pushimet-luksoze-ne-rivieren-e-ulqinit-dhe-te-malit-te-zi\/#webpage","url":"https:\/\/www.visit-ulcinj.com\/blog\/2017\/07\/09\/emina-dhe-sam-nazarian-shijojn-pushimet-luksoze-ne-rivieren-e-ulqinit-dhe-te-malit-te-zi\/","name":"Emina & Sam Nazarian shijojn pushimet luksoze n\u00eb rivier\u00ebn e Ulqinit dhe t\u00eb Malit t\u00eb Zi - Lajme nga Ulqini","isPartOf":{"@id":"https:\/\/www.visit-ulcinj.com\/blog\/#website"},"datePublished":"2017-07-09T10:21:22+00:00","dateModified":"2017-07-09T10:34:06+00:00","author":{"@id":"https:\/\/www.visit-ulcinj.com\/blog\/#\/schema\/person\/dcab619c614d3038751c63bc2aadc06d"},"description":"Modelja me fam\u00eb bot\u00ebrore Emina Cunmulaj gjendet n\u00eb vendlindjen e saj, s\u00eb bashku me bashk\u00ebshortin e saj, bizninismeni\u00a0 izraelit Sam Nazarian si dhe vajza","breadcrumb":{"@id":"https:\/\/www.visit-ulcinj.com\/blog\/2017\/07\/09\/emina-dhe-sam-nazarian-shijojn-pushimet-luksoze-ne-rivieren-e-ulqinit-dhe-te-malit-te-zi\/#breadcrumb"},"inLanguage":"en-US","potentialAction":[{"@type":"ReadAction","target":["https:\/\/www.visit-ulcinj.com\/blog\/2017\/07\/09\/emina-dhe-sam-nazarian-shijojn-pushimet-luksoze-ne-rivieren-e-ulqinit-dhe-te-malit-te-zi\/"]}]},{"@type":"BreadcrumbList","@id":"https:\/\/www.visit-ulcinj.com\/blog\/2017\/07\/09\/emina-dhe-sam-nazarian-shijojn-pushimet-luksoze-ne-rivieren-e-ulqinit-dhe-te-malit-te-zi\/#breadcrumb","itemListElement":[{"@type":"ListItem","position":1,"name":"Emina &#038; Sam Nazarian shijojn pushimet luksoze n\u00eb rivier\u00ebn e Ulqinit dhe t\u00eb Malit t\u00eb Zi"}]},{"@type":"Person","@id":"https:\/\/www.visit-ulcinj.com\/blog\/#\/schema\/person\/dcab619c614d3038751c63bc2aadc06d","name":"ulqini","sameAs":["http:\/\/www.visit-ulcinj.com"],"url":"https:\/\/www.visit-ulcinj.com\/blog\/author\/admin\/"}]}},"jetpack_featured_media_url":"","jetpack_sharing_enabled":true,"jetpack_shortlink":"https:\/\/wp.me\/pe6lTn-rBi","_links":{"self":[{"href":"https:\/\/www.visit-ulcinj.com\/blog\/wp-json\/wp\/v2\/posts\/106100"}],"collection":[{"href":"https:\/\/www.visit-ulcinj.com\/blog\/wp-json\/wp\/v2\/posts"}],"about":[{"href":"https:\/\/www.visit-ulcinj.com\/blog\/wp-json\/wp\/v2\/types\/post"}],"author":[{"embeddable":true,"href":"https:\/\/www.visit-ulcinj.com\/blog\/wp-json\/wp\/v2\/users\/1"}],"replies":[{"embeddable":true,"href":"https:\/\/www.visit-ulcinj.com\/blog\/wp-json\/wp\/v2\/comments?post=106100"}],"version-history":[{"count":4,"href":"https:\/\/www.visit-ulcinj.com\/blog\/wp-json\/wp\/v2\/posts\/106100\/revisions"}],"predecessor-version":[{"id":106105,"href":"https:\/\/www.visit-ulcinj.com\/blog\/wp-json\/wp\/v2\/posts\/106100\/revisions\/106105"}],"wp:attachment":[{"href":"https:\/\/www.visit-ulcinj.com\/blog\/wp-json\/wp\/v2\/media?parent=106100"}],"wp:term":[{"taxonomy":"category","embeddable":true,"href":"https:\/\/www.visit-ulcinj.com\/blog\/wp-json\/wp\/v2\/categories?post=106100"},{"taxonomy":"post_tag","embeddable":true,"href":"https:\/\/www.visit-ulcinj.com\/blog\/wp-json\/wp\/v2\/tags?post=106100"}],"curies":[{"name":"wp","href":"https:\/\/api.w.org\/{rel}","templated":true}]}}