{"id":106106,"date":"2017-07-09T12:14:40","date_gmt":"2017-07-09T11:14:40","guid":{"rendered":"http:\/\/www.visit-ulcinj.com\/blog\/?p=106106"},"modified":"2017-07-09T12:15:11","modified_gmt":"2017-07-09T11:15:11","slug":"meda-nje-femer-ne-plazhin-cabo-beach-ulqin","status":"publish","type":"post","link":"https:\/\/www.visit-ulcinj.com\/blog\/2017\/07\/09\/meda-nje-femer-ne-plazhin-cabo-beach-ulqin\/","title":{"rendered":"Meda me nj\u00eb fem\u00ebr n\u00eb plazhin Cabo Beach Ulqin"},"content":{"rendered":"<p><strong><a href=\"http:\/\/www.visit-ulcinj.com\/blog\/wp-content\/uploads\/2017\/07\/Meda-ne-CABO-BEACH-ULQIN.jpg\"><img loading=\"lazy\" class=\"alignleft wp-image-106107\" src=\"http:\/\/www.visit-ulcinj.com\/blog\/wp-content\/uploads\/2017\/07\/Meda-ne-CABO-BEACH-ULQIN.jpg\" alt=\"\" width=\"508\" height=\"500\" \/><\/a>Meda s\u00eb fundmi ai ka sjell\u00eb hitin \u201cn\u2019extrem\u201d s\u00eb bashku me reperin Nurteel, i cili po p\u00eblqehet shum\u00eb nga t\u00eb rinjt\u00eb dhe po ndez klubet e nat\u00ebs, shkruan revista Kosovarja.<\/strong><\/p>\n<p>Por k\u00ebng\u00ebtari gjat\u00eb \u00e7do vere \u00ebsht\u00eb tejet i angazhuar edhe jasht\u00eb vendit, sidomos N\u00eb Ulqin.<\/p>\n<p>Sot ai u takua me k\u00ebng\u00ebtaren e njohur Mimoza Shkodr\u00ebn, ku nuk hezituan edhe t\u00eb pin\u00eb kafe s\u00eb bashku n\u00eb nj\u00ebr\u00ebn nga plazhet e atij vendi.<\/p>\n<p>Me q\u00eb t\u00eb dy jan\u00eb shum\u00eb t\u00eb k\u00ebrkuar n\u00eb mbr\u00ebmjet muzikore, sigurisht se kan\u00eb shfryt\u00ebzuar koh\u00ebn edhe p\u00ebr relaks krahas angazhimeve t\u00eb shumta.<\/p>\n<!--YouTube Error: bad URL entered-->\n<p><a href=\"http:\/\/www.visit-ulcinj.com\/blog\/wp-content\/uploads\/2017\/07\/Meda-Mimoza-Shkodra-ne-CABO-BEACH-ULQIN.png\"><img loading=\"lazy\" class=\"alignleft wp-image-106108\" src=\"http:\/\/www.visit-ulcinj.com\/blog\/wp-content\/uploads\/2017\/07\/Meda-Mimoza-Shkodra-ne-CABO-BEACH-ULQIN.png\" alt=\"\" width=\"508\" height=\"728\" \/><\/a><\/p>\n","protected":false},"excerpt":{"rendered":"<p>Meda s\u00eb fundmi ai ka sjell\u00eb hitin \u201cn\u2019extrem\u201d s\u00eb bashku me reperin Nurteel, i cili po p\u00eblqehet shum\u00eb nga t\u00eb rinjt\u00eb dhe po ndez klubet e nat\u00ebs, shkruan revista Kosovarja. Por k\u00ebng\u00ebtari gjat\u00eb \u00e7do vere \u00ebsht\u00eb tejet i angazhuar edhe jasht\u00eb vendit, sidomos N\u00eb Ulqin. Sot ai u takua me k\u00ebng\u00ebtaren e njohur Mimoza Shkodr\u00ebn, [&hellip;]<\/p>\n","protected":false},"author":1,"featured_media":0,"comment_status":"closed","ping_status":"closed","sticky":false,"template":"","format":"standard","meta":{"spay_email":"","jetpack_publicize_message":"","jetpack_is_tweetstorm":false,"jetpack_publicize_feature_enabled":true},"categories":[1],"tags":[],"jetpack_publicize_connections":[],"yoast_head":"<!-- This site is optimized with the Yoast SEO plugin v19.1 - https:\/\/yoast.com\/wordpress\/plugins\/seo\/ -->\n<title>Meda me nj\u00eb fem\u00ebr n\u00eb plazhin Cabo Beach Ulqin - Lajme nga Ulqini<\/title>\n<meta name=\"description\" content=\"Meda s\u00eb fundmi ai ka sjell\u00eb hitin \u201cn\u2019extrem\u201d s\u00eb bashku me reperin Nurteel, i cili po p\u00eblqehet shum\u00eb nga t\u00eb rinjt\u00eb dhe po ndez klubet e nat\u00ebs, shkruan\" \/>\n<meta name=\"robots\" content=\"index, follow, max-snippet:-1, max-image-preview:large, max-video-preview:-1\" \/>\n<link rel=\"canonical\" href=\"https:\/\/www.visit-ulcinj.com\/blog\/2017\/07\/09\/meda-nje-femer-ne-plazhin-cabo-beach-ulqin\/\" \/>\n<meta property=\"og:locale\" content=\"en_US\" \/>\n<meta property=\"og:type\" content=\"article\" \/>\n<meta property=\"og:title\" content=\"Meda me nj\u00eb fem\u00ebr n\u00eb plazhin Cabo Beach Ulqin - Lajme nga Ulqini\" \/>\n<meta property=\"og:description\" content=\"Meda s\u00eb fundmi ai ka sjell\u00eb hitin \u201cn\u2019extrem\u201d s\u00eb bashku me reperin Nurteel, i cili po p\u00eblqehet shum\u00eb nga t\u00eb rinjt\u00eb dhe po ndez klubet e nat\u00ebs, shkruan\" \/>\n<meta property=\"og:url\" content=\"https:\/\/www.visit-ulcinj.com\/blog\/2017\/07\/09\/meda-nje-femer-ne-plazhin-cabo-beach-ulqin\/\" \/>\n<meta property=\"og:site_name\" content=\"Lajme nga Ulqini\" \/>\n<meta property=\"article:published_time\" content=\"2017-07-09T11:14:40+00:00\" \/>\n<meta property=\"article:modified_time\" content=\"2017-07-09T11:15:11+00:00\" \/>\n<meta property=\"og:image\" content=\"http:\/\/www.visit-ulcinj.com\/blog\/wp-content\/uploads\/2017\/07\/Meda-ne-CABO-BEACH-ULQIN.jpg\" \/>\n<meta name=\"twitter:label1\" content=\"Written by\" \/>\n\t<meta name=\"twitter:data1\" content=\"ulqini\" \/>\n\t<meta name=\"twitter:label2\" content=\"Est. reading time\" \/>\n\t<meta name=\"twitter:data2\" content=\"1 minute\" \/>\n<script type=\"application\/ld+json\" class=\"yoast-schema-graph\">{\"@context\":\"https:\/\/schema.org\",\"@graph\":[{\"@type\":\"WebSite\",\"@id\":\"https:\/\/www.visit-ulcinj.com\/blog\/#website\",\"url\":\"https:\/\/www.visit-ulcinj.com\/blog\/\",\"name\":\"Lajme nga Ulqini\",\"description\":\"Lajme,Vijesti,Ulqini,Ulqin,Crna Gora,Mali i Zi\",\"potentialAction\":[{\"@type\":\"SearchAction\",\"target\":{\"@type\":\"EntryPoint\",\"urlTemplate\":\"https:\/\/www.visit-ulcinj.com\/blog\/?s={search_term_string}\"},\"query-input\":\"required name=search_term_string\"}],\"inLanguage\":\"en-US\"},{\"@type\":\"ImageObject\",\"inLanguage\":\"en-US\",\"@id\":\"https:\/\/www.visit-ulcinj.com\/blog\/2017\/07\/09\/meda-nje-femer-ne-plazhin-cabo-beach-ulqin\/#primaryimage\",\"url\":\"http:\/\/www.visit-ulcinj.com\/blog\/wp-content\/uploads\/2017\/07\/Meda-ne-CABO-BEACH-ULQIN.jpg\",\"contentUrl\":\"http:\/\/www.visit-ulcinj.com\/blog\/wp-content\/uploads\/2017\/07\/Meda-ne-CABO-BEACH-ULQIN.jpg\"},{\"@type\":\"WebPage\",\"@id\":\"https:\/\/www.visit-ulcinj.com\/blog\/2017\/07\/09\/meda-nje-femer-ne-plazhin-cabo-beach-ulqin\/#webpage\",\"url\":\"https:\/\/www.visit-ulcinj.com\/blog\/2017\/07\/09\/meda-nje-femer-ne-plazhin-cabo-beach-ulqin\/\",\"name\":\"Meda me nj\u00eb fem\u00ebr n\u00eb plazhin Cabo Beach Ulqin - Lajme nga Ulqini\",\"isPartOf\":{\"@id\":\"https:\/\/www.visit-ulcinj.com\/blog\/#website\"},\"primaryImageOfPage\":{\"@id\":\"https:\/\/www.visit-ulcinj.com\/blog\/2017\/07\/09\/meda-nje-femer-ne-plazhin-cabo-beach-ulqin\/#primaryimage\"},\"datePublished\":\"2017-07-09T11:14:40+00:00\",\"dateModified\":\"2017-07-09T11:15:11+00:00\",\"author\":{\"@id\":\"https:\/\/www.visit-ulcinj.com\/blog\/#\/schema\/person\/dcab619c614d3038751c63bc2aadc06d\"},\"description\":\"Meda s\u00eb fundmi ai ka sjell\u00eb hitin \u201cn\u2019extrem\u201d s\u00eb bashku me reperin Nurteel, i cili po p\u00eblqehet shum\u00eb nga t\u00eb rinjt\u00eb dhe po ndez klubet e nat\u00ebs, shkruan\",\"breadcrumb\":{\"@id\":\"https:\/\/www.visit-ulcinj.com\/blog\/2017\/07\/09\/meda-nje-femer-ne-plazhin-cabo-beach-ulqin\/#breadcrumb\"},\"inLanguage\":\"en-US\",\"potentialAction\":[{\"@type\":\"ReadAction\",\"target\":[\"https:\/\/www.visit-ulcinj.com\/blog\/2017\/07\/09\/meda-nje-femer-ne-plazhin-cabo-beach-ulqin\/\"]}]},{\"@type\":\"BreadcrumbList\",\"@id\":\"https:\/\/www.visit-ulcinj.com\/blog\/2017\/07\/09\/meda-nje-femer-ne-plazhin-cabo-beach-ulqin\/#breadcrumb\",\"itemListElement\":[{\"@type\":\"ListItem\",\"position\":1,\"name\":\"Meda me nj\u00eb fem\u00ebr n\u00eb plazhin Cabo Beach Ulqin\"}]},{\"@type\":\"Person\",\"@id\":\"https:\/\/www.visit-ulcinj.com\/blog\/#\/schema\/person\/dcab619c614d3038751c63bc2aadc06d\",\"name\":\"ulqini\",\"sameAs\":[\"http:\/\/www.visit-ulcinj.com\"],\"url\":\"https:\/\/www.visit-ulcinj.com\/blog\/author\/admin\/\"}]}<\/script>\n<!-- \/ Yoast SEO plugin. -->","yoast_head_json":{"title":"Meda me nj\u00eb fem\u00ebr n\u00eb plazhin Cabo Beach Ulqin - Lajme nga Ulqini","description":"Meda s\u00eb fundmi ai ka sjell\u00eb hitin \u201cn\u2019extrem\u201d s\u00eb bashku me reperin Nurteel, i cili po p\u00eblqehet shum\u00eb nga t\u00eb rinjt\u00eb dhe po ndez klubet e nat\u00ebs, shkruan","robots":{"index":"index","follow":"follow","max-snippet":"max-snippet:-1","max-image-preview":"max-image-preview:large","max-video-preview":"max-video-preview:-1"},"canonical":"https:\/\/www.visit-ulcinj.com\/blog\/2017\/07\/09\/meda-nje-femer-ne-plazhin-cabo-beach-ulqin\/","og_locale":"en_US","og_type":"article","og_title":"Meda me nj\u00eb fem\u00ebr n\u00eb plazhin Cabo Beach Ulqin - Lajme nga Ulqini","og_description":"Meda s\u00eb fundmi ai ka sjell\u00eb hitin \u201cn\u2019extrem\u201d s\u00eb bashku me reperin Nurteel, i cili po p\u00eblqehet shum\u00eb nga t\u00eb rinjt\u00eb dhe po ndez klubet e nat\u00ebs, shkruan","og_url":"https:\/\/www.visit-ulcinj.com\/blog\/2017\/07\/09\/meda-nje-femer-ne-plazhin-cabo-beach-ulqin\/","og_site_name":"Lajme nga Ulqini","article_published_time":"2017-07-09T11:14:40+00:00","article_modified_time":"2017-07-09T11:15:11+00:00","og_image":[{"url":"http:\/\/www.visit-ulcinj.com\/blog\/wp-content\/uploads\/2017\/07\/Meda-ne-CABO-BEACH-ULQIN.jpg"}],"twitter_misc":{"Written by":"ulqini","Est. reading time":"1 minute"},"schema":{"@context":"https:\/\/schema.org","@graph":[{"@type":"WebSite","@id":"https:\/\/www.visit-ulcinj.com\/blog\/#website","url":"https:\/\/www.visit-ulcinj.com\/blog\/","name":"Lajme nga Ulqini","description":"Lajme,Vijesti,Ulqini,Ulqin,Crna Gora,Mali i Zi","potentialAction":[{"@type":"SearchAction","target":{"@type":"EntryPoint","urlTemplate":"https:\/\/www.visit-ulcinj.com\/blog\/?s={search_term_string}"},"query-input":"required name=search_term_string"}],"inLanguage":"en-US"},{"@type":"ImageObject","inLanguage":"en-US","@id":"https:\/\/www.visit-ulcinj.com\/blog\/2017\/07\/09\/meda-nje-femer-ne-plazhin-cabo-beach-ulqin\/#primaryimage","url":"http:\/\/www.visit-ulcinj.com\/blog\/wp-content\/uploads\/2017\/07\/Meda-ne-CABO-BEACH-ULQIN.jpg","contentUrl":"http:\/\/www.visit-ulcinj.com\/blog\/wp-content\/uploads\/2017\/07\/Meda-ne-CABO-BEACH-ULQIN.jpg"},{"@type":"WebPage","@id":"https:\/\/www.visit-ulcinj.com\/blog\/2017\/07\/09\/meda-nje-femer-ne-plazhin-cabo-beach-ulqin\/#webpage","url":"https:\/\/www.visit-ulcinj.com\/blog\/2017\/07\/09\/meda-nje-femer-ne-plazhin-cabo-beach-ulqin\/","name":"Meda me nj\u00eb fem\u00ebr n\u00eb plazhin Cabo Beach Ulqin - Lajme nga Ulqini","isPartOf":{"@id":"https:\/\/www.visit-ulcinj.com\/blog\/#website"},"primaryImageOfPage":{"@id":"https:\/\/www.visit-ulcinj.com\/blog\/2017\/07\/09\/meda-nje-femer-ne-plazhin-cabo-beach-ulqin\/#primaryimage"},"datePublished":"2017-07-09T11:14:40+00:00","dateModified":"2017-07-09T11:15:11+00:00","author":{"@id":"https:\/\/www.visit-ulcinj.com\/blog\/#\/schema\/person\/dcab619c614d3038751c63bc2aadc06d"},"description":"Meda s\u00eb fundmi ai ka sjell\u00eb hitin \u201cn\u2019extrem\u201d s\u00eb bashku me reperin Nurteel, i cili po p\u00eblqehet shum\u00eb nga t\u00eb rinjt\u00eb dhe po ndez klubet e nat\u00ebs, shkruan","breadcrumb":{"@id":"https:\/\/www.visit-ulcinj.com\/blog\/2017\/07\/09\/meda-nje-femer-ne-plazhin-cabo-beach-ulqin\/#breadcrumb"},"inLanguage":"en-US","potentialAction":[{"@type":"ReadAction","target":["https:\/\/www.visit-ulcinj.com\/blog\/2017\/07\/09\/meda-nje-femer-ne-plazhin-cabo-beach-ulqin\/"]}]},{"@type":"BreadcrumbList","@id":"https:\/\/www.visit-ulcinj.com\/blog\/2017\/07\/09\/meda-nje-femer-ne-plazhin-cabo-beach-ulqin\/#breadcrumb","itemListElement":[{"@type":"ListItem","position":1,"name":"Meda me nj\u00eb fem\u00ebr n\u00eb plazhin Cabo Beach Ulqin"}]},{"@type":"Person","@id":"https:\/\/www.visit-ulcinj.com\/blog\/#\/schema\/person\/dcab619c614d3038751c63bc2aadc06d","name":"ulqini","sameAs":["http:\/\/www.visit-ulcinj.com"],"url":"https:\/\/www.visit-ulcinj.com\/blog\/author\/admin\/"}]}},"jetpack_featured_media_url":"","jetpack_sharing_enabled":true,"jetpack_shortlink":"https:\/\/wp.me\/pe6lTn-rBo","_links":{"self":[{"href":"https:\/\/www.visit-ulcinj.com\/blog\/wp-json\/wp\/v2\/posts\/106106"}],"collection":[{"href":"https:\/\/www.visit-ulcinj.com\/blog\/wp-json\/wp\/v2\/posts"}],"about":[{"href":"https:\/\/www.visit-ulcinj.com\/blog\/wp-json\/wp\/v2\/types\/post"}],"author":[{"embeddable":true,"href":"https:\/\/www.visit-ulcinj.com\/blog\/wp-json\/wp\/v2\/users\/1"}],"replies":[{"embeddable":true,"href":"https:\/\/www.visit-ulcinj.com\/blog\/wp-json\/wp\/v2\/comments?post=106106"}],"version-history":[{"count":1,"href":"https:\/\/www.visit-ulcinj.com\/blog\/wp-json\/wp\/v2\/posts\/106106\/revisions"}],"predecessor-version":[{"id":106109,"href":"https:\/\/www.visit-ulcinj.com\/blog\/wp-json\/wp\/v2\/posts\/106106\/revisions\/106109"}],"wp:attachment":[{"href":"https:\/\/www.visit-ulcinj.com\/blog\/wp-json\/wp\/v2\/media?parent=106106"}],"wp:term":[{"taxonomy":"category","embeddable":true,"href":"https:\/\/www.visit-ulcinj.com\/blog\/wp-json\/wp\/v2\/categories?post=106106"},{"taxonomy":"post_tag","embeddable":true,"href":"https:\/\/www.visit-ulcinj.com\/blog\/wp-json\/wp\/v2\/tags?post=106106"}],"curies":[{"name":"wp","href":"https:\/\/api.w.org\/{rel}","templated":true}]}}