{"id":106117,"date":"2017-07-09T13:12:31","date_gmt":"2017-07-09T12:12:31","guid":{"rendered":"http:\/\/www.visit-ulcinj.com\/blog\/?p=106117"},"modified":"2017-07-09T13:12:31","modified_gmt":"2017-07-09T12:12:31","slug":"resulbegoviq-kerkesa-e-cungut-per-donacion-markoviqit-eshte-poshteruese-per-ulqinin","status":"publish","type":"post","link":"https:\/\/www.visit-ulcinj.com\/blog\/2017\/07\/09\/resulbegoviq-kerkesa-e-cungut-per-donacion-markoviqit-eshte-poshteruese-per-ulqinin\/","title":{"rendered":"Resulbegoviq: K\u00ebrkesa e Cungut p\u00ebr donacion Markoviqit \u00ebsht\u00eb posht\u00ebruese per Ulqinin"},"content":{"rendered":"<p><strong><a href=\"http:\/\/www.visit-ulcinj.com\/blog\/wp-content\/uploads\/2017\/07\/Naser-Resulbegoviq.jpg\"><img loading=\"lazy\" class=\"alignleft wp-image-106118\" src=\"http:\/\/www.visit-ulcinj.com\/blog\/wp-content\/uploads\/2017\/07\/Naser-Resulbegoviq.jpg\" alt=\"\" width=\"508\" height=\"589\" srcset=\"https:\/\/www.visit-ulcinj.com\/blog\/wp-content\/uploads\/2017\/07\/Naser-Resulbegoviq.jpg 480w, https:\/\/www.visit-ulcinj.com\/blog\/wp-content\/uploads\/2017\/07\/Naser-Resulbegoviq-259x300.jpg 259w\" sizes=\"(max-width: 508px) 100vw, 508px\" \/><\/a>Kryetari i K\u00ebshillit komunal t\u00eb PSD-s\u00eb Naser Resulbegoviq ka deklaruar se k\u00ebrkesa e kryetarit t\u00eb Komun\u00ebs s\u00eb Ulqinit p\u00ebr donacion me vler\u00eb prej 300.000 euro, e d\u00ebrguar kryetarit t\u00eb Qeveris\u00eb s\u00eb Malit t\u00eb Zi, nuk mund t\u00eb vler\u00ebsohet ndryshe por vet\u00ebm \u201cthell\u00ebsisht posht\u00ebruese\u201d, raporton portali Ul.info.<br \/>\n<\/strong><\/p>\n<p>\u201c\u00c7ka t\u00eb themi tjet\u00ebr kur Ulqini, qyteti i cili me potencialet e veta mund t\u00eb ushqej\u00eb gjysm\u00ebn e Malit t\u00eb Zi, shtrin dor\u00ebn p\u00ebr l\u00ebmosh n\u00eb mes t\u00eb sezonit turistik, e ve\u00e7an\u00ebrisht n\u00eb momentin kur drejtori i Organizat\u00ebs lokale turistike lavd\u00ebrohet me vizit\u00ebn m\u00eb t\u00eb madhe t\u00eb turist\u00ebve, n\u00eb krahasim me vitin e kaluar. Kjo flet mjaftuesh\u00ebm p\u00ebr paaft\u00ebsin\u00eb dhe pap\u00ebrgjegj\u00ebsin\u00eb ekstreme t\u00eb shumic\u00ebs aktuale qeveris\u00ebse n\u00eb Ulqin\u201d, tha ai.<\/p>\n<p>Drejtuesi i PSD-s\u00eb s\u00eb Ulqinit ka pyetur publikisht se \u201c\u00e7far\u00eb duhet t\u00eb ndodh tjet\u00ebr dhe sa ul\u00ebt duhet t\u00eb bij\u00eb ky qytet q\u00eb disa njer\u00ebz t\u00eb kuptojn\u00eb se \u00ebsht\u00eb koha t\u00eb largohen nga skena politike dhe t\u00eb lejojn\u00eb t\u00eb tjer\u00ebve q\u00eb t\u00eb sanojn\u00eb d\u00ebmin dhe kaosin q\u00eb l\u00ebn\u00eb pas vetes\u201d.<\/p>\n","protected":false},"excerpt":{"rendered":"<p>Kryetari i K\u00ebshillit komunal t\u00eb PSD-s\u00eb Naser Resulbegoviq ka deklaruar se k\u00ebrkesa e kryetarit t\u00eb Komun\u00ebs s\u00eb Ulqinit p\u00ebr donacion me vler\u00eb prej 300.000 euro, e d\u00ebrguar kryetarit t\u00eb Qeveris\u00eb s\u00eb Malit t\u00eb Zi, nuk mund t\u00eb vler\u00ebsohet ndryshe por vet\u00ebm \u201cthell\u00ebsisht posht\u00ebruese\u201d, raporton portali Ul.info. \u201c\u00c7ka t\u00eb themi tjet\u00ebr kur Ulqini, qyteti i cili [&hellip;]<\/p>\n","protected":false},"author":1,"featured_media":0,"comment_status":"closed","ping_status":"closed","sticky":false,"template":"","format":"standard","meta":{"spay_email":"","jetpack_publicize_message":"","jetpack_is_tweetstorm":false,"jetpack_publicize_feature_enabled":true},"categories":[6],"tags":[],"jetpack_publicize_connections":[],"yoast_head":"<!-- This site is optimized with the Yoast SEO plugin v19.1 - https:\/\/yoast.com\/wordpress\/plugins\/seo\/ -->\n<title>Resulbegoviq: K\u00ebrkesa e Cungut p\u00ebr donacion Markoviqit \u00ebsht\u00eb posht\u00ebruese per Ulqinin - Lajme nga Ulqini<\/title>\n<meta name=\"description\" content=\"Kryetari i K\u00ebshillit komunal t\u00eb PSD-s\u00eb Naser Resulbegoviq ka deklaruar se k\u00ebrkesa e kryetarit t\u00eb Komun\u00ebs s\u00eb Ulqinit p\u00ebr donacion me vler\u00eb prej 300.000\" \/>\n<meta name=\"robots\" content=\"index, follow, max-snippet:-1, max-image-preview:large, max-video-preview:-1\" \/>\n<link rel=\"canonical\" href=\"https:\/\/www.visit-ulcinj.com\/blog\/2017\/07\/09\/resulbegoviq-kerkesa-e-cungut-per-donacion-markoviqit-eshte-poshteruese-per-ulqinin\/\" \/>\n<meta property=\"og:locale\" content=\"en_US\" \/>\n<meta property=\"og:type\" content=\"article\" \/>\n<meta property=\"og:title\" content=\"Resulbegoviq: K\u00ebrkesa e Cungut p\u00ebr donacion Markoviqit \u00ebsht\u00eb posht\u00ebruese per Ulqinin - Lajme nga Ulqini\" \/>\n<meta property=\"og:description\" content=\"Kryetari i K\u00ebshillit komunal t\u00eb PSD-s\u00eb Naser Resulbegoviq ka deklaruar se k\u00ebrkesa e kryetarit t\u00eb Komun\u00ebs s\u00eb Ulqinit p\u00ebr donacion me vler\u00eb prej 300.000\" \/>\n<meta property=\"og:url\" content=\"https:\/\/www.visit-ulcinj.com\/blog\/2017\/07\/09\/resulbegoviq-kerkesa-e-cungut-per-donacion-markoviqit-eshte-poshteruese-per-ulqinin\/\" \/>\n<meta property=\"og:site_name\" content=\"Lajme nga Ulqini\" \/>\n<meta property=\"article:published_time\" content=\"2017-07-09T12:12:31+00:00\" \/>\n<meta property=\"og:image\" content=\"http:\/\/www.visit-ulcinj.com\/blog\/wp-content\/uploads\/2017\/07\/Naser-Resulbegoviq.jpg\" \/>\n<meta name=\"twitter:label1\" content=\"Written by\" \/>\n\t<meta name=\"twitter:data1\" content=\"ulqini\" \/>\n\t<meta name=\"twitter:label2\" content=\"Est. reading time\" \/>\n\t<meta name=\"twitter:data2\" content=\"1 minute\" \/>\n<script type=\"application\/ld+json\" class=\"yoast-schema-graph\">{\"@context\":\"https:\/\/schema.org\",\"@graph\":[{\"@type\":\"WebSite\",\"@id\":\"https:\/\/www.visit-ulcinj.com\/blog\/#website\",\"url\":\"https:\/\/www.visit-ulcinj.com\/blog\/\",\"name\":\"Lajme nga Ulqini\",\"description\":\"Lajme,Vijesti,Ulqini,Ulqin,Crna Gora,Mali i Zi\",\"potentialAction\":[{\"@type\":\"SearchAction\",\"target\":{\"@type\":\"EntryPoint\",\"urlTemplate\":\"https:\/\/www.visit-ulcinj.com\/blog\/?s={search_term_string}\"},\"query-input\":\"required name=search_term_string\"}],\"inLanguage\":\"en-US\"},{\"@type\":\"ImageObject\",\"inLanguage\":\"en-US\",\"@id\":\"https:\/\/www.visit-ulcinj.com\/blog\/2017\/07\/09\/resulbegoviq-kerkesa-e-cungut-per-donacion-markoviqit-eshte-poshteruese-per-ulqinin\/#primaryimage\",\"url\":\"https:\/\/www.visit-ulcinj.com\/blog\/wp-content\/uploads\/2017\/07\/Naser-Resulbegoviq.jpg\",\"contentUrl\":\"https:\/\/www.visit-ulcinj.com\/blog\/wp-content\/uploads\/2017\/07\/Naser-Resulbegoviq.jpg\",\"width\":480,\"height\":557},{\"@type\":\"WebPage\",\"@id\":\"https:\/\/www.visit-ulcinj.com\/blog\/2017\/07\/09\/resulbegoviq-kerkesa-e-cungut-per-donacion-markoviqit-eshte-poshteruese-per-ulqinin\/#webpage\",\"url\":\"https:\/\/www.visit-ulcinj.com\/blog\/2017\/07\/09\/resulbegoviq-kerkesa-e-cungut-per-donacion-markoviqit-eshte-poshteruese-per-ulqinin\/\",\"name\":\"Resulbegoviq: K\u00ebrkesa e Cungut p\u00ebr donacion Markoviqit \u00ebsht\u00eb posht\u00ebruese per Ulqinin - Lajme nga Ulqini\",\"isPartOf\":{\"@id\":\"https:\/\/www.visit-ulcinj.com\/blog\/#website\"},\"primaryImageOfPage\":{\"@id\":\"https:\/\/www.visit-ulcinj.com\/blog\/2017\/07\/09\/resulbegoviq-kerkesa-e-cungut-per-donacion-markoviqit-eshte-poshteruese-per-ulqinin\/#primaryimage\"},\"datePublished\":\"2017-07-09T12:12:31+00:00\",\"dateModified\":\"2017-07-09T12:12:31+00:00\",\"author\":{\"@id\":\"https:\/\/www.visit-ulcinj.com\/blog\/#\/schema\/person\/dcab619c614d3038751c63bc2aadc06d\"},\"description\":\"Kryetari i K\u00ebshillit komunal t\u00eb PSD-s\u00eb Naser Resulbegoviq ka deklaruar se k\u00ebrkesa e kryetarit t\u00eb Komun\u00ebs s\u00eb Ulqinit p\u00ebr donacion me vler\u00eb prej 300.000\",\"breadcrumb\":{\"@id\":\"https:\/\/www.visit-ulcinj.com\/blog\/2017\/07\/09\/resulbegoviq-kerkesa-e-cungut-per-donacion-markoviqit-eshte-poshteruese-per-ulqinin\/#breadcrumb\"},\"inLanguage\":\"en-US\",\"potentialAction\":[{\"@type\":\"ReadAction\",\"target\":[\"https:\/\/www.visit-ulcinj.com\/blog\/2017\/07\/09\/resulbegoviq-kerkesa-e-cungut-per-donacion-markoviqit-eshte-poshteruese-per-ulqinin\/\"]}]},{\"@type\":\"BreadcrumbList\",\"@id\":\"https:\/\/www.visit-ulcinj.com\/blog\/2017\/07\/09\/resulbegoviq-kerkesa-e-cungut-per-donacion-markoviqit-eshte-poshteruese-per-ulqinin\/#breadcrumb\",\"itemListElement\":[{\"@type\":\"ListItem\",\"position\":1,\"name\":\"Resulbegoviq: K\u00ebrkesa e Cungut p\u00ebr donacion Markoviqit \u00ebsht\u00eb posht\u00ebruese per Ulqinin\"}]},{\"@type\":\"Person\",\"@id\":\"https:\/\/www.visit-ulcinj.com\/blog\/#\/schema\/person\/dcab619c614d3038751c63bc2aadc06d\",\"name\":\"ulqini\",\"sameAs\":[\"http:\/\/www.visit-ulcinj.com\"],\"url\":\"https:\/\/www.visit-ulcinj.com\/blog\/author\/admin\/\"}]}<\/script>\n<!-- \/ Yoast SEO plugin. -->","yoast_head_json":{"title":"Resulbegoviq: K\u00ebrkesa e Cungut p\u00ebr donacion Markoviqit \u00ebsht\u00eb posht\u00ebruese per Ulqinin - Lajme nga Ulqini","description":"Kryetari i K\u00ebshillit komunal t\u00eb PSD-s\u00eb Naser Resulbegoviq ka deklaruar se k\u00ebrkesa e kryetarit t\u00eb Komun\u00ebs s\u00eb Ulqinit p\u00ebr donacion me vler\u00eb prej 300.000","robots":{"index":"index","follow":"follow","max-snippet":"max-snippet:-1","max-image-preview":"max-image-preview:large","max-video-preview":"max-video-preview:-1"},"canonical":"https:\/\/www.visit-ulcinj.com\/blog\/2017\/07\/09\/resulbegoviq-kerkesa-e-cungut-per-donacion-markoviqit-eshte-poshteruese-per-ulqinin\/","og_locale":"en_US","og_type":"article","og_title":"Resulbegoviq: K\u00ebrkesa e Cungut p\u00ebr donacion Markoviqit \u00ebsht\u00eb posht\u00ebruese per Ulqinin - Lajme nga Ulqini","og_description":"Kryetari i K\u00ebshillit komunal t\u00eb PSD-s\u00eb Naser Resulbegoviq ka deklaruar se k\u00ebrkesa e kryetarit t\u00eb Komun\u00ebs s\u00eb Ulqinit p\u00ebr donacion me vler\u00eb prej 300.000","og_url":"https:\/\/www.visit-ulcinj.com\/blog\/2017\/07\/09\/resulbegoviq-kerkesa-e-cungut-per-donacion-markoviqit-eshte-poshteruese-per-ulqinin\/","og_site_name":"Lajme nga Ulqini","article_published_time":"2017-07-09T12:12:31+00:00","og_image":[{"url":"http:\/\/www.visit-ulcinj.com\/blog\/wp-content\/uploads\/2017\/07\/Naser-Resulbegoviq.jpg"}],"twitter_misc":{"Written by":"ulqini","Est. reading time":"1 minute"},"schema":{"@context":"https:\/\/schema.org","@graph":[{"@type":"WebSite","@id":"https:\/\/www.visit-ulcinj.com\/blog\/#website","url":"https:\/\/www.visit-ulcinj.com\/blog\/","name":"Lajme nga Ulqini","description":"Lajme,Vijesti,Ulqini,Ulqin,Crna Gora,Mali i Zi","potentialAction":[{"@type":"SearchAction","target":{"@type":"EntryPoint","urlTemplate":"https:\/\/www.visit-ulcinj.com\/blog\/?s={search_term_string}"},"query-input":"required name=search_term_string"}],"inLanguage":"en-US"},{"@type":"ImageObject","inLanguage":"en-US","@id":"https:\/\/www.visit-ulcinj.com\/blog\/2017\/07\/09\/resulbegoviq-kerkesa-e-cungut-per-donacion-markoviqit-eshte-poshteruese-per-ulqinin\/#primaryimage","url":"https:\/\/www.visit-ulcinj.com\/blog\/wp-content\/uploads\/2017\/07\/Naser-Resulbegoviq.jpg","contentUrl":"https:\/\/www.visit-ulcinj.com\/blog\/wp-content\/uploads\/2017\/07\/Naser-Resulbegoviq.jpg","width":480,"height":557},{"@type":"WebPage","@id":"https:\/\/www.visit-ulcinj.com\/blog\/2017\/07\/09\/resulbegoviq-kerkesa-e-cungut-per-donacion-markoviqit-eshte-poshteruese-per-ulqinin\/#webpage","url":"https:\/\/www.visit-ulcinj.com\/blog\/2017\/07\/09\/resulbegoviq-kerkesa-e-cungut-per-donacion-markoviqit-eshte-poshteruese-per-ulqinin\/","name":"Resulbegoviq: K\u00ebrkesa e Cungut p\u00ebr donacion Markoviqit \u00ebsht\u00eb posht\u00ebruese per Ulqinin - Lajme nga Ulqini","isPartOf":{"@id":"https:\/\/www.visit-ulcinj.com\/blog\/#website"},"primaryImageOfPage":{"@id":"https:\/\/www.visit-ulcinj.com\/blog\/2017\/07\/09\/resulbegoviq-kerkesa-e-cungut-per-donacion-markoviqit-eshte-poshteruese-per-ulqinin\/#primaryimage"},"datePublished":"2017-07-09T12:12:31+00:00","dateModified":"2017-07-09T12:12:31+00:00","author":{"@id":"https:\/\/www.visit-ulcinj.com\/blog\/#\/schema\/person\/dcab619c614d3038751c63bc2aadc06d"},"description":"Kryetari i K\u00ebshillit komunal t\u00eb PSD-s\u00eb Naser Resulbegoviq ka deklaruar se k\u00ebrkesa e kryetarit t\u00eb Komun\u00ebs s\u00eb Ulqinit p\u00ebr donacion me vler\u00eb prej 300.000","breadcrumb":{"@id":"https:\/\/www.visit-ulcinj.com\/blog\/2017\/07\/09\/resulbegoviq-kerkesa-e-cungut-per-donacion-markoviqit-eshte-poshteruese-per-ulqinin\/#breadcrumb"},"inLanguage":"en-US","potentialAction":[{"@type":"ReadAction","target":["https:\/\/www.visit-ulcinj.com\/blog\/2017\/07\/09\/resulbegoviq-kerkesa-e-cungut-per-donacion-markoviqit-eshte-poshteruese-per-ulqinin\/"]}]},{"@type":"BreadcrumbList","@id":"https:\/\/www.visit-ulcinj.com\/blog\/2017\/07\/09\/resulbegoviq-kerkesa-e-cungut-per-donacion-markoviqit-eshte-poshteruese-per-ulqinin\/#breadcrumb","itemListElement":[{"@type":"ListItem","position":1,"name":"Resulbegoviq: K\u00ebrkesa e Cungut p\u00ebr donacion Markoviqit \u00ebsht\u00eb posht\u00ebruese per Ulqinin"}]},{"@type":"Person","@id":"https:\/\/www.visit-ulcinj.com\/blog\/#\/schema\/person\/dcab619c614d3038751c63bc2aadc06d","name":"ulqini","sameAs":["http:\/\/www.visit-ulcinj.com"],"url":"https:\/\/www.visit-ulcinj.com\/blog\/author\/admin\/"}]}},"jetpack_featured_media_url":"","jetpack_sharing_enabled":true,"jetpack_shortlink":"https:\/\/wp.me\/pe6lTn-rBz","_links":{"self":[{"href":"https:\/\/www.visit-ulcinj.com\/blog\/wp-json\/wp\/v2\/posts\/106117"}],"collection":[{"href":"https:\/\/www.visit-ulcinj.com\/blog\/wp-json\/wp\/v2\/posts"}],"about":[{"href":"https:\/\/www.visit-ulcinj.com\/blog\/wp-json\/wp\/v2\/types\/post"}],"author":[{"embeddable":true,"href":"https:\/\/www.visit-ulcinj.com\/blog\/wp-json\/wp\/v2\/users\/1"}],"replies":[{"embeddable":true,"href":"https:\/\/www.visit-ulcinj.com\/blog\/wp-json\/wp\/v2\/comments?post=106117"}],"version-history":[{"count":1,"href":"https:\/\/www.visit-ulcinj.com\/blog\/wp-json\/wp\/v2\/posts\/106117\/revisions"}],"predecessor-version":[{"id":106119,"href":"https:\/\/www.visit-ulcinj.com\/blog\/wp-json\/wp\/v2\/posts\/106117\/revisions\/106119"}],"wp:attachment":[{"href":"https:\/\/www.visit-ulcinj.com\/blog\/wp-json\/wp\/v2\/media?parent=106117"}],"wp:term":[{"taxonomy":"category","embeddable":true,"href":"https:\/\/www.visit-ulcinj.com\/blog\/wp-json\/wp\/v2\/categories?post=106117"},{"taxonomy":"post_tag","embeddable":true,"href":"https:\/\/www.visit-ulcinj.com\/blog\/wp-json\/wp\/v2\/tags?post=106117"}],"curies":[{"name":"wp","href":"https:\/\/api.w.org\/{rel}","templated":true}]}}