{"id":106126,"date":"2017-07-09T17:58:27","date_gmt":"2017-07-09T16:58:27","guid":{"rendered":"http:\/\/www.visit-ulcinj.com\/blog\/?p=106126"},"modified":"2017-07-09T17:58:27","modified_gmt":"2017-07-09T16:58:27","slug":"ura-komuna-e-ulqinit-kerkon-nga-markoviqi-300-mije-euro","status":"publish","type":"post","link":"https:\/\/www.visit-ulcinj.com\/blog\/2017\/07\/09\/ura-komuna-e-ulqinit-kerkon-nga-markoviqi-300-mije-euro\/","title":{"rendered":"URA: Komuna e Ulqinit k\u00ebrkon nga Markoviqi 300 mij\u00eb euro"},"content":{"rendered":"<p><strong><a href=\"http:\/\/www.visit-ulcinj.com\/blog\/wp-content\/uploads\/2017\/07\/Komuna-e-Ulqinit-k\u00ebrkon-nga-Markoviqi-300-mij\u00eb-euro-DONACIJA.jpg\"><img loading=\"lazy\" class=\"alignleft wp-image-106128\" src=\"http:\/\/www.visit-ulcinj.com\/blog\/wp-content\/uploads\/2017\/07\/Komuna-e-Ulqinit-k\u00ebrkon-nga-Markoviqi-300-mij\u00eb-euro-DONACIJA.jpg\" alt=\"\" width=\"508\" height=\"311\" srcset=\"https:\/\/www.visit-ulcinj.com\/blog\/wp-content\/uploads\/2017\/07\/Komuna-e-Ulqinit-k\u00ebrkon-nga-Markoviqi-300-mij\u00eb-euro-DONACIJA.jpg 782w, https:\/\/www.visit-ulcinj.com\/blog\/wp-content\/uploads\/2017\/07\/Komuna-e-Ulqinit-k\u00ebrkon-nga-Markoviqi-300-mij\u00eb-euro-DONACIJA-300x184.jpg 300w, https:\/\/www.visit-ulcinj.com\/blog\/wp-content\/uploads\/2017\/07\/Komuna-e-Ulqinit-k\u00ebrkon-nga-Markoviqi-300-mij\u00eb-euro-DONACIJA-768x470.jpg 768w\" sizes=\"(max-width: 508px) 100vw, 508px\" \/><\/a>L\u00ebvizja qytetare URA tregoi sot dokumentin nga 22 qershori i k\u00ebtij viti q\u00eb Kryetari \u00ebsht\u00eb drejtuar kryeministrit Markoviq, me k\u00ebrkes\u00eb p\u00ebr donacion prej 300.000euro, raporton portali Ul.info.<\/strong><\/p>\n<p>Kjo k\u00ebrkes\u00eb skandaloze p\u00ebr donacion, e cili duhet t\u00eb sigurohet nga rezerva e buxhetit, paraqet mirnjohje q\u00eb ky koalicion me n\u00eb krye me Cungun nuk \u00ebsht\u00eb n\u00eb gjendje t\u00eb riparoj\u00eb situat\u00ebn n\u00eb Komun\u00eb dhe t\u00eb na v\u00eb n\u00eb siklet n\u00eb \u00e7do hap.<\/p>\n<p>Edhe n\u00eb letr\u00ebn drejtuar Kryeministrit theksohet se komuna e Ulqinit eshte n\u00eb kanosje bllokimi i funksionimit t\u00eb organeve t\u00eb qeverisjes lokale p\u00ebr shkak t\u00eb munges\u00ebs s\u00eb fondeve. Ky skandal \u00ebsht\u00eb plot\u00ebsisht risi n\u00eb nj\u00eb vend si Mali i Zi, duke pasur parasysh se donacionet n\u00eb parim k\u00ebrkohen n\u00ebse ndodhin rrethana t\u00eb jasht\u00ebzakonshme, t\u00eb tilla si t\u00ebrmetet, p\u00ebrmbytjet ose fatkeq\u00ebsit\u00eb tjera. Komuna e Ulqinit dhe Nd\u00ebrmarrjet publike themeluar nga komuna e Ulqinit jan\u00eb n\u00eb nj\u00eb situat\u00eb shum\u00eb t\u00eb v\u00ebshtir\u00eb financiare.<\/p>\n<p>N\u00eb komun\u00eb pagat jan\u00eb n\u00eb vones tre muaj, nd\u00ebrsa n\u00eb disa nd\u00ebrmarrje publike, madje edhe m\u00eb shum\u00eb se nj\u00eb vit. Por, kur kemi parasysh\u00eb se jemi n\u00eb muajin korrik, q\u00eb \u00ebsht\u00eb muaji n\u00eb t\u00eb cilin t\u00eb ardhurat n\u00eb komun\u00eb jan\u00eb m\u00eb t\u00eb larta , p\u00ebrfundimi \u00ebsht\u00eb m\u00eb se i qart\u00eb, se koalicioni i madh n\u00eb m\u00ebnyr\u00eb jo lojale udh\u00ebheq me buxhetin e komun\u00ebs. Q\u00eb situata \u00ebsht\u00eb shqet\u00ebsuese e ka v\u00ebrtetuar dhe ministri i financave, i cili e ka refuzuar k\u00ebrkes\u00ebn e Komun\u00ebs s\u00eb Ulqinit p\u00ebr kreditim shtes\u00eb. E gjith\u00eb kjo tregon se \u201cekspert\u00ebt\u201d kan\u00eb p\u00ebrjetuar nj\u00eb debak\u00ebl t\u00eb plot\u00eb. N\u00ebse \u00ebsht\u00eb k\u00ebshtu, si qeverisja lokale vet\u00eb pohon q\u00eb p\u00ebr her\u00eb t\u00eb par\u00eb n\u00eb histori kanoset bllokimi total i organeve t\u00eb administrat\u00ebs lokale, at\u00ebher\u00eb ne i b\u00ebjm\u00eb thirrje Kryetarit t\u00eb th\u00ebrras\u00eb nj\u00eb seanc\u00eb t\u00eb Kuvendit komunal p\u00ebr ti informuar k\u00ebshilltar\u00ebt dhe opinion.<\/p>\n<p>N\u00ebse nuk \u00ebsht\u00eb k\u00ebshtu, at\u00ebher\u00eb kjo k\u00ebrkes\u00eb p\u00ebr ne vet\u00ebm p\u00ebrpiqet vazhdimin e afer\u00ebs \u201csnimak\u201d ose parap\u00ebrgatitje p\u00ebr zgjedhjet e ardhshme lokale. Me sa duket autoritetet lokale n\u00eb \u00e7do m\u00ebnyr\u00eb p\u00ebrpiqen p\u00ebr t\u00eb gjetur fonde p\u00ebr t\u00eb shtruar asfaltime parazgjedhore. Ju bejm me dije se ne do t\u00eb informoj\u00eb rregullisht publikun p\u00ebr \u00e7do gj\u00eb, dhe n\u00ebse \u00ebsht\u00eb e nevojshme do ta lajmrojm\u00eb organet kompetente dhe Prokurorin\u00eb Speciale.<\/p>\n","protected":false},"excerpt":{"rendered":"<p>L\u00ebvizja qytetare URA tregoi sot dokumentin nga 22 qershori i k\u00ebtij viti q\u00eb Kryetari \u00ebsht\u00eb drejtuar kryeministrit Markoviq, me k\u00ebrkes\u00eb p\u00ebr donacion prej 300.000euro, raporton portali Ul.info. Kjo k\u00ebrkes\u00eb skandaloze p\u00ebr donacion, e cili duhet t\u00eb sigurohet nga rezerva e buxhetit, paraqet mirnjohje q\u00eb ky koalicion me n\u00eb krye me Cungun nuk \u00ebsht\u00eb n\u00eb gjendje [&hellip;]<\/p>\n","protected":false},"author":1,"featured_media":0,"comment_status":"closed","ping_status":"closed","sticky":false,"template":"","format":"standard","meta":{"spay_email":"","jetpack_publicize_message":"","jetpack_is_tweetstorm":false,"jetpack_publicize_feature_enabled":true},"categories":[6950],"tags":[],"jetpack_publicize_connections":[],"yoast_head":"<!-- This site is optimized with the Yoast SEO plugin v19.1 - https:\/\/yoast.com\/wordpress\/plugins\/seo\/ -->\n<title>URA: Komuna e Ulqinit k\u00ebrkon nga Markoviqi 300 mij\u00eb euro - Lajme nga Ulqini<\/title>\n<meta name=\"description\" content=\"L\u00ebvizja qytetare URA tregoi sot dokumentin nga 22 qershori i k\u00ebtij viti q\u00eb Kryetari \u00ebsht\u00eb drejtuar kryeministrit Markoviq, me k\u00ebrkes\u00eb p\u00ebr donacion prej\" \/>\n<meta name=\"robots\" content=\"index, follow, max-snippet:-1, max-image-preview:large, max-video-preview:-1\" \/>\n<link rel=\"canonical\" href=\"https:\/\/www.visit-ulcinj.com\/blog\/2017\/07\/09\/ura-komuna-e-ulqinit-kerkon-nga-markoviqi-300-mije-euro\/\" \/>\n<meta property=\"og:locale\" content=\"en_US\" \/>\n<meta property=\"og:type\" content=\"article\" \/>\n<meta property=\"og:title\" content=\"URA: Komuna e Ulqinit k\u00ebrkon nga Markoviqi 300 mij\u00eb euro - Lajme nga Ulqini\" \/>\n<meta property=\"og:description\" content=\"L\u00ebvizja qytetare URA tregoi sot dokumentin nga 22 qershori i k\u00ebtij viti q\u00eb Kryetari \u00ebsht\u00eb drejtuar kryeministrit Markoviq, me k\u00ebrkes\u00eb p\u00ebr donacion prej\" \/>\n<meta property=\"og:url\" content=\"https:\/\/www.visit-ulcinj.com\/blog\/2017\/07\/09\/ura-komuna-e-ulqinit-kerkon-nga-markoviqi-300-mije-euro\/\" \/>\n<meta property=\"og:site_name\" content=\"Lajme nga Ulqini\" \/>\n<meta property=\"article:published_time\" content=\"2017-07-09T16:58:27+00:00\" \/>\n<meta name=\"twitter:label1\" content=\"Written by\" \/>\n\t<meta name=\"twitter:data1\" content=\"ulqini\" \/>\n\t<meta name=\"twitter:label2\" content=\"Est. reading time\" \/>\n\t<meta name=\"twitter:data2\" content=\"2 minutes\" \/>\n<script type=\"application\/ld+json\" class=\"yoast-schema-graph\">{\"@context\":\"https:\/\/schema.org\",\"@graph\":[{\"@type\":\"WebSite\",\"@id\":\"https:\/\/www.visit-ulcinj.com\/blog\/#website\",\"url\":\"https:\/\/www.visit-ulcinj.com\/blog\/\",\"name\":\"Lajme nga Ulqini\",\"description\":\"Lajme,Vijesti,Ulqini,Ulqin,Crna Gora,Mali i Zi\",\"potentialAction\":[{\"@type\":\"SearchAction\",\"target\":{\"@type\":\"EntryPoint\",\"urlTemplate\":\"https:\/\/www.visit-ulcinj.com\/blog\/?s={search_term_string}\"},\"query-input\":\"required name=search_term_string\"}],\"inLanguage\":\"en-US\"},{\"@type\":\"WebPage\",\"@id\":\"https:\/\/www.visit-ulcinj.com\/blog\/2017\/07\/09\/ura-komuna-e-ulqinit-kerkon-nga-markoviqi-300-mije-euro\/#webpage\",\"url\":\"https:\/\/www.visit-ulcinj.com\/blog\/2017\/07\/09\/ura-komuna-e-ulqinit-kerkon-nga-markoviqi-300-mije-euro\/\",\"name\":\"URA: Komuna e Ulqinit k\u00ebrkon nga Markoviqi 300 mij\u00eb euro - Lajme nga Ulqini\",\"isPartOf\":{\"@id\":\"https:\/\/www.visit-ulcinj.com\/blog\/#website\"},\"datePublished\":\"2017-07-09T16:58:27+00:00\",\"dateModified\":\"2017-07-09T16:58:27+00:00\",\"author\":{\"@id\":\"https:\/\/www.visit-ulcinj.com\/blog\/#\/schema\/person\/dcab619c614d3038751c63bc2aadc06d\"},\"description\":\"L\u00ebvizja qytetare URA tregoi sot dokumentin nga 22 qershori i k\u00ebtij viti q\u00eb Kryetari \u00ebsht\u00eb drejtuar kryeministrit Markoviq, me k\u00ebrkes\u00eb p\u00ebr donacion prej\",\"breadcrumb\":{\"@id\":\"https:\/\/www.visit-ulcinj.com\/blog\/2017\/07\/09\/ura-komuna-e-ulqinit-kerkon-nga-markoviqi-300-mije-euro\/#breadcrumb\"},\"inLanguage\":\"en-US\",\"potentialAction\":[{\"@type\":\"ReadAction\",\"target\":[\"https:\/\/www.visit-ulcinj.com\/blog\/2017\/07\/09\/ura-komuna-e-ulqinit-kerkon-nga-markoviqi-300-mije-euro\/\"]}]},{\"@type\":\"BreadcrumbList\",\"@id\":\"https:\/\/www.visit-ulcinj.com\/blog\/2017\/07\/09\/ura-komuna-e-ulqinit-kerkon-nga-markoviqi-300-mije-euro\/#breadcrumb\",\"itemListElement\":[{\"@type\":\"ListItem\",\"position\":1,\"name\":\"URA: Komuna e Ulqinit k\u00ebrkon nga Markoviqi 300 mij\u00eb euro\"}]},{\"@type\":\"Person\",\"@id\":\"https:\/\/www.visit-ulcinj.com\/blog\/#\/schema\/person\/dcab619c614d3038751c63bc2aadc06d\",\"name\":\"ulqini\",\"sameAs\":[\"http:\/\/www.visit-ulcinj.com\"],\"url\":\"https:\/\/www.visit-ulcinj.com\/blog\/author\/admin\/\"}]}<\/script>\n<!-- \/ Yoast SEO plugin. -->","yoast_head_json":{"title":"URA: Komuna e Ulqinit k\u00ebrkon nga Markoviqi 300 mij\u00eb euro - Lajme nga Ulqini","description":"L\u00ebvizja qytetare URA tregoi sot dokumentin nga 22 qershori i k\u00ebtij viti q\u00eb Kryetari \u00ebsht\u00eb drejtuar kryeministrit Markoviq, me k\u00ebrkes\u00eb p\u00ebr donacion prej","robots":{"index":"index","follow":"follow","max-snippet":"max-snippet:-1","max-image-preview":"max-image-preview:large","max-video-preview":"max-video-preview:-1"},"canonical":"https:\/\/www.visit-ulcinj.com\/blog\/2017\/07\/09\/ura-komuna-e-ulqinit-kerkon-nga-markoviqi-300-mije-euro\/","og_locale":"en_US","og_type":"article","og_title":"URA: Komuna e Ulqinit k\u00ebrkon nga Markoviqi 300 mij\u00eb euro - Lajme nga Ulqini","og_description":"L\u00ebvizja qytetare URA tregoi sot dokumentin nga 22 qershori i k\u00ebtij viti q\u00eb Kryetari \u00ebsht\u00eb drejtuar kryeministrit Markoviq, me k\u00ebrkes\u00eb p\u00ebr donacion prej","og_url":"https:\/\/www.visit-ulcinj.com\/blog\/2017\/07\/09\/ura-komuna-e-ulqinit-kerkon-nga-markoviqi-300-mije-euro\/","og_site_name":"Lajme nga Ulqini","article_published_time":"2017-07-09T16:58:27+00:00","twitter_misc":{"Written by":"ulqini","Est. reading time":"2 minutes"},"schema":{"@context":"https:\/\/schema.org","@graph":[{"@type":"WebSite","@id":"https:\/\/www.visit-ulcinj.com\/blog\/#website","url":"https:\/\/www.visit-ulcinj.com\/blog\/","name":"Lajme nga Ulqini","description":"Lajme,Vijesti,Ulqini,Ulqin,Crna Gora,Mali i Zi","potentialAction":[{"@type":"SearchAction","target":{"@type":"EntryPoint","urlTemplate":"https:\/\/www.visit-ulcinj.com\/blog\/?s={search_term_string}"},"query-input":"required name=search_term_string"}],"inLanguage":"en-US"},{"@type":"WebPage","@id":"https:\/\/www.visit-ulcinj.com\/blog\/2017\/07\/09\/ura-komuna-e-ulqinit-kerkon-nga-markoviqi-300-mije-euro\/#webpage","url":"https:\/\/www.visit-ulcinj.com\/blog\/2017\/07\/09\/ura-komuna-e-ulqinit-kerkon-nga-markoviqi-300-mije-euro\/","name":"URA: Komuna e Ulqinit k\u00ebrkon nga Markoviqi 300 mij\u00eb euro - Lajme nga Ulqini","isPartOf":{"@id":"https:\/\/www.visit-ulcinj.com\/blog\/#website"},"datePublished":"2017-07-09T16:58:27+00:00","dateModified":"2017-07-09T16:58:27+00:00","author":{"@id":"https:\/\/www.visit-ulcinj.com\/blog\/#\/schema\/person\/dcab619c614d3038751c63bc2aadc06d"},"description":"L\u00ebvizja qytetare URA tregoi sot dokumentin nga 22 qershori i k\u00ebtij viti q\u00eb Kryetari \u00ebsht\u00eb drejtuar kryeministrit Markoviq, me k\u00ebrkes\u00eb p\u00ebr donacion prej","breadcrumb":{"@id":"https:\/\/www.visit-ulcinj.com\/blog\/2017\/07\/09\/ura-komuna-e-ulqinit-kerkon-nga-markoviqi-300-mije-euro\/#breadcrumb"},"inLanguage":"en-US","potentialAction":[{"@type":"ReadAction","target":["https:\/\/www.visit-ulcinj.com\/blog\/2017\/07\/09\/ura-komuna-e-ulqinit-kerkon-nga-markoviqi-300-mije-euro\/"]}]},{"@type":"BreadcrumbList","@id":"https:\/\/www.visit-ulcinj.com\/blog\/2017\/07\/09\/ura-komuna-e-ulqinit-kerkon-nga-markoviqi-300-mije-euro\/#breadcrumb","itemListElement":[{"@type":"ListItem","position":1,"name":"URA: Komuna e Ulqinit k\u00ebrkon nga Markoviqi 300 mij\u00eb euro"}]},{"@type":"Person","@id":"https:\/\/www.visit-ulcinj.com\/blog\/#\/schema\/person\/dcab619c614d3038751c63bc2aadc06d","name":"ulqini","sameAs":["http:\/\/www.visit-ulcinj.com"],"url":"https:\/\/www.visit-ulcinj.com\/blog\/author\/admin\/"}]}},"jetpack_featured_media_url":"","jetpack_sharing_enabled":true,"jetpack_shortlink":"https:\/\/wp.me\/pe6lTn-rBI","_links":{"self":[{"href":"https:\/\/www.visit-ulcinj.com\/blog\/wp-json\/wp\/v2\/posts\/106126"}],"collection":[{"href":"https:\/\/www.visit-ulcinj.com\/blog\/wp-json\/wp\/v2\/posts"}],"about":[{"href":"https:\/\/www.visit-ulcinj.com\/blog\/wp-json\/wp\/v2\/types\/post"}],"author":[{"embeddable":true,"href":"https:\/\/www.visit-ulcinj.com\/blog\/wp-json\/wp\/v2\/users\/1"}],"replies":[{"embeddable":true,"href":"https:\/\/www.visit-ulcinj.com\/blog\/wp-json\/wp\/v2\/comments?post=106126"}],"version-history":[{"count":1,"href":"https:\/\/www.visit-ulcinj.com\/blog\/wp-json\/wp\/v2\/posts\/106126\/revisions"}],"predecessor-version":[{"id":106129,"href":"https:\/\/www.visit-ulcinj.com\/blog\/wp-json\/wp\/v2\/posts\/106126\/revisions\/106129"}],"wp:attachment":[{"href":"https:\/\/www.visit-ulcinj.com\/blog\/wp-json\/wp\/v2\/media?parent=106126"}],"wp:term":[{"taxonomy":"category","embeddable":true,"href":"https:\/\/www.visit-ulcinj.com\/blog\/wp-json\/wp\/v2\/categories?post=106126"},{"taxonomy":"post_tag","embeddable":true,"href":"https:\/\/www.visit-ulcinj.com\/blog\/wp-json\/wp\/v2\/tags?post=106126"}],"curies":[{"name":"wp","href":"https:\/\/api.w.org\/{rel}","templated":true}]}}