{"id":106130,"date":"2017-07-09T19:40:55","date_gmt":"2017-07-09T18:40:55","guid":{"rendered":"http:\/\/www.visit-ulcinj.com\/blog\/?p=106130"},"modified":"2017-07-09T19:40:55","modified_gmt":"2017-07-09T18:40:55","slug":"emigrimi-masiv-i-komunitetit-shqiptar-nga-mali-i-zi-video","status":"publish","type":"post","link":"https:\/\/www.visit-ulcinj.com\/blog\/2017\/07\/09\/emigrimi-masiv-i-komunitetit-shqiptar-nga-mali-i-zi-video\/","title":{"rendered":"Emigrimi masiv i komunitetit shqiptar nga Mali i Zi &#8211; Video"},"content":{"rendered":"<p><a href=\"http:\/\/www.visit-ulcinj.com\/blog\/wp-content\/uploads\/2017\/05\/Gjek\u00eb-Gjonaj-Analist.jpg\"><img loading=\"lazy\" class=\"alignleft wp-image-104888 size-full\" src=\"http:\/\/www.visit-ulcinj.com\/blog\/wp-content\/uploads\/2017\/05\/Gjek\u00eb-Gjonaj-Analist.jpg\" alt=\"\" width=\"508\" height=\"317\" srcset=\"https:\/\/www.visit-ulcinj.com\/blog\/wp-content\/uploads\/2017\/05\/Gjek\u00eb-Gjonaj-Analist.jpg 508w, https:\/\/www.visit-ulcinj.com\/blog\/wp-content\/uploads\/2017\/05\/Gjek\u00eb-Gjonaj-Analist-300x187.jpg 300w\" sizes=\"(max-width: 508px) 100vw, 508px\" \/><\/a>Si pasoj\u00eb e gjendjes s\u00eb r\u00ebnduar ekonomike dhe t\u00eb papun\u00ebsis\u00eb, emigrimi i komunitetit shqiptar nga Mali i Zi po sh\u00ebnon nj\u00eb rritje t\u00eb theksuar. Dukuria e emigrimit, koh\u00ebve t\u00eb fundit, ka marr\u00eb nj\u00eb hov t\u00eb madh dhe p\u00ebr pasoj\u00eb shum\u00eb vendbanime po mbesin pa banor\u00eb.<\/p>\n<p><iframe loading=\"lazy\" style=\"border: none; overflow: hidden;\" src=\"https:\/\/www.facebook.com\/plugins\/video.php?href=https%3A%2F%2Fwww.facebook.com%2Fzeriamerikes%2Fvideos%2F10155420554279536%2F&amp;show_text=0&amp;width=508\" width=\"508\" height=\"315\" frameborder=\"0\" scrolling=\"no\" allowfullscreen=\"allowfullscreen\"><\/iframe><\/p>\n","protected":false},"excerpt":{"rendered":"<p>Si pasoj\u00eb e gjendjes s\u00eb r\u00ebnduar ekonomike dhe t\u00eb papun\u00ebsis\u00eb, emigrimi i komunitetit shqiptar nga Mali i Zi po sh\u00ebnon nj\u00eb rritje t\u00eb theksuar. Dukuria e emigrimit, koh\u00ebve t\u00eb fundit, ka marr\u00eb nj\u00eb hov t\u00eb madh dhe p\u00ebr pasoj\u00eb shum\u00eb vendbanime po mbesin pa banor\u00eb.<\/p>\n","protected":false},"author":1,"featured_media":0,"comment_status":"closed","ping_status":"closed","sticky":false,"template":"","format":"standard","meta":{"spay_email":"","jetpack_publicize_message":"","jetpack_is_tweetstorm":false,"jetpack_publicize_feature_enabled":true},"categories":[12],"tags":[],"jetpack_publicize_connections":[],"yoast_head":"<!-- This site is optimized with the Yoast SEO plugin v19.1 - https:\/\/yoast.com\/wordpress\/plugins\/seo\/ -->\n<title>Emigrimi masiv i komunitetit shqiptar nga Mali i Zi - Video - Lajme nga Ulqini<\/title>\n<meta name=\"description\" content=\"Si pasoj\u00eb e gjendjes s\u00eb r\u00ebnduar ekonomike dhe t\u00eb papun\u00ebsis\u00eb, emigrimi i komunitetit shqiptar nga Mali i Zi po sh\u00ebnon nj\u00eb rritje t\u00eb theksuar. Dukuria e\" \/>\n<meta name=\"robots\" content=\"index, follow, max-snippet:-1, max-image-preview:large, max-video-preview:-1\" \/>\n<link rel=\"canonical\" href=\"https:\/\/www.visit-ulcinj.com\/blog\/2017\/07\/09\/emigrimi-masiv-i-komunitetit-shqiptar-nga-mali-i-zi-video\/\" \/>\n<meta property=\"og:locale\" content=\"en_US\" \/>\n<meta property=\"og:type\" content=\"article\" \/>\n<meta property=\"og:title\" content=\"Emigrimi masiv i komunitetit shqiptar nga Mali i Zi - Video - Lajme nga Ulqini\" \/>\n<meta property=\"og:description\" content=\"Si pasoj\u00eb e gjendjes s\u00eb r\u00ebnduar ekonomike dhe t\u00eb papun\u00ebsis\u00eb, emigrimi i komunitetit shqiptar nga Mali i Zi po sh\u00ebnon nj\u00eb rritje t\u00eb theksuar. Dukuria e\" \/>\n<meta property=\"og:url\" content=\"https:\/\/www.visit-ulcinj.com\/blog\/2017\/07\/09\/emigrimi-masiv-i-komunitetit-shqiptar-nga-mali-i-zi-video\/\" \/>\n<meta property=\"og:site_name\" content=\"Lajme nga Ulqini\" \/>\n<meta property=\"article:published_time\" content=\"2017-07-09T18:40:55+00:00\" \/>\n<meta name=\"twitter:label1\" content=\"Written by\" \/>\n\t<meta name=\"twitter:data1\" content=\"ulqini\" \/>\n<script type=\"application\/ld+json\" class=\"yoast-schema-graph\">{\"@context\":\"https:\/\/schema.org\",\"@graph\":[{\"@type\":\"WebSite\",\"@id\":\"https:\/\/www.visit-ulcinj.com\/blog\/#website\",\"url\":\"https:\/\/www.visit-ulcinj.com\/blog\/\",\"name\":\"Lajme nga Ulqini\",\"description\":\"Lajme,Vijesti,Ulqini,Ulqin,Crna Gora,Mali i Zi\",\"potentialAction\":[{\"@type\":\"SearchAction\",\"target\":{\"@type\":\"EntryPoint\",\"urlTemplate\":\"https:\/\/www.visit-ulcinj.com\/blog\/?s={search_term_string}\"},\"query-input\":\"required name=search_term_string\"}],\"inLanguage\":\"en-US\"},{\"@type\":\"WebPage\",\"@id\":\"https:\/\/www.visit-ulcinj.com\/blog\/2017\/07\/09\/emigrimi-masiv-i-komunitetit-shqiptar-nga-mali-i-zi-video\/#webpage\",\"url\":\"https:\/\/www.visit-ulcinj.com\/blog\/2017\/07\/09\/emigrimi-masiv-i-komunitetit-shqiptar-nga-mali-i-zi-video\/\",\"name\":\"Emigrimi masiv i komunitetit shqiptar nga Mali i Zi - Video - Lajme nga Ulqini\",\"isPartOf\":{\"@id\":\"https:\/\/www.visit-ulcinj.com\/blog\/#website\"},\"datePublished\":\"2017-07-09T18:40:55+00:00\",\"dateModified\":\"2017-07-09T18:40:55+00:00\",\"author\":{\"@id\":\"https:\/\/www.visit-ulcinj.com\/blog\/#\/schema\/person\/dcab619c614d3038751c63bc2aadc06d\"},\"description\":\"Si pasoj\u00eb e gjendjes s\u00eb r\u00ebnduar ekonomike dhe t\u00eb papun\u00ebsis\u00eb, emigrimi i komunitetit shqiptar nga Mali i Zi po sh\u00ebnon nj\u00eb rritje t\u00eb theksuar. Dukuria e\",\"breadcrumb\":{\"@id\":\"https:\/\/www.visit-ulcinj.com\/blog\/2017\/07\/09\/emigrimi-masiv-i-komunitetit-shqiptar-nga-mali-i-zi-video\/#breadcrumb\"},\"inLanguage\":\"en-US\",\"potentialAction\":[{\"@type\":\"ReadAction\",\"target\":[\"https:\/\/www.visit-ulcinj.com\/blog\/2017\/07\/09\/emigrimi-masiv-i-komunitetit-shqiptar-nga-mali-i-zi-video\/\"]}]},{\"@type\":\"BreadcrumbList\",\"@id\":\"https:\/\/www.visit-ulcinj.com\/blog\/2017\/07\/09\/emigrimi-masiv-i-komunitetit-shqiptar-nga-mali-i-zi-video\/#breadcrumb\",\"itemListElement\":[{\"@type\":\"ListItem\",\"position\":1,\"name\":\"Emigrimi masiv i komunitetit shqiptar nga Mali i Zi &#8211; Video\"}]},{\"@type\":\"Person\",\"@id\":\"https:\/\/www.visit-ulcinj.com\/blog\/#\/schema\/person\/dcab619c614d3038751c63bc2aadc06d\",\"name\":\"ulqini\",\"sameAs\":[\"http:\/\/www.visit-ulcinj.com\"],\"url\":\"https:\/\/www.visit-ulcinj.com\/blog\/author\/admin\/\"}]}<\/script>\n<!-- \/ Yoast SEO plugin. -->","yoast_head_json":{"title":"Emigrimi masiv i komunitetit shqiptar nga Mali i Zi - Video - Lajme nga Ulqini","description":"Si pasoj\u00eb e gjendjes s\u00eb r\u00ebnduar ekonomike dhe t\u00eb papun\u00ebsis\u00eb, emigrimi i komunitetit shqiptar nga Mali i Zi po sh\u00ebnon nj\u00eb rritje t\u00eb theksuar. Dukuria e","robots":{"index":"index","follow":"follow","max-snippet":"max-snippet:-1","max-image-preview":"max-image-preview:large","max-video-preview":"max-video-preview:-1"},"canonical":"https:\/\/www.visit-ulcinj.com\/blog\/2017\/07\/09\/emigrimi-masiv-i-komunitetit-shqiptar-nga-mali-i-zi-video\/","og_locale":"en_US","og_type":"article","og_title":"Emigrimi masiv i komunitetit shqiptar nga Mali i Zi - Video - Lajme nga Ulqini","og_description":"Si pasoj\u00eb e gjendjes s\u00eb r\u00ebnduar ekonomike dhe t\u00eb papun\u00ebsis\u00eb, emigrimi i komunitetit shqiptar nga Mali i Zi po sh\u00ebnon nj\u00eb rritje t\u00eb theksuar. Dukuria e","og_url":"https:\/\/www.visit-ulcinj.com\/blog\/2017\/07\/09\/emigrimi-masiv-i-komunitetit-shqiptar-nga-mali-i-zi-video\/","og_site_name":"Lajme nga Ulqini","article_published_time":"2017-07-09T18:40:55+00:00","twitter_misc":{"Written by":"ulqini"},"schema":{"@context":"https:\/\/schema.org","@graph":[{"@type":"WebSite","@id":"https:\/\/www.visit-ulcinj.com\/blog\/#website","url":"https:\/\/www.visit-ulcinj.com\/blog\/","name":"Lajme nga Ulqini","description":"Lajme,Vijesti,Ulqini,Ulqin,Crna Gora,Mali i Zi","potentialAction":[{"@type":"SearchAction","target":{"@type":"EntryPoint","urlTemplate":"https:\/\/www.visit-ulcinj.com\/blog\/?s={search_term_string}"},"query-input":"required name=search_term_string"}],"inLanguage":"en-US"},{"@type":"WebPage","@id":"https:\/\/www.visit-ulcinj.com\/blog\/2017\/07\/09\/emigrimi-masiv-i-komunitetit-shqiptar-nga-mali-i-zi-video\/#webpage","url":"https:\/\/www.visit-ulcinj.com\/blog\/2017\/07\/09\/emigrimi-masiv-i-komunitetit-shqiptar-nga-mali-i-zi-video\/","name":"Emigrimi masiv i komunitetit shqiptar nga Mali i Zi - Video - Lajme nga Ulqini","isPartOf":{"@id":"https:\/\/www.visit-ulcinj.com\/blog\/#website"},"datePublished":"2017-07-09T18:40:55+00:00","dateModified":"2017-07-09T18:40:55+00:00","author":{"@id":"https:\/\/www.visit-ulcinj.com\/blog\/#\/schema\/person\/dcab619c614d3038751c63bc2aadc06d"},"description":"Si pasoj\u00eb e gjendjes s\u00eb r\u00ebnduar ekonomike dhe t\u00eb papun\u00ebsis\u00eb, emigrimi i komunitetit shqiptar nga Mali i Zi po sh\u00ebnon nj\u00eb rritje t\u00eb theksuar. Dukuria e","breadcrumb":{"@id":"https:\/\/www.visit-ulcinj.com\/blog\/2017\/07\/09\/emigrimi-masiv-i-komunitetit-shqiptar-nga-mali-i-zi-video\/#breadcrumb"},"inLanguage":"en-US","potentialAction":[{"@type":"ReadAction","target":["https:\/\/www.visit-ulcinj.com\/blog\/2017\/07\/09\/emigrimi-masiv-i-komunitetit-shqiptar-nga-mali-i-zi-video\/"]}]},{"@type":"BreadcrumbList","@id":"https:\/\/www.visit-ulcinj.com\/blog\/2017\/07\/09\/emigrimi-masiv-i-komunitetit-shqiptar-nga-mali-i-zi-video\/#breadcrumb","itemListElement":[{"@type":"ListItem","position":1,"name":"Emigrimi masiv i komunitetit shqiptar nga Mali i Zi &#8211; Video"}]},{"@type":"Person","@id":"https:\/\/www.visit-ulcinj.com\/blog\/#\/schema\/person\/dcab619c614d3038751c63bc2aadc06d","name":"ulqini","sameAs":["http:\/\/www.visit-ulcinj.com"],"url":"https:\/\/www.visit-ulcinj.com\/blog\/author\/admin\/"}]}},"jetpack_featured_media_url":"","jetpack_sharing_enabled":true,"jetpack_shortlink":"https:\/\/wp.me\/pe6lTn-rBM","_links":{"self":[{"href":"https:\/\/www.visit-ulcinj.com\/blog\/wp-json\/wp\/v2\/posts\/106130"}],"collection":[{"href":"https:\/\/www.visit-ulcinj.com\/blog\/wp-json\/wp\/v2\/posts"}],"about":[{"href":"https:\/\/www.visit-ulcinj.com\/blog\/wp-json\/wp\/v2\/types\/post"}],"author":[{"embeddable":true,"href":"https:\/\/www.visit-ulcinj.com\/blog\/wp-json\/wp\/v2\/users\/1"}],"replies":[{"embeddable":true,"href":"https:\/\/www.visit-ulcinj.com\/blog\/wp-json\/wp\/v2\/comments?post=106130"}],"version-history":[{"count":1,"href":"https:\/\/www.visit-ulcinj.com\/blog\/wp-json\/wp\/v2\/posts\/106130\/revisions"}],"predecessor-version":[{"id":106131,"href":"https:\/\/www.visit-ulcinj.com\/blog\/wp-json\/wp\/v2\/posts\/106130\/revisions\/106131"}],"wp:attachment":[{"href":"https:\/\/www.visit-ulcinj.com\/blog\/wp-json\/wp\/v2\/media?parent=106130"}],"wp:term":[{"taxonomy":"category","embeddable":true,"href":"https:\/\/www.visit-ulcinj.com\/blog\/wp-json\/wp\/v2\/categories?post=106130"},{"taxonomy":"post_tag","embeddable":true,"href":"https:\/\/www.visit-ulcinj.com\/blog\/wp-json\/wp\/v2\/tags?post=106130"}],"curies":[{"name":"wp","href":"https:\/\/api.w.org\/{rel}","templated":true}]}}