{"id":106147,"date":"2017-07-10T18:28:50","date_gmt":"2017-07-10T17:28:50","guid":{"rendered":"http:\/\/www.visit-ulcinj.com\/blog\/?p=106147"},"modified":"2017-07-10T18:28:50","modified_gmt":"2017-07-10T17:28:50","slug":"341-vende-ne-per-studentet-e-lugines-malit-te-zi-shqiperise-e-maqedonise","status":"publish","type":"post","link":"https:\/\/www.visit-ulcinj.com\/blog\/2017\/07\/10\/341-vende-ne-per-studentet-e-lugines-malit-te-zi-shqiperise-e-maqedonise\/","title":{"rendered":"341 vende n\u00eb UP p\u00ebr student\u00ebt e Lugin\u00ebs\u2026, Malit t\u00eb Zi, Shqip\u00ebris\u00eb e Maqedonis\u00eb"},"content":{"rendered":"<p><strong><a href=\"http:\/\/www.visit-ulcinj.com\/blog\/wp-content\/uploads\/2017\/07\/Universiteti-i-Prishtin\u00ebs.jpg\"><img loading=\"lazy\" class=\"alignleft wp-image-106148\" src=\"http:\/\/www.visit-ulcinj.com\/blog\/wp-content\/uploads\/2017\/07\/Universiteti-i-Prishtin\u00ebs.jpg\" alt=\"\" width=\"508\" height=\"278\" srcset=\"https:\/\/www.visit-ulcinj.com\/blog\/wp-content\/uploads\/2017\/07\/Universiteti-i-Prishtin\u00ebs.jpg 633w, https:\/\/www.visit-ulcinj.com\/blog\/wp-content\/uploads\/2017\/07\/Universiteti-i-Prishtin\u00ebs-300x164.jpg 300w\" sizes=\"(max-width: 508px) 100vw, 508px\" \/><\/a>K\u00ebt\u00eb vit Universiteti i Prishtin\u00ebs \u201cHasan Prishtina\u201d\u00a0 n\u00eb vitin akademik 2017\/18 do t\u00eb pranoj\u00eb 341 student\u00eb nga Mali i Zi, Lugina e Preshev\u00ebs, Shqip\u00ebria dhe Maqedonia, shkruan Gazeta Monitor.<\/strong><\/p>\n<p>\u201cN\u00eb universitet n\u00eb baz\u00eb t\u00eb kuotave t\u00eb p\u00ebrcaktuara nga MASHT mund t\u00eb pranohen edhe kandidat\u00ebt nga Mali i Zi, Presheva, Medvegja,Bujanovci,\u00a0 Maqedonia dhe Shqip\u00ebria. Numri i student\u00ebve t\u00eb rregullt q\u00eb do t\u00eb pranohen nga k\u00ebto vende do t\u00eb jet\u00eb deri n\u00eb 5 % e numrit t\u00eb p\u00ebrcaktuar si n\u00eb paragrafin 1 t\u00eb pik\u00ebs 1, p\u00ebrkat\u00ebsisht deri n\u00eb 341 student\u00eb\u201d, \u00ebsht\u00eb parapar\u00eb n\u00eb konkurs.<\/p>\n<p>Nd\u00ebrsa, kandidat\u00ebt t\u00eb cil\u00ebt kan\u00eb lindur n\u00eb vendet e sip\u00ebrsh\u00ebnuara, nd\u00ebrsa shkollimin e mes\u00ebm e kan\u00eb mbaruar n\u00eb Republik\u00ebn e Kosov\u00ebs, do t\u2019iu n\u00ebnshtrohen kushteve t\u00eb nj\u00ebjta p\u00ebr pranim si kandidat\u00ebt nga Kosova. <strong>\/Gazeta Monitor\/<\/strong><\/p>\n","protected":false},"excerpt":{"rendered":"<p>K\u00ebt\u00eb vit Universiteti i Prishtin\u00ebs \u201cHasan Prishtina\u201d\u00a0 n\u00eb vitin akademik 2017\/18 do t\u00eb pranoj\u00eb 341 student\u00eb nga Mali i Zi, Lugina e Preshev\u00ebs, Shqip\u00ebria dhe Maqedonia, shkruan Gazeta Monitor. \u201cN\u00eb universitet n\u00eb baz\u00eb t\u00eb kuotave t\u00eb p\u00ebrcaktuara nga MASHT mund t\u00eb pranohen edhe kandidat\u00ebt nga Mali i Zi, Presheva, Medvegja,Bujanovci,\u00a0 Maqedonia dhe Shqip\u00ebria. Numri i [&hellip;]<\/p>\n","protected":false},"author":1,"featured_media":0,"comment_status":"closed","ping_status":"closed","sticky":false,"template":"","format":"standard","meta":{"spay_email":"","jetpack_publicize_message":"","jetpack_is_tweetstorm":false,"jetpack_publicize_feature_enabled":true},"categories":[14],"tags":[],"jetpack_publicize_connections":[],"yoast_head":"<!-- This site is optimized with the Yoast SEO plugin v19.1 - https:\/\/yoast.com\/wordpress\/plugins\/seo\/ -->\n<title>341 vende n\u00eb UP p\u00ebr student\u00ebt e Lugin\u00ebs\u2026, Malit t\u00eb Zi, Shqip\u00ebris\u00eb e Maqedonis\u00eb - Lajme nga Ulqini<\/title>\n<meta name=\"description\" content=\"K\u00ebt\u00eb vit Universiteti i Prishtin\u00ebs \u201cHasan Prishtina\u201d\u00a0 n\u00eb vitin akademik 2017\/18 do t\u00eb pranoj\u00eb 341 student\u00eb nga Mali i Zi, Lugina e Preshev\u00ebs, Shqip\u00ebria\" \/>\n<meta name=\"robots\" content=\"index, follow, max-snippet:-1, max-image-preview:large, max-video-preview:-1\" \/>\n<link rel=\"canonical\" href=\"https:\/\/www.visit-ulcinj.com\/blog\/2017\/07\/10\/341-vende-ne-per-studentet-e-lugines-malit-te-zi-shqiperise-e-maqedonise\/\" \/>\n<meta property=\"og:locale\" content=\"en_US\" \/>\n<meta property=\"og:type\" content=\"article\" \/>\n<meta property=\"og:title\" content=\"341 vende n\u00eb UP p\u00ebr student\u00ebt e Lugin\u00ebs\u2026, Malit t\u00eb Zi, Shqip\u00ebris\u00eb e Maqedonis\u00eb - Lajme nga Ulqini\" \/>\n<meta property=\"og:description\" content=\"K\u00ebt\u00eb vit Universiteti i Prishtin\u00ebs \u201cHasan Prishtina\u201d\u00a0 n\u00eb vitin akademik 2017\/18 do t\u00eb pranoj\u00eb 341 student\u00eb nga Mali i Zi, Lugina e Preshev\u00ebs, Shqip\u00ebria\" \/>\n<meta property=\"og:url\" content=\"https:\/\/www.visit-ulcinj.com\/blog\/2017\/07\/10\/341-vende-ne-per-studentet-e-lugines-malit-te-zi-shqiperise-e-maqedonise\/\" \/>\n<meta property=\"og:site_name\" content=\"Lajme nga Ulqini\" \/>\n<meta property=\"article:published_time\" content=\"2017-07-10T17:28:50+00:00\" \/>\n<meta name=\"twitter:label1\" content=\"Written by\" \/>\n\t<meta name=\"twitter:data1\" content=\"ulqini\" \/>\n\t<meta name=\"twitter:label2\" content=\"Est. reading time\" \/>\n\t<meta name=\"twitter:data2\" content=\"1 minute\" \/>\n<script type=\"application\/ld+json\" class=\"yoast-schema-graph\">{\"@context\":\"https:\/\/schema.org\",\"@graph\":[{\"@type\":\"WebSite\",\"@id\":\"https:\/\/www.visit-ulcinj.com\/blog\/#website\",\"url\":\"https:\/\/www.visit-ulcinj.com\/blog\/\",\"name\":\"Lajme nga Ulqini\",\"description\":\"Lajme,Vijesti,Ulqini,Ulqin,Crna Gora,Mali i Zi\",\"potentialAction\":[{\"@type\":\"SearchAction\",\"target\":{\"@type\":\"EntryPoint\",\"urlTemplate\":\"https:\/\/www.visit-ulcinj.com\/blog\/?s={search_term_string}\"},\"query-input\":\"required name=search_term_string\"}],\"inLanguage\":\"en-US\"},{\"@type\":\"WebPage\",\"@id\":\"https:\/\/www.visit-ulcinj.com\/blog\/2017\/07\/10\/341-vende-ne-per-studentet-e-lugines-malit-te-zi-shqiperise-e-maqedonise\/#webpage\",\"url\":\"https:\/\/www.visit-ulcinj.com\/blog\/2017\/07\/10\/341-vende-ne-per-studentet-e-lugines-malit-te-zi-shqiperise-e-maqedonise\/\",\"name\":\"341 vende n\u00eb UP p\u00ebr student\u00ebt e Lugin\u00ebs\u2026, Malit t\u00eb Zi, Shqip\u00ebris\u00eb e Maqedonis\u00eb - Lajme nga Ulqini\",\"isPartOf\":{\"@id\":\"https:\/\/www.visit-ulcinj.com\/blog\/#website\"},\"datePublished\":\"2017-07-10T17:28:50+00:00\",\"dateModified\":\"2017-07-10T17:28:50+00:00\",\"author\":{\"@id\":\"https:\/\/www.visit-ulcinj.com\/blog\/#\/schema\/person\/dcab619c614d3038751c63bc2aadc06d\"},\"description\":\"K\u00ebt\u00eb vit Universiteti i Prishtin\u00ebs \u201cHasan Prishtina\u201d\u00a0 n\u00eb vitin akademik 2017\/18 do t\u00eb pranoj\u00eb 341 student\u00eb nga Mali i Zi, Lugina e Preshev\u00ebs, Shqip\u00ebria\",\"breadcrumb\":{\"@id\":\"https:\/\/www.visit-ulcinj.com\/blog\/2017\/07\/10\/341-vende-ne-per-studentet-e-lugines-malit-te-zi-shqiperise-e-maqedonise\/#breadcrumb\"},\"inLanguage\":\"en-US\",\"potentialAction\":[{\"@type\":\"ReadAction\",\"target\":[\"https:\/\/www.visit-ulcinj.com\/blog\/2017\/07\/10\/341-vende-ne-per-studentet-e-lugines-malit-te-zi-shqiperise-e-maqedonise\/\"]}]},{\"@type\":\"BreadcrumbList\",\"@id\":\"https:\/\/www.visit-ulcinj.com\/blog\/2017\/07\/10\/341-vende-ne-per-studentet-e-lugines-malit-te-zi-shqiperise-e-maqedonise\/#breadcrumb\",\"itemListElement\":[{\"@type\":\"ListItem\",\"position\":1,\"name\":\"341 vende n\u00eb UP p\u00ebr student\u00ebt e Lugin\u00ebs\u2026, Malit t\u00eb Zi, Shqip\u00ebris\u00eb e Maqedonis\u00eb\"}]},{\"@type\":\"Person\",\"@id\":\"https:\/\/www.visit-ulcinj.com\/blog\/#\/schema\/person\/dcab619c614d3038751c63bc2aadc06d\",\"name\":\"ulqini\",\"sameAs\":[\"http:\/\/www.visit-ulcinj.com\"],\"url\":\"https:\/\/www.visit-ulcinj.com\/blog\/author\/admin\/\"}]}<\/script>\n<!-- \/ Yoast SEO plugin. -->","yoast_head_json":{"title":"341 vende n\u00eb UP p\u00ebr student\u00ebt e Lugin\u00ebs\u2026, Malit t\u00eb Zi, Shqip\u00ebris\u00eb e Maqedonis\u00eb - Lajme nga Ulqini","description":"K\u00ebt\u00eb vit Universiteti i Prishtin\u00ebs \u201cHasan Prishtina\u201d\u00a0 n\u00eb vitin akademik 2017\/18 do t\u00eb pranoj\u00eb 341 student\u00eb nga Mali i Zi, Lugina e Preshev\u00ebs, Shqip\u00ebria","robots":{"index":"index","follow":"follow","max-snippet":"max-snippet:-1","max-image-preview":"max-image-preview:large","max-video-preview":"max-video-preview:-1"},"canonical":"https:\/\/www.visit-ulcinj.com\/blog\/2017\/07\/10\/341-vende-ne-per-studentet-e-lugines-malit-te-zi-shqiperise-e-maqedonise\/","og_locale":"en_US","og_type":"article","og_title":"341 vende n\u00eb UP p\u00ebr student\u00ebt e Lugin\u00ebs\u2026, Malit t\u00eb Zi, Shqip\u00ebris\u00eb e Maqedonis\u00eb - Lajme nga Ulqini","og_description":"K\u00ebt\u00eb vit Universiteti i Prishtin\u00ebs \u201cHasan Prishtina\u201d\u00a0 n\u00eb vitin akademik 2017\/18 do t\u00eb pranoj\u00eb 341 student\u00eb nga Mali i Zi, Lugina e Preshev\u00ebs, Shqip\u00ebria","og_url":"https:\/\/www.visit-ulcinj.com\/blog\/2017\/07\/10\/341-vende-ne-per-studentet-e-lugines-malit-te-zi-shqiperise-e-maqedonise\/","og_site_name":"Lajme nga Ulqini","article_published_time":"2017-07-10T17:28:50+00:00","twitter_misc":{"Written by":"ulqini","Est. reading time":"1 minute"},"schema":{"@context":"https:\/\/schema.org","@graph":[{"@type":"WebSite","@id":"https:\/\/www.visit-ulcinj.com\/blog\/#website","url":"https:\/\/www.visit-ulcinj.com\/blog\/","name":"Lajme nga Ulqini","description":"Lajme,Vijesti,Ulqini,Ulqin,Crna Gora,Mali i Zi","potentialAction":[{"@type":"SearchAction","target":{"@type":"EntryPoint","urlTemplate":"https:\/\/www.visit-ulcinj.com\/blog\/?s={search_term_string}"},"query-input":"required name=search_term_string"}],"inLanguage":"en-US"},{"@type":"WebPage","@id":"https:\/\/www.visit-ulcinj.com\/blog\/2017\/07\/10\/341-vende-ne-per-studentet-e-lugines-malit-te-zi-shqiperise-e-maqedonise\/#webpage","url":"https:\/\/www.visit-ulcinj.com\/blog\/2017\/07\/10\/341-vende-ne-per-studentet-e-lugines-malit-te-zi-shqiperise-e-maqedonise\/","name":"341 vende n\u00eb UP p\u00ebr student\u00ebt e Lugin\u00ebs\u2026, Malit t\u00eb Zi, Shqip\u00ebris\u00eb e Maqedonis\u00eb - Lajme nga Ulqini","isPartOf":{"@id":"https:\/\/www.visit-ulcinj.com\/blog\/#website"},"datePublished":"2017-07-10T17:28:50+00:00","dateModified":"2017-07-10T17:28:50+00:00","author":{"@id":"https:\/\/www.visit-ulcinj.com\/blog\/#\/schema\/person\/dcab619c614d3038751c63bc2aadc06d"},"description":"K\u00ebt\u00eb vit Universiteti i Prishtin\u00ebs \u201cHasan Prishtina\u201d\u00a0 n\u00eb vitin akademik 2017\/18 do t\u00eb pranoj\u00eb 341 student\u00eb nga Mali i Zi, Lugina e Preshev\u00ebs, Shqip\u00ebria","breadcrumb":{"@id":"https:\/\/www.visit-ulcinj.com\/blog\/2017\/07\/10\/341-vende-ne-per-studentet-e-lugines-malit-te-zi-shqiperise-e-maqedonise\/#breadcrumb"},"inLanguage":"en-US","potentialAction":[{"@type":"ReadAction","target":["https:\/\/www.visit-ulcinj.com\/blog\/2017\/07\/10\/341-vende-ne-per-studentet-e-lugines-malit-te-zi-shqiperise-e-maqedonise\/"]}]},{"@type":"BreadcrumbList","@id":"https:\/\/www.visit-ulcinj.com\/blog\/2017\/07\/10\/341-vende-ne-per-studentet-e-lugines-malit-te-zi-shqiperise-e-maqedonise\/#breadcrumb","itemListElement":[{"@type":"ListItem","position":1,"name":"341 vende n\u00eb UP p\u00ebr student\u00ebt e Lugin\u00ebs\u2026, Malit t\u00eb Zi, Shqip\u00ebris\u00eb e Maqedonis\u00eb"}]},{"@type":"Person","@id":"https:\/\/www.visit-ulcinj.com\/blog\/#\/schema\/person\/dcab619c614d3038751c63bc2aadc06d","name":"ulqini","sameAs":["http:\/\/www.visit-ulcinj.com"],"url":"https:\/\/www.visit-ulcinj.com\/blog\/author\/admin\/"}]}},"jetpack_featured_media_url":"","jetpack_sharing_enabled":true,"jetpack_shortlink":"https:\/\/wp.me\/pe6lTn-rC3","_links":{"self":[{"href":"https:\/\/www.visit-ulcinj.com\/blog\/wp-json\/wp\/v2\/posts\/106147"}],"collection":[{"href":"https:\/\/www.visit-ulcinj.com\/blog\/wp-json\/wp\/v2\/posts"}],"about":[{"href":"https:\/\/www.visit-ulcinj.com\/blog\/wp-json\/wp\/v2\/types\/post"}],"author":[{"embeddable":true,"href":"https:\/\/www.visit-ulcinj.com\/blog\/wp-json\/wp\/v2\/users\/1"}],"replies":[{"embeddable":true,"href":"https:\/\/www.visit-ulcinj.com\/blog\/wp-json\/wp\/v2\/comments?post=106147"}],"version-history":[{"count":1,"href":"https:\/\/www.visit-ulcinj.com\/blog\/wp-json\/wp\/v2\/posts\/106147\/revisions"}],"predecessor-version":[{"id":106149,"href":"https:\/\/www.visit-ulcinj.com\/blog\/wp-json\/wp\/v2\/posts\/106147\/revisions\/106149"}],"wp:attachment":[{"href":"https:\/\/www.visit-ulcinj.com\/blog\/wp-json\/wp\/v2\/media?parent=106147"}],"wp:term":[{"taxonomy":"category","embeddable":true,"href":"https:\/\/www.visit-ulcinj.com\/blog\/wp-json\/wp\/v2\/categories?post=106147"},{"taxonomy":"post_tag","embeddable":true,"href":"https:\/\/www.visit-ulcinj.com\/blog\/wp-json\/wp\/v2\/tags?post=106147"}],"curies":[{"name":"wp","href":"https:\/\/api.w.org\/{rel}","templated":true}]}}