{"id":106161,"date":"2017-07-11T14:08:12","date_gmt":"2017-07-11T13:08:12","guid":{"rendered":"http:\/\/www.visit-ulcinj.com\/blog\/?p=106161"},"modified":"2017-07-12T13:48:21","modified_gmt":"2017-07-12T12:48:21","slug":"nika-ulqini-qytet-luleve-nuk-e-thone-kot-saber-selamet","status":"publish","type":"post","link":"https:\/\/www.visit-ulcinj.com\/blog\/2017\/07\/11\/nika-ulqini-qytet-luleve-nuk-e-thone-kot-saber-selamet\/","title":{"rendered":"Nika: Ulqini qytet i luleve &#8211; nuk e thon\u00eb kot &#8211; sab\u00ebr selamet..?!"},"content":{"rendered":"<p><strong><a href=\"http:\/\/www.visit-ulcinj.com\/blog\/wp-content\/uploads\/2017\/07\/Ulqini-qyteti-i-luleve.jpg\"><img loading=\"lazy\" class=\"alignleft wp-image-106162\" src=\"http:\/\/www.visit-ulcinj.com\/blog\/wp-content\/uploads\/2017\/07\/Ulqini-qyteti-i-luleve.jpg\" alt=\"\" width=\"508\" height=\"355\" srcset=\"https:\/\/www.visit-ulcinj.com\/blog\/wp-content\/uploads\/2017\/07\/Ulqini-qyteti-i-luleve.jpg 624w, https:\/\/www.visit-ulcinj.com\/blog\/wp-content\/uploads\/2017\/07\/Ulqini-qyteti-i-luleve-300x210.jpg 300w\" sizes=\"(max-width: 508px) 100vw, 508px\" \/><\/a>Shkruan Muhamet Nika<\/strong><\/p>\n<p>Nuk e di ku e kam l\u00ebxuar e mbase\u00a0 mund t\u00eb jet\u00eb\u00a0 edhe th\u00ebnie profetike , e cila\u00a0 na k\u00ebshillon\u00a0\u00a0 : \u201c\u00a0 P\u00ebrg\u00ebzoni e mos tmerroni, thjesht\u00ebsoni e mos v\u00ebshtir\u00ebsoni\u2026\u201d. Por me sa duket ne n\u00eb Ulqin edhe k\u00ebt\u00eb \u00a0e kemi shum\u00eb t\u00eb v\u00ebshtir\u00eb\u00a0 ta\u00a0 pranojm\u00eb e l\u00ebre\u00a0 m\u00eb\u00a0 ta b\u00ebjm\u00eb \u2026?!<\/p>\n<p>Me\u00a0 aparatin tim- ose t\u00eb nj\u00eb miku tim, para\u00a0 pak koh\u00ebsh\u00a0 u b\u00ebn\u00eb k\u00ebto fotografi q\u00eb shihni si\u00a0 m\u00eb posht\u00eb\u00a0 dhe flasin p\u00ebr pun\u00ebn e mir\u00eb q\u00eb b\u00ebn\u00eb nd\u00ebrmarrja e qytetit n\u00eb\u00a0 drejtim t\u00eb kultivimit t\u00eb luleve dhe\u00a0 t\u00eb\u00a0 mir\u00eb mbajtjes s\u00eb past\u00ebrtis\u00eb\u00a0 n\u00eb sip\u00ebrfaqe\u00a0 publike.<\/p>\n<p><a href=\"http:\/\/www.visit-ulcinj.com\/blog\/wp-content\/uploads\/2017\/07\/Ulqini-qyteti-i-luleve-3.jpg\"><img loading=\"lazy\" class=\"alignleft wp-image-106165\" src=\"http:\/\/www.visit-ulcinj.com\/blog\/wp-content\/uploads\/2017\/07\/Ulqini-qyteti-i-luleve-3.jpg\" alt=\"\" width=\"508\" height=\"305\" srcset=\"https:\/\/www.visit-ulcinj.com\/blog\/wp-content\/uploads\/2017\/07\/Ulqini-qyteti-i-luleve-3.jpg 623w, https:\/\/www.visit-ulcinj.com\/blog\/wp-content\/uploads\/2017\/07\/Ulqini-qyteti-i-luleve-3-300x180.jpg 300w\" sizes=\"(max-width: 508px) 100vw, 508px\" \/><\/a><\/p>\n<p>Pamjet\u00a0 q\u00eb sot mesiguri jan\u00eb edhe m\u00eb t\u00eb bukura do ishin k\u00ebto\u00a0 si m\u00eb posht\u00eb , mir\u00ebpo nuk pam\u00eb q\u00eb dikush nga mediat\u00a0 t\u00eb shkruaj duke iu p\u00ebrmbajtur urt\u00ebsis\u00eb\u00a0 s\u00eb cekur\u00a0 n\u00eb fillim\u00a0 dhe ishalla marrin mend\u00a0 e b\u00ebjn\u00eb t\u00eb kund\u00ebrt\u00ebn duke lavd\u00ebruar e th\u00ebn\u00eb fjal\u00eb t\u00eb mira\u00a0 ,p\u00ebr t\u00eb cilat\u00a0 me siguri na ka marr\u00eb malli\u00a0 ti d\u00ebgjojm\u00eb nga mediat.<\/p>\n<p><a href=\"http:\/\/www.visit-ulcinj.com\/blog\/wp-content\/uploads\/2017\/07\/Ulqini-qyteti-i-luleve-1.jpg\"><img loading=\"lazy\" class=\"alignleft wp-image-106163\" src=\"http:\/\/www.visit-ulcinj.com\/blog\/wp-content\/uploads\/2017\/07\/Ulqini-qyteti-i-luleve-1.jpg\" alt=\"\" width=\"508\" height=\"426\" srcset=\"https:\/\/www.visit-ulcinj.com\/blog\/wp-content\/uploads\/2017\/07\/Ulqini-qyteti-i-luleve-1.jpg 621w, https:\/\/www.visit-ulcinj.com\/blog\/wp-content\/uploads\/2017\/07\/Ulqini-qyteti-i-luleve-1-300x252.jpg 300w\" sizes=\"(max-width: 508px) 100vw, 508px\" \/><\/a><br \/>\nIdeja q\u00eb Ulqini t\u00eb b\u00ebhej nj\u00ebher\u00eb e mir\u00eb \u201c Qytet i Luleve\u201d u d\u00ebgjua n\u00eb kuvend diku larg n\u00eb vitin 2003 n\u00eb koh\u00ebn kur kryetar i saj ish i ndjeri Fuad Nimani.<br \/>\nDhe u mboll\u00ebn lule n\u00eb sip\u00ebrfaqe publike, nuk isht se nuk u mboll\u00ebn, mirpo deri me emrimin e stafit t\u00eb ri n\u00eb udh\u00ebheqje t\u00eb komunales , po duket n\u00eb Ulqin lulet vazhdonin\u201d t\u2019i hanin gomer\u00ebt\u201d?!!<br \/>\nDhasht\u00eb Zoti , q\u00eb kjo koh\u00eb t\u00eb ket\u00eb p\u00ebrfunduar e bashk\u00eb me te edhe mentaliteti yn\u00eb i mbrapsht q\u00eb nuk zum\u00eb mend nj\u00ebher\u00eb e mir\u00eb, nga fjala e urt\u00eb popullore :\u201d Rri shtremt\u00eb , por foli hakun..\u201d?!!<br \/>\nMBASE DIKUSH KUJTOHET DHE E TREMB \u201cSHEJTANIN LANET..\u201d DUKE NA SJELL\u00cb PAMJET EDHE M\u00cb T\u00cb BUKURA T\u00cb PARQEVE T\u00cb QYTETIT Q\u00cb MUNGONIN.<\/p>\n<p><a href=\"http:\/\/www.visit-ulcinj.com\/blog\/wp-content\/uploads\/2017\/07\/Ulqini-qyteti-i-luleve-2.jpg\"><img loading=\"lazy\" class=\"alignleft wp-image-106164\" src=\"http:\/\/www.visit-ulcinj.com\/blog\/wp-content\/uploads\/2017\/07\/Ulqini-qyteti-i-luleve-2.jpg\" alt=\"\" width=\"508\" height=\"397\" srcset=\"https:\/\/www.visit-ulcinj.com\/blog\/wp-content\/uploads\/2017\/07\/Ulqini-qyteti-i-luleve-2.jpg 623w, https:\/\/www.visit-ulcinj.com\/blog\/wp-content\/uploads\/2017\/07\/Ulqini-qyteti-i-luleve-2-300x235.jpg 300w\" sizes=\"(max-width: 508px) 100vw, 508px\" \/><\/a><\/p>\n<p><a href=\"http:\/\/www.visit-ulcinj.com\/blog\/wp-content\/uploads\/2017\/07\/Ulqini-qyteti-i-luleve-4.jpg\"><img loading=\"lazy\" class=\"alignleft wp-image-106166\" src=\"http:\/\/www.visit-ulcinj.com\/blog\/wp-content\/uploads\/2017\/07\/Ulqini-qyteti-i-luleve-4.jpg\" alt=\"\" width=\"508\" height=\"285\" srcset=\"https:\/\/www.visit-ulcinj.com\/blog\/wp-content\/uploads\/2017\/07\/Ulqini-qyteti-i-luleve-4.jpg 623w, https:\/\/www.visit-ulcinj.com\/blog\/wp-content\/uploads\/2017\/07\/Ulqini-qyteti-i-luleve-4-300x169.jpg 300w\" sizes=\"(max-width: 508px) 100vw, 508px\" \/><\/a><\/p>\n","protected":false},"excerpt":{"rendered":"<p>Shkruan Muhamet Nika Nuk e di ku e kam l\u00ebxuar e mbase\u00a0 mund t\u00eb jet\u00eb\u00a0 edhe th\u00ebnie profetike , e cila\u00a0 na k\u00ebshillon\u00a0\u00a0 : \u201c\u00a0 P\u00ebrg\u00ebzoni e mos tmerroni, thjesht\u00ebsoni e mos v\u00ebshtir\u00ebsoni\u2026\u201d. Por me sa duket ne n\u00eb Ulqin edhe k\u00ebt\u00eb \u00a0e kemi shum\u00eb t\u00eb v\u00ebshtir\u00eb\u00a0 ta\u00a0 pranojm\u00eb e l\u00ebre\u00a0 m\u00eb\u00a0 ta b\u00ebjm\u00eb \u2026?! [&hellip;]<\/p>\n","protected":false},"author":1,"featured_media":0,"comment_status":"closed","ping_status":"closed","sticky":false,"template":"","format":"standard","meta":{"spay_email":"","jetpack_publicize_message":"","jetpack_is_tweetstorm":false,"jetpack_publicize_feature_enabled":true},"categories":[1,14249],"tags":[],"jetpack_publicize_connections":[],"yoast_head":"<!-- This site is optimized with the Yoast SEO plugin v19.1 - https:\/\/yoast.com\/wordpress\/plugins\/seo\/ -->\n<title>Nika: Ulqini qytet i luleve - nuk e thon\u00eb kot - sab\u00ebr selamet..?! - Lajme nga Ulqini<\/title>\n<meta name=\"description\" content=\"Shkruan Muhamet Nika Nuk e di ku e kam l\u00ebxuar e mbase\u00a0 mund t\u00eb jet\u00eb\u00a0 edhe th\u00ebnie profetike , e cila\u00a0 na k\u00ebshillon\u00a0\u00a0 : \u201c\u00a0 P\u00ebrg\u00ebzoni e mos tmerroni,\" \/>\n<meta name=\"robots\" content=\"index, follow, max-snippet:-1, max-image-preview:large, max-video-preview:-1\" \/>\n<link rel=\"canonical\" href=\"https:\/\/www.visit-ulcinj.com\/blog\/2017\/07\/11\/nika-ulqini-qytet-luleve-nuk-e-thone-kot-saber-selamet\/\" \/>\n<meta property=\"og:locale\" content=\"en_US\" \/>\n<meta property=\"og:type\" content=\"article\" \/>\n<meta property=\"og:title\" content=\"Nika: Ulqini qytet i luleve - nuk e thon\u00eb kot - sab\u00ebr selamet..?! - Lajme nga Ulqini\" \/>\n<meta property=\"og:description\" content=\"Shkruan Muhamet Nika Nuk e di ku e kam l\u00ebxuar e mbase\u00a0 mund t\u00eb jet\u00eb\u00a0 edhe th\u00ebnie profetike , e cila\u00a0 na k\u00ebshillon\u00a0\u00a0 : \u201c\u00a0 P\u00ebrg\u00ebzoni e mos tmerroni,\" \/>\n<meta property=\"og:url\" content=\"https:\/\/www.visit-ulcinj.com\/blog\/2017\/07\/11\/nika-ulqini-qytet-luleve-nuk-e-thone-kot-saber-selamet\/\" \/>\n<meta property=\"og:site_name\" content=\"Lajme nga Ulqini\" \/>\n<meta property=\"article:published_time\" content=\"2017-07-11T13:08:12+00:00\" \/>\n<meta property=\"article:modified_time\" content=\"2017-07-12T12:48:21+00:00\" \/>\n<meta property=\"og:image\" content=\"http:\/\/www.visit-ulcinj.com\/blog\/wp-content\/uploads\/2017\/07\/Ulqini-qyteti-i-luleve.jpg\" \/>\n<meta name=\"twitter:label1\" content=\"Written by\" \/>\n\t<meta name=\"twitter:data1\" content=\"ulqini\" \/>\n\t<meta name=\"twitter:label2\" content=\"Est. reading time\" \/>\n\t<meta name=\"twitter:data2\" content=\"2 minutes\" \/>\n<script type=\"application\/ld+json\" class=\"yoast-schema-graph\">{\"@context\":\"https:\/\/schema.org\",\"@graph\":[{\"@type\":\"WebSite\",\"@id\":\"https:\/\/www.visit-ulcinj.com\/blog\/#website\",\"url\":\"https:\/\/www.visit-ulcinj.com\/blog\/\",\"name\":\"Lajme nga Ulqini\",\"description\":\"Lajme,Vijesti,Ulqini,Ulqin,Crna Gora,Mali i Zi\",\"potentialAction\":[{\"@type\":\"SearchAction\",\"target\":{\"@type\":\"EntryPoint\",\"urlTemplate\":\"https:\/\/www.visit-ulcinj.com\/blog\/?s={search_term_string}\"},\"query-input\":\"required name=search_term_string\"}],\"inLanguage\":\"en-US\"},{\"@type\":\"ImageObject\",\"inLanguage\":\"en-US\",\"@id\":\"https:\/\/www.visit-ulcinj.com\/blog\/2017\/07\/11\/nika-ulqini-qytet-luleve-nuk-e-thone-kot-saber-selamet\/#primaryimage\",\"url\":\"https:\/\/www.visit-ulcinj.com\/blog\/wp-content\/uploads\/2017\/07\/Ulqini-qyteti-i-luleve.jpg\",\"contentUrl\":\"https:\/\/www.visit-ulcinj.com\/blog\/wp-content\/uploads\/2017\/07\/Ulqini-qyteti-i-luleve.jpg\",\"width\":624,\"height\":436},{\"@type\":\"WebPage\",\"@id\":\"https:\/\/www.visit-ulcinj.com\/blog\/2017\/07\/11\/nika-ulqini-qytet-luleve-nuk-e-thone-kot-saber-selamet\/#webpage\",\"url\":\"https:\/\/www.visit-ulcinj.com\/blog\/2017\/07\/11\/nika-ulqini-qytet-luleve-nuk-e-thone-kot-saber-selamet\/\",\"name\":\"Nika: Ulqini qytet i luleve - nuk e thon\u00eb kot - sab\u00ebr selamet..?! - Lajme nga Ulqini\",\"isPartOf\":{\"@id\":\"https:\/\/www.visit-ulcinj.com\/blog\/#website\"},\"primaryImageOfPage\":{\"@id\":\"https:\/\/www.visit-ulcinj.com\/blog\/2017\/07\/11\/nika-ulqini-qytet-luleve-nuk-e-thone-kot-saber-selamet\/#primaryimage\"},\"datePublished\":\"2017-07-11T13:08:12+00:00\",\"dateModified\":\"2017-07-12T12:48:21+00:00\",\"author\":{\"@id\":\"https:\/\/www.visit-ulcinj.com\/blog\/#\/schema\/person\/dcab619c614d3038751c63bc2aadc06d\"},\"description\":\"Shkruan Muhamet Nika Nuk e di ku e kam l\u00ebxuar e mbase\u00a0 mund t\u00eb jet\u00eb\u00a0 edhe th\u00ebnie profetike , e cila\u00a0 na k\u00ebshillon\u00a0\u00a0 : \u201c\u00a0 P\u00ebrg\u00ebzoni e mos tmerroni,\",\"breadcrumb\":{\"@id\":\"https:\/\/www.visit-ulcinj.com\/blog\/2017\/07\/11\/nika-ulqini-qytet-luleve-nuk-e-thone-kot-saber-selamet\/#breadcrumb\"},\"inLanguage\":\"en-US\",\"potentialAction\":[{\"@type\":\"ReadAction\",\"target\":[\"https:\/\/www.visit-ulcinj.com\/blog\/2017\/07\/11\/nika-ulqini-qytet-luleve-nuk-e-thone-kot-saber-selamet\/\"]}]},{\"@type\":\"BreadcrumbList\",\"@id\":\"https:\/\/www.visit-ulcinj.com\/blog\/2017\/07\/11\/nika-ulqini-qytet-luleve-nuk-e-thone-kot-saber-selamet\/#breadcrumb\",\"itemListElement\":[{\"@type\":\"ListItem\",\"position\":1,\"name\":\"Nika: Ulqini qytet i luleve &#8211; nuk e thon\u00eb kot &#8211; sab\u00ebr selamet..?!\"}]},{\"@type\":\"Person\",\"@id\":\"https:\/\/www.visit-ulcinj.com\/blog\/#\/schema\/person\/dcab619c614d3038751c63bc2aadc06d\",\"name\":\"ulqini\",\"sameAs\":[\"http:\/\/www.visit-ulcinj.com\"],\"url\":\"https:\/\/www.visit-ulcinj.com\/blog\/author\/admin\/\"}]}<\/script>\n<!-- \/ Yoast SEO plugin. -->","yoast_head_json":{"title":"Nika: Ulqini qytet i luleve - nuk e thon\u00eb kot - sab\u00ebr selamet..?! - Lajme nga Ulqini","description":"Shkruan Muhamet Nika Nuk e di ku e kam l\u00ebxuar e mbase\u00a0 mund t\u00eb jet\u00eb\u00a0 edhe th\u00ebnie profetike , e cila\u00a0 na k\u00ebshillon\u00a0\u00a0 : \u201c\u00a0 P\u00ebrg\u00ebzoni e mos tmerroni,","robots":{"index":"index","follow":"follow","max-snippet":"max-snippet:-1","max-image-preview":"max-image-preview:large","max-video-preview":"max-video-preview:-1"},"canonical":"https:\/\/www.visit-ulcinj.com\/blog\/2017\/07\/11\/nika-ulqini-qytet-luleve-nuk-e-thone-kot-saber-selamet\/","og_locale":"en_US","og_type":"article","og_title":"Nika: Ulqini qytet i luleve - nuk e thon\u00eb kot - sab\u00ebr selamet..?! - Lajme nga Ulqini","og_description":"Shkruan Muhamet Nika Nuk e di ku e kam l\u00ebxuar e mbase\u00a0 mund t\u00eb jet\u00eb\u00a0 edhe th\u00ebnie profetike , e cila\u00a0 na k\u00ebshillon\u00a0\u00a0 : \u201c\u00a0 P\u00ebrg\u00ebzoni e mos tmerroni,","og_url":"https:\/\/www.visit-ulcinj.com\/blog\/2017\/07\/11\/nika-ulqini-qytet-luleve-nuk-e-thone-kot-saber-selamet\/","og_site_name":"Lajme nga Ulqini","article_published_time":"2017-07-11T13:08:12+00:00","article_modified_time":"2017-07-12T12:48:21+00:00","og_image":[{"url":"http:\/\/www.visit-ulcinj.com\/blog\/wp-content\/uploads\/2017\/07\/Ulqini-qyteti-i-luleve.jpg"}],"twitter_misc":{"Written by":"ulqini","Est. reading time":"2 minutes"},"schema":{"@context":"https:\/\/schema.org","@graph":[{"@type":"WebSite","@id":"https:\/\/www.visit-ulcinj.com\/blog\/#website","url":"https:\/\/www.visit-ulcinj.com\/blog\/","name":"Lajme nga Ulqini","description":"Lajme,Vijesti,Ulqini,Ulqin,Crna Gora,Mali i Zi","potentialAction":[{"@type":"SearchAction","target":{"@type":"EntryPoint","urlTemplate":"https:\/\/www.visit-ulcinj.com\/blog\/?s={search_term_string}"},"query-input":"required name=search_term_string"}],"inLanguage":"en-US"},{"@type":"ImageObject","inLanguage":"en-US","@id":"https:\/\/www.visit-ulcinj.com\/blog\/2017\/07\/11\/nika-ulqini-qytet-luleve-nuk-e-thone-kot-saber-selamet\/#primaryimage","url":"https:\/\/www.visit-ulcinj.com\/blog\/wp-content\/uploads\/2017\/07\/Ulqini-qyteti-i-luleve.jpg","contentUrl":"https:\/\/www.visit-ulcinj.com\/blog\/wp-content\/uploads\/2017\/07\/Ulqini-qyteti-i-luleve.jpg","width":624,"height":436},{"@type":"WebPage","@id":"https:\/\/www.visit-ulcinj.com\/blog\/2017\/07\/11\/nika-ulqini-qytet-luleve-nuk-e-thone-kot-saber-selamet\/#webpage","url":"https:\/\/www.visit-ulcinj.com\/blog\/2017\/07\/11\/nika-ulqini-qytet-luleve-nuk-e-thone-kot-saber-selamet\/","name":"Nika: Ulqini qytet i luleve - nuk e thon\u00eb kot - sab\u00ebr selamet..?! - Lajme nga Ulqini","isPartOf":{"@id":"https:\/\/www.visit-ulcinj.com\/blog\/#website"},"primaryImageOfPage":{"@id":"https:\/\/www.visit-ulcinj.com\/blog\/2017\/07\/11\/nika-ulqini-qytet-luleve-nuk-e-thone-kot-saber-selamet\/#primaryimage"},"datePublished":"2017-07-11T13:08:12+00:00","dateModified":"2017-07-12T12:48:21+00:00","author":{"@id":"https:\/\/www.visit-ulcinj.com\/blog\/#\/schema\/person\/dcab619c614d3038751c63bc2aadc06d"},"description":"Shkruan Muhamet Nika Nuk e di ku e kam l\u00ebxuar e mbase\u00a0 mund t\u00eb jet\u00eb\u00a0 edhe th\u00ebnie profetike , e cila\u00a0 na k\u00ebshillon\u00a0\u00a0 : \u201c\u00a0 P\u00ebrg\u00ebzoni e mos tmerroni,","breadcrumb":{"@id":"https:\/\/www.visit-ulcinj.com\/blog\/2017\/07\/11\/nika-ulqini-qytet-luleve-nuk-e-thone-kot-saber-selamet\/#breadcrumb"},"inLanguage":"en-US","potentialAction":[{"@type":"ReadAction","target":["https:\/\/www.visit-ulcinj.com\/blog\/2017\/07\/11\/nika-ulqini-qytet-luleve-nuk-e-thone-kot-saber-selamet\/"]}]},{"@type":"BreadcrumbList","@id":"https:\/\/www.visit-ulcinj.com\/blog\/2017\/07\/11\/nika-ulqini-qytet-luleve-nuk-e-thone-kot-saber-selamet\/#breadcrumb","itemListElement":[{"@type":"ListItem","position":1,"name":"Nika: Ulqini qytet i luleve &#8211; nuk e thon\u00eb kot &#8211; sab\u00ebr selamet..?!"}]},{"@type":"Person","@id":"https:\/\/www.visit-ulcinj.com\/blog\/#\/schema\/person\/dcab619c614d3038751c63bc2aadc06d","name":"ulqini","sameAs":["http:\/\/www.visit-ulcinj.com"],"url":"https:\/\/www.visit-ulcinj.com\/blog\/author\/admin\/"}]}},"jetpack_featured_media_url":"","jetpack_sharing_enabled":true,"jetpack_shortlink":"https:\/\/wp.me\/pe6lTn-rCh","_links":{"self":[{"href":"https:\/\/www.visit-ulcinj.com\/blog\/wp-json\/wp\/v2\/posts\/106161"}],"collection":[{"href":"https:\/\/www.visit-ulcinj.com\/blog\/wp-json\/wp\/v2\/posts"}],"about":[{"href":"https:\/\/www.visit-ulcinj.com\/blog\/wp-json\/wp\/v2\/types\/post"}],"author":[{"embeddable":true,"href":"https:\/\/www.visit-ulcinj.com\/blog\/wp-json\/wp\/v2\/users\/1"}],"replies":[{"embeddable":true,"href":"https:\/\/www.visit-ulcinj.com\/blog\/wp-json\/wp\/v2\/comments?post=106161"}],"version-history":[{"count":1,"href":"https:\/\/www.visit-ulcinj.com\/blog\/wp-json\/wp\/v2\/posts\/106161\/revisions"}],"predecessor-version":[{"id":106167,"href":"https:\/\/www.visit-ulcinj.com\/blog\/wp-json\/wp\/v2\/posts\/106161\/revisions\/106167"}],"wp:attachment":[{"href":"https:\/\/www.visit-ulcinj.com\/blog\/wp-json\/wp\/v2\/media?parent=106161"}],"wp:term":[{"taxonomy":"category","embeddable":true,"href":"https:\/\/www.visit-ulcinj.com\/blog\/wp-json\/wp\/v2\/categories?post=106161"},{"taxonomy":"post_tag","embeddable":true,"href":"https:\/\/www.visit-ulcinj.com\/blog\/wp-json\/wp\/v2\/tags?post=106161"}],"curies":[{"name":"wp","href":"https:\/\/api.w.org\/{rel}","templated":true}]}}