{"id":106168,"date":"2017-07-11T14:26:10","date_gmt":"2017-07-11T13:26:10","guid":{"rendered":"http:\/\/www.visit-ulcinj.com\/blog\/?p=106168"},"modified":"2017-07-11T14:29:07","modified_gmt":"2017-07-11T13:29:07","slug":"tenis-katana-fitues-i-turneut-eminent-open-2017","status":"publish","type":"post","link":"https:\/\/www.visit-ulcinj.com\/blog\/2017\/07\/11\/tenis-katana-fitues-i-turneut-eminent-open-2017\/","title":{"rendered":"Tenis: Katana fitues i turneut Eminent Open 2017"},"content":{"rendered":"<p><strong><a href=\"http:\/\/www.visit-ulcinj.com\/blog\/wp-content\/uploads\/2017\/07\/SKENDER-KATANA-FITUES-I-TURNEUT-EMINENT-OPEN-2017.jpg\"><img loading=\"lazy\" class=\"alignleft wp-image-106169\" src=\"http:\/\/www.visit-ulcinj.com\/blog\/wp-content\/uploads\/2017\/07\/SKENDER-KATANA-FITUES-I-TURNEUT-EMINENT-OPEN-2017.jpg\" alt=\"\" width=\"508\" height=\"479\" srcset=\"https:\/\/www.visit-ulcinj.com\/blog\/wp-content\/uploads\/2017\/07\/SKENDER-KATANA-FITUES-I-TURNEUT-EMINENT-OPEN-2017.jpg 465w, https:\/\/www.visit-ulcinj.com\/blog\/wp-content\/uploads\/2017\/07\/SKENDER-KATANA-FITUES-I-TURNEUT-EMINENT-OPEN-2017-300x283.jpg 300w\" sizes=\"(max-width: 508px) 100vw, 508px\" \/><\/a><\/strong><\/p>\n<p>K\u00ebt\u00eb\u00a0 fundjav\u00eb\u00a0 n\u00eb klubin e tenisit Eminent nga Podgorica,\u00a0 u mbajte turneu p\u00ebr grupmoshat deri n\u00eb 10 vjet.<\/p>\n<p>Tenisti 9 vjecar \u00a0nga Ulqini Skender Katana shpallet kampion i turneut, dhe k\u00ebshtu vazhdon rrug\u00ebn kah kreu i tabel\u00ebs p\u00ebr tenist\u00eb deri n\u00eb 10 vjet..<\/p>\n<p><a href=\"http:\/\/www.visit-ulcinj.com\/blog\/wp-content\/uploads\/2017\/07\/SKENDER-KATANA-FITUES-I-TURNEUT-EMINENT-OPEN-2017-1.jpg\"><img loading=\"lazy\" class=\"alignleft wp-image-106171\" src=\"http:\/\/www.visit-ulcinj.com\/blog\/wp-content\/uploads\/2017\/07\/SKENDER-KATANA-FITUES-I-TURNEUT-EMINENT-OPEN-2017-1.jpg\" alt=\"\" width=\"508\" height=\"290\" srcset=\"https:\/\/www.visit-ulcinj.com\/blog\/wp-content\/uploads\/2017\/07\/SKENDER-KATANA-FITUES-I-TURNEUT-EMINENT-OPEN-2017-1.jpg 984w, https:\/\/www.visit-ulcinj.com\/blog\/wp-content\/uploads\/2017\/07\/SKENDER-KATANA-FITUES-I-TURNEUT-EMINENT-OPEN-2017-1-300x171.jpg 300w, https:\/\/www.visit-ulcinj.com\/blog\/wp-content\/uploads\/2017\/07\/SKENDER-KATANA-FITUES-I-TURNEUT-EMINENT-OPEN-2017-1-768x438.jpg 768w\" sizes=\"(max-width: 508px) 100vw, 508px\" \/><\/a><\/p>\n<p>N\u00eb gjysm\u00ebfinale fitoj kund\u00ebr Stefan Djokovic \u00a0nga ( KT BAR ) me 4:0, 3:4, 10:3, kurse n\u00eb finale pas rikthimit n\u00eb t\u00eb dy setet fitoj kund\u00ebr \u00a0Marko Dragovic (KT EMINENT) \u00a0me rezultat \u00a04:3, 4:3.<\/p>\n<p>N\u00eb konkurenc\u00ebn e vajzave fituese doli Iva Lakic nga (KT EMINENT) , e cila n\u00eb finale ishte m\u00eb e\u00a0 mir\u00eb nga Tara Rasovic nga ( KT NEC ) me rezultat 4:1, 4:1.<\/p>\n<p><strong>\u00a0<\/strong><\/p>\n<p><strong>Klubi i tenisit Bellevue &#8211;\u00a0 Ulqin<\/strong><\/p>\n<p><a href=\"http:\/\/www.visit-ulcinj.com\/blog\/wp-content\/uploads\/2017\/07\/SKENDER-KATANA-FITUES-I-TURNEUT-EMINENT-OPEN-2017-2.jpg\"><img loading=\"lazy\" class=\"alignleft wp-image-106172\" src=\"http:\/\/www.visit-ulcinj.com\/blog\/wp-content\/uploads\/2017\/07\/SKENDER-KATANA-FITUES-I-TURNEUT-EMINENT-OPEN-2017-2.jpg\" alt=\"\" width=\"508\" height=\"902\" srcset=\"https:\/\/www.visit-ulcinj.com\/blog\/wp-content\/uploads\/2017\/07\/SKENDER-KATANA-FITUES-I-TURNEUT-EMINENT-OPEN-2017-2.jpg 349w, https:\/\/www.visit-ulcinj.com\/blog\/wp-content\/uploads\/2017\/07\/SKENDER-KATANA-FITUES-I-TURNEUT-EMINENT-OPEN-2017-2-169x300.jpg 169w\" sizes=\"(max-width: 508px) 100vw, 508px\" \/><\/a><\/p>\n","protected":false},"excerpt":{"rendered":"<p>K\u00ebt\u00eb\u00a0 fundjav\u00eb\u00a0 n\u00eb klubin e tenisit Eminent nga Podgorica,\u00a0 u mbajte turneu p\u00ebr grupmoshat deri n\u00eb 10 vjet. Tenisti 9 vjecar \u00a0nga Ulqini Skender Katana shpallet kampion i turneut, dhe k\u00ebshtu vazhdon rrug\u00ebn kah kreu i tabel\u00ebs p\u00ebr tenist\u00eb deri n\u00eb 10 vjet.. N\u00eb gjysm\u00ebfinale fitoj kund\u00ebr Stefan Djokovic \u00a0nga ( KT BAR ) me [&hellip;]<\/p>\n","protected":false},"author":1,"featured_media":0,"comment_status":"closed","ping_status":"closed","sticky":false,"template":"","format":"standard","meta":{"spay_email":"","jetpack_publicize_message":"","jetpack_is_tweetstorm":false,"jetpack_publicize_feature_enabled":true},"categories":[3],"tags":[],"jetpack_publicize_connections":[],"yoast_head":"<!-- This site is optimized with the Yoast SEO plugin v19.1 - https:\/\/yoast.com\/wordpress\/plugins\/seo\/ -->\n<title>Tenis: Katana fitues i turneut Eminent Open 2017 - Lajme nga Ulqini<\/title>\n<meta name=\"description\" content=\"K\u00ebt\u00eb\u00a0 fundjav\u00eb\u00a0 n\u00eb klubin e tenisit Eminent nga Podgorica,\u00a0 u mbajte turneu p\u00ebr grupmoshat deri n\u00eb 10 vjet. Tenisti 9 vjecar \u00a0nga Ulqini Skender Katana\" \/>\n<meta name=\"robots\" content=\"index, follow, max-snippet:-1, max-image-preview:large, max-video-preview:-1\" \/>\n<link rel=\"canonical\" href=\"https:\/\/www.visit-ulcinj.com\/blog\/2017\/07\/11\/tenis-katana-fitues-i-turneut-eminent-open-2017\/\" \/>\n<meta property=\"og:locale\" content=\"en_US\" \/>\n<meta property=\"og:type\" content=\"article\" \/>\n<meta property=\"og:title\" content=\"Tenis: Katana fitues i turneut Eminent Open 2017 - Lajme nga Ulqini\" \/>\n<meta property=\"og:description\" content=\"K\u00ebt\u00eb\u00a0 fundjav\u00eb\u00a0 n\u00eb klubin e tenisit Eminent nga Podgorica,\u00a0 u mbajte turneu p\u00ebr grupmoshat deri n\u00eb 10 vjet. Tenisti 9 vjecar \u00a0nga Ulqini Skender Katana\" \/>\n<meta property=\"og:url\" content=\"https:\/\/www.visit-ulcinj.com\/blog\/2017\/07\/11\/tenis-katana-fitues-i-turneut-eminent-open-2017\/\" \/>\n<meta property=\"og:site_name\" content=\"Lajme nga Ulqini\" \/>\n<meta property=\"article:published_time\" content=\"2017-07-11T13:26:10+00:00\" \/>\n<meta property=\"article:modified_time\" content=\"2017-07-11T13:29:07+00:00\" \/>\n<meta property=\"og:image\" content=\"http:\/\/www.visit-ulcinj.com\/blog\/wp-content\/uploads\/2017\/07\/SKENDER-KATANA-FITUES-I-TURNEUT-EMINENT-OPEN-2017.jpg\" \/>\n<meta name=\"twitter:label1\" content=\"Written by\" \/>\n\t<meta name=\"twitter:data1\" content=\"ulqini\" \/>\n\t<meta name=\"twitter:label2\" content=\"Est. reading time\" \/>\n\t<meta name=\"twitter:data2\" content=\"1 minute\" \/>\n<script type=\"application\/ld+json\" class=\"yoast-schema-graph\">{\"@context\":\"https:\/\/schema.org\",\"@graph\":[{\"@type\":\"WebSite\",\"@id\":\"https:\/\/www.visit-ulcinj.com\/blog\/#website\",\"url\":\"https:\/\/www.visit-ulcinj.com\/blog\/\",\"name\":\"Lajme nga Ulqini\",\"description\":\"Lajme,Vijesti,Ulqini,Ulqin,Crna Gora,Mali i Zi\",\"potentialAction\":[{\"@type\":\"SearchAction\",\"target\":{\"@type\":\"EntryPoint\",\"urlTemplate\":\"https:\/\/www.visit-ulcinj.com\/blog\/?s={search_term_string}\"},\"query-input\":\"required name=search_term_string\"}],\"inLanguage\":\"en-US\"},{\"@type\":\"ImageObject\",\"inLanguage\":\"en-US\",\"@id\":\"https:\/\/www.visit-ulcinj.com\/blog\/2017\/07\/11\/tenis-katana-fitues-i-turneut-eminent-open-2017\/#primaryimage\",\"url\":\"https:\/\/www.visit-ulcinj.com\/blog\/wp-content\/uploads\/2017\/07\/SKENDER-KATANA-FITUES-I-TURNEUT-EMINENT-OPEN-2017.jpg\",\"contentUrl\":\"https:\/\/www.visit-ulcinj.com\/blog\/wp-content\/uploads\/2017\/07\/SKENDER-KATANA-FITUES-I-TURNEUT-EMINENT-OPEN-2017.jpg\",\"width\":465,\"height\":438},{\"@type\":\"WebPage\",\"@id\":\"https:\/\/www.visit-ulcinj.com\/blog\/2017\/07\/11\/tenis-katana-fitues-i-turneut-eminent-open-2017\/#webpage\",\"url\":\"https:\/\/www.visit-ulcinj.com\/blog\/2017\/07\/11\/tenis-katana-fitues-i-turneut-eminent-open-2017\/\",\"name\":\"Tenis: Katana fitues i turneut Eminent Open 2017 - Lajme nga Ulqini\",\"isPartOf\":{\"@id\":\"https:\/\/www.visit-ulcinj.com\/blog\/#website\"},\"primaryImageOfPage\":{\"@id\":\"https:\/\/www.visit-ulcinj.com\/blog\/2017\/07\/11\/tenis-katana-fitues-i-turneut-eminent-open-2017\/#primaryimage\"},\"datePublished\":\"2017-07-11T13:26:10+00:00\",\"dateModified\":\"2017-07-11T13:29:07+00:00\",\"author\":{\"@id\":\"https:\/\/www.visit-ulcinj.com\/blog\/#\/schema\/person\/dcab619c614d3038751c63bc2aadc06d\"},\"description\":\"K\u00ebt\u00eb\u00a0 fundjav\u00eb\u00a0 n\u00eb klubin e tenisit Eminent nga Podgorica,\u00a0 u mbajte turneu p\u00ebr grupmoshat deri n\u00eb 10 vjet. Tenisti 9 vjecar \u00a0nga Ulqini Skender Katana\",\"breadcrumb\":{\"@id\":\"https:\/\/www.visit-ulcinj.com\/blog\/2017\/07\/11\/tenis-katana-fitues-i-turneut-eminent-open-2017\/#breadcrumb\"},\"inLanguage\":\"en-US\",\"potentialAction\":[{\"@type\":\"ReadAction\",\"target\":[\"https:\/\/www.visit-ulcinj.com\/blog\/2017\/07\/11\/tenis-katana-fitues-i-turneut-eminent-open-2017\/\"]}]},{\"@type\":\"BreadcrumbList\",\"@id\":\"https:\/\/www.visit-ulcinj.com\/blog\/2017\/07\/11\/tenis-katana-fitues-i-turneut-eminent-open-2017\/#breadcrumb\",\"itemListElement\":[{\"@type\":\"ListItem\",\"position\":1,\"name\":\"Tenis: Katana fitues i turneut Eminent Open 2017\"}]},{\"@type\":\"Person\",\"@id\":\"https:\/\/www.visit-ulcinj.com\/blog\/#\/schema\/person\/dcab619c614d3038751c63bc2aadc06d\",\"name\":\"ulqini\",\"sameAs\":[\"http:\/\/www.visit-ulcinj.com\"],\"url\":\"https:\/\/www.visit-ulcinj.com\/blog\/author\/admin\/\"}]}<\/script>\n<!-- \/ Yoast SEO plugin. -->","yoast_head_json":{"title":"Tenis: Katana fitues i turneut Eminent Open 2017 - Lajme nga Ulqini","description":"K\u00ebt\u00eb\u00a0 fundjav\u00eb\u00a0 n\u00eb klubin e tenisit Eminent nga Podgorica,\u00a0 u mbajte turneu p\u00ebr grupmoshat deri n\u00eb 10 vjet. Tenisti 9 vjecar \u00a0nga Ulqini Skender Katana","robots":{"index":"index","follow":"follow","max-snippet":"max-snippet:-1","max-image-preview":"max-image-preview:large","max-video-preview":"max-video-preview:-1"},"canonical":"https:\/\/www.visit-ulcinj.com\/blog\/2017\/07\/11\/tenis-katana-fitues-i-turneut-eminent-open-2017\/","og_locale":"en_US","og_type":"article","og_title":"Tenis: Katana fitues i turneut Eminent Open 2017 - Lajme nga Ulqini","og_description":"K\u00ebt\u00eb\u00a0 fundjav\u00eb\u00a0 n\u00eb klubin e tenisit Eminent nga Podgorica,\u00a0 u mbajte turneu p\u00ebr grupmoshat deri n\u00eb 10 vjet. Tenisti 9 vjecar \u00a0nga Ulqini Skender Katana","og_url":"https:\/\/www.visit-ulcinj.com\/blog\/2017\/07\/11\/tenis-katana-fitues-i-turneut-eminent-open-2017\/","og_site_name":"Lajme nga Ulqini","article_published_time":"2017-07-11T13:26:10+00:00","article_modified_time":"2017-07-11T13:29:07+00:00","og_image":[{"url":"http:\/\/www.visit-ulcinj.com\/blog\/wp-content\/uploads\/2017\/07\/SKENDER-KATANA-FITUES-I-TURNEUT-EMINENT-OPEN-2017.jpg"}],"twitter_misc":{"Written by":"ulqini","Est. reading time":"1 minute"},"schema":{"@context":"https:\/\/schema.org","@graph":[{"@type":"WebSite","@id":"https:\/\/www.visit-ulcinj.com\/blog\/#website","url":"https:\/\/www.visit-ulcinj.com\/blog\/","name":"Lajme nga Ulqini","description":"Lajme,Vijesti,Ulqini,Ulqin,Crna Gora,Mali i Zi","potentialAction":[{"@type":"SearchAction","target":{"@type":"EntryPoint","urlTemplate":"https:\/\/www.visit-ulcinj.com\/blog\/?s={search_term_string}"},"query-input":"required name=search_term_string"}],"inLanguage":"en-US"},{"@type":"ImageObject","inLanguage":"en-US","@id":"https:\/\/www.visit-ulcinj.com\/blog\/2017\/07\/11\/tenis-katana-fitues-i-turneut-eminent-open-2017\/#primaryimage","url":"https:\/\/www.visit-ulcinj.com\/blog\/wp-content\/uploads\/2017\/07\/SKENDER-KATANA-FITUES-I-TURNEUT-EMINENT-OPEN-2017.jpg","contentUrl":"https:\/\/www.visit-ulcinj.com\/blog\/wp-content\/uploads\/2017\/07\/SKENDER-KATANA-FITUES-I-TURNEUT-EMINENT-OPEN-2017.jpg","width":465,"height":438},{"@type":"WebPage","@id":"https:\/\/www.visit-ulcinj.com\/blog\/2017\/07\/11\/tenis-katana-fitues-i-turneut-eminent-open-2017\/#webpage","url":"https:\/\/www.visit-ulcinj.com\/blog\/2017\/07\/11\/tenis-katana-fitues-i-turneut-eminent-open-2017\/","name":"Tenis: Katana fitues i turneut Eminent Open 2017 - Lajme nga Ulqini","isPartOf":{"@id":"https:\/\/www.visit-ulcinj.com\/blog\/#website"},"primaryImageOfPage":{"@id":"https:\/\/www.visit-ulcinj.com\/blog\/2017\/07\/11\/tenis-katana-fitues-i-turneut-eminent-open-2017\/#primaryimage"},"datePublished":"2017-07-11T13:26:10+00:00","dateModified":"2017-07-11T13:29:07+00:00","author":{"@id":"https:\/\/www.visit-ulcinj.com\/blog\/#\/schema\/person\/dcab619c614d3038751c63bc2aadc06d"},"description":"K\u00ebt\u00eb\u00a0 fundjav\u00eb\u00a0 n\u00eb klubin e tenisit Eminent nga Podgorica,\u00a0 u mbajte turneu p\u00ebr grupmoshat deri n\u00eb 10 vjet. Tenisti 9 vjecar \u00a0nga Ulqini Skender Katana","breadcrumb":{"@id":"https:\/\/www.visit-ulcinj.com\/blog\/2017\/07\/11\/tenis-katana-fitues-i-turneut-eminent-open-2017\/#breadcrumb"},"inLanguage":"en-US","potentialAction":[{"@type":"ReadAction","target":["https:\/\/www.visit-ulcinj.com\/blog\/2017\/07\/11\/tenis-katana-fitues-i-turneut-eminent-open-2017\/"]}]},{"@type":"BreadcrumbList","@id":"https:\/\/www.visit-ulcinj.com\/blog\/2017\/07\/11\/tenis-katana-fitues-i-turneut-eminent-open-2017\/#breadcrumb","itemListElement":[{"@type":"ListItem","position":1,"name":"Tenis: Katana fitues i turneut Eminent Open 2017"}]},{"@type":"Person","@id":"https:\/\/www.visit-ulcinj.com\/blog\/#\/schema\/person\/dcab619c614d3038751c63bc2aadc06d","name":"ulqini","sameAs":["http:\/\/www.visit-ulcinj.com"],"url":"https:\/\/www.visit-ulcinj.com\/blog\/author\/admin\/"}]}},"jetpack_featured_media_url":"","jetpack_sharing_enabled":true,"jetpack_shortlink":"https:\/\/wp.me\/pe6lTn-rCo","_links":{"self":[{"href":"https:\/\/www.visit-ulcinj.com\/blog\/wp-json\/wp\/v2\/posts\/106168"}],"collection":[{"href":"https:\/\/www.visit-ulcinj.com\/blog\/wp-json\/wp\/v2\/posts"}],"about":[{"href":"https:\/\/www.visit-ulcinj.com\/blog\/wp-json\/wp\/v2\/types\/post"}],"author":[{"embeddable":true,"href":"https:\/\/www.visit-ulcinj.com\/blog\/wp-json\/wp\/v2\/users\/1"}],"replies":[{"embeddable":true,"href":"https:\/\/www.visit-ulcinj.com\/blog\/wp-json\/wp\/v2\/comments?post=106168"}],"version-history":[{"count":3,"href":"https:\/\/www.visit-ulcinj.com\/blog\/wp-json\/wp\/v2\/posts\/106168\/revisions"}],"predecessor-version":[{"id":106175,"href":"https:\/\/www.visit-ulcinj.com\/blog\/wp-json\/wp\/v2\/posts\/106168\/revisions\/106175"}],"wp:attachment":[{"href":"https:\/\/www.visit-ulcinj.com\/blog\/wp-json\/wp\/v2\/media?parent=106168"}],"wp:term":[{"taxonomy":"category","embeddable":true,"href":"https:\/\/www.visit-ulcinj.com\/blog\/wp-json\/wp\/v2\/categories?post=106168"},{"taxonomy":"post_tag","embeddable":true,"href":"https:\/\/www.visit-ulcinj.com\/blog\/wp-json\/wp\/v2\/tags?post=106168"}],"curies":[{"name":"wp","href":"https:\/\/api.w.org\/{rel}","templated":true}]}}