{"id":106177,"date":"2017-07-12T13:46:52","date_gmt":"2017-07-12T12:46:52","guid":{"rendered":"http:\/\/www.visit-ulcinj.com\/blog\/?p=106177"},"modified":"2017-07-12T14:54:56","modified_gmt":"2017-07-12T13:54:56","slug":"avdiu-paralajmeron-krize-per-furnizimin-uje-te-pijshem","status":"publish","type":"post","link":"https:\/\/www.visit-ulcinj.com\/blog\/2017\/07\/12\/avdiu-paralajmeron-krize-per-furnizimin-uje-te-pijshem\/","title":{"rendered":"Avdiu, paralajm\u00ebron kriz\u00eb p\u00ebr furnizimin me uj\u00eb t\u00eb pijsh\u00ebm"},"content":{"rendered":"<p><strong><a href=\"http:\/\/www.visit-ulcinj.com\/blog\/wp-content\/uploads\/2015\/02\/Fehim-Avdiu-Ulqin.jpg\"><img loading=\"lazy\" class=\"alignleft wp-image-88474 size-full\" src=\"http:\/\/www.visit-ulcinj.com\/blog\/wp-content\/uploads\/2015\/02\/Fehim-Avdiu-Ulqin.jpg\" alt=\"\" width=\"508\" height=\"369\" srcset=\"https:\/\/www.visit-ulcinj.com\/blog\/wp-content\/uploads\/2015\/02\/Fehim-Avdiu-Ulqin.jpg 508w, https:\/\/www.visit-ulcinj.com\/blog\/wp-content\/uploads\/2015\/02\/Fehim-Avdiu-Ulqin-300x218.jpg 300w\" sizes=\"(max-width: 508px) 100vw, 508px\" \/><\/a>N\u00eb komun\u00ebn e Ulqinit temperaturat e larta sjellin probleme n\u00eb furnizimin me uj\u00eb, shoq\u00ebruar me munges\u00ebn e prurjeve po sjellin problemet e para t\u00eb furnizimit me uj\u00eb t\u00eb pijsh\u00ebm n\u00eb ket\u00eb qytet.<\/strong><\/p>\n<p>Gjendja financiare n\u00eb nd\u00ebrmarrjen komunale \u201cUj\u00ebsjell\u00ebs Kanalizime\u201d\u00ebsht\u00eb tejet e r\u00ebnd\u00eb.Kjo nd\u00ebrmarrje nga 1 qershori i k\u00ebtij viti \u00ebsht\u00eb n\u00eb bllokad\u00eb,si pasoj\u00eb e borxhit ndaj Uj\u00ebsjell\u00ebsit Rajonal, raporton portali TV Teuta.<\/p>\n<p>Deri te kjo bllokad\u00eb sipas fjal\u00ebve t\u00eb drejtorit Avdiu nuk do t\u00eb kishte ardhur t\u00eb kishin pasur nj\u00eb kuptim nga qeverisja lokale, dhe t\u00eb ishin p\u00ebrmbajtur marr\u00ebveshjes s\u00eb n\u00ebnshkruar.<\/p>\n<p>\u201cSituat\u00ebn aktuale me furnzim me uj\u00eb m\u00eb s\u00eb miri e dijn\u00eb qytetar\u00ebt,por n\u00eb baz\u00eb t\u00eb parametrave ton\u00eb,angazhimit t\u00eb kapaciteteve p\u00ebr prodhimin e ujit,ne jemi n\u00eb gjendje normale n\u00eb kuptimin e nevojave t\u00eb qytetar\u00ebve,por gjendemi n\u00eb nj\u00eb gjendje pothuajse t\u00eb jasht\u00ebzakonshme. Kushtet klimatike jan\u00eb shum\u00eb t\u00eb pafavorshme sa i p\u00ebrket uj\u00ebsjell\u00ebsit sepse ka ardh\u00eb deri tek zvoglimi i burimeve natyrore q\u00eb ndikojn\u00eb n\u00eb sasin\u00eb e ujit p\u00ebr furnizim.K\u00ebto dit\u00eb p\u00ebr shkak t\u00eb nd\u00ebrprerjeve t\u00eb shpeshta t\u00eb energjis\u00eb elektrike ka ardh\u00eb deri tek r\u00ebnja e shtypjes s\u00eb ujit,edhe pse i kemi n\u00eb funksion t\u00eb gjitha pompat n\u00eb Lis\u00ebn Bore\u201d, shprehet Avdiu p\u00ebr televizionin Teuta.<\/p>\n<p>Ai b\u00ebn apel t\u00eb t\u00eb gjith\u00eb qytetar\u00ebt mos t\u00eb keqp\u00ebrdorin ujin p\u00ebr nevoja tjera si\u00e7 \u00ebsht\u00eb vaditja e bah\u00e7eve,mbjellave t\u00eb ndryshme sepse n\u00eb terren do t\u00eb ket\u00eb inspektime dhe p\u00ebr k\u00ebto keqp\u00ebrdorime mund t\u00eb ken\u00eb penalizime.<\/p>\n","protected":false},"excerpt":{"rendered":"<p>N\u00eb komun\u00ebn e Ulqinit temperaturat e larta sjellin probleme n\u00eb furnizimin me uj\u00eb, shoq\u00ebruar me munges\u00ebn e prurjeve po sjellin problemet e para t\u00eb furnizimit me uj\u00eb t\u00eb pijsh\u00ebm n\u00eb ket\u00eb qytet. Gjendja financiare n\u00eb nd\u00ebrmarrjen komunale \u201cUj\u00ebsjell\u00ebs Kanalizime\u201d\u00ebsht\u00eb tejet e r\u00ebnd\u00eb.Kjo nd\u00ebrmarrje nga 1 qershori i k\u00ebtij viti \u00ebsht\u00eb n\u00eb bllokad\u00eb,si pasoj\u00eb e borxhit [&hellip;]<\/p>\n","protected":false},"author":1,"featured_media":0,"comment_status":"closed","ping_status":"closed","sticky":false,"template":"","format":"standard","meta":{"spay_email":"","jetpack_publicize_message":"","jetpack_is_tweetstorm":false,"jetpack_publicize_feature_enabled":true},"categories":[1,11],"tags":[],"jetpack_publicize_connections":[],"yoast_head":"<!-- This site is optimized with the Yoast SEO plugin v19.1 - https:\/\/yoast.com\/wordpress\/plugins\/seo\/ -->\n<title>Avdiu, paralajm\u00ebron kriz\u00eb p\u00ebr furnizimin me uj\u00eb t\u00eb pijsh\u00ebm - Lajme nga Ulqini<\/title>\n<meta name=\"description\" content=\"N\u00eb komun\u00ebn e Ulqinit temperaturat e larta sjellin probleme n\u00eb furnizimin me uj\u00eb, shoq\u00ebruar me munges\u00ebn e prurjeve po sjellin problemet e para t\u00eb\" \/>\n<meta name=\"robots\" content=\"index, follow, max-snippet:-1, max-image-preview:large, max-video-preview:-1\" \/>\n<link rel=\"canonical\" href=\"https:\/\/www.visit-ulcinj.com\/blog\/2017\/07\/12\/avdiu-paralajmeron-krize-per-furnizimin-uje-te-pijshem\/\" \/>\n<meta property=\"og:locale\" content=\"en_US\" \/>\n<meta property=\"og:type\" content=\"article\" \/>\n<meta property=\"og:title\" content=\"Avdiu, paralajm\u00ebron kriz\u00eb p\u00ebr furnizimin me uj\u00eb t\u00eb pijsh\u00ebm - Lajme nga Ulqini\" \/>\n<meta property=\"og:description\" content=\"N\u00eb komun\u00ebn e Ulqinit temperaturat e larta sjellin probleme n\u00eb furnizimin me uj\u00eb, shoq\u00ebruar me munges\u00ebn e prurjeve po sjellin problemet e para t\u00eb\" \/>\n<meta property=\"og:url\" content=\"https:\/\/www.visit-ulcinj.com\/blog\/2017\/07\/12\/avdiu-paralajmeron-krize-per-furnizimin-uje-te-pijshem\/\" \/>\n<meta property=\"og:site_name\" content=\"Lajme nga Ulqini\" \/>\n<meta property=\"article:published_time\" content=\"2017-07-12T12:46:52+00:00\" \/>\n<meta property=\"article:modified_time\" content=\"2017-07-12T13:54:56+00:00\" \/>\n<meta property=\"og:image\" content=\"http:\/\/www.visit-ulcinj.com\/blog\/wp-content\/uploads\/2015\/02\/Fehim-Avdiu-Ulqin.jpg\" \/>\n<meta name=\"twitter:label1\" content=\"Written by\" \/>\n\t<meta name=\"twitter:data1\" content=\"ulqini\" \/>\n\t<meta name=\"twitter:label2\" content=\"Est. reading time\" \/>\n\t<meta name=\"twitter:data2\" content=\"1 minute\" \/>\n<script type=\"application\/ld+json\" class=\"yoast-schema-graph\">{\"@context\":\"https:\/\/schema.org\",\"@graph\":[{\"@type\":\"WebSite\",\"@id\":\"https:\/\/www.visit-ulcinj.com\/blog\/#website\",\"url\":\"https:\/\/www.visit-ulcinj.com\/blog\/\",\"name\":\"Lajme nga Ulqini\",\"description\":\"Lajme,Vijesti,Ulqini,Ulqin,Crna Gora,Mali i Zi\",\"potentialAction\":[{\"@type\":\"SearchAction\",\"target\":{\"@type\":\"EntryPoint\",\"urlTemplate\":\"https:\/\/www.visit-ulcinj.com\/blog\/?s={search_term_string}\"},\"query-input\":\"required name=search_term_string\"}],\"inLanguage\":\"en-US\"},{\"@type\":\"ImageObject\",\"inLanguage\":\"en-US\",\"@id\":\"https:\/\/www.visit-ulcinj.com\/blog\/2017\/07\/12\/avdiu-paralajmeron-krize-per-furnizimin-uje-te-pijshem\/#primaryimage\",\"url\":\"https:\/\/www.visit-ulcinj.com\/blog\/wp-content\/uploads\/2015\/02\/Fehim-Avdiu-Ulqin.jpg\",\"contentUrl\":\"https:\/\/www.visit-ulcinj.com\/blog\/wp-content\/uploads\/2015\/02\/Fehim-Avdiu-Ulqin.jpg\",\"width\":508,\"height\":369},{\"@type\":\"WebPage\",\"@id\":\"https:\/\/www.visit-ulcinj.com\/blog\/2017\/07\/12\/avdiu-paralajmeron-krize-per-furnizimin-uje-te-pijshem\/#webpage\",\"url\":\"https:\/\/www.visit-ulcinj.com\/blog\/2017\/07\/12\/avdiu-paralajmeron-krize-per-furnizimin-uje-te-pijshem\/\",\"name\":\"Avdiu, paralajm\u00ebron kriz\u00eb p\u00ebr furnizimin me uj\u00eb t\u00eb pijsh\u00ebm - Lajme nga Ulqini\",\"isPartOf\":{\"@id\":\"https:\/\/www.visit-ulcinj.com\/blog\/#website\"},\"primaryImageOfPage\":{\"@id\":\"https:\/\/www.visit-ulcinj.com\/blog\/2017\/07\/12\/avdiu-paralajmeron-krize-per-furnizimin-uje-te-pijshem\/#primaryimage\"},\"datePublished\":\"2017-07-12T12:46:52+00:00\",\"dateModified\":\"2017-07-12T13:54:56+00:00\",\"author\":{\"@id\":\"https:\/\/www.visit-ulcinj.com\/blog\/#\/schema\/person\/dcab619c614d3038751c63bc2aadc06d\"},\"description\":\"N\u00eb komun\u00ebn e Ulqinit temperaturat e larta sjellin probleme n\u00eb furnizimin me uj\u00eb, shoq\u00ebruar me munges\u00ebn e prurjeve po sjellin problemet e para t\u00eb\",\"breadcrumb\":{\"@id\":\"https:\/\/www.visit-ulcinj.com\/blog\/2017\/07\/12\/avdiu-paralajmeron-krize-per-furnizimin-uje-te-pijshem\/#breadcrumb\"},\"inLanguage\":\"en-US\",\"potentialAction\":[{\"@type\":\"ReadAction\",\"target\":[\"https:\/\/www.visit-ulcinj.com\/blog\/2017\/07\/12\/avdiu-paralajmeron-krize-per-furnizimin-uje-te-pijshem\/\"]}]},{\"@type\":\"BreadcrumbList\",\"@id\":\"https:\/\/www.visit-ulcinj.com\/blog\/2017\/07\/12\/avdiu-paralajmeron-krize-per-furnizimin-uje-te-pijshem\/#breadcrumb\",\"itemListElement\":[{\"@type\":\"ListItem\",\"position\":1,\"name\":\"Avdiu, paralajm\u00ebron kriz\u00eb p\u00ebr furnizimin me uj\u00eb t\u00eb pijsh\u00ebm\"}]},{\"@type\":\"Person\",\"@id\":\"https:\/\/www.visit-ulcinj.com\/blog\/#\/schema\/person\/dcab619c614d3038751c63bc2aadc06d\",\"name\":\"ulqini\",\"sameAs\":[\"http:\/\/www.visit-ulcinj.com\"],\"url\":\"https:\/\/www.visit-ulcinj.com\/blog\/author\/admin\/\"}]}<\/script>\n<!-- \/ Yoast SEO plugin. -->","yoast_head_json":{"title":"Avdiu, paralajm\u00ebron kriz\u00eb p\u00ebr furnizimin me uj\u00eb t\u00eb pijsh\u00ebm - Lajme nga Ulqini","description":"N\u00eb komun\u00ebn e Ulqinit temperaturat e larta sjellin probleme n\u00eb furnizimin me uj\u00eb, shoq\u00ebruar me munges\u00ebn e prurjeve po sjellin problemet e para t\u00eb","robots":{"index":"index","follow":"follow","max-snippet":"max-snippet:-1","max-image-preview":"max-image-preview:large","max-video-preview":"max-video-preview:-1"},"canonical":"https:\/\/www.visit-ulcinj.com\/blog\/2017\/07\/12\/avdiu-paralajmeron-krize-per-furnizimin-uje-te-pijshem\/","og_locale":"en_US","og_type":"article","og_title":"Avdiu, paralajm\u00ebron kriz\u00eb p\u00ebr furnizimin me uj\u00eb t\u00eb pijsh\u00ebm - Lajme nga Ulqini","og_description":"N\u00eb komun\u00ebn e Ulqinit temperaturat e larta sjellin probleme n\u00eb furnizimin me uj\u00eb, shoq\u00ebruar me munges\u00ebn e prurjeve po sjellin problemet e para t\u00eb","og_url":"https:\/\/www.visit-ulcinj.com\/blog\/2017\/07\/12\/avdiu-paralajmeron-krize-per-furnizimin-uje-te-pijshem\/","og_site_name":"Lajme nga Ulqini","article_published_time":"2017-07-12T12:46:52+00:00","article_modified_time":"2017-07-12T13:54:56+00:00","og_image":[{"url":"http:\/\/www.visit-ulcinj.com\/blog\/wp-content\/uploads\/2015\/02\/Fehim-Avdiu-Ulqin.jpg"}],"twitter_misc":{"Written by":"ulqini","Est. reading time":"1 minute"},"schema":{"@context":"https:\/\/schema.org","@graph":[{"@type":"WebSite","@id":"https:\/\/www.visit-ulcinj.com\/blog\/#website","url":"https:\/\/www.visit-ulcinj.com\/blog\/","name":"Lajme nga Ulqini","description":"Lajme,Vijesti,Ulqini,Ulqin,Crna Gora,Mali i Zi","potentialAction":[{"@type":"SearchAction","target":{"@type":"EntryPoint","urlTemplate":"https:\/\/www.visit-ulcinj.com\/blog\/?s={search_term_string}"},"query-input":"required name=search_term_string"}],"inLanguage":"en-US"},{"@type":"ImageObject","inLanguage":"en-US","@id":"https:\/\/www.visit-ulcinj.com\/blog\/2017\/07\/12\/avdiu-paralajmeron-krize-per-furnizimin-uje-te-pijshem\/#primaryimage","url":"https:\/\/www.visit-ulcinj.com\/blog\/wp-content\/uploads\/2015\/02\/Fehim-Avdiu-Ulqin.jpg","contentUrl":"https:\/\/www.visit-ulcinj.com\/blog\/wp-content\/uploads\/2015\/02\/Fehim-Avdiu-Ulqin.jpg","width":508,"height":369},{"@type":"WebPage","@id":"https:\/\/www.visit-ulcinj.com\/blog\/2017\/07\/12\/avdiu-paralajmeron-krize-per-furnizimin-uje-te-pijshem\/#webpage","url":"https:\/\/www.visit-ulcinj.com\/blog\/2017\/07\/12\/avdiu-paralajmeron-krize-per-furnizimin-uje-te-pijshem\/","name":"Avdiu, paralajm\u00ebron kriz\u00eb p\u00ebr furnizimin me uj\u00eb t\u00eb pijsh\u00ebm - Lajme nga Ulqini","isPartOf":{"@id":"https:\/\/www.visit-ulcinj.com\/blog\/#website"},"primaryImageOfPage":{"@id":"https:\/\/www.visit-ulcinj.com\/blog\/2017\/07\/12\/avdiu-paralajmeron-krize-per-furnizimin-uje-te-pijshem\/#primaryimage"},"datePublished":"2017-07-12T12:46:52+00:00","dateModified":"2017-07-12T13:54:56+00:00","author":{"@id":"https:\/\/www.visit-ulcinj.com\/blog\/#\/schema\/person\/dcab619c614d3038751c63bc2aadc06d"},"description":"N\u00eb komun\u00ebn e Ulqinit temperaturat e larta sjellin probleme n\u00eb furnizimin me uj\u00eb, shoq\u00ebruar me munges\u00ebn e prurjeve po sjellin problemet e para t\u00eb","breadcrumb":{"@id":"https:\/\/www.visit-ulcinj.com\/blog\/2017\/07\/12\/avdiu-paralajmeron-krize-per-furnizimin-uje-te-pijshem\/#breadcrumb"},"inLanguage":"en-US","potentialAction":[{"@type":"ReadAction","target":["https:\/\/www.visit-ulcinj.com\/blog\/2017\/07\/12\/avdiu-paralajmeron-krize-per-furnizimin-uje-te-pijshem\/"]}]},{"@type":"BreadcrumbList","@id":"https:\/\/www.visit-ulcinj.com\/blog\/2017\/07\/12\/avdiu-paralajmeron-krize-per-furnizimin-uje-te-pijshem\/#breadcrumb","itemListElement":[{"@type":"ListItem","position":1,"name":"Avdiu, paralajm\u00ebron kriz\u00eb p\u00ebr furnizimin me uj\u00eb t\u00eb pijsh\u00ebm"}]},{"@type":"Person","@id":"https:\/\/www.visit-ulcinj.com\/blog\/#\/schema\/person\/dcab619c614d3038751c63bc2aadc06d","name":"ulqini","sameAs":["http:\/\/www.visit-ulcinj.com"],"url":"https:\/\/www.visit-ulcinj.com\/blog\/author\/admin\/"}]}},"jetpack_featured_media_url":"","jetpack_sharing_enabled":true,"jetpack_shortlink":"https:\/\/wp.me\/pe6lTn-rCx","_links":{"self":[{"href":"https:\/\/www.visit-ulcinj.com\/blog\/wp-json\/wp\/v2\/posts\/106177"}],"collection":[{"href":"https:\/\/www.visit-ulcinj.com\/blog\/wp-json\/wp\/v2\/posts"}],"about":[{"href":"https:\/\/www.visit-ulcinj.com\/blog\/wp-json\/wp\/v2\/types\/post"}],"author":[{"embeddable":true,"href":"https:\/\/www.visit-ulcinj.com\/blog\/wp-json\/wp\/v2\/users\/1"}],"replies":[{"embeddable":true,"href":"https:\/\/www.visit-ulcinj.com\/blog\/wp-json\/wp\/v2\/comments?post=106177"}],"version-history":[{"count":1,"href":"https:\/\/www.visit-ulcinj.com\/blog\/wp-json\/wp\/v2\/posts\/106177\/revisions"}],"predecessor-version":[{"id":106178,"href":"https:\/\/www.visit-ulcinj.com\/blog\/wp-json\/wp\/v2\/posts\/106177\/revisions\/106178"}],"wp:attachment":[{"href":"https:\/\/www.visit-ulcinj.com\/blog\/wp-json\/wp\/v2\/media?parent=106177"}],"wp:term":[{"taxonomy":"category","embeddable":true,"href":"https:\/\/www.visit-ulcinj.com\/blog\/wp-json\/wp\/v2\/categories?post=106177"},{"taxonomy":"post_tag","embeddable":true,"href":"https:\/\/www.visit-ulcinj.com\/blog\/wp-json\/wp\/v2\/tags?post=106177"}],"curies":[{"name":"wp","href":"https:\/\/api.w.org\/{rel}","templated":true}]}}