{"id":106190,"date":"2017-07-12T19:32:56","date_gmt":"2017-07-12T18:32:56","guid":{"rendered":"http:\/\/www.visit-ulcinj.com\/blog\/?p=106190"},"modified":"2017-07-12T19:32:56","modified_gmt":"2017-07-12T18:32:56","slug":"gazetari-adroviq-merret-ne-pyetje-ne-polici-pyesin-per-burimin-e-informatave","status":"publish","type":"post","link":"https:\/\/www.visit-ulcinj.com\/blog\/2017\/07\/12\/gazetari-adroviq-merret-ne-pyetje-ne-polici-pyesin-per-burimin-e-informatave\/","title":{"rendered":"Gazetari Adroviq merret n\u00eb pyetje n\u00eb polici: Pyesin p\u00ebr burimin e informatave"},"content":{"rendered":"<p><strong><a href=\"http:\/\/www.visit-ulcinj.com\/blog\/wp-content\/uploads\/2017\/07\/Samir-Adrovic-Ulcinj.jpg\"><img loading=\"lazy\" class=\"alignleft wp-image-106191 size-medium\" src=\"http:\/\/www.visit-ulcinj.com\/blog\/wp-content\/uploads\/2017\/07\/Samir-Adrovic-Ulcinj-243x300.jpg\" alt=\"\" width=\"243\" height=\"300\" srcset=\"https:\/\/www.visit-ulcinj.com\/blog\/wp-content\/uploads\/2017\/07\/Samir-Adrovic-Ulcinj-243x300.jpg 243w, https:\/\/www.visit-ulcinj.com\/blog\/wp-content\/uploads\/2017\/07\/Samir-Adrovic-Ulcinj.jpg 256w\" sizes=\"(max-width: 243px) 100vw, 243px\" \/><\/a>Gazetari i \u201cVijestit\u201d Samir Adroviq dhe Jelena Jovanoviq jan\u00eb marr\u00eb n\u00eb pyetje dje n\u00eb polici p\u00ebr shkak t\u00eb artikullit \u201cAvokat\u00ebt m\u00eb t\u00eb fuqish\u00ebm se policia, ndaluan arrestimin\u201d, raporton portali Ul.info.<\/strong><\/p>\n<p>Si\u00e7 shkruan \u201cVijesti\u201d, me vendim t\u00eb shefit t\u00eb policis\u00eb s\u00eb Ulqinit inspektor\u00ebt k\u00ebrkuan nga gazetar\u00ebt q\u00eb t\u00eb zbulojn\u00eb se nga kush kan\u00eb m\u00ebsuar q\u00eb me 7 korrik n\u00eb hap\u00ebsirat e Prokuroris\u00eb themelore shtet\u00ebrore n\u00eb Ulqin skuadra e avokat\u00ebve ka ndaluar policin\u00eb q\u00eb t\u00eb arrestoj\u00eb tre banor\u00eb t\u00eb Tivarit t\u00eb cil\u00ebt paraprakisht jan\u00eb dor\u00ebzuar n\u00eb prokurori.<\/p>\n<p>Adroviq tha se nuk ka \u00e7far\u00eb t\u2019i heq dhe as t\u2019i shtoj\u00eb artikullit t\u00eb botuar.<\/p>\n<p>Ai shtoi se pret nga Drejtoria e policis\u00eb q\u00eb s\u00eb shpejti t\u00eb njoftoj\u00eb arsyet e v\u00ebrteta t\u00eb marrjes n\u00eb pyetje. \u201cN\u00eb t\u00eb kund\u00ebrt, do t\u00eb vler\u00ebsoj\u00eb se ky \u00ebsht\u00eb nj\u00eb blof i pakujdessh\u00ebm i cili duhet t\u00eb nxjerr\u00eb p\u00ebrgjigje t\u00eb p\u00ebrshtatshme p\u00ebr t\u00eb sh\u00ebruar egon e l\u00ebnduar ose t\u00eb ushqej\u00eb m\u00ebrin\u00eb deri ndonj\u00ebher\u00eb tjet\u00ebr\u201d, tha Adroviq.<\/p>\n","protected":false},"excerpt":{"rendered":"<p>Gazetari i \u201cVijestit\u201d Samir Adroviq dhe Jelena Jovanoviq jan\u00eb marr\u00eb n\u00eb pyetje dje n\u00eb polici p\u00ebr shkak t\u00eb artikullit \u201cAvokat\u00ebt m\u00eb t\u00eb fuqish\u00ebm se policia, ndaluan arrestimin\u201d, raporton portali Ul.info. Si\u00e7 shkruan \u201cVijesti\u201d, me vendim t\u00eb shefit t\u00eb policis\u00eb s\u00eb Ulqinit inspektor\u00ebt k\u00ebrkuan nga gazetar\u00ebt q\u00eb t\u00eb zbulojn\u00eb se nga kush kan\u00eb m\u00ebsuar q\u00eb me [&hellip;]<\/p>\n","protected":false},"author":1,"featured_media":0,"comment_status":"closed","ping_status":"closed","sticky":false,"template":"","format":"standard","meta":{"spay_email":"","jetpack_publicize_message":"","jetpack_is_tweetstorm":false,"jetpack_publicize_feature_enabled":true},"categories":[12],"tags":[],"jetpack_publicize_connections":[],"yoast_head":"<!-- This site is optimized with the Yoast SEO plugin v19.1 - https:\/\/yoast.com\/wordpress\/plugins\/seo\/ -->\n<title>Gazetari Adroviq merret n\u00eb pyetje n\u00eb polici: Pyesin p\u00ebr burimin e informatave - Lajme nga Ulqini<\/title>\n<meta name=\"description\" content=\"Gazetari i \u201cVijestit\u201d Samir Adroviq dhe Jelena Jovanoviq jan\u00eb marr\u00eb n\u00eb pyetje dje n\u00eb polici p\u00ebr shkak t\u00eb artikullit \u201cAvokat\u00ebt m\u00eb t\u00eb fuqish\u00ebm se policia,\" \/>\n<meta name=\"robots\" content=\"index, follow, max-snippet:-1, max-image-preview:large, max-video-preview:-1\" \/>\n<link rel=\"canonical\" href=\"https:\/\/www.visit-ulcinj.com\/blog\/2017\/07\/12\/gazetari-adroviq-merret-ne-pyetje-ne-polici-pyesin-per-burimin-e-informatave\/\" \/>\n<meta property=\"og:locale\" content=\"en_US\" \/>\n<meta property=\"og:type\" content=\"article\" \/>\n<meta property=\"og:title\" content=\"Gazetari Adroviq merret n\u00eb pyetje n\u00eb polici: Pyesin p\u00ebr burimin e informatave - Lajme nga Ulqini\" \/>\n<meta property=\"og:description\" content=\"Gazetari i \u201cVijestit\u201d Samir Adroviq dhe Jelena Jovanoviq jan\u00eb marr\u00eb n\u00eb pyetje dje n\u00eb polici p\u00ebr shkak t\u00eb artikullit \u201cAvokat\u00ebt m\u00eb t\u00eb fuqish\u00ebm se policia,\" \/>\n<meta property=\"og:url\" content=\"https:\/\/www.visit-ulcinj.com\/blog\/2017\/07\/12\/gazetari-adroviq-merret-ne-pyetje-ne-polici-pyesin-per-burimin-e-informatave\/\" \/>\n<meta property=\"og:site_name\" content=\"Lajme nga Ulqini\" \/>\n<meta property=\"article:published_time\" content=\"2017-07-12T18:32:56+00:00\" \/>\n<meta property=\"og:image\" content=\"http:\/\/www.visit-ulcinj.com\/blog\/wp-content\/uploads\/2017\/07\/Samir-Adrovic-Ulcinj-243x300.jpg\" \/>\n<meta name=\"twitter:label1\" content=\"Written by\" \/>\n\t<meta name=\"twitter:data1\" content=\"ulqini\" \/>\n\t<meta name=\"twitter:label2\" content=\"Est. reading time\" \/>\n\t<meta name=\"twitter:data2\" content=\"1 minute\" \/>\n<script type=\"application\/ld+json\" class=\"yoast-schema-graph\">{\"@context\":\"https:\/\/schema.org\",\"@graph\":[{\"@type\":\"WebSite\",\"@id\":\"https:\/\/www.visit-ulcinj.com\/blog\/#website\",\"url\":\"https:\/\/www.visit-ulcinj.com\/blog\/\",\"name\":\"Lajme nga Ulqini\",\"description\":\"Lajme,Vijesti,Ulqini,Ulqin,Crna Gora,Mali i Zi\",\"potentialAction\":[{\"@type\":\"SearchAction\",\"target\":{\"@type\":\"EntryPoint\",\"urlTemplate\":\"https:\/\/www.visit-ulcinj.com\/blog\/?s={search_term_string}\"},\"query-input\":\"required name=search_term_string\"}],\"inLanguage\":\"en-US\"},{\"@type\":\"ImageObject\",\"inLanguage\":\"en-US\",\"@id\":\"https:\/\/www.visit-ulcinj.com\/blog\/2017\/07\/12\/gazetari-adroviq-merret-ne-pyetje-ne-polici-pyesin-per-burimin-e-informatave\/#primaryimage\",\"url\":\"https:\/\/www.visit-ulcinj.com\/blog\/wp-content\/uploads\/2017\/07\/Samir-Adrovic-Ulcinj.jpg\",\"contentUrl\":\"https:\/\/www.visit-ulcinj.com\/blog\/wp-content\/uploads\/2017\/07\/Samir-Adrovic-Ulcinj.jpg\",\"width\":256,\"height\":316},{\"@type\":\"WebPage\",\"@id\":\"https:\/\/www.visit-ulcinj.com\/blog\/2017\/07\/12\/gazetari-adroviq-merret-ne-pyetje-ne-polici-pyesin-per-burimin-e-informatave\/#webpage\",\"url\":\"https:\/\/www.visit-ulcinj.com\/blog\/2017\/07\/12\/gazetari-adroviq-merret-ne-pyetje-ne-polici-pyesin-per-burimin-e-informatave\/\",\"name\":\"Gazetari Adroviq merret n\u00eb pyetje n\u00eb polici: Pyesin p\u00ebr burimin e informatave - Lajme nga Ulqini\",\"isPartOf\":{\"@id\":\"https:\/\/www.visit-ulcinj.com\/blog\/#website\"},\"primaryImageOfPage\":{\"@id\":\"https:\/\/www.visit-ulcinj.com\/blog\/2017\/07\/12\/gazetari-adroviq-merret-ne-pyetje-ne-polici-pyesin-per-burimin-e-informatave\/#primaryimage\"},\"datePublished\":\"2017-07-12T18:32:56+00:00\",\"dateModified\":\"2017-07-12T18:32:56+00:00\",\"author\":{\"@id\":\"https:\/\/www.visit-ulcinj.com\/blog\/#\/schema\/person\/dcab619c614d3038751c63bc2aadc06d\"},\"description\":\"Gazetari i \u201cVijestit\u201d Samir Adroviq dhe Jelena Jovanoviq jan\u00eb marr\u00eb n\u00eb pyetje dje n\u00eb polici p\u00ebr shkak t\u00eb artikullit \u201cAvokat\u00ebt m\u00eb t\u00eb fuqish\u00ebm se policia,\",\"breadcrumb\":{\"@id\":\"https:\/\/www.visit-ulcinj.com\/blog\/2017\/07\/12\/gazetari-adroviq-merret-ne-pyetje-ne-polici-pyesin-per-burimin-e-informatave\/#breadcrumb\"},\"inLanguage\":\"en-US\",\"potentialAction\":[{\"@type\":\"ReadAction\",\"target\":[\"https:\/\/www.visit-ulcinj.com\/blog\/2017\/07\/12\/gazetari-adroviq-merret-ne-pyetje-ne-polici-pyesin-per-burimin-e-informatave\/\"]}]},{\"@type\":\"BreadcrumbList\",\"@id\":\"https:\/\/www.visit-ulcinj.com\/blog\/2017\/07\/12\/gazetari-adroviq-merret-ne-pyetje-ne-polici-pyesin-per-burimin-e-informatave\/#breadcrumb\",\"itemListElement\":[{\"@type\":\"ListItem\",\"position\":1,\"name\":\"Gazetari Adroviq merret n\u00eb pyetje n\u00eb polici: Pyesin p\u00ebr burimin e informatave\"}]},{\"@type\":\"Person\",\"@id\":\"https:\/\/www.visit-ulcinj.com\/blog\/#\/schema\/person\/dcab619c614d3038751c63bc2aadc06d\",\"name\":\"ulqini\",\"sameAs\":[\"http:\/\/www.visit-ulcinj.com\"],\"url\":\"https:\/\/www.visit-ulcinj.com\/blog\/author\/admin\/\"}]}<\/script>\n<!-- \/ Yoast SEO plugin. -->","yoast_head_json":{"title":"Gazetari Adroviq merret n\u00eb pyetje n\u00eb polici: Pyesin p\u00ebr burimin e informatave - Lajme nga Ulqini","description":"Gazetari i \u201cVijestit\u201d Samir Adroviq dhe Jelena Jovanoviq jan\u00eb marr\u00eb n\u00eb pyetje dje n\u00eb polici p\u00ebr shkak t\u00eb artikullit \u201cAvokat\u00ebt m\u00eb t\u00eb fuqish\u00ebm se policia,","robots":{"index":"index","follow":"follow","max-snippet":"max-snippet:-1","max-image-preview":"max-image-preview:large","max-video-preview":"max-video-preview:-1"},"canonical":"https:\/\/www.visit-ulcinj.com\/blog\/2017\/07\/12\/gazetari-adroviq-merret-ne-pyetje-ne-polici-pyesin-per-burimin-e-informatave\/","og_locale":"en_US","og_type":"article","og_title":"Gazetari Adroviq merret n\u00eb pyetje n\u00eb polici: Pyesin p\u00ebr burimin e informatave - Lajme nga Ulqini","og_description":"Gazetari i \u201cVijestit\u201d Samir Adroviq dhe Jelena Jovanoviq jan\u00eb marr\u00eb n\u00eb pyetje dje n\u00eb polici p\u00ebr shkak t\u00eb artikullit \u201cAvokat\u00ebt m\u00eb t\u00eb fuqish\u00ebm se policia,","og_url":"https:\/\/www.visit-ulcinj.com\/blog\/2017\/07\/12\/gazetari-adroviq-merret-ne-pyetje-ne-polici-pyesin-per-burimin-e-informatave\/","og_site_name":"Lajme nga Ulqini","article_published_time":"2017-07-12T18:32:56+00:00","og_image":[{"url":"http:\/\/www.visit-ulcinj.com\/blog\/wp-content\/uploads\/2017\/07\/Samir-Adrovic-Ulcinj-243x300.jpg"}],"twitter_misc":{"Written by":"ulqini","Est. reading time":"1 minute"},"schema":{"@context":"https:\/\/schema.org","@graph":[{"@type":"WebSite","@id":"https:\/\/www.visit-ulcinj.com\/blog\/#website","url":"https:\/\/www.visit-ulcinj.com\/blog\/","name":"Lajme nga Ulqini","description":"Lajme,Vijesti,Ulqini,Ulqin,Crna Gora,Mali i Zi","potentialAction":[{"@type":"SearchAction","target":{"@type":"EntryPoint","urlTemplate":"https:\/\/www.visit-ulcinj.com\/blog\/?s={search_term_string}"},"query-input":"required name=search_term_string"}],"inLanguage":"en-US"},{"@type":"ImageObject","inLanguage":"en-US","@id":"https:\/\/www.visit-ulcinj.com\/blog\/2017\/07\/12\/gazetari-adroviq-merret-ne-pyetje-ne-polici-pyesin-per-burimin-e-informatave\/#primaryimage","url":"https:\/\/www.visit-ulcinj.com\/blog\/wp-content\/uploads\/2017\/07\/Samir-Adrovic-Ulcinj.jpg","contentUrl":"https:\/\/www.visit-ulcinj.com\/blog\/wp-content\/uploads\/2017\/07\/Samir-Adrovic-Ulcinj.jpg","width":256,"height":316},{"@type":"WebPage","@id":"https:\/\/www.visit-ulcinj.com\/blog\/2017\/07\/12\/gazetari-adroviq-merret-ne-pyetje-ne-polici-pyesin-per-burimin-e-informatave\/#webpage","url":"https:\/\/www.visit-ulcinj.com\/blog\/2017\/07\/12\/gazetari-adroviq-merret-ne-pyetje-ne-polici-pyesin-per-burimin-e-informatave\/","name":"Gazetari Adroviq merret n\u00eb pyetje n\u00eb polici: Pyesin p\u00ebr burimin e informatave - Lajme nga Ulqini","isPartOf":{"@id":"https:\/\/www.visit-ulcinj.com\/blog\/#website"},"primaryImageOfPage":{"@id":"https:\/\/www.visit-ulcinj.com\/blog\/2017\/07\/12\/gazetari-adroviq-merret-ne-pyetje-ne-polici-pyesin-per-burimin-e-informatave\/#primaryimage"},"datePublished":"2017-07-12T18:32:56+00:00","dateModified":"2017-07-12T18:32:56+00:00","author":{"@id":"https:\/\/www.visit-ulcinj.com\/blog\/#\/schema\/person\/dcab619c614d3038751c63bc2aadc06d"},"description":"Gazetari i \u201cVijestit\u201d Samir Adroviq dhe Jelena Jovanoviq jan\u00eb marr\u00eb n\u00eb pyetje dje n\u00eb polici p\u00ebr shkak t\u00eb artikullit \u201cAvokat\u00ebt m\u00eb t\u00eb fuqish\u00ebm se policia,","breadcrumb":{"@id":"https:\/\/www.visit-ulcinj.com\/blog\/2017\/07\/12\/gazetari-adroviq-merret-ne-pyetje-ne-polici-pyesin-per-burimin-e-informatave\/#breadcrumb"},"inLanguage":"en-US","potentialAction":[{"@type":"ReadAction","target":["https:\/\/www.visit-ulcinj.com\/blog\/2017\/07\/12\/gazetari-adroviq-merret-ne-pyetje-ne-polici-pyesin-per-burimin-e-informatave\/"]}]},{"@type":"BreadcrumbList","@id":"https:\/\/www.visit-ulcinj.com\/blog\/2017\/07\/12\/gazetari-adroviq-merret-ne-pyetje-ne-polici-pyesin-per-burimin-e-informatave\/#breadcrumb","itemListElement":[{"@type":"ListItem","position":1,"name":"Gazetari Adroviq merret n\u00eb pyetje n\u00eb polici: Pyesin p\u00ebr burimin e informatave"}]},{"@type":"Person","@id":"https:\/\/www.visit-ulcinj.com\/blog\/#\/schema\/person\/dcab619c614d3038751c63bc2aadc06d","name":"ulqini","sameAs":["http:\/\/www.visit-ulcinj.com"],"url":"https:\/\/www.visit-ulcinj.com\/blog\/author\/admin\/"}]}},"jetpack_featured_media_url":"","jetpack_sharing_enabled":true,"jetpack_shortlink":"https:\/\/wp.me\/pe6lTn-rCK","_links":{"self":[{"href":"https:\/\/www.visit-ulcinj.com\/blog\/wp-json\/wp\/v2\/posts\/106190"}],"collection":[{"href":"https:\/\/www.visit-ulcinj.com\/blog\/wp-json\/wp\/v2\/posts"}],"about":[{"href":"https:\/\/www.visit-ulcinj.com\/blog\/wp-json\/wp\/v2\/types\/post"}],"author":[{"embeddable":true,"href":"https:\/\/www.visit-ulcinj.com\/blog\/wp-json\/wp\/v2\/users\/1"}],"replies":[{"embeddable":true,"href":"https:\/\/www.visit-ulcinj.com\/blog\/wp-json\/wp\/v2\/comments?post=106190"}],"version-history":[{"count":1,"href":"https:\/\/www.visit-ulcinj.com\/blog\/wp-json\/wp\/v2\/posts\/106190\/revisions"}],"predecessor-version":[{"id":106192,"href":"https:\/\/www.visit-ulcinj.com\/blog\/wp-json\/wp\/v2\/posts\/106190\/revisions\/106192"}],"wp:attachment":[{"href":"https:\/\/www.visit-ulcinj.com\/blog\/wp-json\/wp\/v2\/media?parent=106190"}],"wp:term":[{"taxonomy":"category","embeddable":true,"href":"https:\/\/www.visit-ulcinj.com\/blog\/wp-json\/wp\/v2\/categories?post=106190"},{"taxonomy":"post_tag","embeddable":true,"href":"https:\/\/www.visit-ulcinj.com\/blog\/wp-json\/wp\/v2\/tags?post=106190"}],"curies":[{"name":"wp","href":"https:\/\/api.w.org\/{rel}","templated":true}]}}