{"id":1062,"date":"2008-03-28T01:35:37","date_gmt":"2008-03-28T06:35:37","guid":{"rendered":"http:\/\/www.visit-ulcinj.com\/blog\/2008\/03\/28\/predsjednik-opstine-ulcinj-podnio-skupstini-izvjestaj-o-radu\/"},"modified":"2008-03-28T01:40:45","modified_gmt":"2008-03-28T06:40:45","slug":"predsjednik-opstine-ulcinj-podnio-skupstini-izvjestaj-o-radu","status":"publish","type":"post","link":"https:\/\/www.visit-ulcinj.com\/blog\/2008\/03\/28\/predsjednik-opstine-ulcinj-podnio-skupstini-izvjestaj-o-radu\/","title":{"rendered":"Predsjednik op\u0161tine Ulcinj podnio skup\u0161tini izvje\u0161taj o radu"},"content":{"rendered":"<p><a href=\"http:\/\/www.visit-ulcinj.com\/blog\/wp-content\/uploads\/2008\/03\/gzim-hajdinaga.jpg\" title=\"GZIM HAJDINAGA\"><img loading=\"lazy\" src=\"http:\/\/www.visit-ulcinj.com\/blog\/wp-content\/uploads\/2008\/03\/gzim-hajdinaga.thumbnail.jpg\" alt=\"GZIM HAJDINAGA\" align=\"left\" height=\"200\" width=\"135\" \/><\/a><strong>Hajdinaga najavio bum<\/strong><br \/>\nULCINj-Predsjednik op\u0161tine Ulcinj Gzim Hajdinaga najavio je ju?e, na prvoj redovnoj sjednici Skup\u0161tine op\u0161tine Ulcinj da najju\u017eniju crnogorsku op\u0161tinu u 2008. godini o?ekuje veliki investicioni bum i ekonomski razvoj. U ekspozeu o radu predsjednika u 2007. godini Hajdinaga je rekao da za ogromne ulcinjske resurse vlada veliko interesovanje poznatih i u svijetu dokazanih investitora. \u2013 O?ekujemo valorizaciju i razvoj turisti?kih zona te smo u kontaktu sa potencijalnim investitorima. U tom pravcu anga\u017eova?emo se na dono\u0161enju i usvajanju urbanisti?kih planova i studija lokacija za sve vrijedne prostore, ?ime ?emo omogu?iti gradnju i nesmetan razvoj, rekao je Hajdinaga. Govore?i o investicijama predsjednik ulcinjske op\u0161tine kazao je da ?e prioritet lokalne uprave u narednom periodu biti izgradnja mosta na Port Mileni, otvaranje puta prema naselju Liman i budu?oj lokaciji za Marinu , izgradnja regionalne deponije za Ulcinj i Bar , pro\u0161irenje Bulevara, koji od grada vodi ka Velikoj pla\u017ei, i zavr\u0161etak DUP-ova. Hajdinaga se osvrnuo i na, kako je rekao, vrijedne rezultate postignute u 2007. godini, isti?u?i da je u tom periodu \u201epo prvi put ostvaren bud\u017eet koji je bio ve?i od planiranog, za vi\u0161e od 400 hiljada eura. Prema njegovim rije?ima lokalna uprava je u prvoj godini svog mandata ispunila obe?anja uprkos, kako je naveo, nepovoljnim okolnostima u momentu preuzimanja vlasti u Ulcinju.<br \/>\n&#8211; U tom periodu lokalna vlast je u?inila vidan i zna?ajan napredak na polju ukupnog ekonomskog razvoja ostvaruju?i dobre rezulatate u turizmu, poljoprivredi ali i u infrastrukturnom razvoju. U fokusu na\u0161e pa\u017enje bili su je i socijalna politika, obrazovanje kultura, sport pa smo i na tim poljima kroz investicije, shodno na\u0161im finasijskim mogu?nostima i uz pomo? Vlade i resornih ministarstava, u?inili zna?ajan napredak, kazao je Hajdinaga. Ju?era\u0161nju sjednicu SO Ulcinj obilje\u017eila je vi\u0161e?asovna rasprava o dnevnom redu. <img loading=\"lazy\" src=\"http:\/\/www.visit-ulcinj.com\/blog\/wp-content\/uploads\/2008\/03\/meto-zenka.jpg\" align=\"left\" height=\"126\" width=\"154\" \/>Opoziciona Nova demokratska snaga tra\u017eila je da se u dnevni red uvrsti i Prostorni plan odnosno deklaracija kojom bi op\u0161tina Ulcinj jo\u0161 jednom izrazila nezadovoljstvo zbog pozicije koja joj je planom odre?ena , kao i ivje\u0161taj o realizaciji Odluke SO da se biv\u0161im vlasnicima u Valdansu vrati zemlji\u0161te. U mnogobrojnim replikama sa odbornicima Koalicije \u201eZa evropski<a href=\"http:\/\/www.visit-ulcinj.com\/blog\/wp-content\/uploads\/2008\/02\/genc-nimanbegu1-2.jpg\" title=\"genc nimanbegu1\"><img loading=\"lazy\" src=\"http:\/\/www.visit-ulcinj.com\/blog\/wp-content\/uploads\/2008\/02\/genc-nimanbegu1-2.thumbnail.jpg\" alt=\"genc nimanbegu1\" align=\"right\" height=\"128\" width=\"118\" \/><\/a> Ulcinj iznesno je mnogo optu\u017ebi, a u jednom trenutku umalo nije do\u0161lo do fizi?kog obra?una podpredsjednika SO Ulcinj Meta Zenke i predsjednika odborni?kog kluba Force Genca Nimanbegua. Albanske partije Forca, Demokratsko jedinstvo Albanaca i Demokratski savez Albanaca nakon usvajanja dnevnog reda nisu prisustvovale ekspozeu predsjednika op\u0161tine . Skup\u0161tina nastavlja rad danas, a na dnevnom redu nalazi se Poslovnik o radu Skup\u0161tine, Statut turisti?ke organizacije, te niz predloga odluka i izvje\u0161taja o lokalnim taksama, gra?evinskom zemlji\u0161tu i porezima.<br \/>\nM.K.<br \/>\n<a href=\"http:\/\/www.visit-ulcinj.com\/blog\/wp-content\/uploads\/2008\/02\/muhamed-nika1.jpg\" title=\"Muhamet Nika1\"><img loading=\"lazy\" src=\"http:\/\/www.visit-ulcinj.com\/blog\/wp-content\/uploads\/2008\/02\/muhamed-nika1.thumbnail.jpg\" alt=\"Muhamet Nika1\" align=\"left\" height=\"72\" width=\"128\" \/><\/a><strong>Kritikovali Medojevi?a<\/strong><br \/>\nIako je ranije, odlukom predsjednika SO Ulcinj Muhameta Nike, bio zabranjen direktan prenos sjednica SO, do zavr\u0161etka predsjedni?ke kampanje, ju?e su u sali bile kamere lokalne televizije Teuta . Tu situaciju najbolje su iskoristili odbornici Koalicije \u201eZa evropski Ulcinj,<a href=\"http:\/\/www.visit-ulcinj.com\/blog\/wp-content\/uploads\/2008\/02\/ljuid-skrelja_poslanik-dps-2.jpg\" title=\"Ljui? \u0160krelja_poslanik DPS\"><img loading=\"lazy\" src=\"http:\/\/www.visit-ulcinj.com\/blog\/wp-content\/uploads\/2008\/02\/ljuid-skrelja_poslanik-dps-2.thumbnail.jpg\" alt=\"Ljui? \u0160krelja_poslanik DPS\" align=\"right\" height=\"133\" width=\"116\" \/><\/a> koji su u vi\u0161e navrata o\u0161tro kritikovali predsjedni?kog kandidata PZP Neboj\u0161u Medojevi?a prebacuju?i prije svega Forci da je podr\u017eala \u201e?lana zemunskog klana . \u2013 Tra\u017eili ste ovdje deklaraciju o nezavisnom Kosovu a podr\u017eali ste Medojevi?a koji je sa liderima opozicije u sjevernom djelu Kosovske Mitrovice pru\u017eao podr\u0161ku Srbima da Kosovo zadr\u017ee u okviru Srbije. Ne\u0161to mi tu nije logi?no, rekao je odbornik DPS-a i predsjednik OO te partije u Ulcinju Lui? \u0160krelja.<\/p>\n<p>www.dan.cg.yu\/<\/p>\n","protected":false},"excerpt":{"rendered":"<p><img loading=\"lazy\" src=\"http:\/\/www.visit-ulcinj.com\/blog\/wp-content\/uploads\/2008\/03\/gzim-hajdinaga.thumbnail.jpg\" alt=\"GZIM HAJDINAGA\" align=\"left\" height=\"140\" width=\"140\" \/><\/p>\n","protected":false},"author":1,"featured_media":0,"comment_status":"open","ping_status":"closed","sticky":false,"template":"","format":"standard","meta":{"spay_email":"","jetpack_publicize_message":"","jetpack_is_tweetstorm":false,"jetpack_publicize_feature_enabled":true},"categories":[1,6],"tags":[],"jetpack_publicize_connections":[],"yoast_head":"<!-- This site is optimized with the Yoast SEO plugin v19.1 - https:\/\/yoast.com\/wordpress\/plugins\/seo\/ -->\n<title>Predsjednik op\u0161tine Ulcinj podnio skup\u0161tini izvje\u0161taj o radu - Lajme nga Ulqini<\/title>\n<meta name=\"robots\" content=\"index, follow, max-snippet:-1, max-image-preview:large, max-video-preview:-1\" \/>\n<link rel=\"canonical\" href=\"https:\/\/www.visit-ulcinj.com\/blog\/2008\/03\/28\/predsjednik-opstine-ulcinj-podnio-skupstini-izvjestaj-o-radu\/\" \/>\n<meta property=\"og:locale\" content=\"en_US\" \/>\n<meta property=\"og:type\" content=\"article\" \/>\n<meta property=\"og:title\" content=\"Predsjednik op\u0161tine Ulcinj podnio skup\u0161tini izvje\u0161taj o radu - Lajme nga Ulqini\" \/>\n<meta property=\"og:url\" content=\"https:\/\/www.visit-ulcinj.com\/blog\/2008\/03\/28\/predsjednik-opstine-ulcinj-podnio-skupstini-izvjestaj-o-radu\/\" \/>\n<meta property=\"og:site_name\" content=\"Lajme nga Ulqini\" \/>\n<meta property=\"article:published_time\" content=\"2008-03-28T06:35:37+00:00\" \/>\n<meta property=\"article:modified_time\" content=\"2008-03-28T06:40:45+00:00\" \/>\n<meta property=\"og:image\" content=\"http:\/\/www.visit-ulcinj.com\/blog\/wp-content\/uploads\/2008\/03\/gzim-hajdinaga.thumbnail.jpg\" \/>\n<meta name=\"twitter:label1\" content=\"Written by\" \/>\n\t<meta name=\"twitter:data1\" content=\"ulqini\" \/>\n\t<meta name=\"twitter:label2\" content=\"Est. reading time\" \/>\n\t<meta name=\"twitter:data2\" content=\"3 minutes\" \/>\n<script type=\"application\/ld+json\" class=\"yoast-schema-graph\">{\"@context\":\"https:\/\/schema.org\",\"@graph\":[{\"@type\":\"WebSite\",\"@id\":\"https:\/\/www.visit-ulcinj.com\/blog\/#website\",\"url\":\"https:\/\/www.visit-ulcinj.com\/blog\/\",\"name\":\"Lajme nga Ulqini\",\"description\":\"Lajme,Vijesti,Ulqini,Ulqin,Crna Gora,Mali i Zi\",\"potentialAction\":[{\"@type\":\"SearchAction\",\"target\":{\"@type\":\"EntryPoint\",\"urlTemplate\":\"https:\/\/www.visit-ulcinj.com\/blog\/?s={search_term_string}\"},\"query-input\":\"required name=search_term_string\"}],\"inLanguage\":\"en-US\"},{\"@type\":\"ImageObject\",\"inLanguage\":\"en-US\",\"@id\":\"https:\/\/www.visit-ulcinj.com\/blog\/2008\/03\/28\/predsjednik-opstine-ulcinj-podnio-skupstini-izvjestaj-o-radu\/#primaryimage\",\"url\":\"http:\/\/www.visit-ulcinj.com\/blog\/wp-content\/uploads\/2008\/03\/gzim-hajdinaga.thumbnail.jpg\",\"contentUrl\":\"http:\/\/www.visit-ulcinj.com\/blog\/wp-content\/uploads\/2008\/03\/gzim-hajdinaga.thumbnail.jpg\"},{\"@type\":\"WebPage\",\"@id\":\"https:\/\/www.visit-ulcinj.com\/blog\/2008\/03\/28\/predsjednik-opstine-ulcinj-podnio-skupstini-izvjestaj-o-radu\/#webpage\",\"url\":\"https:\/\/www.visit-ulcinj.com\/blog\/2008\/03\/28\/predsjednik-opstine-ulcinj-podnio-skupstini-izvjestaj-o-radu\/\",\"name\":\"Predsjednik op\u0161tine Ulcinj podnio skup\u0161tini izvje\u0161taj o radu - Lajme nga Ulqini\",\"isPartOf\":{\"@id\":\"https:\/\/www.visit-ulcinj.com\/blog\/#website\"},\"primaryImageOfPage\":{\"@id\":\"https:\/\/www.visit-ulcinj.com\/blog\/2008\/03\/28\/predsjednik-opstine-ulcinj-podnio-skupstini-izvjestaj-o-radu\/#primaryimage\"},\"datePublished\":\"2008-03-28T06:35:37+00:00\",\"dateModified\":\"2008-03-28T06:40:45+00:00\",\"author\":{\"@id\":\"https:\/\/www.visit-ulcinj.com\/blog\/#\/schema\/person\/dcab619c614d3038751c63bc2aadc06d\"},\"breadcrumb\":{\"@id\":\"https:\/\/www.visit-ulcinj.com\/blog\/2008\/03\/28\/predsjednik-opstine-ulcinj-podnio-skupstini-izvjestaj-o-radu\/#breadcrumb\"},\"inLanguage\":\"en-US\",\"potentialAction\":[{\"@type\":\"ReadAction\",\"target\":[\"https:\/\/www.visit-ulcinj.com\/blog\/2008\/03\/28\/predsjednik-opstine-ulcinj-podnio-skupstini-izvjestaj-o-radu\/\"]}]},{\"@type\":\"BreadcrumbList\",\"@id\":\"https:\/\/www.visit-ulcinj.com\/blog\/2008\/03\/28\/predsjednik-opstine-ulcinj-podnio-skupstini-izvjestaj-o-radu\/#breadcrumb\",\"itemListElement\":[{\"@type\":\"ListItem\",\"position\":1,\"name\":\"Predsjednik op\u0161tine Ulcinj podnio skup\u0161tini izvje\u0161taj o radu\"}]},{\"@type\":\"Person\",\"@id\":\"https:\/\/www.visit-ulcinj.com\/blog\/#\/schema\/person\/dcab619c614d3038751c63bc2aadc06d\",\"name\":\"ulqini\",\"sameAs\":[\"http:\/\/www.visit-ulcinj.com\"],\"url\":\"https:\/\/www.visit-ulcinj.com\/blog\/author\/admin\/\"}]}<\/script>\n<!-- \/ Yoast SEO plugin. -->","yoast_head_json":{"title":"Predsjednik op\u0161tine Ulcinj podnio skup\u0161tini izvje\u0161taj o radu - Lajme nga Ulqini","robots":{"index":"index","follow":"follow","max-snippet":"max-snippet:-1","max-image-preview":"max-image-preview:large","max-video-preview":"max-video-preview:-1"},"canonical":"https:\/\/www.visit-ulcinj.com\/blog\/2008\/03\/28\/predsjednik-opstine-ulcinj-podnio-skupstini-izvjestaj-o-radu\/","og_locale":"en_US","og_type":"article","og_title":"Predsjednik op\u0161tine Ulcinj podnio skup\u0161tini izvje\u0161taj o radu - Lajme nga Ulqini","og_url":"https:\/\/www.visit-ulcinj.com\/blog\/2008\/03\/28\/predsjednik-opstine-ulcinj-podnio-skupstini-izvjestaj-o-radu\/","og_site_name":"Lajme nga Ulqini","article_published_time":"2008-03-28T06:35:37+00:00","article_modified_time":"2008-03-28T06:40:45+00:00","og_image":[{"url":"http:\/\/www.visit-ulcinj.com\/blog\/wp-content\/uploads\/2008\/03\/gzim-hajdinaga.thumbnail.jpg"}],"twitter_misc":{"Written by":"ulqini","Est. reading time":"3 minutes"},"schema":{"@context":"https:\/\/schema.org","@graph":[{"@type":"WebSite","@id":"https:\/\/www.visit-ulcinj.com\/blog\/#website","url":"https:\/\/www.visit-ulcinj.com\/blog\/","name":"Lajme nga Ulqini","description":"Lajme,Vijesti,Ulqini,Ulqin,Crna Gora,Mali i Zi","potentialAction":[{"@type":"SearchAction","target":{"@type":"EntryPoint","urlTemplate":"https:\/\/www.visit-ulcinj.com\/blog\/?s={search_term_string}"},"query-input":"required name=search_term_string"}],"inLanguage":"en-US"},{"@type":"ImageObject","inLanguage":"en-US","@id":"https:\/\/www.visit-ulcinj.com\/blog\/2008\/03\/28\/predsjednik-opstine-ulcinj-podnio-skupstini-izvjestaj-o-radu\/#primaryimage","url":"http:\/\/www.visit-ulcinj.com\/blog\/wp-content\/uploads\/2008\/03\/gzim-hajdinaga.thumbnail.jpg","contentUrl":"http:\/\/www.visit-ulcinj.com\/blog\/wp-content\/uploads\/2008\/03\/gzim-hajdinaga.thumbnail.jpg"},{"@type":"WebPage","@id":"https:\/\/www.visit-ulcinj.com\/blog\/2008\/03\/28\/predsjednik-opstine-ulcinj-podnio-skupstini-izvjestaj-o-radu\/#webpage","url":"https:\/\/www.visit-ulcinj.com\/blog\/2008\/03\/28\/predsjednik-opstine-ulcinj-podnio-skupstini-izvjestaj-o-radu\/","name":"Predsjednik op\u0161tine Ulcinj podnio skup\u0161tini izvje\u0161taj o radu - Lajme nga Ulqini","isPartOf":{"@id":"https:\/\/www.visit-ulcinj.com\/blog\/#website"},"primaryImageOfPage":{"@id":"https:\/\/www.visit-ulcinj.com\/blog\/2008\/03\/28\/predsjednik-opstine-ulcinj-podnio-skupstini-izvjestaj-o-radu\/#primaryimage"},"datePublished":"2008-03-28T06:35:37+00:00","dateModified":"2008-03-28T06:40:45+00:00","author":{"@id":"https:\/\/www.visit-ulcinj.com\/blog\/#\/schema\/person\/dcab619c614d3038751c63bc2aadc06d"},"breadcrumb":{"@id":"https:\/\/www.visit-ulcinj.com\/blog\/2008\/03\/28\/predsjednik-opstine-ulcinj-podnio-skupstini-izvjestaj-o-radu\/#breadcrumb"},"inLanguage":"en-US","potentialAction":[{"@type":"ReadAction","target":["https:\/\/www.visit-ulcinj.com\/blog\/2008\/03\/28\/predsjednik-opstine-ulcinj-podnio-skupstini-izvjestaj-o-radu\/"]}]},{"@type":"BreadcrumbList","@id":"https:\/\/www.visit-ulcinj.com\/blog\/2008\/03\/28\/predsjednik-opstine-ulcinj-podnio-skupstini-izvjestaj-o-radu\/#breadcrumb","itemListElement":[{"@type":"ListItem","position":1,"name":"Predsjednik op\u0161tine Ulcinj podnio skup\u0161tini izvje\u0161taj o radu"}]},{"@type":"Person","@id":"https:\/\/www.visit-ulcinj.com\/blog\/#\/schema\/person\/dcab619c614d3038751c63bc2aadc06d","name":"ulqini","sameAs":["http:\/\/www.visit-ulcinj.com"],"url":"https:\/\/www.visit-ulcinj.com\/blog\/author\/admin\/"}]}},"jetpack_featured_media_url":"","jetpack_sharing_enabled":true,"jetpack_shortlink":"https:\/\/wp.me\/pe6lTn-h8","_links":{"self":[{"href":"https:\/\/www.visit-ulcinj.com\/blog\/wp-json\/wp\/v2\/posts\/1062"}],"collection":[{"href":"https:\/\/www.visit-ulcinj.com\/blog\/wp-json\/wp\/v2\/posts"}],"about":[{"href":"https:\/\/www.visit-ulcinj.com\/blog\/wp-json\/wp\/v2\/types\/post"}],"author":[{"embeddable":true,"href":"https:\/\/www.visit-ulcinj.com\/blog\/wp-json\/wp\/v2\/users\/1"}],"replies":[{"embeddable":true,"href":"https:\/\/www.visit-ulcinj.com\/blog\/wp-json\/wp\/v2\/comments?post=1062"}],"version-history":[{"count":0,"href":"https:\/\/www.visit-ulcinj.com\/blog\/wp-json\/wp\/v2\/posts\/1062\/revisions"}],"wp:attachment":[{"href":"https:\/\/www.visit-ulcinj.com\/blog\/wp-json\/wp\/v2\/media?parent=1062"}],"wp:term":[{"taxonomy":"category","embeddable":true,"href":"https:\/\/www.visit-ulcinj.com\/blog\/wp-json\/wp\/v2\/categories?post=1062"},{"taxonomy":"post_tag","embeddable":true,"href":"https:\/\/www.visit-ulcinj.com\/blog\/wp-json\/wp\/v2\/tags?post=1062"}],"curies":[{"name":"wp","href":"https:\/\/api.w.org\/{rel}","templated":true}]}}