{"id":106202,"date":"2017-07-13T21:36:48","date_gmt":"2017-07-13T20:36:48","guid":{"rendered":"http:\/\/www.visit-ulcinj.com\/blog\/?p=106202"},"modified":"2017-07-13T21:40:07","modified_gmt":"2017-07-13T20:40:07","slug":"ja-ku-po-i-kalon-pushimet-labi-me-shoket-e-estrades-ne-ulqin","status":"publish","type":"post","link":"https:\/\/www.visit-ulcinj.com\/blog\/2017\/07\/13\/ja-ku-po-i-kalon-pushimet-labi-me-shoket-e-estrades-ne-ulqin\/","title":{"rendered":"Ja ku po i kalon pushimet Labi me shoket e estrad\u00ebs n\u00eb Ulqin"},"content":{"rendered":"<div class=\"ExcerptBold\">\n<p><a href=\"http:\/\/www.visit-ulcinj.com\/blog\/wp-content\/uploads\/2017\/07\/Ja-ku-po-i-kalon-pushimet-Labi-me-shoket-e-estrad\u00ebs-n\u00eb-Ulqin.jpg\"><img loading=\"lazy\" class=\"alignleft wp-image-106203\" src=\"http:\/\/www.visit-ulcinj.com\/blog\/wp-content\/uploads\/2017\/07\/Ja-ku-po-i-kalon-pushimet-Labi-me-shoket-e-estrad\u00ebs-n\u00eb-Ulqin.jpg\" alt=\"\" width=\"508\" height=\"381\" \/><\/a>Labinot Gashi tashm\u00eb ka vendosur t\u00eb pushoj\u00eb disa dit\u00eb me shok\u00ebt e estrad\u00ebs Kosovare n\u00eb Hotelin Primavera n\u00eb plazhin e madh\u00eb t\u00eb Ulqinit.<\/p>\n<\/div>\n<p>Sic duket dit\u00ebt e pushimit ai ka vendosur t\u2019i kaloj me shoq\u00ebrin e vet, e k\u00ebt\u00eb e tregon p\u00ebrmes nj\u00eb fotografie t\u00eb postuar nj\u00eb rrjetin social Facebook ku shihen s\u00eb bashku me nj\u00eb pjes t\u00eb estrad\u00ebs Kosovare.<\/p>\n<p><a href=\"http:\/\/www.visit-ulcinj.com\/blog\/wp-content\/uploads\/2017\/07\/Ja-ku-po-i-kalon-pushimet-Labi-me-shoket-e-estrad\u00ebs-n\u00eb-Ulqin-2.jpg\"><img loading=\"lazy\" class=\"alignleft wp-image-106205\" src=\"http:\/\/www.visit-ulcinj.com\/blog\/wp-content\/uploads\/2017\/07\/Ja-ku-po-i-kalon-pushimet-Labi-me-shoket-e-estrad\u00ebs-n\u00eb-Ulqin-2.jpg\" alt=\"\" width=\"508\" height=\"381\" \/><\/a><\/p>\n<p><a href=\"http:\/\/www.visit-ulcinj.com\/blog\/wp-content\/uploads\/2017\/07\/Ja-ku-po-i-kalon-pushimet-Labi-me-shoket-e-estrad\u00ebs-n\u00eb-Ulqin-1.jpg\"><img loading=\"lazy\" class=\"alignleft wp-image-106204\" src=\"http:\/\/www.visit-ulcinj.com\/blog\/wp-content\/uploads\/2017\/07\/Ja-ku-po-i-kalon-pushimet-Labi-me-shoket-e-estrad\u00ebs-n\u00eb-Ulqin-1.jpg\" alt=\"\" width=\"508\" height=\"381\" srcset=\"https:\/\/www.visit-ulcinj.com\/blog\/wp-content\/uploads\/2017\/07\/Ja-ku-po-i-kalon-pushimet-Labi-me-shoket-e-estrad\u00ebs-n\u00eb-Ulqin-1.jpg 960w, https:\/\/www.visit-ulcinj.com\/blog\/wp-content\/uploads\/2017\/07\/Ja-ku-po-i-kalon-pushimet-Labi-me-shoket-e-estrad\u00ebs-n\u00eb-Ulqin-1-300x225.jpg 300w, https:\/\/www.visit-ulcinj.com\/blog\/wp-content\/uploads\/2017\/07\/Ja-ku-po-i-kalon-pushimet-Labi-me-shoket-e-estrad\u00ebs-n\u00eb-Ulqin-1-768x576.jpg 768w\" sizes=\"(max-width: 508px) 100vw, 508px\" \/><\/a><\/p>\n<p><a href=\"http:\/\/www.visit-ulcinj.com\/blog\/wp-content\/uploads\/2017\/07\/Ja-ku-po-i-kalon-pushimet-Labi-me-shoket-e-estrad\u00ebs-n\u00eb-Ulqin-3.jpg\"><img loading=\"lazy\" class=\"alignleft wp-image-106206\" src=\"http:\/\/www.visit-ulcinj.com\/blog\/wp-content\/uploads\/2017\/07\/Ja-ku-po-i-kalon-pushimet-Labi-me-shoket-e-estrad\u00ebs-n\u00eb-Ulqin-3.jpg\" alt=\"\" width=\"508\" height=\"381\" \/><\/a><\/p>\n","protected":false},"excerpt":{"rendered":"<p>Labinot Gashi tashm\u00eb ka vendosur t\u00eb pushoj\u00eb disa dit\u00eb me shok\u00ebt e estrad\u00ebs Kosovare n\u00eb Hotelin Primavera n\u00eb plazhin e madh\u00eb t\u00eb Ulqinit. Sic duket dit\u00ebt e pushimit ai ka vendosur t\u2019i kaloj me shoq\u00ebrin e vet, e k\u00ebt\u00eb e tregon p\u00ebrmes nj\u00eb fotografie t\u00eb postuar nj\u00eb rrjetin social Facebook ku shihen s\u00eb bashku me [&hellip;]<\/p>\n","protected":false},"author":1,"featured_media":0,"comment_status":"closed","ping_status":"closed","sticky":false,"template":"","format":"standard","meta":{"spay_email":"","jetpack_publicize_message":"","jetpack_is_tweetstorm":false,"jetpack_publicize_feature_enabled":true},"categories":[1],"tags":[],"jetpack_publicize_connections":[],"yoast_head":"<!-- This site is optimized with the Yoast SEO plugin v19.1 - https:\/\/yoast.com\/wordpress\/plugins\/seo\/ -->\n<title>Ja ku po i kalon pushimet Labi me shoket e estrad\u00ebs n\u00eb Ulqin - Lajme nga Ulqini<\/title>\n<meta name=\"description\" content=\"Labinot Gashi tashm\u00eb ka vendosur t\u00eb pushoj\u00eb disa dit\u00eb me shok\u00ebt e estrad\u00ebs Kosovare n\u00eb Hotelin Primavera n\u00eb plazhin e madh\u00eb t\u00eb Ulqinit. Sic duket dit\u00ebt e\" \/>\n<meta name=\"robots\" content=\"index, follow, max-snippet:-1, max-image-preview:large, max-video-preview:-1\" \/>\n<link rel=\"canonical\" href=\"https:\/\/www.visit-ulcinj.com\/blog\/2017\/07\/13\/ja-ku-po-i-kalon-pushimet-labi-me-shoket-e-estrades-ne-ulqin\/\" \/>\n<meta property=\"og:locale\" content=\"en_US\" \/>\n<meta property=\"og:type\" content=\"article\" \/>\n<meta property=\"og:title\" content=\"Ja ku po i kalon pushimet Labi me shoket e estrad\u00ebs n\u00eb Ulqin - Lajme nga Ulqini\" \/>\n<meta property=\"og:description\" content=\"Labinot Gashi tashm\u00eb ka vendosur t\u00eb pushoj\u00eb disa dit\u00eb me shok\u00ebt e estrad\u00ebs Kosovare n\u00eb Hotelin Primavera n\u00eb plazhin e madh\u00eb t\u00eb Ulqinit. Sic duket dit\u00ebt e\" \/>\n<meta property=\"og:url\" content=\"https:\/\/www.visit-ulcinj.com\/blog\/2017\/07\/13\/ja-ku-po-i-kalon-pushimet-labi-me-shoket-e-estrades-ne-ulqin\/\" \/>\n<meta property=\"og:site_name\" content=\"Lajme nga Ulqini\" \/>\n<meta property=\"article:published_time\" content=\"2017-07-13T20:36:48+00:00\" \/>\n<meta property=\"article:modified_time\" content=\"2017-07-13T20:40:07+00:00\" \/>\n<meta name=\"twitter:label1\" content=\"Written by\" \/>\n\t<meta name=\"twitter:data1\" content=\"ulqini\" \/>\n<script type=\"application\/ld+json\" class=\"yoast-schema-graph\">{\"@context\":\"https:\/\/schema.org\",\"@graph\":[{\"@type\":\"WebSite\",\"@id\":\"https:\/\/www.visit-ulcinj.com\/blog\/#website\",\"url\":\"https:\/\/www.visit-ulcinj.com\/blog\/\",\"name\":\"Lajme nga Ulqini\",\"description\":\"Lajme,Vijesti,Ulqini,Ulqin,Crna Gora,Mali i Zi\",\"potentialAction\":[{\"@type\":\"SearchAction\",\"target\":{\"@type\":\"EntryPoint\",\"urlTemplate\":\"https:\/\/www.visit-ulcinj.com\/blog\/?s={search_term_string}\"},\"query-input\":\"required name=search_term_string\"}],\"inLanguage\":\"en-US\"},{\"@type\":\"WebPage\",\"@id\":\"https:\/\/www.visit-ulcinj.com\/blog\/2017\/07\/13\/ja-ku-po-i-kalon-pushimet-labi-me-shoket-e-estrades-ne-ulqin\/#webpage\",\"url\":\"https:\/\/www.visit-ulcinj.com\/blog\/2017\/07\/13\/ja-ku-po-i-kalon-pushimet-labi-me-shoket-e-estrades-ne-ulqin\/\",\"name\":\"Ja ku po i kalon pushimet Labi me shoket e estrad\u00ebs n\u00eb Ulqin - Lajme nga Ulqini\",\"isPartOf\":{\"@id\":\"https:\/\/www.visit-ulcinj.com\/blog\/#website\"},\"datePublished\":\"2017-07-13T20:36:48+00:00\",\"dateModified\":\"2017-07-13T20:40:07+00:00\",\"author\":{\"@id\":\"https:\/\/www.visit-ulcinj.com\/blog\/#\/schema\/person\/dcab619c614d3038751c63bc2aadc06d\"},\"description\":\"Labinot Gashi tashm\u00eb ka vendosur t\u00eb pushoj\u00eb disa dit\u00eb me shok\u00ebt e estrad\u00ebs Kosovare n\u00eb Hotelin Primavera n\u00eb plazhin e madh\u00eb t\u00eb Ulqinit. Sic duket dit\u00ebt e\",\"breadcrumb\":{\"@id\":\"https:\/\/www.visit-ulcinj.com\/blog\/2017\/07\/13\/ja-ku-po-i-kalon-pushimet-labi-me-shoket-e-estrades-ne-ulqin\/#breadcrumb\"},\"inLanguage\":\"en-US\",\"potentialAction\":[{\"@type\":\"ReadAction\",\"target\":[\"https:\/\/www.visit-ulcinj.com\/blog\/2017\/07\/13\/ja-ku-po-i-kalon-pushimet-labi-me-shoket-e-estrades-ne-ulqin\/\"]}]},{\"@type\":\"BreadcrumbList\",\"@id\":\"https:\/\/www.visit-ulcinj.com\/blog\/2017\/07\/13\/ja-ku-po-i-kalon-pushimet-labi-me-shoket-e-estrades-ne-ulqin\/#breadcrumb\",\"itemListElement\":[{\"@type\":\"ListItem\",\"position\":1,\"name\":\"Ja ku po i kalon pushimet Labi me shoket e estrad\u00ebs n\u00eb Ulqin\"}]},{\"@type\":\"Person\",\"@id\":\"https:\/\/www.visit-ulcinj.com\/blog\/#\/schema\/person\/dcab619c614d3038751c63bc2aadc06d\",\"name\":\"ulqini\",\"sameAs\":[\"http:\/\/www.visit-ulcinj.com\"],\"url\":\"https:\/\/www.visit-ulcinj.com\/blog\/author\/admin\/\"}]}<\/script>\n<!-- \/ Yoast SEO plugin. -->","yoast_head_json":{"title":"Ja ku po i kalon pushimet Labi me shoket e estrad\u00ebs n\u00eb Ulqin - Lajme nga Ulqini","description":"Labinot Gashi tashm\u00eb ka vendosur t\u00eb pushoj\u00eb disa dit\u00eb me shok\u00ebt e estrad\u00ebs Kosovare n\u00eb Hotelin Primavera n\u00eb plazhin e madh\u00eb t\u00eb Ulqinit. Sic duket dit\u00ebt e","robots":{"index":"index","follow":"follow","max-snippet":"max-snippet:-1","max-image-preview":"max-image-preview:large","max-video-preview":"max-video-preview:-1"},"canonical":"https:\/\/www.visit-ulcinj.com\/blog\/2017\/07\/13\/ja-ku-po-i-kalon-pushimet-labi-me-shoket-e-estrades-ne-ulqin\/","og_locale":"en_US","og_type":"article","og_title":"Ja ku po i kalon pushimet Labi me shoket e estrad\u00ebs n\u00eb Ulqin - Lajme nga Ulqini","og_description":"Labinot Gashi tashm\u00eb ka vendosur t\u00eb pushoj\u00eb disa dit\u00eb me shok\u00ebt e estrad\u00ebs Kosovare n\u00eb Hotelin Primavera n\u00eb plazhin e madh\u00eb t\u00eb Ulqinit. Sic duket dit\u00ebt e","og_url":"https:\/\/www.visit-ulcinj.com\/blog\/2017\/07\/13\/ja-ku-po-i-kalon-pushimet-labi-me-shoket-e-estrades-ne-ulqin\/","og_site_name":"Lajme nga Ulqini","article_published_time":"2017-07-13T20:36:48+00:00","article_modified_time":"2017-07-13T20:40:07+00:00","twitter_misc":{"Written by":"ulqini"},"schema":{"@context":"https:\/\/schema.org","@graph":[{"@type":"WebSite","@id":"https:\/\/www.visit-ulcinj.com\/blog\/#website","url":"https:\/\/www.visit-ulcinj.com\/blog\/","name":"Lajme nga Ulqini","description":"Lajme,Vijesti,Ulqini,Ulqin,Crna Gora,Mali i Zi","potentialAction":[{"@type":"SearchAction","target":{"@type":"EntryPoint","urlTemplate":"https:\/\/www.visit-ulcinj.com\/blog\/?s={search_term_string}"},"query-input":"required name=search_term_string"}],"inLanguage":"en-US"},{"@type":"WebPage","@id":"https:\/\/www.visit-ulcinj.com\/blog\/2017\/07\/13\/ja-ku-po-i-kalon-pushimet-labi-me-shoket-e-estrades-ne-ulqin\/#webpage","url":"https:\/\/www.visit-ulcinj.com\/blog\/2017\/07\/13\/ja-ku-po-i-kalon-pushimet-labi-me-shoket-e-estrades-ne-ulqin\/","name":"Ja ku po i kalon pushimet Labi me shoket e estrad\u00ebs n\u00eb Ulqin - Lajme nga Ulqini","isPartOf":{"@id":"https:\/\/www.visit-ulcinj.com\/blog\/#website"},"datePublished":"2017-07-13T20:36:48+00:00","dateModified":"2017-07-13T20:40:07+00:00","author":{"@id":"https:\/\/www.visit-ulcinj.com\/blog\/#\/schema\/person\/dcab619c614d3038751c63bc2aadc06d"},"description":"Labinot Gashi tashm\u00eb ka vendosur t\u00eb pushoj\u00eb disa dit\u00eb me shok\u00ebt e estrad\u00ebs Kosovare n\u00eb Hotelin Primavera n\u00eb plazhin e madh\u00eb t\u00eb Ulqinit. Sic duket dit\u00ebt e","breadcrumb":{"@id":"https:\/\/www.visit-ulcinj.com\/blog\/2017\/07\/13\/ja-ku-po-i-kalon-pushimet-labi-me-shoket-e-estrades-ne-ulqin\/#breadcrumb"},"inLanguage":"en-US","potentialAction":[{"@type":"ReadAction","target":["https:\/\/www.visit-ulcinj.com\/blog\/2017\/07\/13\/ja-ku-po-i-kalon-pushimet-labi-me-shoket-e-estrades-ne-ulqin\/"]}]},{"@type":"BreadcrumbList","@id":"https:\/\/www.visit-ulcinj.com\/blog\/2017\/07\/13\/ja-ku-po-i-kalon-pushimet-labi-me-shoket-e-estrades-ne-ulqin\/#breadcrumb","itemListElement":[{"@type":"ListItem","position":1,"name":"Ja ku po i kalon pushimet Labi me shoket e estrad\u00ebs n\u00eb Ulqin"}]},{"@type":"Person","@id":"https:\/\/www.visit-ulcinj.com\/blog\/#\/schema\/person\/dcab619c614d3038751c63bc2aadc06d","name":"ulqini","sameAs":["http:\/\/www.visit-ulcinj.com"],"url":"https:\/\/www.visit-ulcinj.com\/blog\/author\/admin\/"}]}},"jetpack_featured_media_url":"","jetpack_sharing_enabled":true,"jetpack_shortlink":"https:\/\/wp.me\/pe6lTn-rCW","_links":{"self":[{"href":"https:\/\/www.visit-ulcinj.com\/blog\/wp-json\/wp\/v2\/posts\/106202"}],"collection":[{"href":"https:\/\/www.visit-ulcinj.com\/blog\/wp-json\/wp\/v2\/posts"}],"about":[{"href":"https:\/\/www.visit-ulcinj.com\/blog\/wp-json\/wp\/v2\/types\/post"}],"author":[{"embeddable":true,"href":"https:\/\/www.visit-ulcinj.com\/blog\/wp-json\/wp\/v2\/users\/1"}],"replies":[{"embeddable":true,"href":"https:\/\/www.visit-ulcinj.com\/blog\/wp-json\/wp\/v2\/comments?post=106202"}],"version-history":[{"count":2,"href":"https:\/\/www.visit-ulcinj.com\/blog\/wp-json\/wp\/v2\/posts\/106202\/revisions"}],"predecessor-version":[{"id":106208,"href":"https:\/\/www.visit-ulcinj.com\/blog\/wp-json\/wp\/v2\/posts\/106202\/revisions\/106208"}],"wp:attachment":[{"href":"https:\/\/www.visit-ulcinj.com\/blog\/wp-json\/wp\/v2\/media?parent=106202"}],"wp:term":[{"taxonomy":"category","embeddable":true,"href":"https:\/\/www.visit-ulcinj.com\/blog\/wp-json\/wp\/v2\/categories?post=106202"},{"taxonomy":"post_tag","embeddable":true,"href":"https:\/\/www.visit-ulcinj.com\/blog\/wp-json\/wp\/v2\/tags?post=106202"}],"curies":[{"name":"wp","href":"https:\/\/api.w.org\/{rel}","templated":true}]}}