{"id":106209,"date":"2017-07-13T21:53:27","date_gmt":"2017-07-13T20:53:27","guid":{"rendered":"http:\/\/www.visit-ulcinj.com\/blog\/?p=106209"},"modified":"2017-07-13T21:53:27","modified_gmt":"2017-07-13T20:53:27","slug":"zekoviq-per-seancen-degjimore-te-adroviqit-te-flasim-ne-keshill","status":"publish","type":"post","link":"https:\/\/www.visit-ulcinj.com\/blog\/2017\/07\/13\/zekoviq-per-seancen-degjimore-te-adroviqit-te-flasim-ne-keshill\/","title":{"rendered":"Zekoviq: P\u00ebr seanc\u00ebn d\u00ebgjimore t\u00eb Adroviqit do t\u00eb flasim n\u00eb k\u00ebshill"},"content":{"rendered":"<p><a href=\"http:\/\/www.visit-ulcinj.com\/blog\/wp-content\/uploads\/2017\/07\/Policia-e-Ulqinit.jpg\"><img loading=\"lazy\" class=\"alignleft wp-image-106210\" src=\"http:\/\/www.visit-ulcinj.com\/blog\/wp-content\/uploads\/2017\/07\/Policia-e-Ulqinit.jpg\" alt=\"\" width=\"508\" height=\"381\" srcset=\"https:\/\/www.visit-ulcinj.com\/blog\/wp-content\/uploads\/2017\/07\/Policia-e-Ulqinit.jpg 992w, https:\/\/www.visit-ulcinj.com\/blog\/wp-content\/uploads\/2017\/07\/Policia-e-Ulqinit-300x225.jpg 300w, https:\/\/www.visit-ulcinj.com\/blog\/wp-content\/uploads\/2017\/07\/Policia-e-Ulqinit-768x576.jpg 768w\" sizes=\"(max-width: 508px) 100vw, 508px\" \/><\/a>An\u00ebtari i K\u00ebshillit p\u00ebr kontrollin qytetar\u00eb t\u00eb pun\u00ebs s\u00eb policies Aleksandar Sasha Zekoviq ka dor\u00ebzuar iniciativ\u00ebn k\u00ebtij trupi q\u00eb t\u00eb marr\u00eb n\u00eb shqyrtim thirrjen e gazetar\u00ebve t\u00eb \u201cVijestit\u201d Samir Adroviq dhe Jellena Jovanoviq n\u00eb bised\u00eb informative, raporton portali Ul.info.<\/p>\n<p>\u201cPropozoj q\u00eb nga Qendra lokale e siguris\u00eb t\u00eb k\u00ebrkojm\u00eb informacion t\u00eb holl\u00ebsish\u00ebm p\u00ebr motivet dhe arsyet e thirrjes s\u00eb gazetar\u00ebve n\u00eb bised\u00eb p\u00ebr arsye t\u00eb shkrimit q\u00eb botuan, si dhe q\u00eb n\u00eb m\u00ebnyr\u00eb m\u00eb t\u00eb detajore t\u00eb shpjegojn\u00eb arsytueshm\u00ebrin\u00eb e seanc\u00ebs d\u00ebgjimore\u201d, shkruan n\u00eb iniciativ\u00ebn e Zekoviqit e cila iu d\u00ebrgua an\u00ebtar\u00ebve t\u00eb tjer\u00eb t\u00eb K\u00ebshillit.<\/p>\n<p>Shoqata e gazetar\u00ebve professional t\u00eb Malit t\u00eb Zi ka vler\u00ebsuar dje si skandaloze marrjen n\u00eb pyetje t\u00eb gazetar\u00ebve Adroviq dhe Jovanoviq, si dhe thirr\u00ebn n\u00eb reagim urgjent ministrin e pun\u00ebve t\u00eb brendshme dhe kryeministrin.<\/p>\n","protected":false},"excerpt":{"rendered":"<p>An\u00ebtari i K\u00ebshillit p\u00ebr kontrollin qytetar\u00eb t\u00eb pun\u00ebs s\u00eb policies Aleksandar Sasha Zekoviq ka dor\u00ebzuar iniciativ\u00ebn k\u00ebtij trupi q\u00eb t\u00eb marr\u00eb n\u00eb shqyrtim thirrjen e gazetar\u00ebve t\u00eb \u201cVijestit\u201d Samir Adroviq dhe Jellena Jovanoviq n\u00eb bised\u00eb informative, raporton portali Ul.info. \u201cPropozoj q\u00eb nga Qendra lokale e siguris\u00eb t\u00eb k\u00ebrkojm\u00eb informacion t\u00eb holl\u00ebsish\u00ebm p\u00ebr motivet dhe arsyet [&hellip;]<\/p>\n","protected":false},"author":1,"featured_media":0,"comment_status":"closed","ping_status":"closed","sticky":false,"template":"","format":"standard","meta":{"spay_email":"","jetpack_publicize_message":"","jetpack_is_tweetstorm":false,"jetpack_publicize_feature_enabled":true},"categories":[12],"tags":[],"jetpack_publicize_connections":[],"yoast_head":"<!-- This site is optimized with the Yoast SEO plugin v19.1 - https:\/\/yoast.com\/wordpress\/plugins\/seo\/ -->\n<title>Zekoviq: P\u00ebr seanc\u00ebn d\u00ebgjimore t\u00eb Adroviqit do t\u00eb flasim n\u00eb k\u00ebshill - Lajme nga Ulqini<\/title>\n<meta name=\"description\" content=\"An\u00ebtari i K\u00ebshillit p\u00ebr kontrollin qytetar\u00eb t\u00eb pun\u00ebs s\u00eb policies Aleksandar Sasha Zekoviq ka dor\u00ebzuar iniciativ\u00ebn k\u00ebtij trupi q\u00eb t\u00eb marr\u00eb n\u00eb shqyrtim\" \/>\n<meta name=\"robots\" content=\"index, follow, max-snippet:-1, max-image-preview:large, max-video-preview:-1\" \/>\n<link rel=\"canonical\" href=\"https:\/\/www.visit-ulcinj.com\/blog\/2017\/07\/13\/zekoviq-per-seancen-degjimore-te-adroviqit-te-flasim-ne-keshill\/\" \/>\n<meta property=\"og:locale\" content=\"en_US\" \/>\n<meta property=\"og:type\" content=\"article\" \/>\n<meta property=\"og:title\" content=\"Zekoviq: P\u00ebr seanc\u00ebn d\u00ebgjimore t\u00eb Adroviqit do t\u00eb flasim n\u00eb k\u00ebshill - Lajme nga Ulqini\" \/>\n<meta property=\"og:description\" content=\"An\u00ebtari i K\u00ebshillit p\u00ebr kontrollin qytetar\u00eb t\u00eb pun\u00ebs s\u00eb policies Aleksandar Sasha Zekoviq ka dor\u00ebzuar iniciativ\u00ebn k\u00ebtij trupi q\u00eb t\u00eb marr\u00eb n\u00eb shqyrtim\" \/>\n<meta property=\"og:url\" content=\"https:\/\/www.visit-ulcinj.com\/blog\/2017\/07\/13\/zekoviq-per-seancen-degjimore-te-adroviqit-te-flasim-ne-keshill\/\" \/>\n<meta property=\"og:site_name\" content=\"Lajme nga Ulqini\" \/>\n<meta property=\"article:published_time\" content=\"2017-07-13T20:53:27+00:00\" \/>\n<meta property=\"og:image\" content=\"http:\/\/www.visit-ulcinj.com\/blog\/wp-content\/uploads\/2017\/07\/Policia-e-Ulqinit.jpg\" \/>\n<meta name=\"twitter:label1\" content=\"Written by\" \/>\n\t<meta name=\"twitter:data1\" content=\"ulqini\" \/>\n\t<meta name=\"twitter:label2\" content=\"Est. reading time\" \/>\n\t<meta name=\"twitter:data2\" content=\"1 minute\" \/>\n<script type=\"application\/ld+json\" class=\"yoast-schema-graph\">{\"@context\":\"https:\/\/schema.org\",\"@graph\":[{\"@type\":\"WebSite\",\"@id\":\"https:\/\/www.visit-ulcinj.com\/blog\/#website\",\"url\":\"https:\/\/www.visit-ulcinj.com\/blog\/\",\"name\":\"Lajme nga Ulqini\",\"description\":\"Lajme,Vijesti,Ulqini,Ulqin,Crna Gora,Mali i Zi\",\"potentialAction\":[{\"@type\":\"SearchAction\",\"target\":{\"@type\":\"EntryPoint\",\"urlTemplate\":\"https:\/\/www.visit-ulcinj.com\/blog\/?s={search_term_string}\"},\"query-input\":\"required name=search_term_string\"}],\"inLanguage\":\"en-US\"},{\"@type\":\"ImageObject\",\"inLanguage\":\"en-US\",\"@id\":\"https:\/\/www.visit-ulcinj.com\/blog\/2017\/07\/13\/zekoviq-per-seancen-degjimore-te-adroviqit-te-flasim-ne-keshill\/#primaryimage\",\"url\":\"https:\/\/www.visit-ulcinj.com\/blog\/wp-content\/uploads\/2017\/07\/Policia-e-Ulqinit.jpg\",\"contentUrl\":\"https:\/\/www.visit-ulcinj.com\/blog\/wp-content\/uploads\/2017\/07\/Policia-e-Ulqinit.jpg\",\"width\":992,\"height\":744},{\"@type\":\"WebPage\",\"@id\":\"https:\/\/www.visit-ulcinj.com\/blog\/2017\/07\/13\/zekoviq-per-seancen-degjimore-te-adroviqit-te-flasim-ne-keshill\/#webpage\",\"url\":\"https:\/\/www.visit-ulcinj.com\/blog\/2017\/07\/13\/zekoviq-per-seancen-degjimore-te-adroviqit-te-flasim-ne-keshill\/\",\"name\":\"Zekoviq: P\u00ebr seanc\u00ebn d\u00ebgjimore t\u00eb Adroviqit do t\u00eb flasim n\u00eb k\u00ebshill - Lajme nga Ulqini\",\"isPartOf\":{\"@id\":\"https:\/\/www.visit-ulcinj.com\/blog\/#website\"},\"primaryImageOfPage\":{\"@id\":\"https:\/\/www.visit-ulcinj.com\/blog\/2017\/07\/13\/zekoviq-per-seancen-degjimore-te-adroviqit-te-flasim-ne-keshill\/#primaryimage\"},\"datePublished\":\"2017-07-13T20:53:27+00:00\",\"dateModified\":\"2017-07-13T20:53:27+00:00\",\"author\":{\"@id\":\"https:\/\/www.visit-ulcinj.com\/blog\/#\/schema\/person\/dcab619c614d3038751c63bc2aadc06d\"},\"description\":\"An\u00ebtari i K\u00ebshillit p\u00ebr kontrollin qytetar\u00eb t\u00eb pun\u00ebs s\u00eb policies Aleksandar Sasha Zekoviq ka dor\u00ebzuar iniciativ\u00ebn k\u00ebtij trupi q\u00eb t\u00eb marr\u00eb n\u00eb shqyrtim\",\"breadcrumb\":{\"@id\":\"https:\/\/www.visit-ulcinj.com\/blog\/2017\/07\/13\/zekoviq-per-seancen-degjimore-te-adroviqit-te-flasim-ne-keshill\/#breadcrumb\"},\"inLanguage\":\"en-US\",\"potentialAction\":[{\"@type\":\"ReadAction\",\"target\":[\"https:\/\/www.visit-ulcinj.com\/blog\/2017\/07\/13\/zekoviq-per-seancen-degjimore-te-adroviqit-te-flasim-ne-keshill\/\"]}]},{\"@type\":\"BreadcrumbList\",\"@id\":\"https:\/\/www.visit-ulcinj.com\/blog\/2017\/07\/13\/zekoviq-per-seancen-degjimore-te-adroviqit-te-flasim-ne-keshill\/#breadcrumb\",\"itemListElement\":[{\"@type\":\"ListItem\",\"position\":1,\"name\":\"Zekoviq: P\u00ebr seanc\u00ebn d\u00ebgjimore t\u00eb Adroviqit do t\u00eb flasim n\u00eb k\u00ebshill\"}]},{\"@type\":\"Person\",\"@id\":\"https:\/\/www.visit-ulcinj.com\/blog\/#\/schema\/person\/dcab619c614d3038751c63bc2aadc06d\",\"name\":\"ulqini\",\"sameAs\":[\"http:\/\/www.visit-ulcinj.com\"],\"url\":\"https:\/\/www.visit-ulcinj.com\/blog\/author\/admin\/\"}]}<\/script>\n<!-- \/ Yoast SEO plugin. -->","yoast_head_json":{"title":"Zekoviq: P\u00ebr seanc\u00ebn d\u00ebgjimore t\u00eb Adroviqit do t\u00eb flasim n\u00eb k\u00ebshill - Lajme nga Ulqini","description":"An\u00ebtari i K\u00ebshillit p\u00ebr kontrollin qytetar\u00eb t\u00eb pun\u00ebs s\u00eb policies Aleksandar Sasha Zekoviq ka dor\u00ebzuar iniciativ\u00ebn k\u00ebtij trupi q\u00eb t\u00eb marr\u00eb n\u00eb shqyrtim","robots":{"index":"index","follow":"follow","max-snippet":"max-snippet:-1","max-image-preview":"max-image-preview:large","max-video-preview":"max-video-preview:-1"},"canonical":"https:\/\/www.visit-ulcinj.com\/blog\/2017\/07\/13\/zekoviq-per-seancen-degjimore-te-adroviqit-te-flasim-ne-keshill\/","og_locale":"en_US","og_type":"article","og_title":"Zekoviq: P\u00ebr seanc\u00ebn d\u00ebgjimore t\u00eb Adroviqit do t\u00eb flasim n\u00eb k\u00ebshill - Lajme nga Ulqini","og_description":"An\u00ebtari i K\u00ebshillit p\u00ebr kontrollin qytetar\u00eb t\u00eb pun\u00ebs s\u00eb policies Aleksandar Sasha Zekoviq ka dor\u00ebzuar iniciativ\u00ebn k\u00ebtij trupi q\u00eb t\u00eb marr\u00eb n\u00eb shqyrtim","og_url":"https:\/\/www.visit-ulcinj.com\/blog\/2017\/07\/13\/zekoviq-per-seancen-degjimore-te-adroviqit-te-flasim-ne-keshill\/","og_site_name":"Lajme nga Ulqini","article_published_time":"2017-07-13T20:53:27+00:00","og_image":[{"url":"http:\/\/www.visit-ulcinj.com\/blog\/wp-content\/uploads\/2017\/07\/Policia-e-Ulqinit.jpg"}],"twitter_misc":{"Written by":"ulqini","Est. reading time":"1 minute"},"schema":{"@context":"https:\/\/schema.org","@graph":[{"@type":"WebSite","@id":"https:\/\/www.visit-ulcinj.com\/blog\/#website","url":"https:\/\/www.visit-ulcinj.com\/blog\/","name":"Lajme nga Ulqini","description":"Lajme,Vijesti,Ulqini,Ulqin,Crna Gora,Mali i Zi","potentialAction":[{"@type":"SearchAction","target":{"@type":"EntryPoint","urlTemplate":"https:\/\/www.visit-ulcinj.com\/blog\/?s={search_term_string}"},"query-input":"required name=search_term_string"}],"inLanguage":"en-US"},{"@type":"ImageObject","inLanguage":"en-US","@id":"https:\/\/www.visit-ulcinj.com\/blog\/2017\/07\/13\/zekoviq-per-seancen-degjimore-te-adroviqit-te-flasim-ne-keshill\/#primaryimage","url":"https:\/\/www.visit-ulcinj.com\/blog\/wp-content\/uploads\/2017\/07\/Policia-e-Ulqinit.jpg","contentUrl":"https:\/\/www.visit-ulcinj.com\/blog\/wp-content\/uploads\/2017\/07\/Policia-e-Ulqinit.jpg","width":992,"height":744},{"@type":"WebPage","@id":"https:\/\/www.visit-ulcinj.com\/blog\/2017\/07\/13\/zekoviq-per-seancen-degjimore-te-adroviqit-te-flasim-ne-keshill\/#webpage","url":"https:\/\/www.visit-ulcinj.com\/blog\/2017\/07\/13\/zekoviq-per-seancen-degjimore-te-adroviqit-te-flasim-ne-keshill\/","name":"Zekoviq: P\u00ebr seanc\u00ebn d\u00ebgjimore t\u00eb Adroviqit do t\u00eb flasim n\u00eb k\u00ebshill - Lajme nga Ulqini","isPartOf":{"@id":"https:\/\/www.visit-ulcinj.com\/blog\/#website"},"primaryImageOfPage":{"@id":"https:\/\/www.visit-ulcinj.com\/blog\/2017\/07\/13\/zekoviq-per-seancen-degjimore-te-adroviqit-te-flasim-ne-keshill\/#primaryimage"},"datePublished":"2017-07-13T20:53:27+00:00","dateModified":"2017-07-13T20:53:27+00:00","author":{"@id":"https:\/\/www.visit-ulcinj.com\/blog\/#\/schema\/person\/dcab619c614d3038751c63bc2aadc06d"},"description":"An\u00ebtari i K\u00ebshillit p\u00ebr kontrollin qytetar\u00eb t\u00eb pun\u00ebs s\u00eb policies Aleksandar Sasha Zekoviq ka dor\u00ebzuar iniciativ\u00ebn k\u00ebtij trupi q\u00eb t\u00eb marr\u00eb n\u00eb shqyrtim","breadcrumb":{"@id":"https:\/\/www.visit-ulcinj.com\/blog\/2017\/07\/13\/zekoviq-per-seancen-degjimore-te-adroviqit-te-flasim-ne-keshill\/#breadcrumb"},"inLanguage":"en-US","potentialAction":[{"@type":"ReadAction","target":["https:\/\/www.visit-ulcinj.com\/blog\/2017\/07\/13\/zekoviq-per-seancen-degjimore-te-adroviqit-te-flasim-ne-keshill\/"]}]},{"@type":"BreadcrumbList","@id":"https:\/\/www.visit-ulcinj.com\/blog\/2017\/07\/13\/zekoviq-per-seancen-degjimore-te-adroviqit-te-flasim-ne-keshill\/#breadcrumb","itemListElement":[{"@type":"ListItem","position":1,"name":"Zekoviq: P\u00ebr seanc\u00ebn d\u00ebgjimore t\u00eb Adroviqit do t\u00eb flasim n\u00eb k\u00ebshill"}]},{"@type":"Person","@id":"https:\/\/www.visit-ulcinj.com\/blog\/#\/schema\/person\/dcab619c614d3038751c63bc2aadc06d","name":"ulqini","sameAs":["http:\/\/www.visit-ulcinj.com"],"url":"https:\/\/www.visit-ulcinj.com\/blog\/author\/admin\/"}]}},"jetpack_featured_media_url":"","jetpack_sharing_enabled":true,"jetpack_shortlink":"https:\/\/wp.me\/pe6lTn-rD3","_links":{"self":[{"href":"https:\/\/www.visit-ulcinj.com\/blog\/wp-json\/wp\/v2\/posts\/106209"}],"collection":[{"href":"https:\/\/www.visit-ulcinj.com\/blog\/wp-json\/wp\/v2\/posts"}],"about":[{"href":"https:\/\/www.visit-ulcinj.com\/blog\/wp-json\/wp\/v2\/types\/post"}],"author":[{"embeddable":true,"href":"https:\/\/www.visit-ulcinj.com\/blog\/wp-json\/wp\/v2\/users\/1"}],"replies":[{"embeddable":true,"href":"https:\/\/www.visit-ulcinj.com\/blog\/wp-json\/wp\/v2\/comments?post=106209"}],"version-history":[{"count":1,"href":"https:\/\/www.visit-ulcinj.com\/blog\/wp-json\/wp\/v2\/posts\/106209\/revisions"}],"predecessor-version":[{"id":106211,"href":"https:\/\/www.visit-ulcinj.com\/blog\/wp-json\/wp\/v2\/posts\/106209\/revisions\/106211"}],"wp:attachment":[{"href":"https:\/\/www.visit-ulcinj.com\/blog\/wp-json\/wp\/v2\/media?parent=106209"}],"wp:term":[{"taxonomy":"category","embeddable":true,"href":"https:\/\/www.visit-ulcinj.com\/blog\/wp-json\/wp\/v2\/categories?post=106209"},{"taxonomy":"post_tag","embeddable":true,"href":"https:\/\/www.visit-ulcinj.com\/blog\/wp-json\/wp\/v2\/tags?post=106209"}],"curies":[{"name":"wp","href":"https:\/\/api.w.org\/{rel}","templated":true}]}}