{"id":106216,"date":"2017-07-14T09:23:00","date_gmt":"2017-07-14T08:23:00","guid":{"rendered":"http:\/\/www.visit-ulcinj.com\/blog\/?p=106216"},"modified":"2017-07-14T09:23:00","modified_gmt":"2017-07-14T08:23:00","slug":"gjoni-per-kriporen-vazhdojne-te-menaxhohen-nga-parqet-nacionale","status":"publish","type":"post","link":"https:\/\/www.visit-ulcinj.com\/blog\/2017\/07\/14\/gjoni-per-kriporen-vazhdojne-te-menaxhohen-nga-parqet-nacionale\/","title":{"rendered":"Gjoni p\u00ebr Kriporen: Vazhdojn\u00eb t\u00eb menaxhohen nga &#8220;Parqet nacionale&#8221;"},"content":{"rendered":"<p><a href=\"http:\/\/www.visit-ulcinj.com\/blog\/wp-content\/uploads\/2017\/07\/Hadixha-Gjoni-nenkryetare-e-komunes-se-ulqinit.jpg\"><img loading=\"lazy\" class=\"alignleft wp-image-106217\" src=\"http:\/\/www.visit-ulcinj.com\/blog\/wp-content\/uploads\/2017\/07\/Hadixha-Gjoni-nenkryetare-e-komunes-se-ulqinit.jpg\" alt=\"\" width=\"508\" height=\"437\" srcset=\"https:\/\/www.visit-ulcinj.com\/blog\/wp-content\/uploads\/2017\/07\/Hadixha-Gjoni-nenkryetare-e-komunes-se-ulqinit.jpg 700w, https:\/\/www.visit-ulcinj.com\/blog\/wp-content\/uploads\/2017\/07\/Hadixha-Gjoni-nenkryetare-e-komunes-se-ulqinit-300x258.jpg 300w\" sizes=\"(max-width: 508px) 100vw, 508px\" \/><\/a>N\u00ebnkryetarja e Komun\u00ebs s\u00eb Ulqinit Hadixha Gjoni shprehu k\u00ebnaq\u00ebsin\u00eb q\u00eb prap\u00eb filloi t\u00eb punoj\u00eb pompa n\u00eb Gjerana. \u201cShpresoj q\u00eb me k\u00ebt\u00eb do t\u00eb normalizohet edhe regjimi i ujit i nevojsh\u00ebm p\u00ebr mbijetes\u00ebn e biodiversitetit dhe t\u00eb atyre llojeve t\u00eb shpend\u00ebve q\u00eb varen nga uji i njelm\u00ebt\u201d, tha ajo p\u00ebr TV Mali i Zi, raporton portali Ul.info.<\/p>\n<p>Sipas fjal\u00ebve t\u00eb saja, n\u00eb mbledhjen e Trupit k\u00ebshillues, e cila u mbajt t\u00eb m\u00ebrkur\u00ebn, nj\u00ebz\u00ebri \u00ebsht\u00eb arritur p\u00ebrfundimi q\u00eb \u201cParqet nacionale t\u00eb Malit t\u00eb Zi\u201d duhet edhe m\u00eb tej t\u00eb menaxhojn\u00eb Kriporen.<\/p>\n<p>K\u00ebsaj nd\u00ebrmarrje publike kontrata p\u00ebr menaxhimin e k\u00ebsaj hap\u00ebsire i skadon me 24 gusht.<\/p>\n<p>\u201cPo ashtu, duhet t\u00eb ndahen m\u00eb shum\u00eb mjete t\u00eb cil\u00ebt do t\u00eb mund\u00ebsojn\u00eb edhe funksionimin normal t\u00eb uj\u00ebrave, jo vet\u00ebm mbrojtjen fizike por edhe monitorimin e k\u00ebtyre uj\u00ebrave, nivelin e tyre, kripshm\u00ebrin\u00eb. K\u00ebtu nuk amnistoi as Komun\u00ebn e Ulqinit, pavar\u00ebsisht se financat e saja jan\u00eb t\u00eb kufizuara\u201d, shtoi Gjoni.<\/p>\n","protected":false},"excerpt":{"rendered":"<p>N\u00ebnkryetarja e Komun\u00ebs s\u00eb Ulqinit Hadixha Gjoni shprehu k\u00ebnaq\u00ebsin\u00eb q\u00eb prap\u00eb filloi t\u00eb punoj\u00eb pompa n\u00eb Gjerana. \u201cShpresoj q\u00eb me k\u00ebt\u00eb do t\u00eb normalizohet edhe regjimi i ujit i nevojsh\u00ebm p\u00ebr mbijetes\u00ebn e biodiversitetit dhe t\u00eb atyre llojeve t\u00eb shpend\u00ebve q\u00eb varen nga uji i njelm\u00ebt\u201d, tha ajo p\u00ebr TV Mali i Zi, raporton portali [&hellip;]<\/p>\n","protected":false},"author":1,"featured_media":0,"comment_status":"closed","ping_status":"closed","sticky":false,"template":"","format":"standard","meta":{"spay_email":"","jetpack_publicize_message":"","jetpack_is_tweetstorm":false,"jetpack_publicize_feature_enabled":true},"categories":[12],"tags":[],"jetpack_publicize_connections":[],"yoast_head":"<!-- This site is optimized with the Yoast SEO plugin v19.1 - https:\/\/yoast.com\/wordpress\/plugins\/seo\/ -->\n<title>Gjoni p\u00ebr Kriporen: Vazhdojn\u00eb t\u00eb menaxhohen nga &quot;Parqet nacionale&quot; - Lajme nga Ulqini<\/title>\n<meta name=\"description\" content=\"N\u00ebnkryetarja e Komun\u00ebs s\u00eb Ulqinit Hadixha Gjoni shprehu k\u00ebnaq\u00ebsin\u00eb q\u00eb prap\u00eb filloi t\u00eb punoj\u00eb pompa n\u00eb Gjerana. \u201cShpresoj q\u00eb me k\u00ebt\u00eb do t\u00eb normalizohet\" \/>\n<meta name=\"robots\" content=\"index, follow, max-snippet:-1, max-image-preview:large, max-video-preview:-1\" \/>\n<link rel=\"canonical\" href=\"https:\/\/www.visit-ulcinj.com\/blog\/2017\/07\/14\/gjoni-per-kriporen-vazhdojne-te-menaxhohen-nga-parqet-nacionale\/\" \/>\n<meta property=\"og:locale\" content=\"en_US\" \/>\n<meta property=\"og:type\" content=\"article\" \/>\n<meta property=\"og:title\" content=\"Gjoni p\u00ebr Kriporen: Vazhdojn\u00eb t\u00eb menaxhohen nga &quot;Parqet nacionale&quot; - Lajme nga Ulqini\" \/>\n<meta property=\"og:description\" content=\"N\u00ebnkryetarja e Komun\u00ebs s\u00eb Ulqinit Hadixha Gjoni shprehu k\u00ebnaq\u00ebsin\u00eb q\u00eb prap\u00eb filloi t\u00eb punoj\u00eb pompa n\u00eb Gjerana. \u201cShpresoj q\u00eb me k\u00ebt\u00eb do t\u00eb normalizohet\" \/>\n<meta property=\"og:url\" content=\"https:\/\/www.visit-ulcinj.com\/blog\/2017\/07\/14\/gjoni-per-kriporen-vazhdojne-te-menaxhohen-nga-parqet-nacionale\/\" \/>\n<meta property=\"og:site_name\" content=\"Lajme nga Ulqini\" \/>\n<meta property=\"article:published_time\" content=\"2017-07-14T08:23:00+00:00\" \/>\n<meta property=\"og:image\" content=\"http:\/\/www.visit-ulcinj.com\/blog\/wp-content\/uploads\/2017\/07\/Hadixha-Gjoni-nenkryetare-e-komunes-se-ulqinit.jpg\" \/>\n<meta name=\"twitter:label1\" content=\"Written by\" \/>\n\t<meta name=\"twitter:data1\" content=\"ulqini\" \/>\n\t<meta name=\"twitter:label2\" content=\"Est. reading time\" \/>\n\t<meta name=\"twitter:data2\" content=\"1 minute\" \/>\n<script type=\"application\/ld+json\" class=\"yoast-schema-graph\">{\"@context\":\"https:\/\/schema.org\",\"@graph\":[{\"@type\":\"WebSite\",\"@id\":\"https:\/\/www.visit-ulcinj.com\/blog\/#website\",\"url\":\"https:\/\/www.visit-ulcinj.com\/blog\/\",\"name\":\"Lajme nga Ulqini\",\"description\":\"Lajme,Vijesti,Ulqini,Ulqin,Crna Gora,Mali i Zi\",\"potentialAction\":[{\"@type\":\"SearchAction\",\"target\":{\"@type\":\"EntryPoint\",\"urlTemplate\":\"https:\/\/www.visit-ulcinj.com\/blog\/?s={search_term_string}\"},\"query-input\":\"required name=search_term_string\"}],\"inLanguage\":\"en-US\"},{\"@type\":\"ImageObject\",\"inLanguage\":\"en-US\",\"@id\":\"https:\/\/www.visit-ulcinj.com\/blog\/2017\/07\/14\/gjoni-per-kriporen-vazhdojne-te-menaxhohen-nga-parqet-nacionale\/#primaryimage\",\"url\":\"https:\/\/www.visit-ulcinj.com\/blog\/wp-content\/uploads\/2017\/07\/Hadixha-Gjoni-nenkryetare-e-komunes-se-ulqinit.jpg\",\"contentUrl\":\"https:\/\/www.visit-ulcinj.com\/blog\/wp-content\/uploads\/2017\/07\/Hadixha-Gjoni-nenkryetare-e-komunes-se-ulqinit.jpg\",\"width\":700,\"height\":602},{\"@type\":\"WebPage\",\"@id\":\"https:\/\/www.visit-ulcinj.com\/blog\/2017\/07\/14\/gjoni-per-kriporen-vazhdojne-te-menaxhohen-nga-parqet-nacionale\/#webpage\",\"url\":\"https:\/\/www.visit-ulcinj.com\/blog\/2017\/07\/14\/gjoni-per-kriporen-vazhdojne-te-menaxhohen-nga-parqet-nacionale\/\",\"name\":\"Gjoni p\u00ebr Kriporen: Vazhdojn\u00eb t\u00eb menaxhohen nga \\\"Parqet nacionale\\\" - Lajme nga Ulqini\",\"isPartOf\":{\"@id\":\"https:\/\/www.visit-ulcinj.com\/blog\/#website\"},\"primaryImageOfPage\":{\"@id\":\"https:\/\/www.visit-ulcinj.com\/blog\/2017\/07\/14\/gjoni-per-kriporen-vazhdojne-te-menaxhohen-nga-parqet-nacionale\/#primaryimage\"},\"datePublished\":\"2017-07-14T08:23:00+00:00\",\"dateModified\":\"2017-07-14T08:23:00+00:00\",\"author\":{\"@id\":\"https:\/\/www.visit-ulcinj.com\/blog\/#\/schema\/person\/dcab619c614d3038751c63bc2aadc06d\"},\"description\":\"N\u00ebnkryetarja e Komun\u00ebs s\u00eb Ulqinit Hadixha Gjoni shprehu k\u00ebnaq\u00ebsin\u00eb q\u00eb prap\u00eb filloi t\u00eb punoj\u00eb pompa n\u00eb Gjerana. \u201cShpresoj q\u00eb me k\u00ebt\u00eb do t\u00eb normalizohet\",\"breadcrumb\":{\"@id\":\"https:\/\/www.visit-ulcinj.com\/blog\/2017\/07\/14\/gjoni-per-kriporen-vazhdojne-te-menaxhohen-nga-parqet-nacionale\/#breadcrumb\"},\"inLanguage\":\"en-US\",\"potentialAction\":[{\"@type\":\"ReadAction\",\"target\":[\"https:\/\/www.visit-ulcinj.com\/blog\/2017\/07\/14\/gjoni-per-kriporen-vazhdojne-te-menaxhohen-nga-parqet-nacionale\/\"]}]},{\"@type\":\"BreadcrumbList\",\"@id\":\"https:\/\/www.visit-ulcinj.com\/blog\/2017\/07\/14\/gjoni-per-kriporen-vazhdojne-te-menaxhohen-nga-parqet-nacionale\/#breadcrumb\",\"itemListElement\":[{\"@type\":\"ListItem\",\"position\":1,\"name\":\"Gjoni p\u00ebr Kriporen: Vazhdojn\u00eb t\u00eb menaxhohen nga &#8220;Parqet nacionale&#8221;\"}]},{\"@type\":\"Person\",\"@id\":\"https:\/\/www.visit-ulcinj.com\/blog\/#\/schema\/person\/dcab619c614d3038751c63bc2aadc06d\",\"name\":\"ulqini\",\"sameAs\":[\"http:\/\/www.visit-ulcinj.com\"],\"url\":\"https:\/\/www.visit-ulcinj.com\/blog\/author\/admin\/\"}]}<\/script>\n<!-- \/ Yoast SEO plugin. -->","yoast_head_json":{"title":"Gjoni p\u00ebr Kriporen: Vazhdojn\u00eb t\u00eb menaxhohen nga \"Parqet nacionale\" - Lajme nga Ulqini","description":"N\u00ebnkryetarja e Komun\u00ebs s\u00eb Ulqinit Hadixha Gjoni shprehu k\u00ebnaq\u00ebsin\u00eb q\u00eb prap\u00eb filloi t\u00eb punoj\u00eb pompa n\u00eb Gjerana. \u201cShpresoj q\u00eb me k\u00ebt\u00eb do t\u00eb normalizohet","robots":{"index":"index","follow":"follow","max-snippet":"max-snippet:-1","max-image-preview":"max-image-preview:large","max-video-preview":"max-video-preview:-1"},"canonical":"https:\/\/www.visit-ulcinj.com\/blog\/2017\/07\/14\/gjoni-per-kriporen-vazhdojne-te-menaxhohen-nga-parqet-nacionale\/","og_locale":"en_US","og_type":"article","og_title":"Gjoni p\u00ebr Kriporen: Vazhdojn\u00eb t\u00eb menaxhohen nga \"Parqet nacionale\" - Lajme nga Ulqini","og_description":"N\u00ebnkryetarja e Komun\u00ebs s\u00eb Ulqinit Hadixha Gjoni shprehu k\u00ebnaq\u00ebsin\u00eb q\u00eb prap\u00eb filloi t\u00eb punoj\u00eb pompa n\u00eb Gjerana. \u201cShpresoj q\u00eb me k\u00ebt\u00eb do t\u00eb normalizohet","og_url":"https:\/\/www.visit-ulcinj.com\/blog\/2017\/07\/14\/gjoni-per-kriporen-vazhdojne-te-menaxhohen-nga-parqet-nacionale\/","og_site_name":"Lajme nga Ulqini","article_published_time":"2017-07-14T08:23:00+00:00","og_image":[{"url":"http:\/\/www.visit-ulcinj.com\/blog\/wp-content\/uploads\/2017\/07\/Hadixha-Gjoni-nenkryetare-e-komunes-se-ulqinit.jpg"}],"twitter_misc":{"Written by":"ulqini","Est. reading time":"1 minute"},"schema":{"@context":"https:\/\/schema.org","@graph":[{"@type":"WebSite","@id":"https:\/\/www.visit-ulcinj.com\/blog\/#website","url":"https:\/\/www.visit-ulcinj.com\/blog\/","name":"Lajme nga Ulqini","description":"Lajme,Vijesti,Ulqini,Ulqin,Crna Gora,Mali i Zi","potentialAction":[{"@type":"SearchAction","target":{"@type":"EntryPoint","urlTemplate":"https:\/\/www.visit-ulcinj.com\/blog\/?s={search_term_string}"},"query-input":"required name=search_term_string"}],"inLanguage":"en-US"},{"@type":"ImageObject","inLanguage":"en-US","@id":"https:\/\/www.visit-ulcinj.com\/blog\/2017\/07\/14\/gjoni-per-kriporen-vazhdojne-te-menaxhohen-nga-parqet-nacionale\/#primaryimage","url":"https:\/\/www.visit-ulcinj.com\/blog\/wp-content\/uploads\/2017\/07\/Hadixha-Gjoni-nenkryetare-e-komunes-se-ulqinit.jpg","contentUrl":"https:\/\/www.visit-ulcinj.com\/blog\/wp-content\/uploads\/2017\/07\/Hadixha-Gjoni-nenkryetare-e-komunes-se-ulqinit.jpg","width":700,"height":602},{"@type":"WebPage","@id":"https:\/\/www.visit-ulcinj.com\/blog\/2017\/07\/14\/gjoni-per-kriporen-vazhdojne-te-menaxhohen-nga-parqet-nacionale\/#webpage","url":"https:\/\/www.visit-ulcinj.com\/blog\/2017\/07\/14\/gjoni-per-kriporen-vazhdojne-te-menaxhohen-nga-parqet-nacionale\/","name":"Gjoni p\u00ebr Kriporen: Vazhdojn\u00eb t\u00eb menaxhohen nga \"Parqet nacionale\" - Lajme nga Ulqini","isPartOf":{"@id":"https:\/\/www.visit-ulcinj.com\/blog\/#website"},"primaryImageOfPage":{"@id":"https:\/\/www.visit-ulcinj.com\/blog\/2017\/07\/14\/gjoni-per-kriporen-vazhdojne-te-menaxhohen-nga-parqet-nacionale\/#primaryimage"},"datePublished":"2017-07-14T08:23:00+00:00","dateModified":"2017-07-14T08:23:00+00:00","author":{"@id":"https:\/\/www.visit-ulcinj.com\/blog\/#\/schema\/person\/dcab619c614d3038751c63bc2aadc06d"},"description":"N\u00ebnkryetarja e Komun\u00ebs s\u00eb Ulqinit Hadixha Gjoni shprehu k\u00ebnaq\u00ebsin\u00eb q\u00eb prap\u00eb filloi t\u00eb punoj\u00eb pompa n\u00eb Gjerana. \u201cShpresoj q\u00eb me k\u00ebt\u00eb do t\u00eb normalizohet","breadcrumb":{"@id":"https:\/\/www.visit-ulcinj.com\/blog\/2017\/07\/14\/gjoni-per-kriporen-vazhdojne-te-menaxhohen-nga-parqet-nacionale\/#breadcrumb"},"inLanguage":"en-US","potentialAction":[{"@type":"ReadAction","target":["https:\/\/www.visit-ulcinj.com\/blog\/2017\/07\/14\/gjoni-per-kriporen-vazhdojne-te-menaxhohen-nga-parqet-nacionale\/"]}]},{"@type":"BreadcrumbList","@id":"https:\/\/www.visit-ulcinj.com\/blog\/2017\/07\/14\/gjoni-per-kriporen-vazhdojne-te-menaxhohen-nga-parqet-nacionale\/#breadcrumb","itemListElement":[{"@type":"ListItem","position":1,"name":"Gjoni p\u00ebr Kriporen: Vazhdojn\u00eb t\u00eb menaxhohen nga &#8220;Parqet nacionale&#8221;"}]},{"@type":"Person","@id":"https:\/\/www.visit-ulcinj.com\/blog\/#\/schema\/person\/dcab619c614d3038751c63bc2aadc06d","name":"ulqini","sameAs":["http:\/\/www.visit-ulcinj.com"],"url":"https:\/\/www.visit-ulcinj.com\/blog\/author\/admin\/"}]}},"jetpack_featured_media_url":"","jetpack_sharing_enabled":true,"jetpack_shortlink":"https:\/\/wp.me\/pe6lTn-rDa","_links":{"self":[{"href":"https:\/\/www.visit-ulcinj.com\/blog\/wp-json\/wp\/v2\/posts\/106216"}],"collection":[{"href":"https:\/\/www.visit-ulcinj.com\/blog\/wp-json\/wp\/v2\/posts"}],"about":[{"href":"https:\/\/www.visit-ulcinj.com\/blog\/wp-json\/wp\/v2\/types\/post"}],"author":[{"embeddable":true,"href":"https:\/\/www.visit-ulcinj.com\/blog\/wp-json\/wp\/v2\/users\/1"}],"replies":[{"embeddable":true,"href":"https:\/\/www.visit-ulcinj.com\/blog\/wp-json\/wp\/v2\/comments?post=106216"}],"version-history":[{"count":1,"href":"https:\/\/www.visit-ulcinj.com\/blog\/wp-json\/wp\/v2\/posts\/106216\/revisions"}],"predecessor-version":[{"id":106218,"href":"https:\/\/www.visit-ulcinj.com\/blog\/wp-json\/wp\/v2\/posts\/106216\/revisions\/106218"}],"wp:attachment":[{"href":"https:\/\/www.visit-ulcinj.com\/blog\/wp-json\/wp\/v2\/media?parent=106216"}],"wp:term":[{"taxonomy":"category","embeddable":true,"href":"https:\/\/www.visit-ulcinj.com\/blog\/wp-json\/wp\/v2\/categories?post=106216"},{"taxonomy":"post_tag","embeddable":true,"href":"https:\/\/www.visit-ulcinj.com\/blog\/wp-json\/wp\/v2\/tags?post=106216"}],"curies":[{"name":"wp","href":"https:\/\/api.w.org\/{rel}","templated":true}]}}