{"id":106219,"date":"2017-07-14T10:44:32","date_gmt":"2017-07-14T09:44:32","guid":{"rendered":"http:\/\/www.visit-ulcinj.com\/blog\/?p=106219"},"modified":"2017-07-14T10:49:12","modified_gmt":"2017-07-14T09:49:12","slug":"pazari-i-ulqinit-projekti-i-rilindjes-urbane-se-shpejti-nis-restaurimi","status":"publish","type":"post","link":"https:\/\/www.visit-ulcinj.com\/blog\/2017\/07\/14\/pazari-i-ulqinit-projekti-i-rilindjes-urbane-se-shpejti-nis-restaurimi\/","title":{"rendered":"Pazari i Ulqinit, projekti i rilindjes urbane, s\u00eb shpejti nis restaurimi"},"content":{"rendered":"<p><strong><a href=\"http:\/\/www.visit-ulcinj.com\/blog\/wp-content\/uploads\/2017\/07\/Pazari-i-Ulqinit-projekti-i-rilindjes-urbane-s\u00eb-shpejti-nis-restaurimi-Nazif-Cungu.jpg\"><img loading=\"lazy\" class=\"alignleft wp-image-106220\" src=\"http:\/\/www.visit-ulcinj.com\/blog\/wp-content\/uploads\/2017\/07\/Pazari-i-Ulqinit-projekti-i-rilindjes-urbane-s\u00eb-shpejti-nis-restaurimi-Nazif-Cungu.jpg\" alt=\"\" width=\"508\" height=\"299\" srcset=\"https:\/\/www.visit-ulcinj.com\/blog\/wp-content\/uploads\/2017\/07\/Pazari-i-Ulqinit-projekti-i-rilindjes-urbane-s\u00eb-shpejti-nis-restaurimi-Nazif-Cungu.jpg 476w, https:\/\/www.visit-ulcinj.com\/blog\/wp-content\/uploads\/2017\/07\/Pazari-i-Ulqinit-projekti-i-rilindjes-urbane-s\u00eb-shpejti-nis-restaurimi-Nazif-Cungu-300x176.jpg 300w\" sizes=\"(max-width: 508px) 100vw, 508px\" \/><\/a>Pazari i Ulqinit, vendi m\u00eb simbolik jo vet\u00ebm si destiacion tregtar do t\u2019i n\u00ebnshtohet restaurimit. Detajet e para t\u00eb projektit kan\u00eb p\u00ebr q\u00ebllim ruajtjen e trash\u00ebgimis\u00eb kulturore zhvillimin e zon\u00ebs si atraksion turistik.<\/strong><\/p>\n<p>Restaurimi do t\u00eb financohet nga Norvegjia dhe Ministria e bujq\u00ebsis\u00eb e Malit t\u00eb Zi, ku n\u00eb ambientet e tregut t\u00eb gjelb\u00ebr do t\u00eb kryhet nj\u00eb investim me vler\u00eb rreth 20.000 euro q\u00eb do t\u00eb sh\u00ebrbej\u00eb p\u00ebr modernizimin e tregtimit t\u00eb peshkut.<\/p>\n<p><strong>N\u00eb nj\u00eb postim n\u00eb facebook, Nazif Cungu shkruan:<\/strong> &#8220;S\u00eb shpejti, n\u00eb hap\u00ebsir\u00ebn e tregut t\u00eb gjelb\u00ebr do t\u00eb kemi nj\u00eb ambient t\u00eb ri modern p\u00ebr tregtimin peshkut. Pazari i ri i peshkut q\u00eb do nd\u00ebrtojm\u00eb n\u00eb Ulqin, u mund\u00ebsua fal\u00eb fondeve q\u00eb kemi siguruar prej Norvegjis\u00eb dhe Ministris\u00eb s\u00eb Bujq\u00ebsis\u00eb t\u00eb Malit t\u00eb Zi. E vizitova me bashk\u00ebpun\u00ebtor\u00ebt e mi lokacionin e k\u00ebtij projekti q\u00eb do t\u00eb mund\u00ebsoj\u00eb t\u00eb gjitha kushtet e duhura higjeno sanitare p\u00ebr tregtimin e peshkut&#8221;,\u00a0 thuhet n\u00eb faqen personale t\u00eb Nazf Cungut.<\/p>\n","protected":false},"excerpt":{"rendered":"<p>Pazari i Ulqinit, vendi m\u00eb simbolik jo vet\u00ebm si destiacion tregtar do t\u2019i n\u00ebnshtohet restaurimit. Detajet e para t\u00eb projektit kan\u00eb p\u00ebr q\u00ebllim ruajtjen e trash\u00ebgimis\u00eb kulturore zhvillimin e zon\u00ebs si atraksion turistik. Restaurimi do t\u00eb financohet nga Norvegjia dhe Ministria e bujq\u00ebsis\u00eb e Malit t\u00eb Zi, ku n\u00eb ambientet e tregut t\u00eb gjelb\u00ebr do [&hellip;]<\/p>\n","protected":false},"author":1,"featured_media":0,"comment_status":"closed","ping_status":"closed","sticky":false,"template":"","format":"standard","meta":{"spay_email":"","jetpack_publicize_message":"","jetpack_is_tweetstorm":false,"jetpack_publicize_feature_enabled":true},"categories":[11],"tags":[],"jetpack_publicize_connections":[],"yoast_head":"<!-- This site is optimized with the Yoast SEO plugin v19.1 - https:\/\/yoast.com\/wordpress\/plugins\/seo\/ -->\n<title>Pazari i Ulqinit, projekti i rilindjes urbane, s\u00eb shpejti nis restaurimi - Lajme nga Ulqini<\/title>\n<meta name=\"description\" content=\"Pazari i Ulqinit, vendi m\u00eb simbolik jo vet\u00ebm si destiacion tregtar do t\u2019i n\u00ebnshtohet restaurimit. Detajet e para t\u00eb projektit kan\u00eb p\u00ebr q\u00ebllim ruajtjen e\" \/>\n<meta name=\"robots\" content=\"index, follow, max-snippet:-1, max-image-preview:large, max-video-preview:-1\" \/>\n<link rel=\"canonical\" href=\"https:\/\/www.visit-ulcinj.com\/blog\/2017\/07\/14\/pazari-i-ulqinit-projekti-i-rilindjes-urbane-se-shpejti-nis-restaurimi\/\" \/>\n<meta property=\"og:locale\" content=\"en_US\" \/>\n<meta property=\"og:type\" content=\"article\" \/>\n<meta property=\"og:title\" content=\"Pazari i Ulqinit, projekti i rilindjes urbane, s\u00eb shpejti nis restaurimi - Lajme nga Ulqini\" \/>\n<meta property=\"og:description\" content=\"Pazari i Ulqinit, vendi m\u00eb simbolik jo vet\u00ebm si destiacion tregtar do t\u2019i n\u00ebnshtohet restaurimit. Detajet e para t\u00eb projektit kan\u00eb p\u00ebr q\u00ebllim ruajtjen e\" \/>\n<meta property=\"og:url\" content=\"https:\/\/www.visit-ulcinj.com\/blog\/2017\/07\/14\/pazari-i-ulqinit-projekti-i-rilindjes-urbane-se-shpejti-nis-restaurimi\/\" \/>\n<meta property=\"og:site_name\" content=\"Lajme nga Ulqini\" \/>\n<meta property=\"article:published_time\" content=\"2017-07-14T09:44:32+00:00\" \/>\n<meta property=\"article:modified_time\" content=\"2017-07-14T09:49:12+00:00\" \/>\n<meta name=\"twitter:label1\" content=\"Written by\" \/>\n\t<meta name=\"twitter:data1\" content=\"ulqini\" \/>\n\t<meta name=\"twitter:label2\" content=\"Est. reading time\" \/>\n\t<meta name=\"twitter:data2\" content=\"1 minute\" \/>\n<script type=\"application\/ld+json\" class=\"yoast-schema-graph\">{\"@context\":\"https:\/\/schema.org\",\"@graph\":[{\"@type\":\"WebSite\",\"@id\":\"https:\/\/www.visit-ulcinj.com\/blog\/#website\",\"url\":\"https:\/\/www.visit-ulcinj.com\/blog\/\",\"name\":\"Lajme nga Ulqini\",\"description\":\"Lajme,Vijesti,Ulqini,Ulqin,Crna Gora,Mali i Zi\",\"potentialAction\":[{\"@type\":\"SearchAction\",\"target\":{\"@type\":\"EntryPoint\",\"urlTemplate\":\"https:\/\/www.visit-ulcinj.com\/blog\/?s={search_term_string}\"},\"query-input\":\"required name=search_term_string\"}],\"inLanguage\":\"en-US\"},{\"@type\":\"WebPage\",\"@id\":\"https:\/\/www.visit-ulcinj.com\/blog\/2017\/07\/14\/pazari-i-ulqinit-projekti-i-rilindjes-urbane-se-shpejti-nis-restaurimi\/#webpage\",\"url\":\"https:\/\/www.visit-ulcinj.com\/blog\/2017\/07\/14\/pazari-i-ulqinit-projekti-i-rilindjes-urbane-se-shpejti-nis-restaurimi\/\",\"name\":\"Pazari i Ulqinit, projekti i rilindjes urbane, s\u00eb shpejti nis restaurimi - Lajme nga Ulqini\",\"isPartOf\":{\"@id\":\"https:\/\/www.visit-ulcinj.com\/blog\/#website\"},\"datePublished\":\"2017-07-14T09:44:32+00:00\",\"dateModified\":\"2017-07-14T09:49:12+00:00\",\"author\":{\"@id\":\"https:\/\/www.visit-ulcinj.com\/blog\/#\/schema\/person\/dcab619c614d3038751c63bc2aadc06d\"},\"description\":\"Pazari i Ulqinit, vendi m\u00eb simbolik jo vet\u00ebm si destiacion tregtar do t\u2019i n\u00ebnshtohet restaurimit. Detajet e para t\u00eb projektit kan\u00eb p\u00ebr q\u00ebllim ruajtjen e\",\"breadcrumb\":{\"@id\":\"https:\/\/www.visit-ulcinj.com\/blog\/2017\/07\/14\/pazari-i-ulqinit-projekti-i-rilindjes-urbane-se-shpejti-nis-restaurimi\/#breadcrumb\"},\"inLanguage\":\"en-US\",\"potentialAction\":[{\"@type\":\"ReadAction\",\"target\":[\"https:\/\/www.visit-ulcinj.com\/blog\/2017\/07\/14\/pazari-i-ulqinit-projekti-i-rilindjes-urbane-se-shpejti-nis-restaurimi\/\"]}]},{\"@type\":\"BreadcrumbList\",\"@id\":\"https:\/\/www.visit-ulcinj.com\/blog\/2017\/07\/14\/pazari-i-ulqinit-projekti-i-rilindjes-urbane-se-shpejti-nis-restaurimi\/#breadcrumb\",\"itemListElement\":[{\"@type\":\"ListItem\",\"position\":1,\"name\":\"Pazari i Ulqinit, projekti i rilindjes urbane, s\u00eb shpejti nis restaurimi\"}]},{\"@type\":\"Person\",\"@id\":\"https:\/\/www.visit-ulcinj.com\/blog\/#\/schema\/person\/dcab619c614d3038751c63bc2aadc06d\",\"name\":\"ulqini\",\"sameAs\":[\"http:\/\/www.visit-ulcinj.com\"],\"url\":\"https:\/\/www.visit-ulcinj.com\/blog\/author\/admin\/\"}]}<\/script>\n<!-- \/ Yoast SEO plugin. -->","yoast_head_json":{"title":"Pazari i Ulqinit, projekti i rilindjes urbane, s\u00eb shpejti nis restaurimi - Lajme nga Ulqini","description":"Pazari i Ulqinit, vendi m\u00eb simbolik jo vet\u00ebm si destiacion tregtar do t\u2019i n\u00ebnshtohet restaurimit. Detajet e para t\u00eb projektit kan\u00eb p\u00ebr q\u00ebllim ruajtjen e","robots":{"index":"index","follow":"follow","max-snippet":"max-snippet:-1","max-image-preview":"max-image-preview:large","max-video-preview":"max-video-preview:-1"},"canonical":"https:\/\/www.visit-ulcinj.com\/blog\/2017\/07\/14\/pazari-i-ulqinit-projekti-i-rilindjes-urbane-se-shpejti-nis-restaurimi\/","og_locale":"en_US","og_type":"article","og_title":"Pazari i Ulqinit, projekti i rilindjes urbane, s\u00eb shpejti nis restaurimi - Lajme nga Ulqini","og_description":"Pazari i Ulqinit, vendi m\u00eb simbolik jo vet\u00ebm si destiacion tregtar do t\u2019i n\u00ebnshtohet restaurimit. Detajet e para t\u00eb projektit kan\u00eb p\u00ebr q\u00ebllim ruajtjen e","og_url":"https:\/\/www.visit-ulcinj.com\/blog\/2017\/07\/14\/pazari-i-ulqinit-projekti-i-rilindjes-urbane-se-shpejti-nis-restaurimi\/","og_site_name":"Lajme nga Ulqini","article_published_time":"2017-07-14T09:44:32+00:00","article_modified_time":"2017-07-14T09:49:12+00:00","twitter_misc":{"Written by":"ulqini","Est. reading time":"1 minute"},"schema":{"@context":"https:\/\/schema.org","@graph":[{"@type":"WebSite","@id":"https:\/\/www.visit-ulcinj.com\/blog\/#website","url":"https:\/\/www.visit-ulcinj.com\/blog\/","name":"Lajme nga Ulqini","description":"Lajme,Vijesti,Ulqini,Ulqin,Crna Gora,Mali i Zi","potentialAction":[{"@type":"SearchAction","target":{"@type":"EntryPoint","urlTemplate":"https:\/\/www.visit-ulcinj.com\/blog\/?s={search_term_string}"},"query-input":"required name=search_term_string"}],"inLanguage":"en-US"},{"@type":"WebPage","@id":"https:\/\/www.visit-ulcinj.com\/blog\/2017\/07\/14\/pazari-i-ulqinit-projekti-i-rilindjes-urbane-se-shpejti-nis-restaurimi\/#webpage","url":"https:\/\/www.visit-ulcinj.com\/blog\/2017\/07\/14\/pazari-i-ulqinit-projekti-i-rilindjes-urbane-se-shpejti-nis-restaurimi\/","name":"Pazari i Ulqinit, projekti i rilindjes urbane, s\u00eb shpejti nis restaurimi - Lajme nga Ulqini","isPartOf":{"@id":"https:\/\/www.visit-ulcinj.com\/blog\/#website"},"datePublished":"2017-07-14T09:44:32+00:00","dateModified":"2017-07-14T09:49:12+00:00","author":{"@id":"https:\/\/www.visit-ulcinj.com\/blog\/#\/schema\/person\/dcab619c614d3038751c63bc2aadc06d"},"description":"Pazari i Ulqinit, vendi m\u00eb simbolik jo vet\u00ebm si destiacion tregtar do t\u2019i n\u00ebnshtohet restaurimit. Detajet e para t\u00eb projektit kan\u00eb p\u00ebr q\u00ebllim ruajtjen e","breadcrumb":{"@id":"https:\/\/www.visit-ulcinj.com\/blog\/2017\/07\/14\/pazari-i-ulqinit-projekti-i-rilindjes-urbane-se-shpejti-nis-restaurimi\/#breadcrumb"},"inLanguage":"en-US","potentialAction":[{"@type":"ReadAction","target":["https:\/\/www.visit-ulcinj.com\/blog\/2017\/07\/14\/pazari-i-ulqinit-projekti-i-rilindjes-urbane-se-shpejti-nis-restaurimi\/"]}]},{"@type":"BreadcrumbList","@id":"https:\/\/www.visit-ulcinj.com\/blog\/2017\/07\/14\/pazari-i-ulqinit-projekti-i-rilindjes-urbane-se-shpejti-nis-restaurimi\/#breadcrumb","itemListElement":[{"@type":"ListItem","position":1,"name":"Pazari i Ulqinit, projekti i rilindjes urbane, s\u00eb shpejti nis restaurimi"}]},{"@type":"Person","@id":"https:\/\/www.visit-ulcinj.com\/blog\/#\/schema\/person\/dcab619c614d3038751c63bc2aadc06d","name":"ulqini","sameAs":["http:\/\/www.visit-ulcinj.com"],"url":"https:\/\/www.visit-ulcinj.com\/blog\/author\/admin\/"}]}},"jetpack_featured_media_url":"","jetpack_sharing_enabled":true,"jetpack_shortlink":"https:\/\/wp.me\/pe6lTn-rDd","_links":{"self":[{"href":"https:\/\/www.visit-ulcinj.com\/blog\/wp-json\/wp\/v2\/posts\/106219"}],"collection":[{"href":"https:\/\/www.visit-ulcinj.com\/blog\/wp-json\/wp\/v2\/posts"}],"about":[{"href":"https:\/\/www.visit-ulcinj.com\/blog\/wp-json\/wp\/v2\/types\/post"}],"author":[{"embeddable":true,"href":"https:\/\/www.visit-ulcinj.com\/blog\/wp-json\/wp\/v2\/users\/1"}],"replies":[{"embeddable":true,"href":"https:\/\/www.visit-ulcinj.com\/blog\/wp-json\/wp\/v2\/comments?post=106219"}],"version-history":[{"count":2,"href":"https:\/\/www.visit-ulcinj.com\/blog\/wp-json\/wp\/v2\/posts\/106219\/revisions"}],"predecessor-version":[{"id":106222,"href":"https:\/\/www.visit-ulcinj.com\/blog\/wp-json\/wp\/v2\/posts\/106219\/revisions\/106222"}],"wp:attachment":[{"href":"https:\/\/www.visit-ulcinj.com\/blog\/wp-json\/wp\/v2\/media?parent=106219"}],"wp:term":[{"taxonomy":"category","embeddable":true,"href":"https:\/\/www.visit-ulcinj.com\/blog\/wp-json\/wp\/v2\/categories?post=106219"},{"taxonomy":"post_tag","embeddable":true,"href":"https:\/\/www.visit-ulcinj.com\/blog\/wp-json\/wp\/v2\/tags?post=106219"}],"curies":[{"name":"wp","href":"https:\/\/api.w.org\/{rel}","templated":true}]}}