{"id":106223,"date":"2017-07-14T13:52:33","date_gmt":"2017-07-14T12:52:33","guid":{"rendered":"http:\/\/www.visit-ulcinj.com\/blog\/?p=106223"},"modified":"2017-07-14T13:52:33","modified_gmt":"2017-07-14T12:52:33","slug":"nika-urime-pervjetorin-radio-ulqinit","status":"publish","type":"post","link":"https:\/\/www.visit-ulcinj.com\/blog\/2017\/07\/14\/nika-urime-pervjetorin-radio-ulqinit\/","title":{"rendered":"Nika: Urime p\u00ebrvjetorin  Radio Ulqinit"},"content":{"rendered":"<p><strong><a href=\"http:\/\/www.visit-ulcinj.com\/blog\/wp-content\/uploads\/2014\/11\/Muhamet-Nika.jpg\"><img loading=\"lazy\" class=\"alignleft wp-image-86143 size-full\" src=\"http:\/\/www.visit-ulcinj.com\/blog\/wp-content\/uploads\/2014\/11\/Muhamet-Nika.jpg\" alt=\"\" width=\"256\" height=\"319\" srcset=\"https:\/\/www.visit-ulcinj.com\/blog\/wp-content\/uploads\/2014\/11\/Muhamet-Nika.jpg 256w, https:\/\/www.visit-ulcinj.com\/blog\/wp-content\/uploads\/2014\/11\/Muhamet-Nika-240x300.jpg 240w\" sizes=\"(max-width: 256px) 100vw, 256px\" \/><\/a>Shkrtuan Muhamet Nika<\/strong><\/p>\n<p style=\"text-align: center;\"><strong>Urime p\u00ebrvjetorin\u00a0 Radio Ulqinit <\/strong><\/p>\n<p>&nbsp;<\/p>\n<ul>\n<li><strong>Por mos\u00a0 t\u00eb mendohet\u00a0 se Radio\u00a0 Ulqinin\u00a0 e themeluan\u00a0 dhe e ngrit\u00ebn\u00a0 patriotat\u00a0 ( p\u00ebr fjal\u00ebn\u00a0 shqipe ) , \u00a0si\u00e7\u00a0 mund\u00a0 t\u00eb\u00a0 At\u00eb \u00a0e themeluan\u00a0 dhe \u00a0e ngrit\u00ebn\u00a0\u00a0 komunistat\u00a0 p\u00ebr q\u00ebllime t\u00eb veta \u00a0\u00a0kurse\u00a0 kuadri\u00a0 i pun\u00ebsuar n\u00eb te \u2013 sidomos ai\u00a0 i dit\u00ebve t\u00eb para, i bie\u00a0\u00a0\u00a0 te\u00a0 ishin\u00a0 njer\u00ebzit\u00a0 m\u00eb t\u00eb\u00a0 besuar\u00a0 t\u00eb pushtetit\u00a0 komunist , t\u00eb cil\u00ebve\u00a0 disa\u00a0 iu pan\u00eb\u00a0 edhe\u00a0 sherrin duke\u00a0 \u201c i\u00a0 rrasur\u00a0\u00a0 n\u00eb biruc\u00eb\u00a0 t\u00eb minit- q\u00eb paguhej\u00a0 500 grosh\u201d &#8211;\u00a0 si\u00e7 deklaronte\u00a0 Fadil Hoxha?!<\/strong><\/li>\n<\/ul>\n<p>&nbsp;<\/p>\n<p>Duke\u00a0 mos dashur\u00a0 t\u00eb \u00a0polemizoj me ask\u00eb\u00a0 e t\u00eb pakt\u00ebn jo me kryeredaktorin e radios rreth tekstit \u201c <a href=\"http:\/\/www.visit-ulcinj.com\/blog\/2017\/07\/13\/radio-ulqini-skremton-30-vjetorin-e-themelimit\/\"><strong>Radio Ulqini (s)kremton 30-vjetorin e themelimit !<\/strong><\/a>, por p\u00ebr t\u00eb sqaruar\u00a0 at\u00eb\u00a0 kur thuhet\u00a0 q\u00eb \u201c \u00a0para 30 vitesh ishte radio e vetme\u00a0 lokale n\u00eb\u00a0 k\u00ebt\u00eb mjedis, ku informimi b\u00ebhej edhe n\u00eb gjuh\u00ebn shqipe. Gjat\u00eb gjith\u00eb k\u00ebsaj kohe, kan\u00eb ndryshuar shum\u00eb gj\u00ebra,&#8230;\u00a0<a href=\"http:\/\/www.visit-ulcinj.com\/blog\/2017\/07\/13\/radio-ulqini-skremton-30-vjetorin-e-themelimit\/\"><strong>l\u00ebxo<\/strong><\/a> \u201c<\/p>\n<p>P\u00ebr\u00a0 brezin m\u00eb t\u00eb ri dhe p\u00ebr opinion dua t\u00eb sqaroj q\u00eb\u00a0 themelimi i saj\u00a0\u00a0 si Radio, kishte\u00a0 jo p\u00ebr q\u00ebllim informimin \u00a0shqip t\u00eb popullit shqiptar\u00a0 si p\u00ebrkujdesje nga shteti\u00a0 i at\u00ebhertsh\u00ebm komunist\u00a0 ,\u00a0 por kish p\u00ebr q\u00ebllim t\u00eb dezavuoj\u00eb( b\u00ebj\u00eb \u00e7orap\u00a0 kokat e shqiptar\u00ebve) , p\u00ebr t\u00eb urryer\u00a0 sa t\u00eb jet\u00eb e mundur\u00a0 Radi Tiran\u00ebn\u00a0 e cila propagandonte\u00a0 kund\u00ebr politik\u00ebs s\u00eb barazis\u00eb nacionale\u00a0 n\u00eb Jugosllavi.\u00a0 Kjo shihet edhe\u00a0 n\u00eb vet\u00eb aktin e themelimit\u00a0 t\u00eb radios nga Kuvendi i Komun\u00ebs s\u00eb Ulqinit , ku thuhej haptas q\u00eb mu p\u00ebr k\u00ebt\u00eb\u00a0 themelohej Radio Ulqini . Bile duke u krenuar\u00a0 nga komunist\u00ebt e at\u00ebhersh\u00ebm q\u00eb programi i val\u00ebve t\u00eb saja\u00a0 dep\u00ebrtonte deri n\u00eb Durr\u00ebs\u00a0 ku\u00a0 p\u00ebrhapte \u00a0ideologjin\u00eb e LKJ-s\u00eb , n\u00eb Shqip\u00ebri. Dhe \u00a0\u00a0duke mos pasur\u00a0 fare \u00a0r\u00ebnd\u00ebsie p\u00ebr informim t\u00eb shqiptar\u00ebve\u00a0 n\u00eb Ulqin.<\/p>\n<p>Radioja at\u00ebher\u00eb\u00a0 n\u00eb rrethin\u00eb\u00a0 \u00a0t\u00eb Ulqinit po thuajse nuk d\u00ebgjohej fare dhe \u00a0mos t\u00eb ngat\u00ebrrohen \u00a0k\u00ebshtu q\u00ebllimet.<\/p>\n<p>Andaj shyqyr\u00a0 q\u00eb jetojm\u00eb koh\u00eb tjet\u00ebr t\u00eb fejzbukut\u00a0 sepse p\u00ebrndryshe\u00a0 ende do t\u00eb kishim at\u00eb: \u201c Ju flet Tirana\u201d dhe \u00a0si kund\u00ebr p\u00ebrgjigje \u201c- \u201cJu flet Ulqini\u201d?!<\/p>\n<p>Mir\u00ebpo \u00a0edhe p\u00ebrkundrejt\u00eb k\u00ebsaj\u00a0 uroj t\u00eb vazhdohet\u00a0 me politik\u00ebn\u00a0 e barazis\u00eb\u00a0 n\u00eb financim t\u00eb sajin q\u00eb \u00ebsht\u00eb duke u b\u00ebr\u00eb\u00a0 nga pushteti vendor \u00a0koh\u00ebve t\u00eb fundit, n\u00eb raport me institucionet tjera buxhetore\u00a0 dhe t\u00eb \u00a0vazhdojn\u00eb\u00a0 t\u00eb\u00a0 shlyhen \u201c me vendim kuvendi\u201d , rrogat e mbetura\u00a0 e t\u00eb trash\u00ebguara\u00a0 nga pushtetet\u00a0 e m\u00eb parshme komunale .<\/p>\n<p>Shih p\u00ebr k\u00ebt\u00eb\u00a0 dokumentin- me shif\u00ebr\u00a0 top secret, \u00a0se si b\u00ebhej informimi n\u00eb k\u00ebt\u00eb koh\u00eb n\u00eb p\u00ebrgjith\u00ebsi dhe \u00e7far\u00eb q\u00ebllimi kish:<\/p>\n<p><a href=\"http:\/\/www.visit-ulcinj.com\/blog\/wp-content\/uploads\/2017\/07\/Radio-Ulqini.jpg\"><img loading=\"lazy\" class=\"alignleft wp-image-106224\" src=\"http:\/\/www.visit-ulcinj.com\/blog\/wp-content\/uploads\/2017\/07\/Radio-Ulqini.jpg\" alt=\"\" width=\"508\" height=\"702\" srcset=\"https:\/\/www.visit-ulcinj.com\/blog\/wp-content\/uploads\/2017\/07\/Radio-Ulqini.jpg 623w, https:\/\/www.visit-ulcinj.com\/blog\/wp-content\/uploads\/2017\/07\/Radio-Ulqini-217x300.jpg 217w\" sizes=\"(max-width: 508px) 100vw, 508px\" \/><\/a><\/p>\n","protected":false},"excerpt":{"rendered":"<p>Shkrtuan Muhamet Nika Urime p\u00ebrvjetorin\u00a0 Radio Ulqinit &nbsp; Por mos\u00a0 t\u00eb mendohet\u00a0 se Radio\u00a0 Ulqinin\u00a0 e themeluan\u00a0 dhe e ngrit\u00ebn\u00a0 patriotat\u00a0 ( p\u00ebr fjal\u00ebn\u00a0 shqipe ) , \u00a0si\u00e7\u00a0 mund\u00a0 t\u00eb\u00a0 At\u00eb \u00a0e themeluan\u00a0 dhe \u00a0e ngrit\u00ebn\u00a0\u00a0 komunistat\u00a0 p\u00ebr q\u00ebllime t\u00eb veta \u00a0\u00a0kurse\u00a0 kuadri\u00a0 i pun\u00ebsuar n\u00eb te \u2013 sidomos ai\u00a0 i dit\u00ebve t\u00eb para, i [&hellip;]<\/p>\n","protected":false},"author":1,"featured_media":0,"comment_status":"closed","ping_status":"closed","sticky":false,"template":"","format":"standard","meta":{"spay_email":"","jetpack_publicize_message":"","jetpack_is_tweetstorm":false,"jetpack_publicize_feature_enabled":true},"categories":[14249],"tags":[],"jetpack_publicize_connections":[],"yoast_head":"<!-- This site is optimized with the Yoast SEO plugin v19.1 - https:\/\/yoast.com\/wordpress\/plugins\/seo\/ -->\n<title>Nika: Urime p\u00ebrvjetorin Radio Ulqinit - Lajme nga Ulqini<\/title>\n<meta name=\"description\" content=\"Shkrtuan Muhamet Nika Urime p\u00ebrvjetorin\u00a0 Radio Ulqinit &nbsp; Por mos\u00a0 t\u00eb mendohet\u00a0 se Radio\u00a0 Ulqinin\u00a0 e themeluan\u00a0 dhe e ngrit\u00ebn\u00a0 patriotat\u00a0 ( p\u00ebr\" \/>\n<meta name=\"robots\" content=\"index, follow, max-snippet:-1, max-image-preview:large, max-video-preview:-1\" \/>\n<link rel=\"canonical\" href=\"https:\/\/www.visit-ulcinj.com\/blog\/2017\/07\/14\/nika-urime-pervjetorin-radio-ulqinit\/\" \/>\n<meta property=\"og:locale\" content=\"en_US\" \/>\n<meta property=\"og:type\" content=\"article\" \/>\n<meta property=\"og:title\" content=\"Nika: Urime p\u00ebrvjetorin Radio Ulqinit - Lajme nga Ulqini\" \/>\n<meta property=\"og:description\" content=\"Shkrtuan Muhamet Nika Urime p\u00ebrvjetorin\u00a0 Radio Ulqinit &nbsp; Por mos\u00a0 t\u00eb mendohet\u00a0 se Radio\u00a0 Ulqinin\u00a0 e themeluan\u00a0 dhe e ngrit\u00ebn\u00a0 patriotat\u00a0 ( p\u00ebr\" \/>\n<meta property=\"og:url\" content=\"https:\/\/www.visit-ulcinj.com\/blog\/2017\/07\/14\/nika-urime-pervjetorin-radio-ulqinit\/\" \/>\n<meta property=\"og:site_name\" content=\"Lajme nga Ulqini\" \/>\n<meta property=\"article:published_time\" content=\"2017-07-14T12:52:33+00:00\" \/>\n<meta property=\"og:image\" content=\"http:\/\/www.visit-ulcinj.com\/blog\/wp-content\/uploads\/2014\/11\/Muhamet-Nika.jpg\" \/>\n<meta name=\"twitter:label1\" content=\"Written by\" \/>\n\t<meta name=\"twitter:data1\" content=\"ulqini\" \/>\n\t<meta name=\"twitter:label2\" content=\"Est. reading time\" \/>\n\t<meta name=\"twitter:data2\" content=\"2 minutes\" \/>\n<script type=\"application\/ld+json\" class=\"yoast-schema-graph\">{\"@context\":\"https:\/\/schema.org\",\"@graph\":[{\"@type\":\"WebSite\",\"@id\":\"https:\/\/www.visit-ulcinj.com\/blog\/#website\",\"url\":\"https:\/\/www.visit-ulcinj.com\/blog\/\",\"name\":\"Lajme nga Ulqini\",\"description\":\"Lajme,Vijesti,Ulqini,Ulqin,Crna Gora,Mali i Zi\",\"potentialAction\":[{\"@type\":\"SearchAction\",\"target\":{\"@type\":\"EntryPoint\",\"urlTemplate\":\"https:\/\/www.visit-ulcinj.com\/blog\/?s={search_term_string}\"},\"query-input\":\"required name=search_term_string\"}],\"inLanguage\":\"en-US\"},{\"@type\":\"ImageObject\",\"inLanguage\":\"en-US\",\"@id\":\"https:\/\/www.visit-ulcinj.com\/blog\/2017\/07\/14\/nika-urime-pervjetorin-radio-ulqinit\/#primaryimage\",\"url\":\"https:\/\/www.visit-ulcinj.com\/blog\/wp-content\/uploads\/2014\/11\/Muhamet-Nika.jpg\",\"contentUrl\":\"https:\/\/www.visit-ulcinj.com\/blog\/wp-content\/uploads\/2014\/11\/Muhamet-Nika.jpg\",\"width\":256,\"height\":319},{\"@type\":\"WebPage\",\"@id\":\"https:\/\/www.visit-ulcinj.com\/blog\/2017\/07\/14\/nika-urime-pervjetorin-radio-ulqinit\/#webpage\",\"url\":\"https:\/\/www.visit-ulcinj.com\/blog\/2017\/07\/14\/nika-urime-pervjetorin-radio-ulqinit\/\",\"name\":\"Nika: Urime p\u00ebrvjetorin Radio Ulqinit - Lajme nga Ulqini\",\"isPartOf\":{\"@id\":\"https:\/\/www.visit-ulcinj.com\/blog\/#website\"},\"primaryImageOfPage\":{\"@id\":\"https:\/\/www.visit-ulcinj.com\/blog\/2017\/07\/14\/nika-urime-pervjetorin-radio-ulqinit\/#primaryimage\"},\"datePublished\":\"2017-07-14T12:52:33+00:00\",\"dateModified\":\"2017-07-14T12:52:33+00:00\",\"author\":{\"@id\":\"https:\/\/www.visit-ulcinj.com\/blog\/#\/schema\/person\/dcab619c614d3038751c63bc2aadc06d\"},\"description\":\"Shkrtuan Muhamet Nika Urime p\u00ebrvjetorin\u00a0 Radio Ulqinit &nbsp; Por mos\u00a0 t\u00eb mendohet\u00a0 se Radio\u00a0 Ulqinin\u00a0 e themeluan\u00a0 dhe e ngrit\u00ebn\u00a0 patriotat\u00a0 ( p\u00ebr\",\"breadcrumb\":{\"@id\":\"https:\/\/www.visit-ulcinj.com\/blog\/2017\/07\/14\/nika-urime-pervjetorin-radio-ulqinit\/#breadcrumb\"},\"inLanguage\":\"en-US\",\"potentialAction\":[{\"@type\":\"ReadAction\",\"target\":[\"https:\/\/www.visit-ulcinj.com\/blog\/2017\/07\/14\/nika-urime-pervjetorin-radio-ulqinit\/\"]}]},{\"@type\":\"BreadcrumbList\",\"@id\":\"https:\/\/www.visit-ulcinj.com\/blog\/2017\/07\/14\/nika-urime-pervjetorin-radio-ulqinit\/#breadcrumb\",\"itemListElement\":[{\"@type\":\"ListItem\",\"position\":1,\"name\":\"Nika: Urime p\u00ebrvjetorin Radio Ulqinit\"}]},{\"@type\":\"Person\",\"@id\":\"https:\/\/www.visit-ulcinj.com\/blog\/#\/schema\/person\/dcab619c614d3038751c63bc2aadc06d\",\"name\":\"ulqini\",\"sameAs\":[\"http:\/\/www.visit-ulcinj.com\"],\"url\":\"https:\/\/www.visit-ulcinj.com\/blog\/author\/admin\/\"}]}<\/script>\n<!-- \/ Yoast SEO plugin. -->","yoast_head_json":{"title":"Nika: Urime p\u00ebrvjetorin Radio Ulqinit - Lajme nga Ulqini","description":"Shkrtuan Muhamet Nika Urime p\u00ebrvjetorin\u00a0 Radio Ulqinit &nbsp; Por mos\u00a0 t\u00eb mendohet\u00a0 se Radio\u00a0 Ulqinin\u00a0 e themeluan\u00a0 dhe e ngrit\u00ebn\u00a0 patriotat\u00a0 ( p\u00ebr","robots":{"index":"index","follow":"follow","max-snippet":"max-snippet:-1","max-image-preview":"max-image-preview:large","max-video-preview":"max-video-preview:-1"},"canonical":"https:\/\/www.visit-ulcinj.com\/blog\/2017\/07\/14\/nika-urime-pervjetorin-radio-ulqinit\/","og_locale":"en_US","og_type":"article","og_title":"Nika: Urime p\u00ebrvjetorin Radio Ulqinit - Lajme nga Ulqini","og_description":"Shkrtuan Muhamet Nika Urime p\u00ebrvjetorin\u00a0 Radio Ulqinit &nbsp; Por mos\u00a0 t\u00eb mendohet\u00a0 se Radio\u00a0 Ulqinin\u00a0 e themeluan\u00a0 dhe e ngrit\u00ebn\u00a0 patriotat\u00a0 ( p\u00ebr","og_url":"https:\/\/www.visit-ulcinj.com\/blog\/2017\/07\/14\/nika-urime-pervjetorin-radio-ulqinit\/","og_site_name":"Lajme nga Ulqini","article_published_time":"2017-07-14T12:52:33+00:00","og_image":[{"url":"http:\/\/www.visit-ulcinj.com\/blog\/wp-content\/uploads\/2014\/11\/Muhamet-Nika.jpg"}],"twitter_misc":{"Written by":"ulqini","Est. reading time":"2 minutes"},"schema":{"@context":"https:\/\/schema.org","@graph":[{"@type":"WebSite","@id":"https:\/\/www.visit-ulcinj.com\/blog\/#website","url":"https:\/\/www.visit-ulcinj.com\/blog\/","name":"Lajme nga Ulqini","description":"Lajme,Vijesti,Ulqini,Ulqin,Crna Gora,Mali i Zi","potentialAction":[{"@type":"SearchAction","target":{"@type":"EntryPoint","urlTemplate":"https:\/\/www.visit-ulcinj.com\/blog\/?s={search_term_string}"},"query-input":"required name=search_term_string"}],"inLanguage":"en-US"},{"@type":"ImageObject","inLanguage":"en-US","@id":"https:\/\/www.visit-ulcinj.com\/blog\/2017\/07\/14\/nika-urime-pervjetorin-radio-ulqinit\/#primaryimage","url":"https:\/\/www.visit-ulcinj.com\/blog\/wp-content\/uploads\/2014\/11\/Muhamet-Nika.jpg","contentUrl":"https:\/\/www.visit-ulcinj.com\/blog\/wp-content\/uploads\/2014\/11\/Muhamet-Nika.jpg","width":256,"height":319},{"@type":"WebPage","@id":"https:\/\/www.visit-ulcinj.com\/blog\/2017\/07\/14\/nika-urime-pervjetorin-radio-ulqinit\/#webpage","url":"https:\/\/www.visit-ulcinj.com\/blog\/2017\/07\/14\/nika-urime-pervjetorin-radio-ulqinit\/","name":"Nika: Urime p\u00ebrvjetorin Radio Ulqinit - Lajme nga Ulqini","isPartOf":{"@id":"https:\/\/www.visit-ulcinj.com\/blog\/#website"},"primaryImageOfPage":{"@id":"https:\/\/www.visit-ulcinj.com\/blog\/2017\/07\/14\/nika-urime-pervjetorin-radio-ulqinit\/#primaryimage"},"datePublished":"2017-07-14T12:52:33+00:00","dateModified":"2017-07-14T12:52:33+00:00","author":{"@id":"https:\/\/www.visit-ulcinj.com\/blog\/#\/schema\/person\/dcab619c614d3038751c63bc2aadc06d"},"description":"Shkrtuan Muhamet Nika Urime p\u00ebrvjetorin\u00a0 Radio Ulqinit &nbsp; Por mos\u00a0 t\u00eb mendohet\u00a0 se Radio\u00a0 Ulqinin\u00a0 e themeluan\u00a0 dhe e ngrit\u00ebn\u00a0 patriotat\u00a0 ( p\u00ebr","breadcrumb":{"@id":"https:\/\/www.visit-ulcinj.com\/blog\/2017\/07\/14\/nika-urime-pervjetorin-radio-ulqinit\/#breadcrumb"},"inLanguage":"en-US","potentialAction":[{"@type":"ReadAction","target":["https:\/\/www.visit-ulcinj.com\/blog\/2017\/07\/14\/nika-urime-pervjetorin-radio-ulqinit\/"]}]},{"@type":"BreadcrumbList","@id":"https:\/\/www.visit-ulcinj.com\/blog\/2017\/07\/14\/nika-urime-pervjetorin-radio-ulqinit\/#breadcrumb","itemListElement":[{"@type":"ListItem","position":1,"name":"Nika: Urime p\u00ebrvjetorin Radio Ulqinit"}]},{"@type":"Person","@id":"https:\/\/www.visit-ulcinj.com\/blog\/#\/schema\/person\/dcab619c614d3038751c63bc2aadc06d","name":"ulqini","sameAs":["http:\/\/www.visit-ulcinj.com"],"url":"https:\/\/www.visit-ulcinj.com\/blog\/author\/admin\/"}]}},"jetpack_featured_media_url":"","jetpack_sharing_enabled":true,"jetpack_shortlink":"https:\/\/wp.me\/pe6lTn-rDh","_links":{"self":[{"href":"https:\/\/www.visit-ulcinj.com\/blog\/wp-json\/wp\/v2\/posts\/106223"}],"collection":[{"href":"https:\/\/www.visit-ulcinj.com\/blog\/wp-json\/wp\/v2\/posts"}],"about":[{"href":"https:\/\/www.visit-ulcinj.com\/blog\/wp-json\/wp\/v2\/types\/post"}],"author":[{"embeddable":true,"href":"https:\/\/www.visit-ulcinj.com\/blog\/wp-json\/wp\/v2\/users\/1"}],"replies":[{"embeddable":true,"href":"https:\/\/www.visit-ulcinj.com\/blog\/wp-json\/wp\/v2\/comments?post=106223"}],"version-history":[{"count":1,"href":"https:\/\/www.visit-ulcinj.com\/blog\/wp-json\/wp\/v2\/posts\/106223\/revisions"}],"predecessor-version":[{"id":106225,"href":"https:\/\/www.visit-ulcinj.com\/blog\/wp-json\/wp\/v2\/posts\/106223\/revisions\/106225"}],"wp:attachment":[{"href":"https:\/\/www.visit-ulcinj.com\/blog\/wp-json\/wp\/v2\/media?parent=106223"}],"wp:term":[{"taxonomy":"category","embeddable":true,"href":"https:\/\/www.visit-ulcinj.com\/blog\/wp-json\/wp\/v2\/categories?post=106223"},{"taxonomy":"post_tag","embeddable":true,"href":"https:\/\/www.visit-ulcinj.com\/blog\/wp-json\/wp\/v2\/tags?post=106223"}],"curies":[{"name":"wp","href":"https:\/\/api.w.org\/{rel}","templated":true}]}}