{"id":106226,"date":"2017-07-15T16:27:18","date_gmt":"2017-07-15T15:27:18","guid":{"rendered":"http:\/\/www.visit-ulcinj.com\/blog\/?p=106226"},"modified":"2017-07-16T07:29:12","modified_gmt":"2017-07-16T06:29:12","slug":"ne-kufirin-shqiperi-mali-zi-fluks-madh-automjeteve-video","status":"publish","type":"post","link":"https:\/\/www.visit-ulcinj.com\/blog\/2017\/07\/15\/ne-kufirin-shqiperi-mali-zi-fluks-madh-automjeteve-video\/","title":{"rendered":"N\u00eb kufirin Shqip\u00ebri &#8211; Mali i Zi fluks i madh i automjeteve &#8211; Video"},"content":{"rendered":"<p><a href=\"http:\/\/www.visit-ulcinj.com\/blog\/wp-content\/uploads\/2017\/07\/N\u00eb-kufirin-Shqip\u00ebri-Mali-i-Zi-fluks-i-madh-i-automjeteve.jpg\"><img loading=\"lazy\" class=\"alignleft wp-image-106227\" src=\"http:\/\/www.visit-ulcinj.com\/blog\/wp-content\/uploads\/2017\/07\/N\u00eb-kufirin-Shqip\u00ebri-Mali-i-Zi-fluks-i-madh-i-automjeteve.jpg\" alt=\"\" width=\"508\" height=\"281\" srcset=\"https:\/\/www.visit-ulcinj.com\/blog\/wp-content\/uploads\/2017\/07\/N\u00eb-kufirin-Shqip\u00ebri-Mali-i-Zi-fluks-i-madh-i-automjeteve.jpg 474w, https:\/\/www.visit-ulcinj.com\/blog\/wp-content\/uploads\/2017\/07\/N\u00eb-kufirin-Shqip\u00ebri-Mali-i-Zi-fluks-i-madh-i-automjeteve-300x166.jpg 300w\" sizes=\"(max-width: 508px) 100vw, 508px\" \/><\/a>Sezoni turistik veror ka sjell\u00eb k\u00ebt\u00eb t\u00eb shtun\u00eb nj\u00eb fluks t\u00eb madh turist\u00ebsh n\u00eb pik\u00ebkalimin e p\u00ebrbashk\u00ebt kufitar t\u00eb Muriqanit, n\u00eb kufirin e Shqip\u00ebris\u00eb me Malin e Zi. Megjith\u00ebse autoritetet kufitare t\u00eb t\u00eb dy vendeve fqinje po punojn\u00eb me procedura t\u00eb p\u00ebrshpejtuara dhe me pes\u00eb sportele, vargu i automjeteve q\u00eb presin kalimin e kufirit arriti sot paradite n\u00eb rreth 2 kilometra.<\/p>\n<p>Vet\u00ebm gjat\u00eb dy dit\u00ebve t\u00eb fundit n\u00eb pik\u00ebkalimin kufitar t\u00eb Muriqanit kan\u00eb kaluar rreth 2500 automjete me 18<span class=\"text_exposed_show\"> mij\u00eb p\u00ebrsona.<\/span><\/p>\n<div class=\"text_exposed_show\">\n<p>Pik\u00ebkalimi i p\u00ebrbashk\u00ebt kufitar mes Shqip\u00ebris\u00eb dhe Malit t\u00eb Zi u p\u00ebrurua n\u00eb vitin 2009 me nism\u00ebn dhe financimin e BE-s\u00eb. Por, q\u00eb nga viti 2009, fluksi i kalimtar\u00ebve ka ardhur gjithnj\u00eb n\u00eb rritje, aq sa tani, autoritetet kufitare t\u00eb t\u00eb dy vendeve pohojn\u00eb nevoj\u00ebn e zgjerimit t\u00eb tij p\u00ebr t\u00eb p\u00ebrballuar flukset e larta t\u00eb kalimtar\u00ebve, kryesisht gjat\u00eb sezonit turistik veror dhe festave t\u00eb fundvitit.<\/p>\n<h5 id=\"js_38v\" class=\"_5pbw _5vra _11dd\" data-ft=\"{&quot;tn&quot;:&quot;C&quot;}\"><span class=\"fwn fcg\"><span class=\"fwb fcg\" data-ft=\"{&quot;tn&quot;:&quot;k&quot;}\">VOA &#8211; Z\u00ebri i Amerik\u00ebs<a id=\"js_4aa\" href=\"https:\/\/www.facebook.com\/zeriamerikes\/?hc_ref=ARQZrMmgbnnARIY0b4DaLWxBPxABqunVzzI6D2Tph2tu0Gi7axhGxrf6Fe1XP_Fhx88&amp;fref=nf\" data-hovercard=\"\/ajax\/hovercard\/page.php?id=177134534535&amp;extragetparams=%7B%22hc_ref%22%3A%22ARQZrMmgbnnARIY0b4DaLWxBPxABqunVzzI6D2Tph2tu0Gi7axhGxrf6Fe1XP_Fhx88%22%2C%22fref%22%3A%22nf%22%7D\" data-hovercard-prefer-more-content-show=\"1\" data-hovercard-referer=\"ARQZrMmgbnnARIY0b4DaLWxBPxABqunVzzI6D2Tph2tu0Gi7axhGxrf6Fe1XP_Fhx88\" aria-controls=\"js_4ay\" aria-haspopup=\"true\" aria-describedby=\"js_4az\"><\/a><\/span><\/span><\/h5>\n<\/div>\n<p><iframe loading=\"lazy\" style=\"border: none; overflow: hidden;\" src=\"https:\/\/www.facebook.com\/plugins\/video.php?href=https%3A%2F%2Fwww.facebook.com%2Fzeriamerikes%2Fvideos%2F10155439909299536%2F&amp;show_text=0&amp;width=508\" width=\"508\" height=\"334\" frameborder=\"0\" scrolling=\"no\" allowfullscreen=\"allowfullscreen\"><\/iframe><\/p>\n","protected":false},"excerpt":{"rendered":"<p>Sezoni turistik veror ka sjell\u00eb k\u00ebt\u00eb t\u00eb shtun\u00eb nj\u00eb fluks t\u00eb madh turist\u00ebsh n\u00eb pik\u00ebkalimin e p\u00ebrbashk\u00ebt kufitar t\u00eb Muriqanit, n\u00eb kufirin e Shqip\u00ebris\u00eb me Malin e Zi. Megjith\u00ebse autoritetet kufitare t\u00eb t\u00eb dy vendeve fqinje po punojn\u00eb me procedura t\u00eb p\u00ebrshpejtuara dhe me pes\u00eb sportele, vargu i automjeteve q\u00eb presin kalimin e kufirit arriti [&hellip;]<\/p>\n","protected":false},"author":1,"featured_media":0,"comment_status":"closed","ping_status":"closed","sticky":false,"template":"","format":"standard","meta":{"spay_email":"","jetpack_publicize_message":"","jetpack_is_tweetstorm":false,"jetpack_publicize_feature_enabled":true},"categories":[1,14],"tags":[],"jetpack_publicize_connections":[],"yoast_head":"<!-- This site is optimized with the Yoast SEO plugin v19.1 - https:\/\/yoast.com\/wordpress\/plugins\/seo\/ -->\n<title>N\u00eb kufirin Shqip\u00ebri - Mali i Zi fluks i madh i automjeteve - Video - Lajme nga Ulqini<\/title>\n<meta name=\"description\" content=\"Sezoni turistik veror ka sjell\u00eb k\u00ebt\u00eb t\u00eb shtun\u00eb nj\u00eb fluks t\u00eb madh turist\u00ebsh n\u00eb pik\u00ebkalimin e p\u00ebrbashk\u00ebt kufitar t\u00eb Muriqanit, n\u00eb kufirin e Shqip\u00ebris\u00eb me\" \/>\n<meta name=\"robots\" content=\"index, follow, max-snippet:-1, max-image-preview:large, max-video-preview:-1\" \/>\n<link rel=\"canonical\" href=\"https:\/\/www.visit-ulcinj.com\/blog\/2017\/07\/15\/ne-kufirin-shqiperi-mali-zi-fluks-madh-automjeteve-video\/\" \/>\n<meta property=\"og:locale\" content=\"en_US\" \/>\n<meta property=\"og:type\" content=\"article\" \/>\n<meta property=\"og:title\" content=\"N\u00eb kufirin Shqip\u00ebri - Mali i Zi fluks i madh i automjeteve - Video - Lajme nga Ulqini\" \/>\n<meta property=\"og:description\" content=\"Sezoni turistik veror ka sjell\u00eb k\u00ebt\u00eb t\u00eb shtun\u00eb nj\u00eb fluks t\u00eb madh turist\u00ebsh n\u00eb pik\u00ebkalimin e p\u00ebrbashk\u00ebt kufitar t\u00eb Muriqanit, n\u00eb kufirin e Shqip\u00ebris\u00eb me\" \/>\n<meta property=\"og:url\" content=\"https:\/\/www.visit-ulcinj.com\/blog\/2017\/07\/15\/ne-kufirin-shqiperi-mali-zi-fluks-madh-automjeteve-video\/\" \/>\n<meta property=\"og:site_name\" content=\"Lajme nga Ulqini\" \/>\n<meta property=\"article:published_time\" content=\"2017-07-15T15:27:18+00:00\" \/>\n<meta property=\"article:modified_time\" content=\"2017-07-16T06:29:12+00:00\" \/>\n<meta name=\"twitter:label1\" content=\"Written by\" \/>\n\t<meta name=\"twitter:data1\" content=\"ulqini\" \/>\n\t<meta name=\"twitter:label2\" content=\"Est. reading time\" \/>\n\t<meta name=\"twitter:data2\" content=\"1 minute\" \/>\n<script type=\"application\/ld+json\" class=\"yoast-schema-graph\">{\"@context\":\"https:\/\/schema.org\",\"@graph\":[{\"@type\":\"WebSite\",\"@id\":\"https:\/\/www.visit-ulcinj.com\/blog\/#website\",\"url\":\"https:\/\/www.visit-ulcinj.com\/blog\/\",\"name\":\"Lajme nga Ulqini\",\"description\":\"Lajme,Vijesti,Ulqini,Ulqin,Crna Gora,Mali i Zi\",\"potentialAction\":[{\"@type\":\"SearchAction\",\"target\":{\"@type\":\"EntryPoint\",\"urlTemplate\":\"https:\/\/www.visit-ulcinj.com\/blog\/?s={search_term_string}\"},\"query-input\":\"required name=search_term_string\"}],\"inLanguage\":\"en-US\"},{\"@type\":\"WebPage\",\"@id\":\"https:\/\/www.visit-ulcinj.com\/blog\/2017\/07\/15\/ne-kufirin-shqiperi-mali-zi-fluks-madh-automjeteve-video\/#webpage\",\"url\":\"https:\/\/www.visit-ulcinj.com\/blog\/2017\/07\/15\/ne-kufirin-shqiperi-mali-zi-fluks-madh-automjeteve-video\/\",\"name\":\"N\u00eb kufirin Shqip\u00ebri - Mali i Zi fluks i madh i automjeteve - Video - Lajme nga Ulqini\",\"isPartOf\":{\"@id\":\"https:\/\/www.visit-ulcinj.com\/blog\/#website\"},\"datePublished\":\"2017-07-15T15:27:18+00:00\",\"dateModified\":\"2017-07-16T06:29:12+00:00\",\"author\":{\"@id\":\"https:\/\/www.visit-ulcinj.com\/blog\/#\/schema\/person\/dcab619c614d3038751c63bc2aadc06d\"},\"description\":\"Sezoni turistik veror ka sjell\u00eb k\u00ebt\u00eb t\u00eb shtun\u00eb nj\u00eb fluks t\u00eb madh turist\u00ebsh n\u00eb pik\u00ebkalimin e p\u00ebrbashk\u00ebt kufitar t\u00eb Muriqanit, n\u00eb kufirin e Shqip\u00ebris\u00eb me\",\"breadcrumb\":{\"@id\":\"https:\/\/www.visit-ulcinj.com\/blog\/2017\/07\/15\/ne-kufirin-shqiperi-mali-zi-fluks-madh-automjeteve-video\/#breadcrumb\"},\"inLanguage\":\"en-US\",\"potentialAction\":[{\"@type\":\"ReadAction\",\"target\":[\"https:\/\/www.visit-ulcinj.com\/blog\/2017\/07\/15\/ne-kufirin-shqiperi-mali-zi-fluks-madh-automjeteve-video\/\"]}]},{\"@type\":\"BreadcrumbList\",\"@id\":\"https:\/\/www.visit-ulcinj.com\/blog\/2017\/07\/15\/ne-kufirin-shqiperi-mali-zi-fluks-madh-automjeteve-video\/#breadcrumb\",\"itemListElement\":[{\"@type\":\"ListItem\",\"position\":1,\"name\":\"N\u00eb kufirin Shqip\u00ebri &#8211; Mali i Zi fluks i madh i automjeteve &#8211; Video\"}]},{\"@type\":\"Person\",\"@id\":\"https:\/\/www.visit-ulcinj.com\/blog\/#\/schema\/person\/dcab619c614d3038751c63bc2aadc06d\",\"name\":\"ulqini\",\"sameAs\":[\"http:\/\/www.visit-ulcinj.com\"],\"url\":\"https:\/\/www.visit-ulcinj.com\/blog\/author\/admin\/\"}]}<\/script>\n<!-- \/ Yoast SEO plugin. -->","yoast_head_json":{"title":"N\u00eb kufirin Shqip\u00ebri - Mali i Zi fluks i madh i automjeteve - Video - Lajme nga Ulqini","description":"Sezoni turistik veror ka sjell\u00eb k\u00ebt\u00eb t\u00eb shtun\u00eb nj\u00eb fluks t\u00eb madh turist\u00ebsh n\u00eb pik\u00ebkalimin e p\u00ebrbashk\u00ebt kufitar t\u00eb Muriqanit, n\u00eb kufirin e Shqip\u00ebris\u00eb me","robots":{"index":"index","follow":"follow","max-snippet":"max-snippet:-1","max-image-preview":"max-image-preview:large","max-video-preview":"max-video-preview:-1"},"canonical":"https:\/\/www.visit-ulcinj.com\/blog\/2017\/07\/15\/ne-kufirin-shqiperi-mali-zi-fluks-madh-automjeteve-video\/","og_locale":"en_US","og_type":"article","og_title":"N\u00eb kufirin Shqip\u00ebri - Mali i Zi fluks i madh i automjeteve - Video - Lajme nga Ulqini","og_description":"Sezoni turistik veror ka sjell\u00eb k\u00ebt\u00eb t\u00eb shtun\u00eb nj\u00eb fluks t\u00eb madh turist\u00ebsh n\u00eb pik\u00ebkalimin e p\u00ebrbashk\u00ebt kufitar t\u00eb Muriqanit, n\u00eb kufirin e Shqip\u00ebris\u00eb me","og_url":"https:\/\/www.visit-ulcinj.com\/blog\/2017\/07\/15\/ne-kufirin-shqiperi-mali-zi-fluks-madh-automjeteve-video\/","og_site_name":"Lajme nga Ulqini","article_published_time":"2017-07-15T15:27:18+00:00","article_modified_time":"2017-07-16T06:29:12+00:00","twitter_misc":{"Written by":"ulqini","Est. reading time":"1 minute"},"schema":{"@context":"https:\/\/schema.org","@graph":[{"@type":"WebSite","@id":"https:\/\/www.visit-ulcinj.com\/blog\/#website","url":"https:\/\/www.visit-ulcinj.com\/blog\/","name":"Lajme nga Ulqini","description":"Lajme,Vijesti,Ulqini,Ulqin,Crna Gora,Mali i Zi","potentialAction":[{"@type":"SearchAction","target":{"@type":"EntryPoint","urlTemplate":"https:\/\/www.visit-ulcinj.com\/blog\/?s={search_term_string}"},"query-input":"required name=search_term_string"}],"inLanguage":"en-US"},{"@type":"WebPage","@id":"https:\/\/www.visit-ulcinj.com\/blog\/2017\/07\/15\/ne-kufirin-shqiperi-mali-zi-fluks-madh-automjeteve-video\/#webpage","url":"https:\/\/www.visit-ulcinj.com\/blog\/2017\/07\/15\/ne-kufirin-shqiperi-mali-zi-fluks-madh-automjeteve-video\/","name":"N\u00eb kufirin Shqip\u00ebri - Mali i Zi fluks i madh i automjeteve - Video - Lajme nga Ulqini","isPartOf":{"@id":"https:\/\/www.visit-ulcinj.com\/blog\/#website"},"datePublished":"2017-07-15T15:27:18+00:00","dateModified":"2017-07-16T06:29:12+00:00","author":{"@id":"https:\/\/www.visit-ulcinj.com\/blog\/#\/schema\/person\/dcab619c614d3038751c63bc2aadc06d"},"description":"Sezoni turistik veror ka sjell\u00eb k\u00ebt\u00eb t\u00eb shtun\u00eb nj\u00eb fluks t\u00eb madh turist\u00ebsh n\u00eb pik\u00ebkalimin e p\u00ebrbashk\u00ebt kufitar t\u00eb Muriqanit, n\u00eb kufirin e Shqip\u00ebris\u00eb me","breadcrumb":{"@id":"https:\/\/www.visit-ulcinj.com\/blog\/2017\/07\/15\/ne-kufirin-shqiperi-mali-zi-fluks-madh-automjeteve-video\/#breadcrumb"},"inLanguage":"en-US","potentialAction":[{"@type":"ReadAction","target":["https:\/\/www.visit-ulcinj.com\/blog\/2017\/07\/15\/ne-kufirin-shqiperi-mali-zi-fluks-madh-automjeteve-video\/"]}]},{"@type":"BreadcrumbList","@id":"https:\/\/www.visit-ulcinj.com\/blog\/2017\/07\/15\/ne-kufirin-shqiperi-mali-zi-fluks-madh-automjeteve-video\/#breadcrumb","itemListElement":[{"@type":"ListItem","position":1,"name":"N\u00eb kufirin Shqip\u00ebri &#8211; Mali i Zi fluks i madh i automjeteve &#8211; Video"}]},{"@type":"Person","@id":"https:\/\/www.visit-ulcinj.com\/blog\/#\/schema\/person\/dcab619c614d3038751c63bc2aadc06d","name":"ulqini","sameAs":["http:\/\/www.visit-ulcinj.com"],"url":"https:\/\/www.visit-ulcinj.com\/blog\/author\/admin\/"}]}},"jetpack_featured_media_url":"","jetpack_sharing_enabled":true,"jetpack_shortlink":"https:\/\/wp.me\/pe6lTn-rDk","_links":{"self":[{"href":"https:\/\/www.visit-ulcinj.com\/blog\/wp-json\/wp\/v2\/posts\/106226"}],"collection":[{"href":"https:\/\/www.visit-ulcinj.com\/blog\/wp-json\/wp\/v2\/posts"}],"about":[{"href":"https:\/\/www.visit-ulcinj.com\/blog\/wp-json\/wp\/v2\/types\/post"}],"author":[{"embeddable":true,"href":"https:\/\/www.visit-ulcinj.com\/blog\/wp-json\/wp\/v2\/users\/1"}],"replies":[{"embeddable":true,"href":"https:\/\/www.visit-ulcinj.com\/blog\/wp-json\/wp\/v2\/comments?post=106226"}],"version-history":[{"count":2,"href":"https:\/\/www.visit-ulcinj.com\/blog\/wp-json\/wp\/v2\/posts\/106226\/revisions"}],"predecessor-version":[{"id":106252,"href":"https:\/\/www.visit-ulcinj.com\/blog\/wp-json\/wp\/v2\/posts\/106226\/revisions\/106252"}],"wp:attachment":[{"href":"https:\/\/www.visit-ulcinj.com\/blog\/wp-json\/wp\/v2\/media?parent=106226"}],"wp:term":[{"taxonomy":"category","embeddable":true,"href":"https:\/\/www.visit-ulcinj.com\/blog\/wp-json\/wp\/v2\/categories?post=106226"},{"taxonomy":"post_tag","embeddable":true,"href":"https:\/\/www.visit-ulcinj.com\/blog\/wp-json\/wp\/v2\/tags?post=106226"}],"curies":[{"name":"wp","href":"https:\/\/api.w.org\/{rel}","templated":true}]}}