{"id":106233,"date":"2017-07-16T06:50:08","date_gmt":"2017-07-16T05:50:08","guid":{"rendered":"http:\/\/www.visit-ulcinj.com\/blog\/?p=106233"},"modified":"2017-07-16T06:50:08","modified_gmt":"2017-07-16T05:50:08","slug":"nika-ulqini-ne-feste-ja-pse-drejtorat-e-dps-ne-veper-nuk-jane-patriota","status":"publish","type":"post","link":"https:\/\/www.visit-ulcinj.com\/blog\/2017\/07\/16\/nika-ulqini-ne-feste-ja-pse-drejtorat-e-dps-ne-veper-nuk-jane-patriota\/","title":{"rendered":"Nika: Ulqini n\u00eb fest\u00eb: Ja pse drejtorat e DPS-it n\u00eb vep\u00ebr nuk jan\u00eb patriota?!"},"content":{"rendered":"<p><strong><em><a href=\"http:\/\/www.visit-ulcinj.com\/blog\/wp-content\/uploads\/2014\/11\/Muhamet-Nika.jpg\"><img loading=\"lazy\" class=\"alignleft wp-image-86143 size-full\" src=\"http:\/\/www.visit-ulcinj.com\/blog\/wp-content\/uploads\/2014\/11\/Muhamet-Nika.jpg\" alt=\"\" width=\"256\" height=\"319\" srcset=\"https:\/\/www.visit-ulcinj.com\/blog\/wp-content\/uploads\/2014\/11\/Muhamet-Nika.jpg 256w, https:\/\/www.visit-ulcinj.com\/blog\/wp-content\/uploads\/2014\/11\/Muhamet-Nika-240x300.jpg 240w\" sizes=\"(max-width: 256px) 100vw, 256px\" \/><\/a>Shkruan Muhamet Nika<\/em><\/strong><\/p>\n<p>Ka tash disa\u00a0 vite\u00a0 q\u00eb\u00a0 n\u00eb Ulqin\u00a0 gjat\u00eb festave shtet\u00ebrore\u00a0 karshi\u00a0 flamurit malazez \u00a0me ligj \u00a0\u00a0n\u00eb p\u00ebrdorim do duhej t\u00eb ishte \u00a0edhe ai\u00a0 shqiptar . Por n\u00eb Ulqin \u00a0\u00a0shohim t\u00eb mos jet\u00eb k\u00ebshtu dhe \u00a0t\u00eb \u00a0\u00a0ndodh\u00eb e kund\u00ebrta &#8230;?!<\/p>\n<p>Deri sa\u00a0 n\u00eb nd\u00ebrtes\u00ebn e \u00a0komun\u00ebs\u00a0 e n\u00eb\u00a0 rrug\u00ebt e qytetit &#8211; \u00a0Ashtu si sot, \u00a0m\u00eb\u00a0 14 korrik, \u00a0\u00a0\u00a0gdhin\u00eb flamujt \u00a0si e parasheh\u00a0\u00a0 ligji \u00a0\u00a0p\u00ebr festa, \u00a0n\u00eb institucionet tjera\u00a0 : shkolla\u00a0 , sht\u00ebpi\u00a0 sh\u00ebndeti etj, vazhdohet \u00a0me t\u00eb vjetr\u00ebn .<\/p>\n<p>Po\u00a0 ngritet\u00a0 vet\u00ebm\u00a0 flamuri \u00a0malazes dhe \u00a0p\u00ebr k\u00ebt\u00eb kurrgj\u00eb k\u00ebrkujt\u00eb. Ose edhe m\u00eb p\u00ebrdreq, \u00a0vazhdon t\u00eb valvitet p\u00ebr t\u00ebr\u00eb\u00a0 vetin \u00a0vet\u00ebm \u00a0ai malazez\u00a0 e ai\u00a0 shqiptar s\u2019b\u00ebn \u00a0as p\u00ebr fest\u00eb &#8230;.?!<\/p>\n<p>Nisur\u00a0 nga kjo\u00a0 praktik\u00eb\u00a0 hetojm\u00eb\u00a0 se\u00a0 liria e \u00a0p\u00ebrdorimit t\u00eb lirsh\u00ebm t\u00eb \u00a0simbolit komb\u00ebtar\u00eb \u00a0t\u00eb jet\u00eb edhe m\u00eb e reduktuar se n\u00eb komuniz\u00ebm .\u00a0 T\u00eb \u00a0pakt\u00ebn\u00a0 \u00a0at\u00ebher\u00eb formalisht\u00a0 ke mundur t\u00eb ankohesh\u00a0\u00a0 n\u00eb\u00a0 mbledhje t\u00eb partis\u00eb . Po tash kur ka shum\u00eb parti( n\u00eb fakt vet\u00ebm nj\u00eb- DPS),\u00a0 ku t\u00eb ankohemi&#8230;.?!<\/p>\n<p>D\u00ebshiroj\u00a0 t\u00eb mendoj\u00a0 q\u00eb e gjith\u00eb kjo e cila \u00a0ndodh\u00eb\u00a0 t\u00eb jet\u00eb\u00a0 nj\u00eb neglizhenc\u00eb\u00a0 e\u00a0 drejtor\u00ebve t\u00eb p\u00ebrmendur \u00a0si pasoj\u00eb e frik\u00ebs \u00a0n\u00eb munges\u00eb\u00a0 t\u00eb patriotizmit\u00a0 se sa \u00a0nj\u00eb kurdisje konspirative\u00a0 e qarqeve\u00a0 shtetrore \u00a0shovene \u00a0me\u00a0 esenc\u00eb anti shqiptare.<\/p>\n<p>Si duket n\u00eb kokat tona- t\u00eb drejtor\u00ebve, ende \u00a0vazhdon t\u00eb jetoj\u00eb si gogol\u00a0 i\u00a0 u lur gali\u00e7 \u00a0droja, q\u00eb nuk t\u00eb le p\u00ebrdorimin e lir\u00eb t\u00eb simboleve me q\u00ebllim\u00a0 t\u00eb \u00a0shlyerjes s\u00eb \u00a0\u00a0kujtes\u00ebs\u00a0 historike t\u00eb p\u00ebrdorimit t\u00eb simboleve.<\/p>\n<p>Mbase \u00a0ky\u00a0 shkrim mund t\u00eb jet\u00eb edhe \u00a0nj\u00eb rast i mir\u00eb\u00a0 p\u00ebr debatin \u00a0q\u00eb pritet\u00a0 rreth \u00a0\u00a0Ligjit p\u00ebr Simbolet Komb\u00ebtare n\u00eb Mal t\u00eb Zi , i cili \u00a0do t\u00eb organizohet\u00a0 n\u00eb Ulqin, m\u00eb <strong>17 korrik 2017 \u00a0n\u00eb sall\u00ebn e Kuvendit t\u00eb Komun\u00ebs, ora 11:00, kuptohet i organizuar \u00a0\u00a0nga ministria p\u00ebrkat\u00ebse.<\/strong><\/p>\n<p><strong>\u00a0Sipas neve\u00a0 duke u nisur nga rrethanat ekzistuese p\u00ebr deri sa\u00a0\u00a0 \u00a0me ligj \u00a0nuk parashihen d\u00ebnime\u00a0 p\u00ebr p\u00ebrdorim t\u00eb nj\u00eb ansh\u00ebm t\u00eb flamirit n\u00eb instutucionet shtetrore \u00a0etj. i bie q\u00eb e gjith\u00eb kjo pun\u00eb me tribuna&#8230;, t\u00eb jet\u00eb vet\u00ebm tallje by&#8230;, t\u00eb politik\u00ebs shqiptare dhe\u00a0 shtetit\u00a0 me standardet\u00a0 e \u00a0Evrop\u00ebs ?!! <\/strong><\/p>\n","protected":false},"excerpt":{"rendered":"<p>Shkruan Muhamet Nika Ka tash disa\u00a0 vite\u00a0 q\u00eb\u00a0 n\u00eb Ulqin\u00a0 gjat\u00eb festave shtet\u00ebrore\u00a0 karshi\u00a0 flamurit malazez \u00a0me ligj \u00a0\u00a0n\u00eb p\u00ebrdorim do duhej t\u00eb ishte \u00a0edhe ai\u00a0 shqiptar . Por n\u00eb Ulqin \u00a0\u00a0shohim t\u00eb mos jet\u00eb k\u00ebshtu dhe \u00a0t\u00eb \u00a0\u00a0ndodh\u00eb e kund\u00ebrta &#8230;?! Deri sa\u00a0 n\u00eb nd\u00ebrtes\u00ebn e \u00a0komun\u00ebs\u00a0 e n\u00eb\u00a0 rrug\u00ebt e qytetit &#8211; \u00a0Ashtu [&hellip;]<\/p>\n","protected":false},"author":1,"featured_media":0,"comment_status":"closed","ping_status":"closed","sticky":false,"template":"","format":"standard","meta":{"spay_email":"","jetpack_publicize_message":"","jetpack_is_tweetstorm":false,"jetpack_publicize_feature_enabled":true},"categories":[8],"tags":[],"jetpack_publicize_connections":[],"yoast_head":"<!-- This site is optimized with the Yoast SEO plugin v19.1 - https:\/\/yoast.com\/wordpress\/plugins\/seo\/ -->\n<title>Nika: Ulqini n\u00eb fest\u00eb: Ja pse drejtorat e DPS-it n\u00eb vep\u00ebr nuk jan\u00eb patriota?! - Lajme nga Ulqini<\/title>\n<meta name=\"description\" content=\"Shkruan Muhamet Nika Ka tash disa\u00a0 vite\u00a0 q\u00eb\u00a0 n\u00eb Ulqin\u00a0 gjat\u00eb festave shtet\u00ebrore\u00a0 karshi\u00a0 flamurit malazez \u00a0me ligj \u00a0\u00a0n\u00eb p\u00ebrdorim do duhej t\u00eb ishte \u00a0edhe\" \/>\n<meta name=\"robots\" content=\"index, follow, max-snippet:-1, max-image-preview:large, max-video-preview:-1\" \/>\n<link rel=\"canonical\" href=\"https:\/\/www.visit-ulcinj.com\/blog\/2017\/07\/16\/nika-ulqini-ne-feste-ja-pse-drejtorat-e-dps-ne-veper-nuk-jane-patriota\/\" \/>\n<meta property=\"og:locale\" content=\"en_US\" \/>\n<meta property=\"og:type\" content=\"article\" \/>\n<meta property=\"og:title\" content=\"Nika: Ulqini n\u00eb fest\u00eb: Ja pse drejtorat e DPS-it n\u00eb vep\u00ebr nuk jan\u00eb patriota?! - Lajme nga Ulqini\" \/>\n<meta property=\"og:description\" content=\"Shkruan Muhamet Nika Ka tash disa\u00a0 vite\u00a0 q\u00eb\u00a0 n\u00eb Ulqin\u00a0 gjat\u00eb festave shtet\u00ebrore\u00a0 karshi\u00a0 flamurit malazez \u00a0me ligj \u00a0\u00a0n\u00eb p\u00ebrdorim do duhej t\u00eb ishte \u00a0edhe\" \/>\n<meta property=\"og:url\" content=\"https:\/\/www.visit-ulcinj.com\/blog\/2017\/07\/16\/nika-ulqini-ne-feste-ja-pse-drejtorat-e-dps-ne-veper-nuk-jane-patriota\/\" \/>\n<meta property=\"og:site_name\" content=\"Lajme nga Ulqini\" \/>\n<meta property=\"article:published_time\" content=\"2017-07-16T05:50:08+00:00\" \/>\n<meta property=\"og:image\" content=\"http:\/\/www.visit-ulcinj.com\/blog\/wp-content\/uploads\/2014\/11\/Muhamet-Nika.jpg\" \/>\n<meta name=\"twitter:label1\" content=\"Written by\" \/>\n\t<meta name=\"twitter:data1\" content=\"ulqini\" \/>\n\t<meta name=\"twitter:label2\" content=\"Est. reading time\" \/>\n\t<meta name=\"twitter:data2\" content=\"2 minutes\" \/>\n<script type=\"application\/ld+json\" class=\"yoast-schema-graph\">{\"@context\":\"https:\/\/schema.org\",\"@graph\":[{\"@type\":\"WebSite\",\"@id\":\"https:\/\/www.visit-ulcinj.com\/blog\/#website\",\"url\":\"https:\/\/www.visit-ulcinj.com\/blog\/\",\"name\":\"Lajme nga Ulqini\",\"description\":\"Lajme,Vijesti,Ulqini,Ulqin,Crna Gora,Mali i Zi\",\"potentialAction\":[{\"@type\":\"SearchAction\",\"target\":{\"@type\":\"EntryPoint\",\"urlTemplate\":\"https:\/\/www.visit-ulcinj.com\/blog\/?s={search_term_string}\"},\"query-input\":\"required name=search_term_string\"}],\"inLanguage\":\"en-US\"},{\"@type\":\"ImageObject\",\"inLanguage\":\"en-US\",\"@id\":\"https:\/\/www.visit-ulcinj.com\/blog\/2017\/07\/16\/nika-ulqini-ne-feste-ja-pse-drejtorat-e-dps-ne-veper-nuk-jane-patriota\/#primaryimage\",\"url\":\"https:\/\/www.visit-ulcinj.com\/blog\/wp-content\/uploads\/2014\/11\/Muhamet-Nika.jpg\",\"contentUrl\":\"https:\/\/www.visit-ulcinj.com\/blog\/wp-content\/uploads\/2014\/11\/Muhamet-Nika.jpg\",\"width\":256,\"height\":319},{\"@type\":\"WebPage\",\"@id\":\"https:\/\/www.visit-ulcinj.com\/blog\/2017\/07\/16\/nika-ulqini-ne-feste-ja-pse-drejtorat-e-dps-ne-veper-nuk-jane-patriota\/#webpage\",\"url\":\"https:\/\/www.visit-ulcinj.com\/blog\/2017\/07\/16\/nika-ulqini-ne-feste-ja-pse-drejtorat-e-dps-ne-veper-nuk-jane-patriota\/\",\"name\":\"Nika: Ulqini n\u00eb fest\u00eb: Ja pse drejtorat e DPS-it n\u00eb vep\u00ebr nuk jan\u00eb patriota?! - Lajme nga Ulqini\",\"isPartOf\":{\"@id\":\"https:\/\/www.visit-ulcinj.com\/blog\/#website\"},\"primaryImageOfPage\":{\"@id\":\"https:\/\/www.visit-ulcinj.com\/blog\/2017\/07\/16\/nika-ulqini-ne-feste-ja-pse-drejtorat-e-dps-ne-veper-nuk-jane-patriota\/#primaryimage\"},\"datePublished\":\"2017-07-16T05:50:08+00:00\",\"dateModified\":\"2017-07-16T05:50:08+00:00\",\"author\":{\"@id\":\"https:\/\/www.visit-ulcinj.com\/blog\/#\/schema\/person\/dcab619c614d3038751c63bc2aadc06d\"},\"description\":\"Shkruan Muhamet Nika Ka tash disa\u00a0 vite\u00a0 q\u00eb\u00a0 n\u00eb Ulqin\u00a0 gjat\u00eb festave shtet\u00ebrore\u00a0 karshi\u00a0 flamurit malazez \u00a0me ligj \u00a0\u00a0n\u00eb p\u00ebrdorim do duhej t\u00eb ishte \u00a0edhe\",\"breadcrumb\":{\"@id\":\"https:\/\/www.visit-ulcinj.com\/blog\/2017\/07\/16\/nika-ulqini-ne-feste-ja-pse-drejtorat-e-dps-ne-veper-nuk-jane-patriota\/#breadcrumb\"},\"inLanguage\":\"en-US\",\"potentialAction\":[{\"@type\":\"ReadAction\",\"target\":[\"https:\/\/www.visit-ulcinj.com\/blog\/2017\/07\/16\/nika-ulqini-ne-feste-ja-pse-drejtorat-e-dps-ne-veper-nuk-jane-patriota\/\"]}]},{\"@type\":\"BreadcrumbList\",\"@id\":\"https:\/\/www.visit-ulcinj.com\/blog\/2017\/07\/16\/nika-ulqini-ne-feste-ja-pse-drejtorat-e-dps-ne-veper-nuk-jane-patriota\/#breadcrumb\",\"itemListElement\":[{\"@type\":\"ListItem\",\"position\":1,\"name\":\"Nika: Ulqini n\u00eb fest\u00eb: Ja pse drejtorat e DPS-it n\u00eb vep\u00ebr nuk jan\u00eb patriota?!\"}]},{\"@type\":\"Person\",\"@id\":\"https:\/\/www.visit-ulcinj.com\/blog\/#\/schema\/person\/dcab619c614d3038751c63bc2aadc06d\",\"name\":\"ulqini\",\"sameAs\":[\"http:\/\/www.visit-ulcinj.com\"],\"url\":\"https:\/\/www.visit-ulcinj.com\/blog\/author\/admin\/\"}]}<\/script>\n<!-- \/ Yoast SEO plugin. -->","yoast_head_json":{"title":"Nika: Ulqini n\u00eb fest\u00eb: Ja pse drejtorat e DPS-it n\u00eb vep\u00ebr nuk jan\u00eb patriota?! - Lajme nga Ulqini","description":"Shkruan Muhamet Nika Ka tash disa\u00a0 vite\u00a0 q\u00eb\u00a0 n\u00eb Ulqin\u00a0 gjat\u00eb festave shtet\u00ebrore\u00a0 karshi\u00a0 flamurit malazez \u00a0me ligj \u00a0\u00a0n\u00eb p\u00ebrdorim do duhej t\u00eb ishte \u00a0edhe","robots":{"index":"index","follow":"follow","max-snippet":"max-snippet:-1","max-image-preview":"max-image-preview:large","max-video-preview":"max-video-preview:-1"},"canonical":"https:\/\/www.visit-ulcinj.com\/blog\/2017\/07\/16\/nika-ulqini-ne-feste-ja-pse-drejtorat-e-dps-ne-veper-nuk-jane-patriota\/","og_locale":"en_US","og_type":"article","og_title":"Nika: Ulqini n\u00eb fest\u00eb: Ja pse drejtorat e DPS-it n\u00eb vep\u00ebr nuk jan\u00eb patriota?! - Lajme nga Ulqini","og_description":"Shkruan Muhamet Nika Ka tash disa\u00a0 vite\u00a0 q\u00eb\u00a0 n\u00eb Ulqin\u00a0 gjat\u00eb festave shtet\u00ebrore\u00a0 karshi\u00a0 flamurit malazez \u00a0me ligj \u00a0\u00a0n\u00eb p\u00ebrdorim do duhej t\u00eb ishte \u00a0edhe","og_url":"https:\/\/www.visit-ulcinj.com\/blog\/2017\/07\/16\/nika-ulqini-ne-feste-ja-pse-drejtorat-e-dps-ne-veper-nuk-jane-patriota\/","og_site_name":"Lajme nga Ulqini","article_published_time":"2017-07-16T05:50:08+00:00","og_image":[{"url":"http:\/\/www.visit-ulcinj.com\/blog\/wp-content\/uploads\/2014\/11\/Muhamet-Nika.jpg"}],"twitter_misc":{"Written by":"ulqini","Est. reading time":"2 minutes"},"schema":{"@context":"https:\/\/schema.org","@graph":[{"@type":"WebSite","@id":"https:\/\/www.visit-ulcinj.com\/blog\/#website","url":"https:\/\/www.visit-ulcinj.com\/blog\/","name":"Lajme nga Ulqini","description":"Lajme,Vijesti,Ulqini,Ulqin,Crna Gora,Mali i Zi","potentialAction":[{"@type":"SearchAction","target":{"@type":"EntryPoint","urlTemplate":"https:\/\/www.visit-ulcinj.com\/blog\/?s={search_term_string}"},"query-input":"required name=search_term_string"}],"inLanguage":"en-US"},{"@type":"ImageObject","inLanguage":"en-US","@id":"https:\/\/www.visit-ulcinj.com\/blog\/2017\/07\/16\/nika-ulqini-ne-feste-ja-pse-drejtorat-e-dps-ne-veper-nuk-jane-patriota\/#primaryimage","url":"https:\/\/www.visit-ulcinj.com\/blog\/wp-content\/uploads\/2014\/11\/Muhamet-Nika.jpg","contentUrl":"https:\/\/www.visit-ulcinj.com\/blog\/wp-content\/uploads\/2014\/11\/Muhamet-Nika.jpg","width":256,"height":319},{"@type":"WebPage","@id":"https:\/\/www.visit-ulcinj.com\/blog\/2017\/07\/16\/nika-ulqini-ne-feste-ja-pse-drejtorat-e-dps-ne-veper-nuk-jane-patriota\/#webpage","url":"https:\/\/www.visit-ulcinj.com\/blog\/2017\/07\/16\/nika-ulqini-ne-feste-ja-pse-drejtorat-e-dps-ne-veper-nuk-jane-patriota\/","name":"Nika: Ulqini n\u00eb fest\u00eb: Ja pse drejtorat e DPS-it n\u00eb vep\u00ebr nuk jan\u00eb patriota?! - Lajme nga Ulqini","isPartOf":{"@id":"https:\/\/www.visit-ulcinj.com\/blog\/#website"},"primaryImageOfPage":{"@id":"https:\/\/www.visit-ulcinj.com\/blog\/2017\/07\/16\/nika-ulqini-ne-feste-ja-pse-drejtorat-e-dps-ne-veper-nuk-jane-patriota\/#primaryimage"},"datePublished":"2017-07-16T05:50:08+00:00","dateModified":"2017-07-16T05:50:08+00:00","author":{"@id":"https:\/\/www.visit-ulcinj.com\/blog\/#\/schema\/person\/dcab619c614d3038751c63bc2aadc06d"},"description":"Shkruan Muhamet Nika Ka tash disa\u00a0 vite\u00a0 q\u00eb\u00a0 n\u00eb Ulqin\u00a0 gjat\u00eb festave shtet\u00ebrore\u00a0 karshi\u00a0 flamurit malazez \u00a0me ligj \u00a0\u00a0n\u00eb p\u00ebrdorim do duhej t\u00eb ishte \u00a0edhe","breadcrumb":{"@id":"https:\/\/www.visit-ulcinj.com\/blog\/2017\/07\/16\/nika-ulqini-ne-feste-ja-pse-drejtorat-e-dps-ne-veper-nuk-jane-patriota\/#breadcrumb"},"inLanguage":"en-US","potentialAction":[{"@type":"ReadAction","target":["https:\/\/www.visit-ulcinj.com\/blog\/2017\/07\/16\/nika-ulqini-ne-feste-ja-pse-drejtorat-e-dps-ne-veper-nuk-jane-patriota\/"]}]},{"@type":"BreadcrumbList","@id":"https:\/\/www.visit-ulcinj.com\/blog\/2017\/07\/16\/nika-ulqini-ne-feste-ja-pse-drejtorat-e-dps-ne-veper-nuk-jane-patriota\/#breadcrumb","itemListElement":[{"@type":"ListItem","position":1,"name":"Nika: Ulqini n\u00eb fest\u00eb: Ja pse drejtorat e DPS-it n\u00eb vep\u00ebr nuk jan\u00eb patriota?!"}]},{"@type":"Person","@id":"https:\/\/www.visit-ulcinj.com\/blog\/#\/schema\/person\/dcab619c614d3038751c63bc2aadc06d","name":"ulqini","sameAs":["http:\/\/www.visit-ulcinj.com"],"url":"https:\/\/www.visit-ulcinj.com\/blog\/author\/admin\/"}]}},"jetpack_featured_media_url":"","jetpack_sharing_enabled":true,"jetpack_shortlink":"https:\/\/wp.me\/pe6lTn-rDr","_links":{"self":[{"href":"https:\/\/www.visit-ulcinj.com\/blog\/wp-json\/wp\/v2\/posts\/106233"}],"collection":[{"href":"https:\/\/www.visit-ulcinj.com\/blog\/wp-json\/wp\/v2\/posts"}],"about":[{"href":"https:\/\/www.visit-ulcinj.com\/blog\/wp-json\/wp\/v2\/types\/post"}],"author":[{"embeddable":true,"href":"https:\/\/www.visit-ulcinj.com\/blog\/wp-json\/wp\/v2\/users\/1"}],"replies":[{"embeddable":true,"href":"https:\/\/www.visit-ulcinj.com\/blog\/wp-json\/wp\/v2\/comments?post=106233"}],"version-history":[{"count":1,"href":"https:\/\/www.visit-ulcinj.com\/blog\/wp-json\/wp\/v2\/posts\/106233\/revisions"}],"predecessor-version":[{"id":106235,"href":"https:\/\/www.visit-ulcinj.com\/blog\/wp-json\/wp\/v2\/posts\/106233\/revisions\/106235"}],"wp:attachment":[{"href":"https:\/\/www.visit-ulcinj.com\/blog\/wp-json\/wp\/v2\/media?parent=106233"}],"wp:term":[{"taxonomy":"category","embeddable":true,"href":"https:\/\/www.visit-ulcinj.com\/blog\/wp-json\/wp\/v2\/categories?post=106233"},{"taxonomy":"post_tag","embeddable":true,"href":"https:\/\/www.visit-ulcinj.com\/blog\/wp-json\/wp\/v2\/tags?post=106233"}],"curies":[{"name":"wp","href":"https:\/\/api.w.org\/{rel}","templated":true}]}}