{"id":106245,"date":"2017-07-16T07:20:02","date_gmt":"2017-07-16T06:20:02","guid":{"rendered":"http:\/\/www.visit-ulcinj.com\/blog\/?p=106245"},"modified":"2017-07-16T07:20:02","modified_gmt":"2017-07-16T06:20:02","slug":"atmosfere-e-nxehte-ne-ulqin-real-1-performon-zhveshur-ne-koncert","status":"publish","type":"post","link":"https:\/\/www.visit-ulcinj.com\/blog\/2017\/07\/16\/atmosfere-e-nxehte-ne-ulqin-real-1-performon-zhveshur-ne-koncert\/","title":{"rendered":"Atmosfer\u00eb e \u2018nxeht\u00eb\u2019 n\u00eb Ulqin, Real 1 performon i zhveshur n\u00eb koncert"},"content":{"rendered":"<p><strong><a href=\"http:\/\/www.visit-ulcinj.com\/blog\/wp-content\/uploads\/2017\/07\/DJ-Blunt-dhe-Real-1-ne-Ulqin.jpg\"><img loading=\"lazy\" class=\"alignleft wp-image-106246\" src=\"http:\/\/www.visit-ulcinj.com\/blog\/wp-content\/uploads\/2017\/07\/DJ-Blunt-dhe-Real-1-ne-Ulqin.jpg\" alt=\"\" width=\"508\" height=\"329\" \/><\/a>Dyshja DJ Blunt dhe Real 1 jan\u00eb shum\u00eb t\u00eb p\u00eblqyer nga publiku p\u00ebr k\u00ebng\u00ebt e tyre.<\/strong><\/p>\n<p>K\u00ebt\u00eb ver\u00eb ata kan\u00eb qen\u00eb shum\u00eb aktiv\u00eb me projekte t\u00eb reja, gjersa jan\u00eb edhe n\u00eb finalizim t\u00eb albumit t\u00eb tyre m\u00eb t\u00eb ri.<\/p>\n<p>Ata jan\u00eb shum\u00eb aktiv\u00eb edhe me koncerte gjat\u00eb ver\u00ebs, ku vazhdimisht priten mir\u00eb nga publiku.<\/p>\n<p>N\u00eb nj\u00eb nga koncertet e fundit n\u00eb Hollegro t\u00eb Ulqinit, dyshja duket t\u00eb ken\u00eb ndezur v\u00ebrtet\u00eb atmosfer\u00ebn, aq sa edhe Real 1 nuk hezitoi edhe q\u00eb t\u00eb zhvishet.<\/p>\n<p>N\u00eb pamjet e publikuara n\u00eb rrjetet sociale, Real 1 shfaqet krejt i zhveshur n\u00eb pjes\u00ebn lart, teksa performon para fansave. \/Telegrafi\/<\/p>\n<p><a href=\"http:\/\/www.visit-ulcinj.com\/blog\/wp-content\/uploads\/2017\/07\/DJ-Blunt-dhe-Real-1-ne-Ulqin-1.jpg\"><img loading=\"lazy\" class=\"alignleft wp-image-106247\" src=\"http:\/\/www.visit-ulcinj.com\/blog\/wp-content\/uploads\/2017\/07\/DJ-Blunt-dhe-Real-1-ne-Ulqin-1.jpg\" alt=\"\" width=\"508\" height=\"327\" \/><\/a><\/p>\n","protected":false},"excerpt":{"rendered":"<p>Dyshja DJ Blunt dhe Real 1 jan\u00eb shum\u00eb t\u00eb p\u00eblqyer nga publiku p\u00ebr k\u00ebng\u00ebt e tyre. K\u00ebt\u00eb ver\u00eb ata kan\u00eb qen\u00eb shum\u00eb aktiv\u00eb me projekte t\u00eb reja, gjersa jan\u00eb edhe n\u00eb finalizim t\u00eb albumit t\u00eb tyre m\u00eb t\u00eb ri. Ata jan\u00eb shum\u00eb aktiv\u00eb edhe me koncerte gjat\u00eb ver\u00ebs, ku vazhdimisht priten mir\u00eb nga publiku. N\u00eb [&hellip;]<\/p>\n","protected":false},"author":1,"featured_media":0,"comment_status":"closed","ping_status":"closed","sticky":false,"template":"","format":"standard","meta":{"spay_email":"","jetpack_publicize_message":"","jetpack_is_tweetstorm":false,"jetpack_publicize_feature_enabled":true},"categories":[1],"tags":[],"jetpack_publicize_connections":[],"yoast_head":"<!-- This site is optimized with the Yoast SEO plugin v19.1 - https:\/\/yoast.com\/wordpress\/plugins\/seo\/ -->\n<title>Atmosfer\u00eb e \u2018nxeht\u00eb\u2019 n\u00eb Ulqin, Real 1 performon i zhveshur n\u00eb koncert - Lajme nga Ulqini<\/title>\n<meta name=\"description\" content=\"Dyshja DJ Blunt dhe Real 1 jan\u00eb shum\u00eb t\u00eb p\u00eblqyer nga publiku p\u00ebr k\u00ebng\u00ebt e tyre. K\u00ebt\u00eb ver\u00eb ata kan\u00eb qen\u00eb shum\u00eb aktiv\u00eb me projekte t\u00eb reja, gjersa jan\u00eb edhe\" \/>\n<meta name=\"robots\" content=\"index, follow, max-snippet:-1, max-image-preview:large, max-video-preview:-1\" \/>\n<link rel=\"canonical\" href=\"https:\/\/www.visit-ulcinj.com\/blog\/2017\/07\/16\/atmosfere-e-nxehte-ne-ulqin-real-1-performon-zhveshur-ne-koncert\/\" \/>\n<meta property=\"og:locale\" content=\"en_US\" \/>\n<meta property=\"og:type\" content=\"article\" \/>\n<meta property=\"og:title\" content=\"Atmosfer\u00eb e \u2018nxeht\u00eb\u2019 n\u00eb Ulqin, Real 1 performon i zhveshur n\u00eb koncert - Lajme nga Ulqini\" \/>\n<meta property=\"og:description\" content=\"Dyshja DJ Blunt dhe Real 1 jan\u00eb shum\u00eb t\u00eb p\u00eblqyer nga publiku p\u00ebr k\u00ebng\u00ebt e tyre. K\u00ebt\u00eb ver\u00eb ata kan\u00eb qen\u00eb shum\u00eb aktiv\u00eb me projekte t\u00eb reja, gjersa jan\u00eb edhe\" \/>\n<meta property=\"og:url\" content=\"https:\/\/www.visit-ulcinj.com\/blog\/2017\/07\/16\/atmosfere-e-nxehte-ne-ulqin-real-1-performon-zhveshur-ne-koncert\/\" \/>\n<meta property=\"og:site_name\" content=\"Lajme nga Ulqini\" \/>\n<meta property=\"article:published_time\" content=\"2017-07-16T06:20:02+00:00\" \/>\n<meta property=\"og:image\" content=\"http:\/\/www.visit-ulcinj.com\/blog\/wp-content\/uploads\/2017\/07\/DJ-Blunt-dhe-Real-1-ne-Ulqin.jpg\" \/>\n<meta name=\"twitter:label1\" content=\"Written by\" \/>\n\t<meta name=\"twitter:data1\" content=\"ulqini\" \/>\n\t<meta name=\"twitter:label2\" content=\"Est. reading time\" \/>\n\t<meta name=\"twitter:data2\" content=\"1 minute\" \/>\n<script type=\"application\/ld+json\" class=\"yoast-schema-graph\">{\"@context\":\"https:\/\/schema.org\",\"@graph\":[{\"@type\":\"WebSite\",\"@id\":\"https:\/\/www.visit-ulcinj.com\/blog\/#website\",\"url\":\"https:\/\/www.visit-ulcinj.com\/blog\/\",\"name\":\"Lajme nga Ulqini\",\"description\":\"Lajme,Vijesti,Ulqini,Ulqin,Crna Gora,Mali i Zi\",\"potentialAction\":[{\"@type\":\"SearchAction\",\"target\":{\"@type\":\"EntryPoint\",\"urlTemplate\":\"https:\/\/www.visit-ulcinj.com\/blog\/?s={search_term_string}\"},\"query-input\":\"required name=search_term_string\"}],\"inLanguage\":\"en-US\"},{\"@type\":\"ImageObject\",\"inLanguage\":\"en-US\",\"@id\":\"https:\/\/www.visit-ulcinj.com\/blog\/2017\/07\/16\/atmosfere-e-nxehte-ne-ulqin-real-1-performon-zhveshur-ne-koncert\/#primaryimage\",\"url\":\"http:\/\/www.visit-ulcinj.com\/blog\/wp-content\/uploads\/2017\/07\/DJ-Blunt-dhe-Real-1-ne-Ulqin.jpg\",\"contentUrl\":\"http:\/\/www.visit-ulcinj.com\/blog\/wp-content\/uploads\/2017\/07\/DJ-Blunt-dhe-Real-1-ne-Ulqin.jpg\"},{\"@type\":\"WebPage\",\"@id\":\"https:\/\/www.visit-ulcinj.com\/blog\/2017\/07\/16\/atmosfere-e-nxehte-ne-ulqin-real-1-performon-zhveshur-ne-koncert\/#webpage\",\"url\":\"https:\/\/www.visit-ulcinj.com\/blog\/2017\/07\/16\/atmosfere-e-nxehte-ne-ulqin-real-1-performon-zhveshur-ne-koncert\/\",\"name\":\"Atmosfer\u00eb e \u2018nxeht\u00eb\u2019 n\u00eb Ulqin, Real 1 performon i zhveshur n\u00eb koncert - Lajme nga Ulqini\",\"isPartOf\":{\"@id\":\"https:\/\/www.visit-ulcinj.com\/blog\/#website\"},\"primaryImageOfPage\":{\"@id\":\"https:\/\/www.visit-ulcinj.com\/blog\/2017\/07\/16\/atmosfere-e-nxehte-ne-ulqin-real-1-performon-zhveshur-ne-koncert\/#primaryimage\"},\"datePublished\":\"2017-07-16T06:20:02+00:00\",\"dateModified\":\"2017-07-16T06:20:02+00:00\",\"author\":{\"@id\":\"https:\/\/www.visit-ulcinj.com\/blog\/#\/schema\/person\/dcab619c614d3038751c63bc2aadc06d\"},\"description\":\"Dyshja DJ Blunt dhe Real 1 jan\u00eb shum\u00eb t\u00eb p\u00eblqyer nga publiku p\u00ebr k\u00ebng\u00ebt e tyre. K\u00ebt\u00eb ver\u00eb ata kan\u00eb qen\u00eb shum\u00eb aktiv\u00eb me projekte t\u00eb reja, gjersa jan\u00eb edhe\",\"breadcrumb\":{\"@id\":\"https:\/\/www.visit-ulcinj.com\/blog\/2017\/07\/16\/atmosfere-e-nxehte-ne-ulqin-real-1-performon-zhveshur-ne-koncert\/#breadcrumb\"},\"inLanguage\":\"en-US\",\"potentialAction\":[{\"@type\":\"ReadAction\",\"target\":[\"https:\/\/www.visit-ulcinj.com\/blog\/2017\/07\/16\/atmosfere-e-nxehte-ne-ulqin-real-1-performon-zhveshur-ne-koncert\/\"]}]},{\"@type\":\"BreadcrumbList\",\"@id\":\"https:\/\/www.visit-ulcinj.com\/blog\/2017\/07\/16\/atmosfere-e-nxehte-ne-ulqin-real-1-performon-zhveshur-ne-koncert\/#breadcrumb\",\"itemListElement\":[{\"@type\":\"ListItem\",\"position\":1,\"name\":\"Atmosfer\u00eb e \u2018nxeht\u00eb\u2019 n\u00eb Ulqin, Real 1 performon i zhveshur n\u00eb koncert\"}]},{\"@type\":\"Person\",\"@id\":\"https:\/\/www.visit-ulcinj.com\/blog\/#\/schema\/person\/dcab619c614d3038751c63bc2aadc06d\",\"name\":\"ulqini\",\"sameAs\":[\"http:\/\/www.visit-ulcinj.com\"],\"url\":\"https:\/\/www.visit-ulcinj.com\/blog\/author\/admin\/\"}]}<\/script>\n<!-- \/ Yoast SEO plugin. -->","yoast_head_json":{"title":"Atmosfer\u00eb e \u2018nxeht\u00eb\u2019 n\u00eb Ulqin, Real 1 performon i zhveshur n\u00eb koncert - Lajme nga Ulqini","description":"Dyshja DJ Blunt dhe Real 1 jan\u00eb shum\u00eb t\u00eb p\u00eblqyer nga publiku p\u00ebr k\u00ebng\u00ebt e tyre. K\u00ebt\u00eb ver\u00eb ata kan\u00eb qen\u00eb shum\u00eb aktiv\u00eb me projekte t\u00eb reja, gjersa jan\u00eb edhe","robots":{"index":"index","follow":"follow","max-snippet":"max-snippet:-1","max-image-preview":"max-image-preview:large","max-video-preview":"max-video-preview:-1"},"canonical":"https:\/\/www.visit-ulcinj.com\/blog\/2017\/07\/16\/atmosfere-e-nxehte-ne-ulqin-real-1-performon-zhveshur-ne-koncert\/","og_locale":"en_US","og_type":"article","og_title":"Atmosfer\u00eb e \u2018nxeht\u00eb\u2019 n\u00eb Ulqin, Real 1 performon i zhveshur n\u00eb koncert - Lajme nga Ulqini","og_description":"Dyshja DJ Blunt dhe Real 1 jan\u00eb shum\u00eb t\u00eb p\u00eblqyer nga publiku p\u00ebr k\u00ebng\u00ebt e tyre. K\u00ebt\u00eb ver\u00eb ata kan\u00eb qen\u00eb shum\u00eb aktiv\u00eb me projekte t\u00eb reja, gjersa jan\u00eb edhe","og_url":"https:\/\/www.visit-ulcinj.com\/blog\/2017\/07\/16\/atmosfere-e-nxehte-ne-ulqin-real-1-performon-zhveshur-ne-koncert\/","og_site_name":"Lajme nga Ulqini","article_published_time":"2017-07-16T06:20:02+00:00","og_image":[{"url":"http:\/\/www.visit-ulcinj.com\/blog\/wp-content\/uploads\/2017\/07\/DJ-Blunt-dhe-Real-1-ne-Ulqin.jpg"}],"twitter_misc":{"Written by":"ulqini","Est. reading time":"1 minute"},"schema":{"@context":"https:\/\/schema.org","@graph":[{"@type":"WebSite","@id":"https:\/\/www.visit-ulcinj.com\/blog\/#website","url":"https:\/\/www.visit-ulcinj.com\/blog\/","name":"Lajme nga Ulqini","description":"Lajme,Vijesti,Ulqini,Ulqin,Crna Gora,Mali i Zi","potentialAction":[{"@type":"SearchAction","target":{"@type":"EntryPoint","urlTemplate":"https:\/\/www.visit-ulcinj.com\/blog\/?s={search_term_string}"},"query-input":"required name=search_term_string"}],"inLanguage":"en-US"},{"@type":"ImageObject","inLanguage":"en-US","@id":"https:\/\/www.visit-ulcinj.com\/blog\/2017\/07\/16\/atmosfere-e-nxehte-ne-ulqin-real-1-performon-zhveshur-ne-koncert\/#primaryimage","url":"http:\/\/www.visit-ulcinj.com\/blog\/wp-content\/uploads\/2017\/07\/DJ-Blunt-dhe-Real-1-ne-Ulqin.jpg","contentUrl":"http:\/\/www.visit-ulcinj.com\/blog\/wp-content\/uploads\/2017\/07\/DJ-Blunt-dhe-Real-1-ne-Ulqin.jpg"},{"@type":"WebPage","@id":"https:\/\/www.visit-ulcinj.com\/blog\/2017\/07\/16\/atmosfere-e-nxehte-ne-ulqin-real-1-performon-zhveshur-ne-koncert\/#webpage","url":"https:\/\/www.visit-ulcinj.com\/blog\/2017\/07\/16\/atmosfere-e-nxehte-ne-ulqin-real-1-performon-zhveshur-ne-koncert\/","name":"Atmosfer\u00eb e \u2018nxeht\u00eb\u2019 n\u00eb Ulqin, Real 1 performon i zhveshur n\u00eb koncert - Lajme nga Ulqini","isPartOf":{"@id":"https:\/\/www.visit-ulcinj.com\/blog\/#website"},"primaryImageOfPage":{"@id":"https:\/\/www.visit-ulcinj.com\/blog\/2017\/07\/16\/atmosfere-e-nxehte-ne-ulqin-real-1-performon-zhveshur-ne-koncert\/#primaryimage"},"datePublished":"2017-07-16T06:20:02+00:00","dateModified":"2017-07-16T06:20:02+00:00","author":{"@id":"https:\/\/www.visit-ulcinj.com\/blog\/#\/schema\/person\/dcab619c614d3038751c63bc2aadc06d"},"description":"Dyshja DJ Blunt dhe Real 1 jan\u00eb shum\u00eb t\u00eb p\u00eblqyer nga publiku p\u00ebr k\u00ebng\u00ebt e tyre. K\u00ebt\u00eb ver\u00eb ata kan\u00eb qen\u00eb shum\u00eb aktiv\u00eb me projekte t\u00eb reja, gjersa jan\u00eb edhe","breadcrumb":{"@id":"https:\/\/www.visit-ulcinj.com\/blog\/2017\/07\/16\/atmosfere-e-nxehte-ne-ulqin-real-1-performon-zhveshur-ne-koncert\/#breadcrumb"},"inLanguage":"en-US","potentialAction":[{"@type":"ReadAction","target":["https:\/\/www.visit-ulcinj.com\/blog\/2017\/07\/16\/atmosfere-e-nxehte-ne-ulqin-real-1-performon-zhveshur-ne-koncert\/"]}]},{"@type":"BreadcrumbList","@id":"https:\/\/www.visit-ulcinj.com\/blog\/2017\/07\/16\/atmosfere-e-nxehte-ne-ulqin-real-1-performon-zhveshur-ne-koncert\/#breadcrumb","itemListElement":[{"@type":"ListItem","position":1,"name":"Atmosfer\u00eb e \u2018nxeht\u00eb\u2019 n\u00eb Ulqin, Real 1 performon i zhveshur n\u00eb koncert"}]},{"@type":"Person","@id":"https:\/\/www.visit-ulcinj.com\/blog\/#\/schema\/person\/dcab619c614d3038751c63bc2aadc06d","name":"ulqini","sameAs":["http:\/\/www.visit-ulcinj.com"],"url":"https:\/\/www.visit-ulcinj.com\/blog\/author\/admin\/"}]}},"jetpack_featured_media_url":"","jetpack_sharing_enabled":true,"jetpack_shortlink":"https:\/\/wp.me\/pe6lTn-rDD","_links":{"self":[{"href":"https:\/\/www.visit-ulcinj.com\/blog\/wp-json\/wp\/v2\/posts\/106245"}],"collection":[{"href":"https:\/\/www.visit-ulcinj.com\/blog\/wp-json\/wp\/v2\/posts"}],"about":[{"href":"https:\/\/www.visit-ulcinj.com\/blog\/wp-json\/wp\/v2\/types\/post"}],"author":[{"embeddable":true,"href":"https:\/\/www.visit-ulcinj.com\/blog\/wp-json\/wp\/v2\/users\/1"}],"replies":[{"embeddable":true,"href":"https:\/\/www.visit-ulcinj.com\/blog\/wp-json\/wp\/v2\/comments?post=106245"}],"version-history":[{"count":1,"href":"https:\/\/www.visit-ulcinj.com\/blog\/wp-json\/wp\/v2\/posts\/106245\/revisions"}],"predecessor-version":[{"id":106248,"href":"https:\/\/www.visit-ulcinj.com\/blog\/wp-json\/wp\/v2\/posts\/106245\/revisions\/106248"}],"wp:attachment":[{"href":"https:\/\/www.visit-ulcinj.com\/blog\/wp-json\/wp\/v2\/media?parent=106245"}],"wp:term":[{"taxonomy":"category","embeddable":true,"href":"https:\/\/www.visit-ulcinj.com\/blog\/wp-json\/wp\/v2\/categories?post=106245"},{"taxonomy":"post_tag","embeddable":true,"href":"https:\/\/www.visit-ulcinj.com\/blog\/wp-json\/wp\/v2\/tags?post=106245"}],"curies":[{"name":"wp","href":"https:\/\/api.w.org\/{rel}","templated":true}]}}