{"id":106249,"date":"2017-07-16T07:27:55","date_gmt":"2017-07-16T06:27:55","guid":{"rendered":"http:\/\/www.visit-ulcinj.com\/blog\/?p=106249"},"modified":"2017-07-17T15:29:08","modified_gmt":"2017-07-17T14:29:08","slug":"e-rralle-shkollat-ne-ulqin-dhe-shqiperi-qe-nga-viti-1258-ja-te-dhenat-e-reja-qe-sjellin-studiuesit","status":"publish","type":"post","link":"https:\/\/www.visit-ulcinj.com\/blog\/2017\/07\/16\/e-rralle-shkollat-ne-ulqin-dhe-shqiperi-qe-nga-viti-1258-ja-te-dhenat-e-reja-qe-sjellin-studiuesit\/","title":{"rendered":"E rrall\u00eb\/ Shkollat n\u00eb Ulqin dhe Shqip\u00ebri q\u00eb nga viti 1258, ja t\u00eb dh\u00ebnat e reja q\u00eb sjellin studiuesit"},"content":{"rendered":"<p><a href=\"http:\/\/www.visit-ulcinj.com\/blog\/wp-content\/uploads\/2017\/07\/Shkollat-n\u00eb-Ulqin-dhe-Shqip\u00ebri-q\u00eb-nga-viti-1258.jpg\"><img loading=\"lazy\" class=\"alignleft wp-image-106250\" src=\"http:\/\/www.visit-ulcinj.com\/blog\/wp-content\/uploads\/2017\/07\/Shkollat-n\u00eb-Ulqin-dhe-Shqip\u00ebri-q\u00eb-nga-viti-1258.jpg\" alt=\"\" width=\"508\" height=\"420\" srcset=\"https:\/\/www.visit-ulcinj.com\/blog\/wp-content\/uploads\/2017\/07\/Shkollat-n\u00eb-Ulqin-dhe-Shqip\u00ebri-q\u00eb-nga-viti-1258.jpg 683w, https:\/\/www.visit-ulcinj.com\/blog\/wp-content\/uploads\/2017\/07\/Shkollat-n\u00eb-Ulqin-dhe-Shqip\u00ebri-q\u00eb-nga-viti-1258-300x248.jpg 300w\" sizes=\"(max-width: 508px) 100vw, 508px\" \/><\/a>Shkodra, q\u00eb gjithnj\u00eb ka qen\u00eb nj\u00eb nga qytetet m\u00eb arsimdash\u00ebse dhe t\u00eb shquara p\u00ebr kultur\u00ebn qytetare e artin, ka pasur shkolla q\u00eb n\u00eb shekullin XIII.<br \/>\nD\u00ebshmit\u00eb e ekzistenc\u00ebs s\u00eb k\u00ebtyre shkollave na vijn\u00eb nga arkivat e fran\u00e7eskan\u00ebve.<br \/>\nSipas studiuesit Sami Rrepishti, shkollat e para n\u00eb gjuh\u00ebn shqipe jan\u00eb hapur n\u00eb veri t\u00eb Shqip\u00ebris\u00eb nga klerik\u00ebt katolik\u00eb.<\/p>\n<p>Dhe pik\u00ebrisht n\u00eb Ulqin n\u00eb vitin 1258, n\u00eb Durr\u00ebs n\u00eb vitin 1278, n\u00eb Shkod\u00ebr n\u00eb vitin 1345 dhe 1359, n\u00eb Tivar n\u00eb vitin 1349, n\u00eb Pult n\u00eb vitin 1397, n\u00eb Drisht 1396 dhe nga shekulli XV deri n\u00eb shek. XVIII me shkolla t\u00eb tjera n\u00eb Shkod\u00ebr e Lezh\u00eb e n\u00eb shum\u00eb qytete t\u00eb tjera.<\/p>\n<p>Sipas profesorit, kishat katolike shqiptare me fran\u00e7eskan\u00ebt n\u00eb vij\u00ebn e par\u00eb i zhvillonin t\u00eb gjitha ritet n\u00eb gjuh\u00ebn ton\u00eb, ndaj dhe populli i frekuentonte t\u00eb gjitha kishat e kuvendet e tyre me d\u00ebshir\u00eb, duke marr\u00eb pjes\u00eb masivisht n\u00eb mesha, katekiz\u00ebm, krezma, celebrimin e martesave, etj.<\/p>\n<p>Sipas t\u00eb dh\u00ebnave q\u00eb jep profesori Lutfi Alia, shkollat q\u00eb jan\u00eb ngritur n\u00eb Shkod\u00ebr n\u00eb vitin 1416 ishin: shkolla \u201cSanta Barbara, shkolla \u201cSam Mercurio\u201d, \u201cKryqi i shenjt\u00eb\u201d etj.<\/p>\n<p>Shkolla t\u00eb tilla do t\u00eb hapeshin m\u00eb pas dhe n\u00eb Kurbin, n\u00eb Pllan\u00eb, n\u00eb Blinisht dhe n\u00eb Zadrim\u00eb.<\/p>\n<p>N\u00eb raportet e et\u00ebrve fran\u00e7eskan\u00eb t\u00eb koh\u00ebs theksohet roli i madh q\u00eb kisha katolike i kushton shkoll\u00ebs dhe nevoj\u00ebs s\u00eb shkollimit t\u00eb shqiptar\u00ebve.<\/p>\n<p>Sigurisht q\u00eb n\u00eb k\u00ebto shkolla kryesisht shkonin djem, por kisha katolike do i kushtonte nj\u00eb v\u00ebmendje t\u00eb ve\u00e7ant\u00eb dhe vajzave, duke hapur n\u00eb vitin 1879 shkoll\u00ebn fillore p\u00ebr vajzat dhe p\u00ebrkat\u00ebsisht nga motrat stigmatine, ku u edukuan vajzat me kultur\u00ebn baz\u00eb dhe m\u00ebsoheshin si t\u00eb b\u00ebheshin zonja t\u00eb mira sht\u00ebpie.<\/p>\n<p>N\u00eb vitin 1882 fran\u00e7eskan\u00ebt \u00e7el\u00ebn nj\u00eb kolegj fetar q\u00eb do sh\u00ebrbente p\u00ebr t\u00eb gjith\u00eb ata nx\u00ebn\u00ebs shqiptar\u00eb q\u00eb d\u00ebshironin t\u00eb b\u00ebheshin fret\u00ebr. M\u00ebsimet u rregulluan sipas programit t\u00eb gjimnazit t\u00eb Austris\u00eb.<\/p>\n<p>Shkollat do t\u00eb hapen vit pas vitit duke arritur n\u00eb vitin 1908, kur do t\u00eb mbahet Kongresi i madh i Manastirit.<\/p>\n<p>Pyetja q\u00eb \u00ebsht\u00eb e natyrshme ishte: nga mbaheshin k\u00ebto shkolla. Sipas profesorit, ato kryesisht financoheshin nga Austro-Hungaria. Dhe n\u00eb fakt ka t\u00eb drejt\u00eb. Austro-Hungaria ka pasur prej shekujsh nj\u00eb interes t\u00eb ve\u00e7ant\u00eb p\u00ebr Shqip\u00ebrin\u00eb, duke investuar n\u00eb shkolla, n\u00eb studimin e gjuh\u00ebs shqipe, etj.<\/p>\n<p>Pra nga statistikat q\u00eb disponojn\u00eb fran\u00e7eskan\u00ebt deri n\u00eb vitin 1911 katolik\u00ebt kan\u00eb hapur 47 shkolla shqipe, nd\u00ebr to 10 shkolla p\u00ebr vajza. N\u00eb vitin 1933, me urdh\u00ebr t\u00eb Zogut, u mbyll\u00ebn 74% e shkollave fetare katolike dhe n\u00eb 1945 ato u mbyll\u00ebn plot\u00ebsisht nga diktatura komuniste.<\/p>\n<p>Faik Konica, n\u00eb shkrimet e tij, do t\u00eb l\u00ebvdonte pun\u00ebn e madhe t\u00eb shkollave fetare katolike. Ai do t\u00eb shkruante: \u201dKolegji saverian mbahet n\u00eb nj\u00eb shkall\u00eb t\u00eb lart\u00eb dhe t\u00eb gjith\u00eb ata q\u00eb kan\u00eb par\u00eb shkollat e Franc\u00ebs e t\u00eb Evrop\u00ebs mund t\u00eb d\u00ebshmojn\u00eb se ajo e Shkodr\u00ebs \u00ebsht\u00eb e zonja p\u00ebr pun\u00eb dhe krahasohet nj\u00eb me t\u00eb\u201d.<\/p>\n<p>Dhe pik\u00ebrisht p\u00ebr k\u00ebto shkolla kan\u00eb dh\u00ebn\u00eb kontribut t\u00eb ve\u00e7ant\u00eb klerik\u00ebt katolik\u00eb, si At Gjergj Fishta, Dom Ndre Mjeda, At Justin Rrota, Don Ndoc Nikaj, Karl Gurakuqi, Mati Logoreci etj.\/Konica.al<\/p>\n","protected":false},"excerpt":{"rendered":"<p>Shkodra, q\u00eb gjithnj\u00eb ka qen\u00eb nj\u00eb nga qytetet m\u00eb arsimdash\u00ebse dhe t\u00eb shquara p\u00ebr kultur\u00ebn qytetare e artin, ka pasur shkolla q\u00eb n\u00eb shekullin XIII. D\u00ebshmit\u00eb e ekzistenc\u00ebs s\u00eb k\u00ebtyre shkollave na vijn\u00eb nga arkivat e fran\u00e7eskan\u00ebve. Sipas studiuesit Sami Rrepishti, shkollat e para n\u00eb gjuh\u00ebn shqipe jan\u00eb hapur n\u00eb veri t\u00eb Shqip\u00ebris\u00eb nga klerik\u00ebt [&hellip;]<\/p>\n","protected":false},"author":1,"featured_media":0,"comment_status":"closed","ping_status":"closed","sticky":false,"template":"","format":"standard","meta":{"spay_email":"","jetpack_publicize_message":"","jetpack_is_tweetstorm":false,"jetpack_publicize_feature_enabled":true},"categories":[4,1],"tags":[],"jetpack_publicize_connections":[],"yoast_head":"<!-- This site is optimized with the Yoast SEO plugin v19.1 - https:\/\/yoast.com\/wordpress\/plugins\/seo\/ -->\n<title>E rrall\u00eb\/ Shkollat n\u00eb Ulqin dhe Shqip\u00ebri q\u00eb nga viti 1258, ja t\u00eb dh\u00ebnat e reja q\u00eb sjellin studiuesit - Lajme nga Ulqini<\/title>\n<meta name=\"description\" content=\"Shkodra, q\u00eb gjithnj\u00eb ka qen\u00eb nj\u00eb nga qytetet m\u00eb arsimdash\u00ebse dhe t\u00eb shquara p\u00ebr kultur\u00ebn qytetare e artin, ka pasur shkolla q\u00eb n\u00eb shekullin XIII. D\u00ebshmit\u00eb\" \/>\n<meta name=\"robots\" content=\"index, follow, max-snippet:-1, max-image-preview:large, max-video-preview:-1\" \/>\n<link rel=\"canonical\" href=\"https:\/\/www.visit-ulcinj.com\/blog\/2017\/07\/16\/e-rralle-shkollat-ne-ulqin-dhe-shqiperi-qe-nga-viti-1258-ja-te-dhenat-e-reja-qe-sjellin-studiuesit\/\" \/>\n<meta property=\"og:locale\" content=\"en_US\" \/>\n<meta property=\"og:type\" content=\"article\" \/>\n<meta property=\"og:title\" content=\"E rrall\u00eb\/ Shkollat n\u00eb Ulqin dhe Shqip\u00ebri q\u00eb nga viti 1258, ja t\u00eb dh\u00ebnat e reja q\u00eb sjellin studiuesit - Lajme nga Ulqini\" \/>\n<meta property=\"og:description\" content=\"Shkodra, q\u00eb gjithnj\u00eb ka qen\u00eb nj\u00eb nga qytetet m\u00eb arsimdash\u00ebse dhe t\u00eb shquara p\u00ebr kultur\u00ebn qytetare e artin, ka pasur shkolla q\u00eb n\u00eb shekullin XIII. D\u00ebshmit\u00eb\" \/>\n<meta property=\"og:url\" content=\"https:\/\/www.visit-ulcinj.com\/blog\/2017\/07\/16\/e-rralle-shkollat-ne-ulqin-dhe-shqiperi-qe-nga-viti-1258-ja-te-dhenat-e-reja-qe-sjellin-studiuesit\/\" \/>\n<meta property=\"og:site_name\" content=\"Lajme nga Ulqini\" \/>\n<meta property=\"article:published_time\" content=\"2017-07-16T06:27:55+00:00\" \/>\n<meta property=\"article:modified_time\" content=\"2017-07-17T14:29:08+00:00\" \/>\n<meta name=\"twitter:label1\" content=\"Written by\" \/>\n\t<meta name=\"twitter:data1\" content=\"ulqini\" \/>\n\t<meta name=\"twitter:label2\" content=\"Est. reading time\" \/>\n\t<meta name=\"twitter:data2\" content=\"3 minutes\" \/>\n<script type=\"application\/ld+json\" class=\"yoast-schema-graph\">{\"@context\":\"https:\/\/schema.org\",\"@graph\":[{\"@type\":\"WebSite\",\"@id\":\"https:\/\/www.visit-ulcinj.com\/blog\/#website\",\"url\":\"https:\/\/www.visit-ulcinj.com\/blog\/\",\"name\":\"Lajme nga Ulqini\",\"description\":\"Lajme,Vijesti,Ulqini,Ulqin,Crna Gora,Mali i Zi\",\"potentialAction\":[{\"@type\":\"SearchAction\",\"target\":{\"@type\":\"EntryPoint\",\"urlTemplate\":\"https:\/\/www.visit-ulcinj.com\/blog\/?s={search_term_string}\"},\"query-input\":\"required name=search_term_string\"}],\"inLanguage\":\"en-US\"},{\"@type\":\"WebPage\",\"@id\":\"https:\/\/www.visit-ulcinj.com\/blog\/2017\/07\/16\/e-rralle-shkollat-ne-ulqin-dhe-shqiperi-qe-nga-viti-1258-ja-te-dhenat-e-reja-qe-sjellin-studiuesit\/#webpage\",\"url\":\"https:\/\/www.visit-ulcinj.com\/blog\/2017\/07\/16\/e-rralle-shkollat-ne-ulqin-dhe-shqiperi-qe-nga-viti-1258-ja-te-dhenat-e-reja-qe-sjellin-studiuesit\/\",\"name\":\"E rrall\u00eb\/ Shkollat n\u00eb Ulqin dhe Shqip\u00ebri q\u00eb nga viti 1258, ja t\u00eb dh\u00ebnat e reja q\u00eb sjellin studiuesit - Lajme nga Ulqini\",\"isPartOf\":{\"@id\":\"https:\/\/www.visit-ulcinj.com\/blog\/#website\"},\"datePublished\":\"2017-07-16T06:27:55+00:00\",\"dateModified\":\"2017-07-17T14:29:08+00:00\",\"author\":{\"@id\":\"https:\/\/www.visit-ulcinj.com\/blog\/#\/schema\/person\/dcab619c614d3038751c63bc2aadc06d\"},\"description\":\"Shkodra, q\u00eb gjithnj\u00eb ka qen\u00eb nj\u00eb nga qytetet m\u00eb arsimdash\u00ebse dhe t\u00eb shquara p\u00ebr kultur\u00ebn qytetare e artin, ka pasur shkolla q\u00eb n\u00eb shekullin XIII. D\u00ebshmit\u00eb\",\"breadcrumb\":{\"@id\":\"https:\/\/www.visit-ulcinj.com\/blog\/2017\/07\/16\/e-rralle-shkollat-ne-ulqin-dhe-shqiperi-qe-nga-viti-1258-ja-te-dhenat-e-reja-qe-sjellin-studiuesit\/#breadcrumb\"},\"inLanguage\":\"en-US\",\"potentialAction\":[{\"@type\":\"ReadAction\",\"target\":[\"https:\/\/www.visit-ulcinj.com\/blog\/2017\/07\/16\/e-rralle-shkollat-ne-ulqin-dhe-shqiperi-qe-nga-viti-1258-ja-te-dhenat-e-reja-qe-sjellin-studiuesit\/\"]}]},{\"@type\":\"BreadcrumbList\",\"@id\":\"https:\/\/www.visit-ulcinj.com\/blog\/2017\/07\/16\/e-rralle-shkollat-ne-ulqin-dhe-shqiperi-qe-nga-viti-1258-ja-te-dhenat-e-reja-qe-sjellin-studiuesit\/#breadcrumb\",\"itemListElement\":[{\"@type\":\"ListItem\",\"position\":1,\"name\":\"E rrall\u00eb\/ Shkollat n\u00eb Ulqin dhe Shqip\u00ebri q\u00eb nga viti 1258, ja t\u00eb dh\u00ebnat e reja q\u00eb sjellin studiuesit\"}]},{\"@type\":\"Person\",\"@id\":\"https:\/\/www.visit-ulcinj.com\/blog\/#\/schema\/person\/dcab619c614d3038751c63bc2aadc06d\",\"name\":\"ulqini\",\"sameAs\":[\"http:\/\/www.visit-ulcinj.com\"],\"url\":\"https:\/\/www.visit-ulcinj.com\/blog\/author\/admin\/\"}]}<\/script>\n<!-- \/ Yoast SEO plugin. -->","yoast_head_json":{"title":"E rrall\u00eb\/ Shkollat n\u00eb Ulqin dhe Shqip\u00ebri q\u00eb nga viti 1258, ja t\u00eb dh\u00ebnat e reja q\u00eb sjellin studiuesit - Lajme nga Ulqini","description":"Shkodra, q\u00eb gjithnj\u00eb ka qen\u00eb nj\u00eb nga qytetet m\u00eb arsimdash\u00ebse dhe t\u00eb shquara p\u00ebr kultur\u00ebn qytetare e artin, ka pasur shkolla q\u00eb n\u00eb shekullin XIII. D\u00ebshmit\u00eb","robots":{"index":"index","follow":"follow","max-snippet":"max-snippet:-1","max-image-preview":"max-image-preview:large","max-video-preview":"max-video-preview:-1"},"canonical":"https:\/\/www.visit-ulcinj.com\/blog\/2017\/07\/16\/e-rralle-shkollat-ne-ulqin-dhe-shqiperi-qe-nga-viti-1258-ja-te-dhenat-e-reja-qe-sjellin-studiuesit\/","og_locale":"en_US","og_type":"article","og_title":"E rrall\u00eb\/ Shkollat n\u00eb Ulqin dhe Shqip\u00ebri q\u00eb nga viti 1258, ja t\u00eb dh\u00ebnat e reja q\u00eb sjellin studiuesit - Lajme nga Ulqini","og_description":"Shkodra, q\u00eb gjithnj\u00eb ka qen\u00eb nj\u00eb nga qytetet m\u00eb arsimdash\u00ebse dhe t\u00eb shquara p\u00ebr kultur\u00ebn qytetare e artin, ka pasur shkolla q\u00eb n\u00eb shekullin XIII. D\u00ebshmit\u00eb","og_url":"https:\/\/www.visit-ulcinj.com\/blog\/2017\/07\/16\/e-rralle-shkollat-ne-ulqin-dhe-shqiperi-qe-nga-viti-1258-ja-te-dhenat-e-reja-qe-sjellin-studiuesit\/","og_site_name":"Lajme nga Ulqini","article_published_time":"2017-07-16T06:27:55+00:00","article_modified_time":"2017-07-17T14:29:08+00:00","twitter_misc":{"Written by":"ulqini","Est. reading time":"3 minutes"},"schema":{"@context":"https:\/\/schema.org","@graph":[{"@type":"WebSite","@id":"https:\/\/www.visit-ulcinj.com\/blog\/#website","url":"https:\/\/www.visit-ulcinj.com\/blog\/","name":"Lajme nga Ulqini","description":"Lajme,Vijesti,Ulqini,Ulqin,Crna Gora,Mali i Zi","potentialAction":[{"@type":"SearchAction","target":{"@type":"EntryPoint","urlTemplate":"https:\/\/www.visit-ulcinj.com\/blog\/?s={search_term_string}"},"query-input":"required name=search_term_string"}],"inLanguage":"en-US"},{"@type":"WebPage","@id":"https:\/\/www.visit-ulcinj.com\/blog\/2017\/07\/16\/e-rralle-shkollat-ne-ulqin-dhe-shqiperi-qe-nga-viti-1258-ja-te-dhenat-e-reja-qe-sjellin-studiuesit\/#webpage","url":"https:\/\/www.visit-ulcinj.com\/blog\/2017\/07\/16\/e-rralle-shkollat-ne-ulqin-dhe-shqiperi-qe-nga-viti-1258-ja-te-dhenat-e-reja-qe-sjellin-studiuesit\/","name":"E rrall\u00eb\/ Shkollat n\u00eb Ulqin dhe Shqip\u00ebri q\u00eb nga viti 1258, ja t\u00eb dh\u00ebnat e reja q\u00eb sjellin studiuesit - Lajme nga Ulqini","isPartOf":{"@id":"https:\/\/www.visit-ulcinj.com\/blog\/#website"},"datePublished":"2017-07-16T06:27:55+00:00","dateModified":"2017-07-17T14:29:08+00:00","author":{"@id":"https:\/\/www.visit-ulcinj.com\/blog\/#\/schema\/person\/dcab619c614d3038751c63bc2aadc06d"},"description":"Shkodra, q\u00eb gjithnj\u00eb ka qen\u00eb nj\u00eb nga qytetet m\u00eb arsimdash\u00ebse dhe t\u00eb shquara p\u00ebr kultur\u00ebn qytetare e artin, ka pasur shkolla q\u00eb n\u00eb shekullin XIII. D\u00ebshmit\u00eb","breadcrumb":{"@id":"https:\/\/www.visit-ulcinj.com\/blog\/2017\/07\/16\/e-rralle-shkollat-ne-ulqin-dhe-shqiperi-qe-nga-viti-1258-ja-te-dhenat-e-reja-qe-sjellin-studiuesit\/#breadcrumb"},"inLanguage":"en-US","potentialAction":[{"@type":"ReadAction","target":["https:\/\/www.visit-ulcinj.com\/blog\/2017\/07\/16\/e-rralle-shkollat-ne-ulqin-dhe-shqiperi-qe-nga-viti-1258-ja-te-dhenat-e-reja-qe-sjellin-studiuesit\/"]}]},{"@type":"BreadcrumbList","@id":"https:\/\/www.visit-ulcinj.com\/blog\/2017\/07\/16\/e-rralle-shkollat-ne-ulqin-dhe-shqiperi-qe-nga-viti-1258-ja-te-dhenat-e-reja-qe-sjellin-studiuesit\/#breadcrumb","itemListElement":[{"@type":"ListItem","position":1,"name":"E rrall\u00eb\/ Shkollat n\u00eb Ulqin dhe Shqip\u00ebri q\u00eb nga viti 1258, ja t\u00eb dh\u00ebnat e reja q\u00eb sjellin studiuesit"}]},{"@type":"Person","@id":"https:\/\/www.visit-ulcinj.com\/blog\/#\/schema\/person\/dcab619c614d3038751c63bc2aadc06d","name":"ulqini","sameAs":["http:\/\/www.visit-ulcinj.com"],"url":"https:\/\/www.visit-ulcinj.com\/blog\/author\/admin\/"}]}},"jetpack_featured_media_url":"","jetpack_sharing_enabled":true,"jetpack_shortlink":"https:\/\/wp.me\/pe6lTn-rDH","_links":{"self":[{"href":"https:\/\/www.visit-ulcinj.com\/blog\/wp-json\/wp\/v2\/posts\/106249"}],"collection":[{"href":"https:\/\/www.visit-ulcinj.com\/blog\/wp-json\/wp\/v2\/posts"}],"about":[{"href":"https:\/\/www.visit-ulcinj.com\/blog\/wp-json\/wp\/v2\/types\/post"}],"author":[{"embeddable":true,"href":"https:\/\/www.visit-ulcinj.com\/blog\/wp-json\/wp\/v2\/users\/1"}],"replies":[{"embeddable":true,"href":"https:\/\/www.visit-ulcinj.com\/blog\/wp-json\/wp\/v2\/comments?post=106249"}],"version-history":[{"count":1,"href":"https:\/\/www.visit-ulcinj.com\/blog\/wp-json\/wp\/v2\/posts\/106249\/revisions"}],"predecessor-version":[{"id":106251,"href":"https:\/\/www.visit-ulcinj.com\/blog\/wp-json\/wp\/v2\/posts\/106249\/revisions\/106251"}],"wp:attachment":[{"href":"https:\/\/www.visit-ulcinj.com\/blog\/wp-json\/wp\/v2\/media?parent=106249"}],"wp:term":[{"taxonomy":"category","embeddable":true,"href":"https:\/\/www.visit-ulcinj.com\/blog\/wp-json\/wp\/v2\/categories?post=106249"},{"taxonomy":"post_tag","embeddable":true,"href":"https:\/\/www.visit-ulcinj.com\/blog\/wp-json\/wp\/v2\/tags?post=106249"}],"curies":[{"name":"wp","href":"https:\/\/api.w.org\/{rel}","templated":true}]}}