{"id":106253,"date":"2017-07-16T07:37:33","date_gmt":"2017-07-16T06:37:33","guid":{"rendered":"http:\/\/www.visit-ulcinj.com\/blog\/?p=106253"},"modified":"2017-07-16T07:37:33","modified_gmt":"2017-07-16T06:37:33","slug":"fajon-thote-se-mali-zi-eshte-afer-kosova-ka-probleme-serbine","status":"publish","type":"post","link":"https:\/\/www.visit-ulcinj.com\/blog\/2017\/07\/16\/fajon-thote-se-mali-zi-eshte-afer-kosova-ka-probleme-serbine\/","title":{"rendered":"Fajon thot\u00eb se Mali i Zi \u00ebsht\u00eb m\u00eb af\u00ebr BE, Kosova ka probleme me Serbin\u00eb"},"content":{"rendered":"<p class=\"description\"><a href=\"http:\/\/www.visit-ulcinj.com\/blog\/wp-content\/uploads\/2017\/07\/tanja-fajon.jpg\"><img loading=\"lazy\" class=\"alignleft wp-image-106254\" src=\"http:\/\/www.visit-ulcinj.com\/blog\/wp-content\/uploads\/2017\/07\/tanja-fajon.jpg\" alt=\"\" width=\"508\" height=\"255\" srcset=\"https:\/\/www.visit-ulcinj.com\/blog\/wp-content\/uploads\/2017\/07\/tanja-fajon.jpg 1024w, https:\/\/www.visit-ulcinj.com\/blog\/wp-content\/uploads\/2017\/07\/tanja-fajon-300x151.jpg 300w, https:\/\/www.visit-ulcinj.com\/blog\/wp-content\/uploads\/2017\/07\/tanja-fajon-768x386.jpg 768w\" sizes=\"(max-width: 508px) 100vw, 508px\" \/><\/a>Raportuesja p\u00ebr Kosov\u00ebn n\u00eb Parlamentin Evropian Tanja Fajon, ka vler\u00ebsuar se \u201cMali i Zi nuk ka pengesa politike n\u00eb rrug\u00ebn drejt Bashkimit Evropian\u201d, si\u00e7 kan\u00eb probleme Kosova me Serbin\u00eb dhe Maqedonia p\u00ebr emrin.<\/p>\n<div id=\"article-text\">\n<p>Fajon, n\u00eb nj\u00eb deklarat\u00eb p\u00ebr t\u00eb p\u00ebrditshmen e Podgoric\u00ebs, \u201cPobjeda\u201d, ka th\u00ebn\u00eb se BE duhet t\u00eb jet\u00eb m\u00eb e vendosur kur b\u00ebhet fjal\u00eb p\u00ebr gatishm\u00ebrin\u00eb q\u00eb k\u00ebtyre shteteve t\u2019u b\u00ebhet me dije se jan\u00eb t\u00eb mir\u00ebseardhura n\u00eb BE dhe se llogarit n\u00eb to.<\/p>\n<p>\u201cN\u00eb an\u00ebn tjet\u00ebr, shtetet e Ballkanit Per\u00ebndimor duhet t\u00eb b\u00ebjn\u00eb m\u00eb shum\u00eb n\u00eb rrug\u00ebn drejt BE-s\u00eb q\u00eb t\u00eb na e b\u00ebjn\u00eb t\u00eb qart\u00eb se n\u00eb t\u00eb ardhmen veten e shohin v\u00ebrtet n\u00eb familjen ton\u00eb\u201d, ka shtuar Fajon.<\/p>\n<p>Deputetja sllovene n\u00eb Parlamentin Evropian vler\u00ebson se Rusia gjithsesi se do t\u00eb vazhdoj\u00eb me mbrojtjen e interesave t\u00eb veta n\u00eb rajon.<\/p>\n<p>ORA NEWS<\/p>\n<\/div>\n","protected":false},"excerpt":{"rendered":"<p>Raportuesja p\u00ebr Kosov\u00ebn n\u00eb Parlamentin Evropian Tanja Fajon, ka vler\u00ebsuar se \u201cMali i Zi nuk ka pengesa politike n\u00eb rrug\u00ebn drejt Bashkimit Evropian\u201d, si\u00e7 kan\u00eb probleme Kosova me Serbin\u00eb dhe Maqedonia p\u00ebr emrin. Fajon, n\u00eb nj\u00eb deklarat\u00eb p\u00ebr t\u00eb p\u00ebrditshmen e Podgoric\u00ebs, \u201cPobjeda\u201d, ka th\u00ebn\u00eb se BE duhet t\u00eb jet\u00eb m\u00eb e vendosur kur b\u00ebhet [&hellip;]<\/p>\n","protected":false},"author":1,"featured_media":0,"comment_status":"closed","ping_status":"closed","sticky":false,"template":"","format":"standard","meta":{"spay_email":"","jetpack_publicize_message":"","jetpack_is_tweetstorm":false,"jetpack_publicize_feature_enabled":true},"categories":[6950],"tags":[],"jetpack_publicize_connections":[],"yoast_head":"<!-- This site is optimized with the Yoast SEO plugin v19.1 - https:\/\/yoast.com\/wordpress\/plugins\/seo\/ -->\n<title>Fajon thot\u00eb se Mali i Zi \u00ebsht\u00eb m\u00eb af\u00ebr BE, Kosova ka probleme me Serbin\u00eb - Lajme nga Ulqini<\/title>\n<meta name=\"description\" content=\"Raportuesja p\u00ebr Kosov\u00ebn n\u00eb Parlamentin Evropian Tanja Fajon, ka vler\u00ebsuar se \u201cMali i Zi nuk ka pengesa politike n\u00eb rrug\u00ebn drejt Bashkimit Evropian\u201d, si\u00e7\" \/>\n<meta name=\"robots\" content=\"index, follow, max-snippet:-1, max-image-preview:large, max-video-preview:-1\" \/>\n<link rel=\"canonical\" href=\"https:\/\/www.visit-ulcinj.com\/blog\/2017\/07\/16\/fajon-thote-se-mali-zi-eshte-afer-kosova-ka-probleme-serbine\/\" \/>\n<meta property=\"og:locale\" content=\"en_US\" \/>\n<meta property=\"og:type\" content=\"article\" \/>\n<meta property=\"og:title\" content=\"Fajon thot\u00eb se Mali i Zi \u00ebsht\u00eb m\u00eb af\u00ebr BE, Kosova ka probleme me Serbin\u00eb - Lajme nga Ulqini\" \/>\n<meta property=\"og:description\" content=\"Raportuesja p\u00ebr Kosov\u00ebn n\u00eb Parlamentin Evropian Tanja Fajon, ka vler\u00ebsuar se \u201cMali i Zi nuk ka pengesa politike n\u00eb rrug\u00ebn drejt Bashkimit Evropian\u201d, si\u00e7\" \/>\n<meta property=\"og:url\" content=\"https:\/\/www.visit-ulcinj.com\/blog\/2017\/07\/16\/fajon-thote-se-mali-zi-eshte-afer-kosova-ka-probleme-serbine\/\" \/>\n<meta property=\"og:site_name\" content=\"Lajme nga Ulqini\" \/>\n<meta property=\"article:published_time\" content=\"2017-07-16T06:37:33+00:00\" \/>\n<meta property=\"og:image\" content=\"http:\/\/www.visit-ulcinj.com\/blog\/wp-content\/uploads\/2017\/07\/tanja-fajon.jpg\" \/>\n<meta name=\"twitter:label1\" content=\"Written by\" \/>\n\t<meta name=\"twitter:data1\" content=\"ulqini\" \/>\n\t<meta name=\"twitter:label2\" content=\"Est. reading time\" \/>\n\t<meta name=\"twitter:data2\" content=\"1 minute\" \/>\n<script type=\"application\/ld+json\" class=\"yoast-schema-graph\">{\"@context\":\"https:\/\/schema.org\",\"@graph\":[{\"@type\":\"WebSite\",\"@id\":\"https:\/\/www.visit-ulcinj.com\/blog\/#website\",\"url\":\"https:\/\/www.visit-ulcinj.com\/blog\/\",\"name\":\"Lajme nga Ulqini\",\"description\":\"Lajme,Vijesti,Ulqini,Ulqin,Crna Gora,Mali i Zi\",\"potentialAction\":[{\"@type\":\"SearchAction\",\"target\":{\"@type\":\"EntryPoint\",\"urlTemplate\":\"https:\/\/www.visit-ulcinj.com\/blog\/?s={search_term_string}\"},\"query-input\":\"required name=search_term_string\"}],\"inLanguage\":\"en-US\"},{\"@type\":\"ImageObject\",\"inLanguage\":\"en-US\",\"@id\":\"https:\/\/www.visit-ulcinj.com\/blog\/2017\/07\/16\/fajon-thote-se-mali-zi-eshte-afer-kosova-ka-probleme-serbine\/#primaryimage\",\"url\":\"https:\/\/www.visit-ulcinj.com\/blog\/wp-content\/uploads\/2017\/07\/tanja-fajon.jpg\",\"contentUrl\":\"https:\/\/www.visit-ulcinj.com\/blog\/wp-content\/uploads\/2017\/07\/tanja-fajon.jpg\",\"width\":1024,\"height\":514},{\"@type\":\"WebPage\",\"@id\":\"https:\/\/www.visit-ulcinj.com\/blog\/2017\/07\/16\/fajon-thote-se-mali-zi-eshte-afer-kosova-ka-probleme-serbine\/#webpage\",\"url\":\"https:\/\/www.visit-ulcinj.com\/blog\/2017\/07\/16\/fajon-thote-se-mali-zi-eshte-afer-kosova-ka-probleme-serbine\/\",\"name\":\"Fajon thot\u00eb se Mali i Zi \u00ebsht\u00eb m\u00eb af\u00ebr BE, Kosova ka probleme me Serbin\u00eb - Lajme nga Ulqini\",\"isPartOf\":{\"@id\":\"https:\/\/www.visit-ulcinj.com\/blog\/#website\"},\"primaryImageOfPage\":{\"@id\":\"https:\/\/www.visit-ulcinj.com\/blog\/2017\/07\/16\/fajon-thote-se-mali-zi-eshte-afer-kosova-ka-probleme-serbine\/#primaryimage\"},\"datePublished\":\"2017-07-16T06:37:33+00:00\",\"dateModified\":\"2017-07-16T06:37:33+00:00\",\"author\":{\"@id\":\"https:\/\/www.visit-ulcinj.com\/blog\/#\/schema\/person\/dcab619c614d3038751c63bc2aadc06d\"},\"description\":\"Raportuesja p\u00ebr Kosov\u00ebn n\u00eb Parlamentin Evropian Tanja Fajon, ka vler\u00ebsuar se \u201cMali i Zi nuk ka pengesa politike n\u00eb rrug\u00ebn drejt Bashkimit Evropian\u201d, si\u00e7\",\"breadcrumb\":{\"@id\":\"https:\/\/www.visit-ulcinj.com\/blog\/2017\/07\/16\/fajon-thote-se-mali-zi-eshte-afer-kosova-ka-probleme-serbine\/#breadcrumb\"},\"inLanguage\":\"en-US\",\"potentialAction\":[{\"@type\":\"ReadAction\",\"target\":[\"https:\/\/www.visit-ulcinj.com\/blog\/2017\/07\/16\/fajon-thote-se-mali-zi-eshte-afer-kosova-ka-probleme-serbine\/\"]}]},{\"@type\":\"BreadcrumbList\",\"@id\":\"https:\/\/www.visit-ulcinj.com\/blog\/2017\/07\/16\/fajon-thote-se-mali-zi-eshte-afer-kosova-ka-probleme-serbine\/#breadcrumb\",\"itemListElement\":[{\"@type\":\"ListItem\",\"position\":1,\"name\":\"Fajon thot\u00eb se Mali i Zi \u00ebsht\u00eb m\u00eb af\u00ebr BE, Kosova ka probleme me Serbin\u00eb\"}]},{\"@type\":\"Person\",\"@id\":\"https:\/\/www.visit-ulcinj.com\/blog\/#\/schema\/person\/dcab619c614d3038751c63bc2aadc06d\",\"name\":\"ulqini\",\"sameAs\":[\"http:\/\/www.visit-ulcinj.com\"],\"url\":\"https:\/\/www.visit-ulcinj.com\/blog\/author\/admin\/\"}]}<\/script>\n<!-- \/ Yoast SEO plugin. -->","yoast_head_json":{"title":"Fajon thot\u00eb se Mali i Zi \u00ebsht\u00eb m\u00eb af\u00ebr BE, Kosova ka probleme me Serbin\u00eb - Lajme nga Ulqini","description":"Raportuesja p\u00ebr Kosov\u00ebn n\u00eb Parlamentin Evropian Tanja Fajon, ka vler\u00ebsuar se \u201cMali i Zi nuk ka pengesa politike n\u00eb rrug\u00ebn drejt Bashkimit Evropian\u201d, si\u00e7","robots":{"index":"index","follow":"follow","max-snippet":"max-snippet:-1","max-image-preview":"max-image-preview:large","max-video-preview":"max-video-preview:-1"},"canonical":"https:\/\/www.visit-ulcinj.com\/blog\/2017\/07\/16\/fajon-thote-se-mali-zi-eshte-afer-kosova-ka-probleme-serbine\/","og_locale":"en_US","og_type":"article","og_title":"Fajon thot\u00eb se Mali i Zi \u00ebsht\u00eb m\u00eb af\u00ebr BE, Kosova ka probleme me Serbin\u00eb - Lajme nga Ulqini","og_description":"Raportuesja p\u00ebr Kosov\u00ebn n\u00eb Parlamentin Evropian Tanja Fajon, ka vler\u00ebsuar se \u201cMali i Zi nuk ka pengesa politike n\u00eb rrug\u00ebn drejt Bashkimit Evropian\u201d, si\u00e7","og_url":"https:\/\/www.visit-ulcinj.com\/blog\/2017\/07\/16\/fajon-thote-se-mali-zi-eshte-afer-kosova-ka-probleme-serbine\/","og_site_name":"Lajme nga Ulqini","article_published_time":"2017-07-16T06:37:33+00:00","og_image":[{"url":"http:\/\/www.visit-ulcinj.com\/blog\/wp-content\/uploads\/2017\/07\/tanja-fajon.jpg"}],"twitter_misc":{"Written by":"ulqini","Est. reading time":"1 minute"},"schema":{"@context":"https:\/\/schema.org","@graph":[{"@type":"WebSite","@id":"https:\/\/www.visit-ulcinj.com\/blog\/#website","url":"https:\/\/www.visit-ulcinj.com\/blog\/","name":"Lajme nga Ulqini","description":"Lajme,Vijesti,Ulqini,Ulqin,Crna Gora,Mali i Zi","potentialAction":[{"@type":"SearchAction","target":{"@type":"EntryPoint","urlTemplate":"https:\/\/www.visit-ulcinj.com\/blog\/?s={search_term_string}"},"query-input":"required name=search_term_string"}],"inLanguage":"en-US"},{"@type":"ImageObject","inLanguage":"en-US","@id":"https:\/\/www.visit-ulcinj.com\/blog\/2017\/07\/16\/fajon-thote-se-mali-zi-eshte-afer-kosova-ka-probleme-serbine\/#primaryimage","url":"https:\/\/www.visit-ulcinj.com\/blog\/wp-content\/uploads\/2017\/07\/tanja-fajon.jpg","contentUrl":"https:\/\/www.visit-ulcinj.com\/blog\/wp-content\/uploads\/2017\/07\/tanja-fajon.jpg","width":1024,"height":514},{"@type":"WebPage","@id":"https:\/\/www.visit-ulcinj.com\/blog\/2017\/07\/16\/fajon-thote-se-mali-zi-eshte-afer-kosova-ka-probleme-serbine\/#webpage","url":"https:\/\/www.visit-ulcinj.com\/blog\/2017\/07\/16\/fajon-thote-se-mali-zi-eshte-afer-kosova-ka-probleme-serbine\/","name":"Fajon thot\u00eb se Mali i Zi \u00ebsht\u00eb m\u00eb af\u00ebr BE, Kosova ka probleme me Serbin\u00eb - Lajme nga Ulqini","isPartOf":{"@id":"https:\/\/www.visit-ulcinj.com\/blog\/#website"},"primaryImageOfPage":{"@id":"https:\/\/www.visit-ulcinj.com\/blog\/2017\/07\/16\/fajon-thote-se-mali-zi-eshte-afer-kosova-ka-probleme-serbine\/#primaryimage"},"datePublished":"2017-07-16T06:37:33+00:00","dateModified":"2017-07-16T06:37:33+00:00","author":{"@id":"https:\/\/www.visit-ulcinj.com\/blog\/#\/schema\/person\/dcab619c614d3038751c63bc2aadc06d"},"description":"Raportuesja p\u00ebr Kosov\u00ebn n\u00eb Parlamentin Evropian Tanja Fajon, ka vler\u00ebsuar se \u201cMali i Zi nuk ka pengesa politike n\u00eb rrug\u00ebn drejt Bashkimit Evropian\u201d, si\u00e7","breadcrumb":{"@id":"https:\/\/www.visit-ulcinj.com\/blog\/2017\/07\/16\/fajon-thote-se-mali-zi-eshte-afer-kosova-ka-probleme-serbine\/#breadcrumb"},"inLanguage":"en-US","potentialAction":[{"@type":"ReadAction","target":["https:\/\/www.visit-ulcinj.com\/blog\/2017\/07\/16\/fajon-thote-se-mali-zi-eshte-afer-kosova-ka-probleme-serbine\/"]}]},{"@type":"BreadcrumbList","@id":"https:\/\/www.visit-ulcinj.com\/blog\/2017\/07\/16\/fajon-thote-se-mali-zi-eshte-afer-kosova-ka-probleme-serbine\/#breadcrumb","itemListElement":[{"@type":"ListItem","position":1,"name":"Fajon thot\u00eb se Mali i Zi \u00ebsht\u00eb m\u00eb af\u00ebr BE, Kosova ka probleme me Serbin\u00eb"}]},{"@type":"Person","@id":"https:\/\/www.visit-ulcinj.com\/blog\/#\/schema\/person\/dcab619c614d3038751c63bc2aadc06d","name":"ulqini","sameAs":["http:\/\/www.visit-ulcinj.com"],"url":"https:\/\/www.visit-ulcinj.com\/blog\/author\/admin\/"}]}},"jetpack_featured_media_url":"","jetpack_sharing_enabled":true,"jetpack_shortlink":"https:\/\/wp.me\/pe6lTn-rDL","_links":{"self":[{"href":"https:\/\/www.visit-ulcinj.com\/blog\/wp-json\/wp\/v2\/posts\/106253"}],"collection":[{"href":"https:\/\/www.visit-ulcinj.com\/blog\/wp-json\/wp\/v2\/posts"}],"about":[{"href":"https:\/\/www.visit-ulcinj.com\/blog\/wp-json\/wp\/v2\/types\/post"}],"author":[{"embeddable":true,"href":"https:\/\/www.visit-ulcinj.com\/blog\/wp-json\/wp\/v2\/users\/1"}],"replies":[{"embeddable":true,"href":"https:\/\/www.visit-ulcinj.com\/blog\/wp-json\/wp\/v2\/comments?post=106253"}],"version-history":[{"count":1,"href":"https:\/\/www.visit-ulcinj.com\/blog\/wp-json\/wp\/v2\/posts\/106253\/revisions"}],"predecessor-version":[{"id":106255,"href":"https:\/\/www.visit-ulcinj.com\/blog\/wp-json\/wp\/v2\/posts\/106253\/revisions\/106255"}],"wp:attachment":[{"href":"https:\/\/www.visit-ulcinj.com\/blog\/wp-json\/wp\/v2\/media?parent=106253"}],"wp:term":[{"taxonomy":"category","embeddable":true,"href":"https:\/\/www.visit-ulcinj.com\/blog\/wp-json\/wp\/v2\/categories?post=106253"},{"taxonomy":"post_tag","embeddable":true,"href":"https:\/\/www.visit-ulcinj.com\/blog\/wp-json\/wp\/v2\/tags?post=106253"}],"curies":[{"name":"wp","href":"https:\/\/api.w.org\/{rel}","templated":true}]}}