{"id":106256,"date":"2017-07-16T07:44:22","date_gmt":"2017-07-16T06:44:22","guid":{"rendered":"http:\/\/www.visit-ulcinj.com\/blog\/?p=106256"},"modified":"2017-07-16T07:55:19","modified_gmt":"2017-07-16T06:55:19","slug":"meda-dhe-gold-ag-publikojne-kengen-inat-nga-ulqini","status":"publish","type":"post","link":"https:\/\/www.visit-ulcinj.com\/blog\/2017\/07\/16\/meda-dhe-gold-ag-publikojne-kengen-inat-nga-ulqini\/","title":{"rendered":"Meda dhe Gold Ag publikojn\u00eb k\u00ebng\u00ebn \u201cInat\u201d nga Ulqini &#8211; Video"},"content":{"rendered":"<p><a href=\"http:\/\/www.visit-ulcinj.com\/blog\/wp-content\/uploads\/2017\/07\/Meda-dhe-Gold-AG-ne-Ulqin.jpg\"><img loading=\"lazy\" class=\"alignleft wp-image-106257\" src=\"http:\/\/www.visit-ulcinj.com\/blog\/wp-content\/uploads\/2017\/07\/Meda-dhe-Gold-AG-ne-Ulqin.jpg\" alt=\"\" width=\"508\" height=\"286\" \/><\/a>Pas nj\u00eb videoje t\u00eb shkurt\u00ebr paralajm\u00ebrim, doli edhe videoja zyrtare e k\u00ebng\u00ebs m\u00eb t\u00eb re nga Meda dhe Gold Ag.<\/p>\n<p>Dyshja e njohur tashm\u00eb kan\u00eb lansuar projektin e tyre me titull \u201cInat\u201d, shkruan Indeksonline.<\/p>\n<p>Dyshja kan\u00eb zgjedhur t\u00eb xhirojn\u00eb klipin e tyre p\u00ebrgjat\u00eb rrug\u00ebs p\u00ebr n\u00eb Ulqin, si dhe m\u00eb pas nj\u00eb nga plazhet e k\u00ebtij qyteti. Nd\u00ebrkoh\u00eb xhirimet p\u00ebrfundimtare i kan\u00eb kryer n\u00eb zon\u00ebn m\u00eb luksoze t\u00eb Ulqinit, n\u00eb\u00a0 plazhin Cabo Beach dhe Paradise Beach n\u00eb Ulqin<span class=\"fwn fcg\"><span class=\"fwb fcg\" data-ft=\"{&quot;tn&quot;:&quot;k&quot;}\"><span class=\"highlightNode\"> , n\u00eb<\/span><\/span><\/span>\u201cAda Bojana\u201d, mbi lumin Buna, si dhe molon e madhe t\u00eb Ulqinit.<\/p>\n<p>K\u00ebnga e cila \u00ebsht\u00eb paralajm\u00ebruar tash e sa dit\u00eb, gjindet n\u00eb kanalin Youtube p\u00ebr fansat e dy k\u00ebng\u00ebtar\u00ebve.<\/p>\n<!--YouTube Error: bad URL entered-->\n","protected":false},"excerpt":{"rendered":"<p>Pas nj\u00eb videoje t\u00eb shkurt\u00ebr paralajm\u00ebrim, doli edhe videoja zyrtare e k\u00ebng\u00ebs m\u00eb t\u00eb re nga Meda dhe Gold Ag. Dyshja e njohur tashm\u00eb kan\u00eb lansuar projektin e tyre me titull \u201cInat\u201d, shkruan Indeksonline. Dyshja kan\u00eb zgjedhur t\u00eb xhirojn\u00eb klipin e tyre p\u00ebrgjat\u00eb rrug\u00ebs p\u00ebr n\u00eb Ulqin, si dhe m\u00eb pas nj\u00eb nga plazhet e [&hellip;]<\/p>\n","protected":false},"author":1,"featured_media":0,"comment_status":"closed","ping_status":"closed","sticky":false,"template":"","format":"standard","meta":{"spay_email":"","jetpack_publicize_message":"","jetpack_is_tweetstorm":false,"jetpack_publicize_feature_enabled":true},"categories":[1],"tags":[],"jetpack_publicize_connections":[],"yoast_head":"<!-- This site is optimized with the Yoast SEO plugin v19.1 - https:\/\/yoast.com\/wordpress\/plugins\/seo\/ -->\n<title>Meda dhe Gold Ag publikojn\u00eb k\u00ebng\u00ebn \u201cInat\u201d nga Ulqini - Video - Lajme nga Ulqini<\/title>\n<meta name=\"description\" content=\"Pas nj\u00eb videoje t\u00eb shkurt\u00ebr paralajm\u00ebrim, doli edhe videoja zyrtare e k\u00ebng\u00ebs m\u00eb t\u00eb re nga Meda dhe Gold Ag. Dyshja e njohur tashm\u00eb kan\u00eb lansuar projektin\" \/>\n<meta name=\"robots\" content=\"index, follow, max-snippet:-1, max-image-preview:large, max-video-preview:-1\" \/>\n<link rel=\"canonical\" href=\"https:\/\/www.visit-ulcinj.com\/blog\/2017\/07\/16\/meda-dhe-gold-ag-publikojne-kengen-inat-nga-ulqini\/\" \/>\n<meta property=\"og:locale\" content=\"en_US\" \/>\n<meta property=\"og:type\" content=\"article\" \/>\n<meta property=\"og:title\" content=\"Meda dhe Gold Ag publikojn\u00eb k\u00ebng\u00ebn \u201cInat\u201d nga Ulqini - Video - Lajme nga Ulqini\" \/>\n<meta property=\"og:description\" content=\"Pas nj\u00eb videoje t\u00eb shkurt\u00ebr paralajm\u00ebrim, doli edhe videoja zyrtare e k\u00ebng\u00ebs m\u00eb t\u00eb re nga Meda dhe Gold Ag. Dyshja e njohur tashm\u00eb kan\u00eb lansuar projektin\" \/>\n<meta property=\"og:url\" content=\"https:\/\/www.visit-ulcinj.com\/blog\/2017\/07\/16\/meda-dhe-gold-ag-publikojne-kengen-inat-nga-ulqini\/\" \/>\n<meta property=\"og:site_name\" content=\"Lajme nga Ulqini\" \/>\n<meta property=\"article:published_time\" content=\"2017-07-16T06:44:22+00:00\" \/>\n<meta property=\"article:modified_time\" content=\"2017-07-16T06:55:19+00:00\" \/>\n<meta property=\"og:image\" content=\"http:\/\/www.visit-ulcinj.com\/blog\/wp-content\/uploads\/2017\/07\/Meda-dhe-Gold-AG-ne-Ulqin.jpg\" \/>\n<meta name=\"twitter:label1\" content=\"Written by\" \/>\n\t<meta name=\"twitter:data1\" content=\"ulqini\" \/>\n\t<meta name=\"twitter:label2\" content=\"Est. reading time\" \/>\n\t<meta name=\"twitter:data2\" content=\"1 minute\" \/>\n<script type=\"application\/ld+json\" class=\"yoast-schema-graph\">{\"@context\":\"https:\/\/schema.org\",\"@graph\":[{\"@type\":\"WebSite\",\"@id\":\"https:\/\/www.visit-ulcinj.com\/blog\/#website\",\"url\":\"https:\/\/www.visit-ulcinj.com\/blog\/\",\"name\":\"Lajme nga Ulqini\",\"description\":\"Lajme,Vijesti,Ulqini,Ulqin,Crna Gora,Mali i Zi\",\"potentialAction\":[{\"@type\":\"SearchAction\",\"target\":{\"@type\":\"EntryPoint\",\"urlTemplate\":\"https:\/\/www.visit-ulcinj.com\/blog\/?s={search_term_string}\"},\"query-input\":\"required name=search_term_string\"}],\"inLanguage\":\"en-US\"},{\"@type\":\"ImageObject\",\"inLanguage\":\"en-US\",\"@id\":\"https:\/\/www.visit-ulcinj.com\/blog\/2017\/07\/16\/meda-dhe-gold-ag-publikojne-kengen-inat-nga-ulqini\/#primaryimage\",\"url\":\"http:\/\/www.visit-ulcinj.com\/blog\/wp-content\/uploads\/2017\/07\/Meda-dhe-Gold-AG-ne-Ulqin.jpg\",\"contentUrl\":\"http:\/\/www.visit-ulcinj.com\/blog\/wp-content\/uploads\/2017\/07\/Meda-dhe-Gold-AG-ne-Ulqin.jpg\"},{\"@type\":\"WebPage\",\"@id\":\"https:\/\/www.visit-ulcinj.com\/blog\/2017\/07\/16\/meda-dhe-gold-ag-publikojne-kengen-inat-nga-ulqini\/#webpage\",\"url\":\"https:\/\/www.visit-ulcinj.com\/blog\/2017\/07\/16\/meda-dhe-gold-ag-publikojne-kengen-inat-nga-ulqini\/\",\"name\":\"Meda dhe Gold Ag publikojn\u00eb k\u00ebng\u00ebn \u201cInat\u201d nga Ulqini - Video - Lajme nga Ulqini\",\"isPartOf\":{\"@id\":\"https:\/\/www.visit-ulcinj.com\/blog\/#website\"},\"primaryImageOfPage\":{\"@id\":\"https:\/\/www.visit-ulcinj.com\/blog\/2017\/07\/16\/meda-dhe-gold-ag-publikojne-kengen-inat-nga-ulqini\/#primaryimage\"},\"datePublished\":\"2017-07-16T06:44:22+00:00\",\"dateModified\":\"2017-07-16T06:55:19+00:00\",\"author\":{\"@id\":\"https:\/\/www.visit-ulcinj.com\/blog\/#\/schema\/person\/dcab619c614d3038751c63bc2aadc06d\"},\"description\":\"Pas nj\u00eb videoje t\u00eb shkurt\u00ebr paralajm\u00ebrim, doli edhe videoja zyrtare e k\u00ebng\u00ebs m\u00eb t\u00eb re nga Meda dhe Gold Ag. Dyshja e njohur tashm\u00eb kan\u00eb lansuar projektin\",\"breadcrumb\":{\"@id\":\"https:\/\/www.visit-ulcinj.com\/blog\/2017\/07\/16\/meda-dhe-gold-ag-publikojne-kengen-inat-nga-ulqini\/#breadcrumb\"},\"inLanguage\":\"en-US\",\"potentialAction\":[{\"@type\":\"ReadAction\",\"target\":[\"https:\/\/www.visit-ulcinj.com\/blog\/2017\/07\/16\/meda-dhe-gold-ag-publikojne-kengen-inat-nga-ulqini\/\"]}]},{\"@type\":\"BreadcrumbList\",\"@id\":\"https:\/\/www.visit-ulcinj.com\/blog\/2017\/07\/16\/meda-dhe-gold-ag-publikojne-kengen-inat-nga-ulqini\/#breadcrumb\",\"itemListElement\":[{\"@type\":\"ListItem\",\"position\":1,\"name\":\"Meda dhe Gold Ag publikojn\u00eb k\u00ebng\u00ebn \u201cInat\u201d nga Ulqini &#8211; Video\"}]},{\"@type\":\"Person\",\"@id\":\"https:\/\/www.visit-ulcinj.com\/blog\/#\/schema\/person\/dcab619c614d3038751c63bc2aadc06d\",\"name\":\"ulqini\",\"sameAs\":[\"http:\/\/www.visit-ulcinj.com\"],\"url\":\"https:\/\/www.visit-ulcinj.com\/blog\/author\/admin\/\"}]}<\/script>\n<!-- \/ Yoast SEO plugin. -->","yoast_head_json":{"title":"Meda dhe Gold Ag publikojn\u00eb k\u00ebng\u00ebn \u201cInat\u201d nga Ulqini - Video - Lajme nga Ulqini","description":"Pas nj\u00eb videoje t\u00eb shkurt\u00ebr paralajm\u00ebrim, doli edhe videoja zyrtare e k\u00ebng\u00ebs m\u00eb t\u00eb re nga Meda dhe Gold Ag. Dyshja e njohur tashm\u00eb kan\u00eb lansuar projektin","robots":{"index":"index","follow":"follow","max-snippet":"max-snippet:-1","max-image-preview":"max-image-preview:large","max-video-preview":"max-video-preview:-1"},"canonical":"https:\/\/www.visit-ulcinj.com\/blog\/2017\/07\/16\/meda-dhe-gold-ag-publikojne-kengen-inat-nga-ulqini\/","og_locale":"en_US","og_type":"article","og_title":"Meda dhe Gold Ag publikojn\u00eb k\u00ebng\u00ebn \u201cInat\u201d nga Ulqini - Video - Lajme nga Ulqini","og_description":"Pas nj\u00eb videoje t\u00eb shkurt\u00ebr paralajm\u00ebrim, doli edhe videoja zyrtare e k\u00ebng\u00ebs m\u00eb t\u00eb re nga Meda dhe Gold Ag. Dyshja e njohur tashm\u00eb kan\u00eb lansuar projektin","og_url":"https:\/\/www.visit-ulcinj.com\/blog\/2017\/07\/16\/meda-dhe-gold-ag-publikojne-kengen-inat-nga-ulqini\/","og_site_name":"Lajme nga Ulqini","article_published_time":"2017-07-16T06:44:22+00:00","article_modified_time":"2017-07-16T06:55:19+00:00","og_image":[{"url":"http:\/\/www.visit-ulcinj.com\/blog\/wp-content\/uploads\/2017\/07\/Meda-dhe-Gold-AG-ne-Ulqin.jpg"}],"twitter_misc":{"Written by":"ulqini","Est. reading time":"1 minute"},"schema":{"@context":"https:\/\/schema.org","@graph":[{"@type":"WebSite","@id":"https:\/\/www.visit-ulcinj.com\/blog\/#website","url":"https:\/\/www.visit-ulcinj.com\/blog\/","name":"Lajme nga Ulqini","description":"Lajme,Vijesti,Ulqini,Ulqin,Crna Gora,Mali i Zi","potentialAction":[{"@type":"SearchAction","target":{"@type":"EntryPoint","urlTemplate":"https:\/\/www.visit-ulcinj.com\/blog\/?s={search_term_string}"},"query-input":"required name=search_term_string"}],"inLanguage":"en-US"},{"@type":"ImageObject","inLanguage":"en-US","@id":"https:\/\/www.visit-ulcinj.com\/blog\/2017\/07\/16\/meda-dhe-gold-ag-publikojne-kengen-inat-nga-ulqini\/#primaryimage","url":"http:\/\/www.visit-ulcinj.com\/blog\/wp-content\/uploads\/2017\/07\/Meda-dhe-Gold-AG-ne-Ulqin.jpg","contentUrl":"http:\/\/www.visit-ulcinj.com\/blog\/wp-content\/uploads\/2017\/07\/Meda-dhe-Gold-AG-ne-Ulqin.jpg"},{"@type":"WebPage","@id":"https:\/\/www.visit-ulcinj.com\/blog\/2017\/07\/16\/meda-dhe-gold-ag-publikojne-kengen-inat-nga-ulqini\/#webpage","url":"https:\/\/www.visit-ulcinj.com\/blog\/2017\/07\/16\/meda-dhe-gold-ag-publikojne-kengen-inat-nga-ulqini\/","name":"Meda dhe Gold Ag publikojn\u00eb k\u00ebng\u00ebn \u201cInat\u201d nga Ulqini - Video - Lajme nga Ulqini","isPartOf":{"@id":"https:\/\/www.visit-ulcinj.com\/blog\/#website"},"primaryImageOfPage":{"@id":"https:\/\/www.visit-ulcinj.com\/blog\/2017\/07\/16\/meda-dhe-gold-ag-publikojne-kengen-inat-nga-ulqini\/#primaryimage"},"datePublished":"2017-07-16T06:44:22+00:00","dateModified":"2017-07-16T06:55:19+00:00","author":{"@id":"https:\/\/www.visit-ulcinj.com\/blog\/#\/schema\/person\/dcab619c614d3038751c63bc2aadc06d"},"description":"Pas nj\u00eb videoje t\u00eb shkurt\u00ebr paralajm\u00ebrim, doli edhe videoja zyrtare e k\u00ebng\u00ebs m\u00eb t\u00eb re nga Meda dhe Gold Ag. Dyshja e njohur tashm\u00eb kan\u00eb lansuar projektin","breadcrumb":{"@id":"https:\/\/www.visit-ulcinj.com\/blog\/2017\/07\/16\/meda-dhe-gold-ag-publikojne-kengen-inat-nga-ulqini\/#breadcrumb"},"inLanguage":"en-US","potentialAction":[{"@type":"ReadAction","target":["https:\/\/www.visit-ulcinj.com\/blog\/2017\/07\/16\/meda-dhe-gold-ag-publikojne-kengen-inat-nga-ulqini\/"]}]},{"@type":"BreadcrumbList","@id":"https:\/\/www.visit-ulcinj.com\/blog\/2017\/07\/16\/meda-dhe-gold-ag-publikojne-kengen-inat-nga-ulqini\/#breadcrumb","itemListElement":[{"@type":"ListItem","position":1,"name":"Meda dhe Gold Ag publikojn\u00eb k\u00ebng\u00ebn \u201cInat\u201d nga Ulqini &#8211; Video"}]},{"@type":"Person","@id":"https:\/\/www.visit-ulcinj.com\/blog\/#\/schema\/person\/dcab619c614d3038751c63bc2aadc06d","name":"ulqini","sameAs":["http:\/\/www.visit-ulcinj.com"],"url":"https:\/\/www.visit-ulcinj.com\/blog\/author\/admin\/"}]}},"jetpack_featured_media_url":"","jetpack_sharing_enabled":true,"jetpack_shortlink":"https:\/\/wp.me\/pe6lTn-rDO","_links":{"self":[{"href":"https:\/\/www.visit-ulcinj.com\/blog\/wp-json\/wp\/v2\/posts\/106256"}],"collection":[{"href":"https:\/\/www.visit-ulcinj.com\/blog\/wp-json\/wp\/v2\/posts"}],"about":[{"href":"https:\/\/www.visit-ulcinj.com\/blog\/wp-json\/wp\/v2\/types\/post"}],"author":[{"embeddable":true,"href":"https:\/\/www.visit-ulcinj.com\/blog\/wp-json\/wp\/v2\/users\/1"}],"replies":[{"embeddable":true,"href":"https:\/\/www.visit-ulcinj.com\/blog\/wp-json\/wp\/v2\/comments?post=106256"}],"version-history":[{"count":5,"href":"https:\/\/www.visit-ulcinj.com\/blog\/wp-json\/wp\/v2\/posts\/106256\/revisions"}],"predecessor-version":[{"id":106262,"href":"https:\/\/www.visit-ulcinj.com\/blog\/wp-json\/wp\/v2\/posts\/106256\/revisions\/106262"}],"wp:attachment":[{"href":"https:\/\/www.visit-ulcinj.com\/blog\/wp-json\/wp\/v2\/media?parent=106256"}],"wp:term":[{"taxonomy":"category","embeddable":true,"href":"https:\/\/www.visit-ulcinj.com\/blog\/wp-json\/wp\/v2\/categories?post=106256"},{"taxonomy":"post_tag","embeddable":true,"href":"https:\/\/www.visit-ulcinj.com\/blog\/wp-json\/wp\/v2\/tags?post=106256"}],"curies":[{"name":"wp","href":"https:\/\/api.w.org\/{rel}","templated":true}]}}