{"id":106285,"date":"2017-07-17T15:14:44","date_gmt":"2017-07-17T14:14:44","guid":{"rendered":"http:\/\/www.visit-ulcinj.com\/blog\/?p=106285"},"modified":"2017-07-17T15:15:15","modified_gmt":"2017-07-17T14:15:15","slug":"ermali-ne-pushime-me-vipa-ne-far-beach-ne-ulqin-video","status":"publish","type":"post","link":"https:\/\/www.visit-ulcinj.com\/blog\/2017\/07\/17\/ermali-ne-pushime-me-vipa-ne-far-beach-ne-ulqin-video\/","title":{"rendered":"Ermali n\u00eb pushime me..Vipa n\u00eb Far Beach n\u00eb Ulqin &#8211; Video"},"content":{"rendered":"<p><a href=\"http:\/\/www.visit-ulcinj.com\/blog\/wp-content\/uploads\/2017\/07\/Ermali-n\u00eb-pushime-me..Vipa-n\u00eb-Far-Beach-n\u00eb-Ulqin.jpg\"><img loading=\"lazy\" class=\"alignleft wp-image-106286\" src=\"http:\/\/www.visit-ulcinj.com\/blog\/wp-content\/uploads\/2017\/07\/Ermali-n\u00eb-pushime-me..Vipa-n\u00eb-Far-Beach-n\u00eb-Ulqin.jpg\" alt=\"\" width=\"508\" height=\"286\" \/><\/a>K\u00ebng\u00ebtari i njohur Ermal Fejzullahu ka zgjedhur q\u00eb t\u00eb b\u00ebj\u00eb disa dit\u00eb pushim q\u00eb t\u2019i mbush \u201cbaterit\u00eb\u201d p\u00ebr mbr\u00ebmjet e shumta q\u00eb do t\u00eb ket\u00eb gjat\u00eb sezonit t\u00eb ver\u00ebs n\u00eb Far Beach t\u00eb Ulqinit.<\/p>\n<p>K\u00ebto dit\u00eb Ermal Fejzullahu dhe KAOS kan\u00eb publikuar duetin e tyre m\u00eb ti me titull \u2018VIP\u2019.<\/p>\n<p><a href=\"http:\/\/www.visit-ulcinj.com\/blog\/wp-content\/uploads\/2017\/07\/Far-Beach-Ulqin.jpg\"><img loading=\"lazy\" class=\"alignleft wp-image-106287\" src=\"http:\/\/www.visit-ulcinj.com\/blog\/wp-content\/uploads\/2017\/07\/Far-Beach-Ulqin.jpg\" alt=\"\" width=\"508\" height=\"279\" srcset=\"https:\/\/www.visit-ulcinj.com\/blog\/wp-content\/uploads\/2017\/07\/Far-Beach-Ulqin.jpg 960w, https:\/\/www.visit-ulcinj.com\/blog\/wp-content\/uploads\/2017\/07\/Far-Beach-Ulqin-300x165.jpg 300w, https:\/\/www.visit-ulcinj.com\/blog\/wp-content\/uploads\/2017\/07\/Far-Beach-Ulqin-768x422.jpg 768w\" sizes=\"(max-width: 508px) 100vw, 508px\" \/><\/a><\/p>\n<p>K\u00ebnga \u00ebsht\u00eb ritmike e realizuar enkas p\u00ebr sezon\u00ebn e ver\u00ebs e kompletuar edhe me videoklip.<\/p>\n<p>\u2018VIP\u2019 \u00ebsht\u00eb punuar nga produksioni CEKIC BEATZ nd\u00ebrsa klipi \u00ebsht\u00eb realizuar nga MAX Production.<\/p>\n<!--YouTube Error: bad URL entered-->\n","protected":false},"excerpt":{"rendered":"<p>K\u00ebng\u00ebtari i njohur Ermal Fejzullahu ka zgjedhur q\u00eb t\u00eb b\u00ebj\u00eb disa dit\u00eb pushim q\u00eb t\u2019i mbush \u201cbaterit\u00eb\u201d p\u00ebr mbr\u00ebmjet e shumta q\u00eb do t\u00eb ket\u00eb gjat\u00eb sezonit t\u00eb ver\u00ebs n\u00eb Far Beach t\u00eb Ulqinit. K\u00ebto dit\u00eb Ermal Fejzullahu dhe KAOS kan\u00eb publikuar duetin e tyre m\u00eb ti me titull \u2018VIP\u2019. K\u00ebnga \u00ebsht\u00eb ritmike e realizuar [&hellip;]<\/p>\n","protected":false},"author":1,"featured_media":0,"comment_status":"closed","ping_status":"closed","sticky":false,"template":"","format":"standard","meta":{"spay_email":"","jetpack_publicize_message":"","jetpack_is_tweetstorm":false,"jetpack_publicize_feature_enabled":true},"categories":[1],"tags":[],"jetpack_publicize_connections":[],"yoast_head":"<!-- This site is optimized with the Yoast SEO plugin v19.1 - https:\/\/yoast.com\/wordpress\/plugins\/seo\/ -->\n<title>Ermali n\u00eb pushime me..Vipa n\u00eb Far Beach n\u00eb Ulqin - Video - Lajme nga Ulqini<\/title>\n<meta name=\"description\" content=\"K\u00ebng\u00ebtari i njohur Ermal Fejzullahu ka zgjedhur q\u00eb t\u00eb b\u00ebj\u00eb disa dit\u00eb pushim q\u00eb t\u2019i mbush \u201cbaterit\u00eb\u201d p\u00ebr mbr\u00ebmjet e shumta q\u00eb do t\u00eb ket\u00eb gjat\u00eb sezonit t\u00eb\" \/>\n<meta name=\"robots\" content=\"index, follow, max-snippet:-1, max-image-preview:large, max-video-preview:-1\" \/>\n<link rel=\"canonical\" href=\"https:\/\/www.visit-ulcinj.com\/blog\/2017\/07\/17\/ermali-ne-pushime-me-vipa-ne-far-beach-ne-ulqin-video\/\" \/>\n<meta property=\"og:locale\" content=\"en_US\" \/>\n<meta property=\"og:type\" content=\"article\" \/>\n<meta property=\"og:title\" content=\"Ermali n\u00eb pushime me..Vipa n\u00eb Far Beach n\u00eb Ulqin - Video - Lajme nga Ulqini\" \/>\n<meta property=\"og:description\" content=\"K\u00ebng\u00ebtari i njohur Ermal Fejzullahu ka zgjedhur q\u00eb t\u00eb b\u00ebj\u00eb disa dit\u00eb pushim q\u00eb t\u2019i mbush \u201cbaterit\u00eb\u201d p\u00ebr mbr\u00ebmjet e shumta q\u00eb do t\u00eb ket\u00eb gjat\u00eb sezonit t\u00eb\" \/>\n<meta property=\"og:url\" content=\"https:\/\/www.visit-ulcinj.com\/blog\/2017\/07\/17\/ermali-ne-pushime-me-vipa-ne-far-beach-ne-ulqin-video\/\" \/>\n<meta property=\"og:site_name\" content=\"Lajme nga Ulqini\" \/>\n<meta property=\"article:published_time\" content=\"2017-07-17T14:14:44+00:00\" \/>\n<meta property=\"article:modified_time\" content=\"2017-07-17T14:15:15+00:00\" \/>\n<meta property=\"og:image\" content=\"http:\/\/www.visit-ulcinj.com\/blog\/wp-content\/uploads\/2017\/07\/Far-Beach-Ulqin.jpg\" \/>\n<meta name=\"twitter:label1\" content=\"Written by\" \/>\n\t<meta name=\"twitter:data1\" content=\"ulqini\" \/>\n\t<meta name=\"twitter:label2\" content=\"Est. reading time\" \/>\n\t<meta name=\"twitter:data2\" content=\"1 minute\" \/>\n<script type=\"application\/ld+json\" class=\"yoast-schema-graph\">{\"@context\":\"https:\/\/schema.org\",\"@graph\":[{\"@type\":\"WebSite\",\"@id\":\"https:\/\/www.visit-ulcinj.com\/blog\/#website\",\"url\":\"https:\/\/www.visit-ulcinj.com\/blog\/\",\"name\":\"Lajme nga Ulqini\",\"description\":\"Lajme,Vijesti,Ulqini,Ulqin,Crna Gora,Mali i Zi\",\"potentialAction\":[{\"@type\":\"SearchAction\",\"target\":{\"@type\":\"EntryPoint\",\"urlTemplate\":\"https:\/\/www.visit-ulcinj.com\/blog\/?s={search_term_string}\"},\"query-input\":\"required name=search_term_string\"}],\"inLanguage\":\"en-US\"},{\"@type\":\"ImageObject\",\"inLanguage\":\"en-US\",\"@id\":\"https:\/\/www.visit-ulcinj.com\/blog\/2017\/07\/17\/ermali-ne-pushime-me-vipa-ne-far-beach-ne-ulqin-video\/#primaryimage\",\"url\":\"https:\/\/www.visit-ulcinj.com\/blog\/wp-content\/uploads\/2017\/07\/Far-Beach-Ulqin.jpg\",\"contentUrl\":\"https:\/\/www.visit-ulcinj.com\/blog\/wp-content\/uploads\/2017\/07\/Far-Beach-Ulqin.jpg\",\"width\":960,\"height\":528},{\"@type\":\"WebPage\",\"@id\":\"https:\/\/www.visit-ulcinj.com\/blog\/2017\/07\/17\/ermali-ne-pushime-me-vipa-ne-far-beach-ne-ulqin-video\/#webpage\",\"url\":\"https:\/\/www.visit-ulcinj.com\/blog\/2017\/07\/17\/ermali-ne-pushime-me-vipa-ne-far-beach-ne-ulqin-video\/\",\"name\":\"Ermali n\u00eb pushime me..Vipa n\u00eb Far Beach n\u00eb Ulqin - Video - Lajme nga Ulqini\",\"isPartOf\":{\"@id\":\"https:\/\/www.visit-ulcinj.com\/blog\/#website\"},\"primaryImageOfPage\":{\"@id\":\"https:\/\/www.visit-ulcinj.com\/blog\/2017\/07\/17\/ermali-ne-pushime-me-vipa-ne-far-beach-ne-ulqin-video\/#primaryimage\"},\"datePublished\":\"2017-07-17T14:14:44+00:00\",\"dateModified\":\"2017-07-17T14:15:15+00:00\",\"author\":{\"@id\":\"https:\/\/www.visit-ulcinj.com\/blog\/#\/schema\/person\/dcab619c614d3038751c63bc2aadc06d\"},\"description\":\"K\u00ebng\u00ebtari i njohur Ermal Fejzullahu ka zgjedhur q\u00eb t\u00eb b\u00ebj\u00eb disa dit\u00eb pushim q\u00eb t\u2019i mbush \u201cbaterit\u00eb\u201d p\u00ebr mbr\u00ebmjet e shumta q\u00eb do t\u00eb ket\u00eb gjat\u00eb sezonit t\u00eb\",\"breadcrumb\":{\"@id\":\"https:\/\/www.visit-ulcinj.com\/blog\/2017\/07\/17\/ermali-ne-pushime-me-vipa-ne-far-beach-ne-ulqin-video\/#breadcrumb\"},\"inLanguage\":\"en-US\",\"potentialAction\":[{\"@type\":\"ReadAction\",\"target\":[\"https:\/\/www.visit-ulcinj.com\/blog\/2017\/07\/17\/ermali-ne-pushime-me-vipa-ne-far-beach-ne-ulqin-video\/\"]}]},{\"@type\":\"BreadcrumbList\",\"@id\":\"https:\/\/www.visit-ulcinj.com\/blog\/2017\/07\/17\/ermali-ne-pushime-me-vipa-ne-far-beach-ne-ulqin-video\/#breadcrumb\",\"itemListElement\":[{\"@type\":\"ListItem\",\"position\":1,\"name\":\"Ermali n\u00eb pushime me..Vipa n\u00eb Far Beach n\u00eb Ulqin &#8211; Video\"}]},{\"@type\":\"Person\",\"@id\":\"https:\/\/www.visit-ulcinj.com\/blog\/#\/schema\/person\/dcab619c614d3038751c63bc2aadc06d\",\"name\":\"ulqini\",\"sameAs\":[\"http:\/\/www.visit-ulcinj.com\"],\"url\":\"https:\/\/www.visit-ulcinj.com\/blog\/author\/admin\/\"}]}<\/script>\n<!-- \/ Yoast SEO plugin. -->","yoast_head_json":{"title":"Ermali n\u00eb pushime me..Vipa n\u00eb Far Beach n\u00eb Ulqin - Video - Lajme nga Ulqini","description":"K\u00ebng\u00ebtari i njohur Ermal Fejzullahu ka zgjedhur q\u00eb t\u00eb b\u00ebj\u00eb disa dit\u00eb pushim q\u00eb t\u2019i mbush \u201cbaterit\u00eb\u201d p\u00ebr mbr\u00ebmjet e shumta q\u00eb do t\u00eb ket\u00eb gjat\u00eb sezonit t\u00eb","robots":{"index":"index","follow":"follow","max-snippet":"max-snippet:-1","max-image-preview":"max-image-preview:large","max-video-preview":"max-video-preview:-1"},"canonical":"https:\/\/www.visit-ulcinj.com\/blog\/2017\/07\/17\/ermali-ne-pushime-me-vipa-ne-far-beach-ne-ulqin-video\/","og_locale":"en_US","og_type":"article","og_title":"Ermali n\u00eb pushime me..Vipa n\u00eb Far Beach n\u00eb Ulqin - Video - Lajme nga Ulqini","og_description":"K\u00ebng\u00ebtari i njohur Ermal Fejzullahu ka zgjedhur q\u00eb t\u00eb b\u00ebj\u00eb disa dit\u00eb pushim q\u00eb t\u2019i mbush \u201cbaterit\u00eb\u201d p\u00ebr mbr\u00ebmjet e shumta q\u00eb do t\u00eb ket\u00eb gjat\u00eb sezonit t\u00eb","og_url":"https:\/\/www.visit-ulcinj.com\/blog\/2017\/07\/17\/ermali-ne-pushime-me-vipa-ne-far-beach-ne-ulqin-video\/","og_site_name":"Lajme nga Ulqini","article_published_time":"2017-07-17T14:14:44+00:00","article_modified_time":"2017-07-17T14:15:15+00:00","og_image":[{"url":"http:\/\/www.visit-ulcinj.com\/blog\/wp-content\/uploads\/2017\/07\/Far-Beach-Ulqin.jpg"}],"twitter_misc":{"Written by":"ulqini","Est. reading time":"1 minute"},"schema":{"@context":"https:\/\/schema.org","@graph":[{"@type":"WebSite","@id":"https:\/\/www.visit-ulcinj.com\/blog\/#website","url":"https:\/\/www.visit-ulcinj.com\/blog\/","name":"Lajme nga Ulqini","description":"Lajme,Vijesti,Ulqini,Ulqin,Crna Gora,Mali i Zi","potentialAction":[{"@type":"SearchAction","target":{"@type":"EntryPoint","urlTemplate":"https:\/\/www.visit-ulcinj.com\/blog\/?s={search_term_string}"},"query-input":"required name=search_term_string"}],"inLanguage":"en-US"},{"@type":"ImageObject","inLanguage":"en-US","@id":"https:\/\/www.visit-ulcinj.com\/blog\/2017\/07\/17\/ermali-ne-pushime-me-vipa-ne-far-beach-ne-ulqin-video\/#primaryimage","url":"https:\/\/www.visit-ulcinj.com\/blog\/wp-content\/uploads\/2017\/07\/Far-Beach-Ulqin.jpg","contentUrl":"https:\/\/www.visit-ulcinj.com\/blog\/wp-content\/uploads\/2017\/07\/Far-Beach-Ulqin.jpg","width":960,"height":528},{"@type":"WebPage","@id":"https:\/\/www.visit-ulcinj.com\/blog\/2017\/07\/17\/ermali-ne-pushime-me-vipa-ne-far-beach-ne-ulqin-video\/#webpage","url":"https:\/\/www.visit-ulcinj.com\/blog\/2017\/07\/17\/ermali-ne-pushime-me-vipa-ne-far-beach-ne-ulqin-video\/","name":"Ermali n\u00eb pushime me..Vipa n\u00eb Far Beach n\u00eb Ulqin - Video - Lajme nga Ulqini","isPartOf":{"@id":"https:\/\/www.visit-ulcinj.com\/blog\/#website"},"primaryImageOfPage":{"@id":"https:\/\/www.visit-ulcinj.com\/blog\/2017\/07\/17\/ermali-ne-pushime-me-vipa-ne-far-beach-ne-ulqin-video\/#primaryimage"},"datePublished":"2017-07-17T14:14:44+00:00","dateModified":"2017-07-17T14:15:15+00:00","author":{"@id":"https:\/\/www.visit-ulcinj.com\/blog\/#\/schema\/person\/dcab619c614d3038751c63bc2aadc06d"},"description":"K\u00ebng\u00ebtari i njohur Ermal Fejzullahu ka zgjedhur q\u00eb t\u00eb b\u00ebj\u00eb disa dit\u00eb pushim q\u00eb t\u2019i mbush \u201cbaterit\u00eb\u201d p\u00ebr mbr\u00ebmjet e shumta q\u00eb do t\u00eb ket\u00eb gjat\u00eb sezonit t\u00eb","breadcrumb":{"@id":"https:\/\/www.visit-ulcinj.com\/blog\/2017\/07\/17\/ermali-ne-pushime-me-vipa-ne-far-beach-ne-ulqin-video\/#breadcrumb"},"inLanguage":"en-US","potentialAction":[{"@type":"ReadAction","target":["https:\/\/www.visit-ulcinj.com\/blog\/2017\/07\/17\/ermali-ne-pushime-me-vipa-ne-far-beach-ne-ulqin-video\/"]}]},{"@type":"BreadcrumbList","@id":"https:\/\/www.visit-ulcinj.com\/blog\/2017\/07\/17\/ermali-ne-pushime-me-vipa-ne-far-beach-ne-ulqin-video\/#breadcrumb","itemListElement":[{"@type":"ListItem","position":1,"name":"Ermali n\u00eb pushime me..Vipa n\u00eb Far Beach n\u00eb Ulqin &#8211; Video"}]},{"@type":"Person","@id":"https:\/\/www.visit-ulcinj.com\/blog\/#\/schema\/person\/dcab619c614d3038751c63bc2aadc06d","name":"ulqini","sameAs":["http:\/\/www.visit-ulcinj.com"],"url":"https:\/\/www.visit-ulcinj.com\/blog\/author\/admin\/"}]}},"jetpack_featured_media_url":"","jetpack_sharing_enabled":true,"jetpack_shortlink":"https:\/\/wp.me\/pe6lTn-rEh","_links":{"self":[{"href":"https:\/\/www.visit-ulcinj.com\/blog\/wp-json\/wp\/v2\/posts\/106285"}],"collection":[{"href":"https:\/\/www.visit-ulcinj.com\/blog\/wp-json\/wp\/v2\/posts"}],"about":[{"href":"https:\/\/www.visit-ulcinj.com\/blog\/wp-json\/wp\/v2\/types\/post"}],"author":[{"embeddable":true,"href":"https:\/\/www.visit-ulcinj.com\/blog\/wp-json\/wp\/v2\/users\/1"}],"replies":[{"embeddable":true,"href":"https:\/\/www.visit-ulcinj.com\/blog\/wp-json\/wp\/v2\/comments?post=106285"}],"version-history":[{"count":2,"href":"https:\/\/www.visit-ulcinj.com\/blog\/wp-json\/wp\/v2\/posts\/106285\/revisions"}],"predecessor-version":[{"id":106289,"href":"https:\/\/www.visit-ulcinj.com\/blog\/wp-json\/wp\/v2\/posts\/106285\/revisions\/106289"}],"wp:attachment":[{"href":"https:\/\/www.visit-ulcinj.com\/blog\/wp-json\/wp\/v2\/media?parent=106285"}],"wp:term":[{"taxonomy":"category","embeddable":true,"href":"https:\/\/www.visit-ulcinj.com\/blog\/wp-json\/wp\/v2\/categories?post=106285"},{"taxonomy":"post_tag","embeddable":true,"href":"https:\/\/www.visit-ulcinj.com\/blog\/wp-json\/wp\/v2\/tags?post=106285"}],"curies":[{"name":"wp","href":"https:\/\/api.w.org\/{rel}","templated":true}]}}