{"id":106290,"date":"2017-07-17T15:27:32","date_gmt":"2017-07-17T14:27:32","guid":{"rendered":"http:\/\/www.visit-ulcinj.com\/blog\/?p=106290"},"modified":"2017-07-18T07:03:07","modified_gmt":"2017-07-18T06:03:07","slug":"fluks-i-madh-pushuesish-ne-piken-e-kalimit-kufitar-te-muriqanit-video-rtsh","status":"publish","type":"post","link":"https:\/\/www.visit-ulcinj.com\/blog\/2017\/07\/17\/fluks-i-madh-pushuesish-ne-piken-e-kalimit-kufitar-te-muriqanit-video-rtsh\/","title":{"rendered":"Eskluzive: Fluks i madh pushuesish n\u00eb pik\u00ebn e kalimit kufitar t\u00eb Muriqanit &#8211; Video RTSH"},"content":{"rendered":"<p><a href=\"http:\/\/www.visit-ulcinj.com\/blog\/wp-content\/uploads\/2017\/07\/Fluks-i-madh-pushuesish-n\u00eb-pik\u00ebn-e-kalimit-kufitar-t\u00eb-Muriqanit.jpg\"><img loading=\"lazy\" class=\"alignleft wp-image-106291\" src=\"http:\/\/www.visit-ulcinj.com\/blog\/wp-content\/uploads\/2017\/07\/Fluks-i-madh-pushuesish-n\u00eb-pik\u00ebn-e-kalimit-kufitar-t\u00eb-Muriqanit.jpg\" alt=\"\" width=\"508\" height=\"382\" srcset=\"https:\/\/www.visit-ulcinj.com\/blog\/wp-content\/uploads\/2017\/07\/Fluks-i-madh-pushuesish-n\u00eb-pik\u00ebn-e-kalimit-kufitar-t\u00eb-Muriqanit.jpg 657w, https:\/\/www.visit-ulcinj.com\/blog\/wp-content\/uploads\/2017\/07\/Fluks-i-madh-pushuesish-n\u00eb-pik\u00ebn-e-kalimit-kufitar-t\u00eb-Muriqanit-300x226.jpg 300w\" sizes=\"(max-width: 508px) 100vw, 508px\" \/><\/a><strong><span id=\"eow-title\" class=\"watch-title\" dir=\"ltr\" title=\"Fluks i madh qarkullimi n\u00eb Pik\u00ebn Kufitare Muriqan\">Fluks i madh qarkullimi n\u00eb Pik\u00ebn Kufitare Muriqan <\/span><\/strong><\/p>\n<p>Sezoni i sivjet\u00ebm turistik po shoq\u00ebrohet me nj\u00eb fluks t\u00eb lart\u00eb kalimesh n\u00eb pikat n\u00eb t\u00eb gjitha pikat kufitare t\u00eb Shqip\u00ebris\u00eb. N\u00eb pik\u00eb kalimin e Muriqanit, n\u00eb kufirin mes Shqip\u00ebris\u00eb dhe Malit te Zi, sidomos n\u00eb fundjave, krijohen rradh\u00eb kilometrike automjetesh, kryesisht n\u00eb dalje.<\/p>\n<p>Udh\u00ebtar\u00ebt ankohen p\u00ebr pritjen e gjat\u00eb n\u00eb kufi, nd\u00ebrkoh\u00eb q\u00eb autoritetet thon\u00eb se po punojn\u00eb me procedura t\u00eb p\u00ebrshpejtuara dhe personel t\u00eb dyfishuar p\u00ebr p\u00ebrballimin e fluksit. Ardian Hoti i RTSH sjell materialin.<\/p>\n<p>RTSH<\/p>\n<!--YouTube Error: bad URL entered-->\n","protected":false},"excerpt":{"rendered":"<p>Fluks i madh qarkullimi n\u00eb Pik\u00ebn Kufitare Muriqan Sezoni i sivjet\u00ebm turistik po shoq\u00ebrohet me nj\u00eb fluks t\u00eb lart\u00eb kalimesh n\u00eb pikat n\u00eb t\u00eb gjitha pikat kufitare t\u00eb Shqip\u00ebris\u00eb. N\u00eb pik\u00eb kalimin e Muriqanit, n\u00eb kufirin mes Shqip\u00ebris\u00eb dhe Malit te Zi, sidomos n\u00eb fundjave, krijohen rradh\u00eb kilometrike automjetesh, kryesisht n\u00eb dalje. Udh\u00ebtar\u00ebt ankohen p\u00ebr [&hellip;]<\/p>\n","protected":false},"author":1,"featured_media":0,"comment_status":"closed","ping_status":"closed","sticky":false,"template":"","format":"standard","meta":{"spay_email":"","jetpack_publicize_message":"","jetpack_is_tweetstorm":false,"jetpack_publicize_feature_enabled":true},"categories":[1,13],"tags":[],"jetpack_publicize_connections":[],"yoast_head":"<!-- This site is optimized with the Yoast SEO plugin v19.1 - https:\/\/yoast.com\/wordpress\/plugins\/seo\/ -->\n<title>Eskluzive: Fluks i madh pushuesish n\u00eb pik\u00ebn e kalimit kufitar t\u00eb Muriqanit - Video RTSH - Lajme nga Ulqini<\/title>\n<meta name=\"description\" content=\"Fluks i madh qarkullimi n\u00eb Pik\u00ebn Kufitare Muriqan Sezoni i sivjet\u00ebm turistik po shoq\u00ebrohet me nj\u00eb fluks t\u00eb lart\u00eb kalimesh n\u00eb pikat n\u00eb t\u00eb gjitha pikat\" \/>\n<meta name=\"robots\" content=\"index, follow, max-snippet:-1, max-image-preview:large, max-video-preview:-1\" \/>\n<link rel=\"canonical\" href=\"https:\/\/www.visit-ulcinj.com\/blog\/2017\/07\/17\/fluks-i-madh-pushuesish-ne-piken-e-kalimit-kufitar-te-muriqanit-video-rtsh\/\" \/>\n<meta property=\"og:locale\" content=\"en_US\" \/>\n<meta property=\"og:type\" content=\"article\" \/>\n<meta property=\"og:title\" content=\"Eskluzive: Fluks i madh pushuesish n\u00eb pik\u00ebn e kalimit kufitar t\u00eb Muriqanit - Video RTSH - Lajme nga Ulqini\" \/>\n<meta property=\"og:description\" content=\"Fluks i madh qarkullimi n\u00eb Pik\u00ebn Kufitare Muriqan Sezoni i sivjet\u00ebm turistik po shoq\u00ebrohet me nj\u00eb fluks t\u00eb lart\u00eb kalimesh n\u00eb pikat n\u00eb t\u00eb gjitha pikat\" \/>\n<meta property=\"og:url\" content=\"https:\/\/www.visit-ulcinj.com\/blog\/2017\/07\/17\/fluks-i-madh-pushuesish-ne-piken-e-kalimit-kufitar-te-muriqanit-video-rtsh\/\" \/>\n<meta property=\"og:site_name\" content=\"Lajme nga Ulqini\" \/>\n<meta property=\"article:published_time\" content=\"2017-07-17T14:27:32+00:00\" \/>\n<meta property=\"article:modified_time\" content=\"2017-07-18T06:03:07+00:00\" \/>\n<meta name=\"twitter:label1\" content=\"Written by\" \/>\n\t<meta name=\"twitter:data1\" content=\"ulqini\" \/>\n\t<meta name=\"twitter:label2\" content=\"Est. reading time\" \/>\n\t<meta name=\"twitter:data2\" content=\"1 minute\" \/>\n<script type=\"application\/ld+json\" class=\"yoast-schema-graph\">{\"@context\":\"https:\/\/schema.org\",\"@graph\":[{\"@type\":\"WebSite\",\"@id\":\"https:\/\/www.visit-ulcinj.com\/blog\/#website\",\"url\":\"https:\/\/www.visit-ulcinj.com\/blog\/\",\"name\":\"Lajme nga Ulqini\",\"description\":\"Lajme,Vijesti,Ulqini,Ulqin,Crna Gora,Mali i Zi\",\"potentialAction\":[{\"@type\":\"SearchAction\",\"target\":{\"@type\":\"EntryPoint\",\"urlTemplate\":\"https:\/\/www.visit-ulcinj.com\/blog\/?s={search_term_string}\"},\"query-input\":\"required name=search_term_string\"}],\"inLanguage\":\"en-US\"},{\"@type\":\"WebPage\",\"@id\":\"https:\/\/www.visit-ulcinj.com\/blog\/2017\/07\/17\/fluks-i-madh-pushuesish-ne-piken-e-kalimit-kufitar-te-muriqanit-video-rtsh\/#webpage\",\"url\":\"https:\/\/www.visit-ulcinj.com\/blog\/2017\/07\/17\/fluks-i-madh-pushuesish-ne-piken-e-kalimit-kufitar-te-muriqanit-video-rtsh\/\",\"name\":\"Eskluzive: Fluks i madh pushuesish n\u00eb pik\u00ebn e kalimit kufitar t\u00eb Muriqanit - Video RTSH - Lajme nga Ulqini\",\"isPartOf\":{\"@id\":\"https:\/\/www.visit-ulcinj.com\/blog\/#website\"},\"datePublished\":\"2017-07-17T14:27:32+00:00\",\"dateModified\":\"2017-07-18T06:03:07+00:00\",\"author\":{\"@id\":\"https:\/\/www.visit-ulcinj.com\/blog\/#\/schema\/person\/dcab619c614d3038751c63bc2aadc06d\"},\"description\":\"Fluks i madh qarkullimi n\u00eb Pik\u00ebn Kufitare Muriqan Sezoni i sivjet\u00ebm turistik po shoq\u00ebrohet me nj\u00eb fluks t\u00eb lart\u00eb kalimesh n\u00eb pikat n\u00eb t\u00eb gjitha pikat\",\"breadcrumb\":{\"@id\":\"https:\/\/www.visit-ulcinj.com\/blog\/2017\/07\/17\/fluks-i-madh-pushuesish-ne-piken-e-kalimit-kufitar-te-muriqanit-video-rtsh\/#breadcrumb\"},\"inLanguage\":\"en-US\",\"potentialAction\":[{\"@type\":\"ReadAction\",\"target\":[\"https:\/\/www.visit-ulcinj.com\/blog\/2017\/07\/17\/fluks-i-madh-pushuesish-ne-piken-e-kalimit-kufitar-te-muriqanit-video-rtsh\/\"]}]},{\"@type\":\"BreadcrumbList\",\"@id\":\"https:\/\/www.visit-ulcinj.com\/blog\/2017\/07\/17\/fluks-i-madh-pushuesish-ne-piken-e-kalimit-kufitar-te-muriqanit-video-rtsh\/#breadcrumb\",\"itemListElement\":[{\"@type\":\"ListItem\",\"position\":1,\"name\":\"Eskluzive: Fluks i madh pushuesish n\u00eb pik\u00ebn e kalimit kufitar t\u00eb Muriqanit &#8211; Video RTSH\"}]},{\"@type\":\"Person\",\"@id\":\"https:\/\/www.visit-ulcinj.com\/blog\/#\/schema\/person\/dcab619c614d3038751c63bc2aadc06d\",\"name\":\"ulqini\",\"sameAs\":[\"http:\/\/www.visit-ulcinj.com\"],\"url\":\"https:\/\/www.visit-ulcinj.com\/blog\/author\/admin\/\"}]}<\/script>\n<!-- \/ Yoast SEO plugin. -->","yoast_head_json":{"title":"Eskluzive: Fluks i madh pushuesish n\u00eb pik\u00ebn e kalimit kufitar t\u00eb Muriqanit - Video RTSH - Lajme nga Ulqini","description":"Fluks i madh qarkullimi n\u00eb Pik\u00ebn Kufitare Muriqan Sezoni i sivjet\u00ebm turistik po shoq\u00ebrohet me nj\u00eb fluks t\u00eb lart\u00eb kalimesh n\u00eb pikat n\u00eb t\u00eb gjitha pikat","robots":{"index":"index","follow":"follow","max-snippet":"max-snippet:-1","max-image-preview":"max-image-preview:large","max-video-preview":"max-video-preview:-1"},"canonical":"https:\/\/www.visit-ulcinj.com\/blog\/2017\/07\/17\/fluks-i-madh-pushuesish-ne-piken-e-kalimit-kufitar-te-muriqanit-video-rtsh\/","og_locale":"en_US","og_type":"article","og_title":"Eskluzive: Fluks i madh pushuesish n\u00eb pik\u00ebn e kalimit kufitar t\u00eb Muriqanit - Video RTSH - Lajme nga Ulqini","og_description":"Fluks i madh qarkullimi n\u00eb Pik\u00ebn Kufitare Muriqan Sezoni i sivjet\u00ebm turistik po shoq\u00ebrohet me nj\u00eb fluks t\u00eb lart\u00eb kalimesh n\u00eb pikat n\u00eb t\u00eb gjitha pikat","og_url":"https:\/\/www.visit-ulcinj.com\/blog\/2017\/07\/17\/fluks-i-madh-pushuesish-ne-piken-e-kalimit-kufitar-te-muriqanit-video-rtsh\/","og_site_name":"Lajme nga Ulqini","article_published_time":"2017-07-17T14:27:32+00:00","article_modified_time":"2017-07-18T06:03:07+00:00","twitter_misc":{"Written by":"ulqini","Est. reading time":"1 minute"},"schema":{"@context":"https:\/\/schema.org","@graph":[{"@type":"WebSite","@id":"https:\/\/www.visit-ulcinj.com\/blog\/#website","url":"https:\/\/www.visit-ulcinj.com\/blog\/","name":"Lajme nga Ulqini","description":"Lajme,Vijesti,Ulqini,Ulqin,Crna Gora,Mali i Zi","potentialAction":[{"@type":"SearchAction","target":{"@type":"EntryPoint","urlTemplate":"https:\/\/www.visit-ulcinj.com\/blog\/?s={search_term_string}"},"query-input":"required name=search_term_string"}],"inLanguage":"en-US"},{"@type":"WebPage","@id":"https:\/\/www.visit-ulcinj.com\/blog\/2017\/07\/17\/fluks-i-madh-pushuesish-ne-piken-e-kalimit-kufitar-te-muriqanit-video-rtsh\/#webpage","url":"https:\/\/www.visit-ulcinj.com\/blog\/2017\/07\/17\/fluks-i-madh-pushuesish-ne-piken-e-kalimit-kufitar-te-muriqanit-video-rtsh\/","name":"Eskluzive: Fluks i madh pushuesish n\u00eb pik\u00ebn e kalimit kufitar t\u00eb Muriqanit - Video RTSH - Lajme nga Ulqini","isPartOf":{"@id":"https:\/\/www.visit-ulcinj.com\/blog\/#website"},"datePublished":"2017-07-17T14:27:32+00:00","dateModified":"2017-07-18T06:03:07+00:00","author":{"@id":"https:\/\/www.visit-ulcinj.com\/blog\/#\/schema\/person\/dcab619c614d3038751c63bc2aadc06d"},"description":"Fluks i madh qarkullimi n\u00eb Pik\u00ebn Kufitare Muriqan Sezoni i sivjet\u00ebm turistik po shoq\u00ebrohet me nj\u00eb fluks t\u00eb lart\u00eb kalimesh n\u00eb pikat n\u00eb t\u00eb gjitha pikat","breadcrumb":{"@id":"https:\/\/www.visit-ulcinj.com\/blog\/2017\/07\/17\/fluks-i-madh-pushuesish-ne-piken-e-kalimit-kufitar-te-muriqanit-video-rtsh\/#breadcrumb"},"inLanguage":"en-US","potentialAction":[{"@type":"ReadAction","target":["https:\/\/www.visit-ulcinj.com\/blog\/2017\/07\/17\/fluks-i-madh-pushuesish-ne-piken-e-kalimit-kufitar-te-muriqanit-video-rtsh\/"]}]},{"@type":"BreadcrumbList","@id":"https:\/\/www.visit-ulcinj.com\/blog\/2017\/07\/17\/fluks-i-madh-pushuesish-ne-piken-e-kalimit-kufitar-te-muriqanit-video-rtsh\/#breadcrumb","itemListElement":[{"@type":"ListItem","position":1,"name":"Eskluzive: Fluks i madh pushuesish n\u00eb pik\u00ebn e kalimit kufitar t\u00eb Muriqanit &#8211; Video RTSH"}]},{"@type":"Person","@id":"https:\/\/www.visit-ulcinj.com\/blog\/#\/schema\/person\/dcab619c614d3038751c63bc2aadc06d","name":"ulqini","sameAs":["http:\/\/www.visit-ulcinj.com"],"url":"https:\/\/www.visit-ulcinj.com\/blog\/author\/admin\/"}]}},"jetpack_featured_media_url":"","jetpack_sharing_enabled":true,"jetpack_shortlink":"https:\/\/wp.me\/pe6lTn-rEm","_links":{"self":[{"href":"https:\/\/www.visit-ulcinj.com\/blog\/wp-json\/wp\/v2\/posts\/106290"}],"collection":[{"href":"https:\/\/www.visit-ulcinj.com\/blog\/wp-json\/wp\/v2\/posts"}],"about":[{"href":"https:\/\/www.visit-ulcinj.com\/blog\/wp-json\/wp\/v2\/types\/post"}],"author":[{"embeddable":true,"href":"https:\/\/www.visit-ulcinj.com\/blog\/wp-json\/wp\/v2\/users\/1"}],"replies":[{"embeddable":true,"href":"https:\/\/www.visit-ulcinj.com\/blog\/wp-json\/wp\/v2\/comments?post=106290"}],"version-history":[{"count":3,"href":"https:\/\/www.visit-ulcinj.com\/blog\/wp-json\/wp\/v2\/posts\/106290\/revisions"}],"predecessor-version":[{"id":106294,"href":"https:\/\/www.visit-ulcinj.com\/blog\/wp-json\/wp\/v2\/posts\/106290\/revisions\/106294"}],"wp:attachment":[{"href":"https:\/\/www.visit-ulcinj.com\/blog\/wp-json\/wp\/v2\/media?parent=106290"}],"wp:term":[{"taxonomy":"category","embeddable":true,"href":"https:\/\/www.visit-ulcinj.com\/blog\/wp-json\/wp\/v2\/categories?post=106290"},{"taxonomy":"post_tag","embeddable":true,"href":"https:\/\/www.visit-ulcinj.com\/blog\/wp-json\/wp\/v2\/tags?post=106290"}],"curies":[{"name":"wp","href":"https:\/\/api.w.org\/{rel}","templated":true}]}}