{"id":106302,"date":"2017-07-17T16:27:00","date_gmt":"2017-07-17T15:27:00","guid":{"rendered":"http:\/\/www.visit-ulcinj.com\/blog\/?p=106302"},"modified":"2017-07-17T16:28:39","modified_gmt":"2017-07-17T15:28:39","slug":"budva-shqiptari-hidhet-me-flamurin-kuq-e-zi-nga-vinci-revoltohen-malazezet-video","status":"publish","type":"post","link":"https:\/\/www.visit-ulcinj.com\/blog\/2017\/07\/17\/budva-shqiptari-hidhet-me-flamurin-kuq-e-zi-nga-vinci-revoltohen-malazezet-video\/","title":{"rendered":"Budva: Shqiptari hidhet me flamurin kuq e zi nga vin\u00e7i, revoltohen malazez\u00ebt- Video"},"content":{"rendered":"<p><a href=\"http:\/\/www.visit-ulcinj.com\/blog\/wp-content\/uploads\/2017\/07\/Budva-Shqiptari-hidhet-me-flamurin-kuq-e-zi-nga-vin\u00e7i.jpg\"><img loading=\"lazy\" class=\"alignleft wp-image-106303\" src=\"http:\/\/www.visit-ulcinj.com\/blog\/wp-content\/uploads\/2017\/07\/Budva-Shqiptari-hidhet-me-flamurin-kuq-e-zi-nga-vin\u00e7i.jpg\" alt=\"\" width=\"508\" height=\"265\" \/><\/a>Pushimet jan\u00eb nj\u00eb periudh\u00eb q\u00eb t\u00eb gjith\u00eb p\u00ebrpiqen t\u00eb arg\u00ebtohen sa m\u00eb shum\u00eb dhe padyshim nj\u00eb form\u00eb arg\u00ebtimi \u00ebsht\u00eb edhe t\u00eb tregosh se nga vjen, sidomos n\u00ebse me pushime je jasht\u00eb vendit.<\/p>\n<p>K\u00ebshtu nj\u00eb shqiptar, i gjendur me pushime n\u00eb Budva ka shpalosur flamurin shqiptar, por k\u00ebt\u00eb ai e ka b\u00ebr\u00eb shum\u00eb metra mbi tok\u00eb. Shqiptari ka hipur maj\u00eb nj\u00eb vin\u00e7i dhe nd\u00ebrkoh\u00eb q\u00eb b\u00ebn nj\u00eb hedhje spektakolare, sigurisht i lidhur dhe i siguruar n\u00eb vin\u00e7, shpalos edhe flamurin shqiptar dhe e mban p\u00ebr disa momente duke e val\u00ebvitur.<\/p>\n<p>Interesante \u00ebsht\u00eb q\u00eb videoja e k\u00ebtij \u201caksioni\u201d \u00ebsht\u00eb hedhur n\u00eb rrjet dhe komente kan\u00eb qen\u00eb t\u00eb shumta, kuptohet jo pozitive nga malazez\u00ebt dhe serb\u00ebt kryesisht. Komentuesit kan\u00eb v\u00ebrshuar n\u00eb bllok duke th\u00ebn\u00eb q\u00eb flamuri nuk ishte shqiptar, por i Malit t\u00eb Zi dhe madje tjer\u00eb shkruanin se ishte serb. Por u ka shp\u00ebtuar nj\u00eb detaj i vog\u00ebl, shqiponja e zez\u00eb dy krenare. \/joq\/Shekulli\/<\/p>\n<p>[flv]http:\/\/edge-europe.abingmedia.com\/4\/streaming\/\/1115385.mp4[\/flv]<\/p>\n<p>&nbsp;<\/p>\n","protected":false},"excerpt":{"rendered":"<p>Pushimet jan\u00eb nj\u00eb periudh\u00eb q\u00eb t\u00eb gjith\u00eb p\u00ebrpiqen t\u00eb arg\u00ebtohen sa m\u00eb shum\u00eb dhe padyshim nj\u00eb form\u00eb arg\u00ebtimi \u00ebsht\u00eb edhe t\u00eb tregosh se nga vjen, sidomos n\u00ebse me pushime je jasht\u00eb vendit. K\u00ebshtu nj\u00eb shqiptar, i gjendur me pushime n\u00eb Budva ka shpalosur flamurin shqiptar, por k\u00ebt\u00eb ai e ka b\u00ebr\u00eb shum\u00eb metra mbi tok\u00eb. [&hellip;]<\/p>\n","protected":false},"author":1,"featured_media":0,"comment_status":"closed","ping_status":"closed","sticky":false,"template":"","format":"standard","meta":{"spay_email":"","jetpack_publicize_message":"","jetpack_is_tweetstorm":false,"jetpack_publicize_feature_enabled":true},"categories":[6950],"tags":[],"jetpack_publicize_connections":[],"yoast_head":"<!-- This site is optimized with the Yoast SEO plugin v19.1 - https:\/\/yoast.com\/wordpress\/plugins\/seo\/ -->\n<title>Budva: Shqiptari hidhet me flamurin kuq e zi nga vin\u00e7i, revoltohen malazez\u00ebt- Video - Lajme nga Ulqini<\/title>\n<meta name=\"description\" content=\"Pushimet jan\u00eb nj\u00eb periudh\u00eb q\u00eb t\u00eb gjith\u00eb p\u00ebrpiqen t\u00eb arg\u00ebtohen sa m\u00eb shum\u00eb dhe padyshim nj\u00eb form\u00eb arg\u00ebtimi \u00ebsht\u00eb edhe t\u00eb tregosh se nga vjen, sidomos n\u00ebse\" \/>\n<meta name=\"robots\" content=\"index, follow, max-snippet:-1, max-image-preview:large, max-video-preview:-1\" \/>\n<link rel=\"canonical\" href=\"https:\/\/www.visit-ulcinj.com\/blog\/2017\/07\/17\/budva-shqiptari-hidhet-me-flamurin-kuq-e-zi-nga-vinci-revoltohen-malazezet-video\/\" \/>\n<meta property=\"og:locale\" content=\"en_US\" \/>\n<meta property=\"og:type\" content=\"article\" \/>\n<meta property=\"og:title\" content=\"Budva: Shqiptari hidhet me flamurin kuq e zi nga vin\u00e7i, revoltohen malazez\u00ebt- Video - Lajme nga Ulqini\" \/>\n<meta property=\"og:description\" content=\"Pushimet jan\u00eb nj\u00eb periudh\u00eb q\u00eb t\u00eb gjith\u00eb p\u00ebrpiqen t\u00eb arg\u00ebtohen sa m\u00eb shum\u00eb dhe padyshim nj\u00eb form\u00eb arg\u00ebtimi \u00ebsht\u00eb edhe t\u00eb tregosh se nga vjen, sidomos n\u00ebse\" \/>\n<meta property=\"og:url\" content=\"https:\/\/www.visit-ulcinj.com\/blog\/2017\/07\/17\/budva-shqiptari-hidhet-me-flamurin-kuq-e-zi-nga-vinci-revoltohen-malazezet-video\/\" \/>\n<meta property=\"og:site_name\" content=\"Lajme nga Ulqini\" \/>\n<meta property=\"article:published_time\" content=\"2017-07-17T15:27:00+00:00\" \/>\n<meta property=\"article:modified_time\" content=\"2017-07-17T15:28:39+00:00\" \/>\n<meta name=\"twitter:label1\" content=\"Written by\" \/>\n\t<meta name=\"twitter:data1\" content=\"ulqini\" \/>\n\t<meta name=\"twitter:label2\" content=\"Est. reading time\" \/>\n\t<meta name=\"twitter:data2\" content=\"1 minute\" \/>\n<script type=\"application\/ld+json\" class=\"yoast-schema-graph\">{\"@context\":\"https:\/\/schema.org\",\"@graph\":[{\"@type\":\"WebSite\",\"@id\":\"https:\/\/www.visit-ulcinj.com\/blog\/#website\",\"url\":\"https:\/\/www.visit-ulcinj.com\/blog\/\",\"name\":\"Lajme nga Ulqini\",\"description\":\"Lajme,Vijesti,Ulqini,Ulqin,Crna Gora,Mali i Zi\",\"potentialAction\":[{\"@type\":\"SearchAction\",\"target\":{\"@type\":\"EntryPoint\",\"urlTemplate\":\"https:\/\/www.visit-ulcinj.com\/blog\/?s={search_term_string}\"},\"query-input\":\"required name=search_term_string\"}],\"inLanguage\":\"en-US\"},{\"@type\":\"WebPage\",\"@id\":\"https:\/\/www.visit-ulcinj.com\/blog\/2017\/07\/17\/budva-shqiptari-hidhet-me-flamurin-kuq-e-zi-nga-vinci-revoltohen-malazezet-video\/#webpage\",\"url\":\"https:\/\/www.visit-ulcinj.com\/blog\/2017\/07\/17\/budva-shqiptari-hidhet-me-flamurin-kuq-e-zi-nga-vinci-revoltohen-malazezet-video\/\",\"name\":\"Budva: Shqiptari hidhet me flamurin kuq e zi nga vin\u00e7i, revoltohen malazez\u00ebt- Video - Lajme nga Ulqini\",\"isPartOf\":{\"@id\":\"https:\/\/www.visit-ulcinj.com\/blog\/#website\"},\"datePublished\":\"2017-07-17T15:27:00+00:00\",\"dateModified\":\"2017-07-17T15:28:39+00:00\",\"author\":{\"@id\":\"https:\/\/www.visit-ulcinj.com\/blog\/#\/schema\/person\/dcab619c614d3038751c63bc2aadc06d\"},\"description\":\"Pushimet jan\u00eb nj\u00eb periudh\u00eb q\u00eb t\u00eb gjith\u00eb p\u00ebrpiqen t\u00eb arg\u00ebtohen sa m\u00eb shum\u00eb dhe padyshim nj\u00eb form\u00eb arg\u00ebtimi \u00ebsht\u00eb edhe t\u00eb tregosh se nga vjen, sidomos n\u00ebse\",\"breadcrumb\":{\"@id\":\"https:\/\/www.visit-ulcinj.com\/blog\/2017\/07\/17\/budva-shqiptari-hidhet-me-flamurin-kuq-e-zi-nga-vinci-revoltohen-malazezet-video\/#breadcrumb\"},\"inLanguage\":\"en-US\",\"potentialAction\":[{\"@type\":\"ReadAction\",\"target\":[\"https:\/\/www.visit-ulcinj.com\/blog\/2017\/07\/17\/budva-shqiptari-hidhet-me-flamurin-kuq-e-zi-nga-vinci-revoltohen-malazezet-video\/\"]}]},{\"@type\":\"BreadcrumbList\",\"@id\":\"https:\/\/www.visit-ulcinj.com\/blog\/2017\/07\/17\/budva-shqiptari-hidhet-me-flamurin-kuq-e-zi-nga-vinci-revoltohen-malazezet-video\/#breadcrumb\",\"itemListElement\":[{\"@type\":\"ListItem\",\"position\":1,\"name\":\"Budva: Shqiptari hidhet me flamurin kuq e zi nga vin\u00e7i, revoltohen malazez\u00ebt- Video\"}]},{\"@type\":\"Person\",\"@id\":\"https:\/\/www.visit-ulcinj.com\/blog\/#\/schema\/person\/dcab619c614d3038751c63bc2aadc06d\",\"name\":\"ulqini\",\"sameAs\":[\"http:\/\/www.visit-ulcinj.com\"],\"url\":\"https:\/\/www.visit-ulcinj.com\/blog\/author\/admin\/\"}]}<\/script>\n<!-- \/ Yoast SEO plugin. -->","yoast_head_json":{"title":"Budva: Shqiptari hidhet me flamurin kuq e zi nga vin\u00e7i, revoltohen malazez\u00ebt- Video - Lajme nga Ulqini","description":"Pushimet jan\u00eb nj\u00eb periudh\u00eb q\u00eb t\u00eb gjith\u00eb p\u00ebrpiqen t\u00eb arg\u00ebtohen sa m\u00eb shum\u00eb dhe padyshim nj\u00eb form\u00eb arg\u00ebtimi \u00ebsht\u00eb edhe t\u00eb tregosh se nga vjen, sidomos n\u00ebse","robots":{"index":"index","follow":"follow","max-snippet":"max-snippet:-1","max-image-preview":"max-image-preview:large","max-video-preview":"max-video-preview:-1"},"canonical":"https:\/\/www.visit-ulcinj.com\/blog\/2017\/07\/17\/budva-shqiptari-hidhet-me-flamurin-kuq-e-zi-nga-vinci-revoltohen-malazezet-video\/","og_locale":"en_US","og_type":"article","og_title":"Budva: Shqiptari hidhet me flamurin kuq e zi nga vin\u00e7i, revoltohen malazez\u00ebt- Video - Lajme nga Ulqini","og_description":"Pushimet jan\u00eb nj\u00eb periudh\u00eb q\u00eb t\u00eb gjith\u00eb p\u00ebrpiqen t\u00eb arg\u00ebtohen sa m\u00eb shum\u00eb dhe padyshim nj\u00eb form\u00eb arg\u00ebtimi \u00ebsht\u00eb edhe t\u00eb tregosh se nga vjen, sidomos n\u00ebse","og_url":"https:\/\/www.visit-ulcinj.com\/blog\/2017\/07\/17\/budva-shqiptari-hidhet-me-flamurin-kuq-e-zi-nga-vinci-revoltohen-malazezet-video\/","og_site_name":"Lajme nga Ulqini","article_published_time":"2017-07-17T15:27:00+00:00","article_modified_time":"2017-07-17T15:28:39+00:00","twitter_misc":{"Written by":"ulqini","Est. reading time":"1 minute"},"schema":{"@context":"https:\/\/schema.org","@graph":[{"@type":"WebSite","@id":"https:\/\/www.visit-ulcinj.com\/blog\/#website","url":"https:\/\/www.visit-ulcinj.com\/blog\/","name":"Lajme nga Ulqini","description":"Lajme,Vijesti,Ulqini,Ulqin,Crna Gora,Mali i Zi","potentialAction":[{"@type":"SearchAction","target":{"@type":"EntryPoint","urlTemplate":"https:\/\/www.visit-ulcinj.com\/blog\/?s={search_term_string}"},"query-input":"required name=search_term_string"}],"inLanguage":"en-US"},{"@type":"WebPage","@id":"https:\/\/www.visit-ulcinj.com\/blog\/2017\/07\/17\/budva-shqiptari-hidhet-me-flamurin-kuq-e-zi-nga-vinci-revoltohen-malazezet-video\/#webpage","url":"https:\/\/www.visit-ulcinj.com\/blog\/2017\/07\/17\/budva-shqiptari-hidhet-me-flamurin-kuq-e-zi-nga-vinci-revoltohen-malazezet-video\/","name":"Budva: Shqiptari hidhet me flamurin kuq e zi nga vin\u00e7i, revoltohen malazez\u00ebt- Video - Lajme nga Ulqini","isPartOf":{"@id":"https:\/\/www.visit-ulcinj.com\/blog\/#website"},"datePublished":"2017-07-17T15:27:00+00:00","dateModified":"2017-07-17T15:28:39+00:00","author":{"@id":"https:\/\/www.visit-ulcinj.com\/blog\/#\/schema\/person\/dcab619c614d3038751c63bc2aadc06d"},"description":"Pushimet jan\u00eb nj\u00eb periudh\u00eb q\u00eb t\u00eb gjith\u00eb p\u00ebrpiqen t\u00eb arg\u00ebtohen sa m\u00eb shum\u00eb dhe padyshim nj\u00eb form\u00eb arg\u00ebtimi \u00ebsht\u00eb edhe t\u00eb tregosh se nga vjen, sidomos n\u00ebse","breadcrumb":{"@id":"https:\/\/www.visit-ulcinj.com\/blog\/2017\/07\/17\/budva-shqiptari-hidhet-me-flamurin-kuq-e-zi-nga-vinci-revoltohen-malazezet-video\/#breadcrumb"},"inLanguage":"en-US","potentialAction":[{"@type":"ReadAction","target":["https:\/\/www.visit-ulcinj.com\/blog\/2017\/07\/17\/budva-shqiptari-hidhet-me-flamurin-kuq-e-zi-nga-vinci-revoltohen-malazezet-video\/"]}]},{"@type":"BreadcrumbList","@id":"https:\/\/www.visit-ulcinj.com\/blog\/2017\/07\/17\/budva-shqiptari-hidhet-me-flamurin-kuq-e-zi-nga-vinci-revoltohen-malazezet-video\/#breadcrumb","itemListElement":[{"@type":"ListItem","position":1,"name":"Budva: Shqiptari hidhet me flamurin kuq e zi nga vin\u00e7i, revoltohen malazez\u00ebt- Video"}]},{"@type":"Person","@id":"https:\/\/www.visit-ulcinj.com\/blog\/#\/schema\/person\/dcab619c614d3038751c63bc2aadc06d","name":"ulqini","sameAs":["http:\/\/www.visit-ulcinj.com"],"url":"https:\/\/www.visit-ulcinj.com\/blog\/author\/admin\/"}]}},"jetpack_featured_media_url":"","jetpack_sharing_enabled":true,"jetpack_shortlink":"https:\/\/wp.me\/pe6lTn-rEy","_links":{"self":[{"href":"https:\/\/www.visit-ulcinj.com\/blog\/wp-json\/wp\/v2\/posts\/106302"}],"collection":[{"href":"https:\/\/www.visit-ulcinj.com\/blog\/wp-json\/wp\/v2\/posts"}],"about":[{"href":"https:\/\/www.visit-ulcinj.com\/blog\/wp-json\/wp\/v2\/types\/post"}],"author":[{"embeddable":true,"href":"https:\/\/www.visit-ulcinj.com\/blog\/wp-json\/wp\/v2\/users\/1"}],"replies":[{"embeddable":true,"href":"https:\/\/www.visit-ulcinj.com\/blog\/wp-json\/wp\/v2\/comments?post=106302"}],"version-history":[{"count":3,"href":"https:\/\/www.visit-ulcinj.com\/blog\/wp-json\/wp\/v2\/posts\/106302\/revisions"}],"predecessor-version":[{"id":106306,"href":"https:\/\/www.visit-ulcinj.com\/blog\/wp-json\/wp\/v2\/posts\/106302\/revisions\/106306"}],"wp:attachment":[{"href":"https:\/\/www.visit-ulcinj.com\/blog\/wp-json\/wp\/v2\/media?parent=106302"}],"wp:term":[{"taxonomy":"category","embeddable":true,"href":"https:\/\/www.visit-ulcinj.com\/blog\/wp-json\/wp\/v2\/categories?post=106302"},{"taxonomy":"post_tag","embeddable":true,"href":"https:\/\/www.visit-ulcinj.com\/blog\/wp-json\/wp\/v2\/tags?post=106302"}],"curies":[{"name":"wp","href":"https:\/\/api.w.org\/{rel}","templated":true}]}}