{"id":106307,"date":"2017-07-18T06:37:23","date_gmt":"2017-07-18T05:37:23","guid":{"rendered":"http:\/\/www.visit-ulcinj.com\/blog\/?p=106307"},"modified":"2017-07-18T06:37:23","modified_gmt":"2017-07-18T05:37:23","slug":"zeneli-pse-pushteti-malit-te-zi-nuk-e-hjek-objektin-e-imponuar-ne-malin-e-rumise","status":"publish","type":"post","link":"https:\/\/www.visit-ulcinj.com\/blog\/2017\/07\/18\/zeneli-pse-pushteti-malit-te-zi-nuk-e-hjek-objektin-e-imponuar-ne-malin-e-rumise\/","title":{"rendered":"Zeneli: Pse pushteti i Malit t\u00eb Zi nuk e hjek objektin e imponuar n\u00eb malin e Rumis\u00eb ?"},"content":{"rendered":"<p class=\"m_2666596849469825171p2\"><span class=\"m_2666596849469825171s1\"><a href=\"http:\/\/www.visit-ulcinj.com\/blog\/wp-content\/uploads\/2011\/12\/Xheladin-Zeneli.jpg\"><img loading=\"lazy\" class=\"alignleft wp-image-54655 size-medium\" src=\"http:\/\/www.visit-ulcinj.com\/blog\/wp-content\/uploads\/2011\/12\/Xheladin-Zeneli-225x300.jpg\" alt=\"\" width=\"225\" height=\"300\" srcset=\"https:\/\/www.visit-ulcinj.com\/blog\/wp-content\/uploads\/2011\/12\/Xheladin-Zeneli-225x300.jpg 225w, https:\/\/www.visit-ulcinj.com\/blog\/wp-content\/uploads\/2011\/12\/Xheladin-Zeneli.jpg 540w\" sizes=\"(max-width: 225px) 100vw, 225px\" \/><\/a>12 vite m\u00eb par\u00eb ( pra n\u00eb vitin 2005), me iniciativ\u00ebn e Kish\u00ebs Ortotokse t\u00eb Serbis\u00eb,n\u00eb malin e Rumis\u00eb ( n\u00eb zon\u00ebn e Kraj\u00ebs), u vendos objekti metalik p\u00ebrmes helikopterit t\u00eb ushtris\u00eb s\u00eb shtetit t\u00eb at\u00ebhersh\u00ebm t\u00eb p\u00ebrbashk\u00ebt Serbis\u00eb dhe Malit t\u00eb Zi.<\/span><\/p>\n<p class=\"m_2666596849469825171p2\"><span class=\"m_2666596849469825171s1\"><span class=\"m_2666596849469825171Apple-converted-space\">\u00a0\u00a0 \u00a0 <\/span>Objekti metalik n\u00eb fjal\u00eb nuk meriton t\u00eb quhet Kish\u00eb sepse nuk shfryt\u00ebzohet nga besimtar\u00ebt dhe nuk ka asgj\u00eb t\u00eb b\u00ebj\u00eb me fen\u00eb dhe shihet qart\u00eb se \u00ebsht\u00eb vendosur aty me nj\u00eb q\u00ebllim dhe<span class=\"m_2666596849469825171Apple-converted-space\">\u00a0 <\/span>prapavij\u00eb<span class=\"m_2666596849469825171Apple-converted-space\">\u00a0 <\/span>politike t\u00eb caktuar.<\/span><\/p>\n<p class=\"m_2666596849469825171p2\"><span class=\"m_2666596849469825171s1\"><span class=\"m_2666596849469825171Apple-converted-space\">\u00a0\u00a0 <\/span>Pushteti dhe qeveria e Malit t\u00eb Zi jan\u00eb t\u00eb vet\u00ebdijsh\u00ebm se ky objekt \u00ebsht\u00eb vendosur n\u00eb m\u00ebnyr\u00eb t\u00eb paligjshme ( lidhur me k\u00ebt\u00eb ata jan\u00eb deklaruar publikisht) dhe q\u00eb p\u00ebr 12 vite t\u00eb t\u00ebra nuk kan\u00eb d\u00ebshmuar gatishm\u00ebri apo nuk nuk kan\u00eb treguar guxim q\u00eb t&#8217;a heqin objektin i cili konsiderohet si objekt provokues nga banor\u00ebt e vendbanimeve p\u00ebrreth.<\/span><\/p>\n<p class=\"m_2666596849469825171p3\"><span class=\"m_2666596849469825171s1\"><span class=\"m_2666596849469825171Apple-converted-space\">\u00a0\u00a0 <\/span>Pyetjeve q\u00eb nuk mund t&#8217;i shmangemi n\u00eb k\u00ebt\u00eb rast jan\u00eb se,<\/span><\/p>\n<p class=\"m_2666596849469825171p3\"><span class=\"m_2666596849469825171s1\"><span class=\"m_2666596849469825171Apple-converted-space\">\u00a0<\/span>-Pse tash 12 vite t\u00eb t\u00ebra nuk vepron &#8220;shteti ligjor&#8221; i Malit t\u00eb Zi<span class=\"m_2666596849469825171Apple-converted-space\">\u00a0 <\/span>p\u00ebr t\u00eb hequr nj\u00eb objekt t\u00eb paligjsh\u00ebm n\u00eb Rumi ?!!<\/span><\/p>\n<p class=\"m_2666596849469825171p3\"><span class=\"m_2666596849469825171s1\">-Ku jan\u00eb tani t\u00eb ashtuquajturat nj\u00ebsi speciale t\u00eb Malit Zi q\u00eb nuk angazhohen n\u00eb heqjen e objektit n\u00eb maj\u00ebn e Rumis\u00eb?.<\/span><\/p>\n<p class=\"m_2666596849469825171p3\"><span class=\"m_2666596849469825171s1\"><span class=\"m_2666596849469825171Apple-converted-space\">\u00a0<\/span><\/span><span class=\"m_2666596849469825171s2\"><span class=\"m_2666596849469825171Apple-converted-space\">\u00a0 <\/span>Por i nj\u00ebjti pushtet dhe t\u00eb nj\u00ebjtat nj\u00ebsi speciale nuk hezitojn\u00eb aspak q\u00eb t\u00eb veprojn\u00eb dhe t\u00eb nd\u00ebrmarrin aksione policore ndaj shqiptar\u00ebve<\/span><span class=\"m_2666596849469825171s1\"> dhe t\u00eb demonstrojn\u00eb forc\u00ebn dhe dhun\u00ebn ndaj t\u00eb rinj\u00ebve n\u00eb lokalet dhe kafenet\u00eb e Ulqinit apo mundohen t\u00eb heqin flamurin kuq e zi<span class=\"m_2666596849469825171Apple-converted-space\">\u00a0 <\/span>nga sht\u00ebpia e nj\u00eb banori shqiptar<span class=\"m_2666596849469825171Apple-converted-space\">\u00a0 <\/span>n\u00eb Tuz t\u00eb Mal\u00ebsis\u00eb dhe shum\u00eb sjellje t\u00eb tjera t\u00eb ngjajshme !. ( Ju rikujtojm\u00eb aksionin fam\u00ebkeq &#8221; Fluturimi i Shqiponj\u00ebs&#8221; n\u00eb vitin 2006 ndaj shqiptar\u00ebve n\u00eb Mal\u00ebsi).<\/span><\/p>\n<p class=\"m_2666596849469825171p3\"><span class=\"m_2666596849469825171s1\"><span class=\"m_2666596849469825171Apple-converted-space\">\u00a0 \u00a0 <\/span>Por shqiptar\u00ebt n\u00eb Mal t\u00eb Zi nuk ka kush ti mbroj\u00eb, kurse<span class=\"m_2666596849469825171Apple-converted-space\">\u00a0<\/span><\/span><\/p>\n<p class=\"m_2666596849469825171p3\"><span class=\"m_2666596849469825171s1\">objekti metalik mbrohet nga Serbia dhe elementi klerik i saj dhe prishja e marr\u00ebdh\u00ebnieve me &#8220;v\u00ebllaun e madh&#8221; t\u00eb tyre nuk i konvenon aspak Malit t\u00eb Zi.<\/span><\/p>\n<p class=\"m_2666596849469825171p3\"><span class=\"m_2666596849469825171s1\"><span class=\"m_2666596849469825171Apple-converted-space\">\u00a0 \u00a0 <\/span>Mali i Zi edhe pse shpalli pavar\u00ebsin\u00eb n\u00eb vitin 2006 gjith\u00ebnj\u00eb mvaret ekonomikisht dhe mban lidhje t\u00eb ngushta tradicionale dhe kulturore me Serbin\u00eb.<\/span><\/p>\n<p class=\"m_2666596849469825171p3\"><span class=\"m_2666596849469825171s1\"><span class=\"m_2666596849469825171Apple-converted-space\">\u00a0\u00a0 <\/span>Mos t&#8217;ju mashtroj\u00eb retorika<span class=\"m_2666596849469825171Apple-converted-space\">\u00a0 <\/span>e her\u00eb pas hershme kund\u00ebrshtare e politikan\u00ebve qeveritar n\u00eb Podgoric\u00eb ndaj atyre t\u00eb Beogradit, se kjo \u00ebsht\u00eb vet\u00ebm p\u00ebr konsumin politik.<span class=\"m_2666596849469825171Apple-converted-space\">\u00a0<\/span><\/span><\/p>\n<p class=\"m_2666596849469825171p3\"><span class=\"m_2666596849469825171s1\"><span class=\"m_2666596849469825171Apple-converted-space\">\u00a0 \u00a0 <\/span>N\u00eb esenc\u00eb Serbia gjith\u00ebnj\u00eb mbetet &#8220;v\u00ebllau i madh&#8221; i Malit t\u00eb Zi !.<\/span><\/p>\n<p class=\"m_2666596849469825171p3\"><span class=\"m_2666596849469825171s1\"><span class=\"m_2666596849469825171Apple-converted-space\">\u00a0 \u00a0 <\/span>Gjithashtu, n\u00ebse Serbia dhe Mali i Zi kan\u00eb dallime p\u00ebr \u00e7\u00ebshtje t\u00eb ndryshme politike ,kur jan\u00eb n\u00eb<span class=\"m_2666596849469825171Apple-converted-space\">\u00a0 <\/span>pyetje shqiptar\u00ebt t\u00eb cil\u00ebt jetojn\u00eb n\u00ebn administrimin e shteteve t\u00eb tyre ata udh\u00ebheqin politik\u00eb t\u00eb ngjajshme dhe pajtohen plot\u00ebsisht n\u00eb trajtimin diskriminues dhe n\u00ebnshtrues t\u00eb tyre.<\/span><\/p>\n<p class=\"m_2666596849469825171p4\"><span class=\"m_2666596849469825171s1\"><span class=\"m_2666596849469825171Apple-converted-space\">\u00a0 \u00a0 \u00a0<\/span><\/span><\/p>\n<p class=\"m_2666596849469825171p3\"><span class=\"m_2666596849469825171s1\">Xheladin Zeneli<\/span><\/p>\n<p class=\"m_2666596849469825171p3\"><span class=\"m_2666596849469825171s1\">18 Korrik 2017<\/span><\/p>\n<p><a href=\"http:\/\/www.visit-ulcinj.com\/blog\/wp-content\/uploads\/2013\/10\/Crkva-na-Rumiji.jpg\"><img loading=\"lazy\" class=\"alignleft wp-image-75109\" src=\"http:\/\/www.visit-ulcinj.com\/blog\/wp-content\/uploads\/2013\/10\/Crkva-na-Rumiji.jpg\" alt=\"\" width=\"508\" height=\"677\" srcset=\"https:\/\/www.visit-ulcinj.com\/blog\/wp-content\/uploads\/2013\/10\/Crkva-na-Rumiji.jpg 489w, https:\/\/www.visit-ulcinj.com\/blog\/wp-content\/uploads\/2013\/10\/Crkva-na-Rumiji-225x300.jpg 225w\" sizes=\"(max-width: 508px) 100vw, 508px\" \/><\/a><\/p>\n","protected":false},"excerpt":{"rendered":"<p>12 vite m\u00eb par\u00eb ( pra n\u00eb vitin 2005), me iniciativ\u00ebn e Kish\u00ebs Ortotokse t\u00eb Serbis\u00eb,n\u00eb malin e Rumis\u00eb ( n\u00eb zon\u00ebn e Kraj\u00ebs), u vendos objekti metalik p\u00ebrmes helikopterit t\u00eb ushtris\u00eb s\u00eb shtetit t\u00eb at\u00ebhersh\u00ebm t\u00eb p\u00ebrbashk\u00ebt Serbis\u00eb dhe Malit t\u00eb Zi. \u00a0\u00a0 \u00a0 Objekti metalik n\u00eb fjal\u00eb nuk meriton t\u00eb quhet Kish\u00eb sepse [&hellip;]<\/p>\n","protected":false},"author":1,"featured_media":0,"comment_status":"closed","ping_status":"closed","sticky":false,"template":"","format":"standard","meta":{"spay_email":"","jetpack_publicize_message":"","jetpack_is_tweetstorm":false,"jetpack_publicize_feature_enabled":true},"categories":[14249],"tags":[],"jetpack_publicize_connections":[],"yoast_head":"<!-- This site is optimized with the Yoast SEO plugin v19.1 - https:\/\/yoast.com\/wordpress\/plugins\/seo\/ -->\n<title>Zeneli: Pse pushteti i Malit t\u00eb Zi nuk e hjek objektin e imponuar n\u00eb malin e Rumis\u00eb ? - Lajme nga Ulqini<\/title>\n<meta name=\"description\" content=\"12 vite m\u00eb par\u00eb ( pra n\u00eb vitin 2005), me iniciativ\u00ebn e Kish\u00ebs Ortotokse t\u00eb Serbis\u00eb,n\u00eb malin e Rumis\u00eb ( n\u00eb zon\u00ebn e Kraj\u00ebs), u vendos objekti metalik p\u00ebrmes\" \/>\n<meta name=\"robots\" content=\"index, follow, max-snippet:-1, max-image-preview:large, max-video-preview:-1\" \/>\n<link rel=\"canonical\" href=\"https:\/\/www.visit-ulcinj.com\/blog\/2017\/07\/18\/zeneli-pse-pushteti-malit-te-zi-nuk-e-hjek-objektin-e-imponuar-ne-malin-e-rumise\/\" \/>\n<meta property=\"og:locale\" content=\"en_US\" \/>\n<meta property=\"og:type\" content=\"article\" \/>\n<meta property=\"og:title\" content=\"Zeneli: Pse pushteti i Malit t\u00eb Zi nuk e hjek objektin e imponuar n\u00eb malin e Rumis\u00eb ? - Lajme nga Ulqini\" \/>\n<meta property=\"og:description\" content=\"12 vite m\u00eb par\u00eb ( pra n\u00eb vitin 2005), me iniciativ\u00ebn e Kish\u00ebs Ortotokse t\u00eb Serbis\u00eb,n\u00eb malin e Rumis\u00eb ( n\u00eb zon\u00ebn e Kraj\u00ebs), u vendos objekti metalik p\u00ebrmes\" \/>\n<meta property=\"og:url\" content=\"https:\/\/www.visit-ulcinj.com\/blog\/2017\/07\/18\/zeneli-pse-pushteti-malit-te-zi-nuk-e-hjek-objektin-e-imponuar-ne-malin-e-rumise\/\" \/>\n<meta property=\"og:site_name\" content=\"Lajme nga Ulqini\" \/>\n<meta property=\"article:published_time\" content=\"2017-07-18T05:37:23+00:00\" \/>\n<meta property=\"og:image\" content=\"http:\/\/www.visit-ulcinj.com\/blog\/wp-content\/uploads\/2011\/12\/Xheladin-Zeneli-225x300.jpg\" \/>\n<meta name=\"twitter:label1\" content=\"Written by\" \/>\n\t<meta name=\"twitter:data1\" content=\"ulqini\" \/>\n\t<meta name=\"twitter:label2\" content=\"Est. reading time\" \/>\n\t<meta name=\"twitter:data2\" content=\"2 minutes\" \/>\n<script type=\"application\/ld+json\" class=\"yoast-schema-graph\">{\"@context\":\"https:\/\/schema.org\",\"@graph\":[{\"@type\":\"WebSite\",\"@id\":\"https:\/\/www.visit-ulcinj.com\/blog\/#website\",\"url\":\"https:\/\/www.visit-ulcinj.com\/blog\/\",\"name\":\"Lajme nga Ulqini\",\"description\":\"Lajme,Vijesti,Ulqini,Ulqin,Crna Gora,Mali i Zi\",\"potentialAction\":[{\"@type\":\"SearchAction\",\"target\":{\"@type\":\"EntryPoint\",\"urlTemplate\":\"https:\/\/www.visit-ulcinj.com\/blog\/?s={search_term_string}\"},\"query-input\":\"required name=search_term_string\"}],\"inLanguage\":\"en-US\"},{\"@type\":\"ImageObject\",\"inLanguage\":\"en-US\",\"@id\":\"https:\/\/www.visit-ulcinj.com\/blog\/2017\/07\/18\/zeneli-pse-pushteti-malit-te-zi-nuk-e-hjek-objektin-e-imponuar-ne-malin-e-rumise\/#primaryimage\",\"url\":\"https:\/\/www.visit-ulcinj.com\/blog\/wp-content\/uploads\/2011\/12\/Xheladin-Zeneli.jpg\",\"contentUrl\":\"https:\/\/www.visit-ulcinj.com\/blog\/wp-content\/uploads\/2011\/12\/Xheladin-Zeneli.jpg\",\"width\":\"540\",\"height\":\"720\"},{\"@type\":\"WebPage\",\"@id\":\"https:\/\/www.visit-ulcinj.com\/blog\/2017\/07\/18\/zeneli-pse-pushteti-malit-te-zi-nuk-e-hjek-objektin-e-imponuar-ne-malin-e-rumise\/#webpage\",\"url\":\"https:\/\/www.visit-ulcinj.com\/blog\/2017\/07\/18\/zeneli-pse-pushteti-malit-te-zi-nuk-e-hjek-objektin-e-imponuar-ne-malin-e-rumise\/\",\"name\":\"Zeneli: Pse pushteti i Malit t\u00eb Zi nuk e hjek objektin e imponuar n\u00eb malin e Rumis\u00eb ? - Lajme nga Ulqini\",\"isPartOf\":{\"@id\":\"https:\/\/www.visit-ulcinj.com\/blog\/#website\"},\"primaryImageOfPage\":{\"@id\":\"https:\/\/www.visit-ulcinj.com\/blog\/2017\/07\/18\/zeneli-pse-pushteti-malit-te-zi-nuk-e-hjek-objektin-e-imponuar-ne-malin-e-rumise\/#primaryimage\"},\"datePublished\":\"2017-07-18T05:37:23+00:00\",\"dateModified\":\"2017-07-18T05:37:23+00:00\",\"author\":{\"@id\":\"https:\/\/www.visit-ulcinj.com\/blog\/#\/schema\/person\/dcab619c614d3038751c63bc2aadc06d\"},\"description\":\"12 vite m\u00eb par\u00eb ( pra n\u00eb vitin 2005), me iniciativ\u00ebn e Kish\u00ebs Ortotokse t\u00eb Serbis\u00eb,n\u00eb malin e Rumis\u00eb ( n\u00eb zon\u00ebn e Kraj\u00ebs), u vendos objekti metalik p\u00ebrmes\",\"breadcrumb\":{\"@id\":\"https:\/\/www.visit-ulcinj.com\/blog\/2017\/07\/18\/zeneli-pse-pushteti-malit-te-zi-nuk-e-hjek-objektin-e-imponuar-ne-malin-e-rumise\/#breadcrumb\"},\"inLanguage\":\"en-US\",\"potentialAction\":[{\"@type\":\"ReadAction\",\"target\":[\"https:\/\/www.visit-ulcinj.com\/blog\/2017\/07\/18\/zeneli-pse-pushteti-malit-te-zi-nuk-e-hjek-objektin-e-imponuar-ne-malin-e-rumise\/\"]}]},{\"@type\":\"BreadcrumbList\",\"@id\":\"https:\/\/www.visit-ulcinj.com\/blog\/2017\/07\/18\/zeneli-pse-pushteti-malit-te-zi-nuk-e-hjek-objektin-e-imponuar-ne-malin-e-rumise\/#breadcrumb\",\"itemListElement\":[{\"@type\":\"ListItem\",\"position\":1,\"name\":\"Zeneli: Pse pushteti i Malit t\u00eb Zi nuk e hjek objektin e imponuar n\u00eb malin e Rumis\u00eb ?\"}]},{\"@type\":\"Person\",\"@id\":\"https:\/\/www.visit-ulcinj.com\/blog\/#\/schema\/person\/dcab619c614d3038751c63bc2aadc06d\",\"name\":\"ulqini\",\"sameAs\":[\"http:\/\/www.visit-ulcinj.com\"],\"url\":\"https:\/\/www.visit-ulcinj.com\/blog\/author\/admin\/\"}]}<\/script>\n<!-- \/ Yoast SEO plugin. -->","yoast_head_json":{"title":"Zeneli: Pse pushteti i Malit t\u00eb Zi nuk e hjek objektin e imponuar n\u00eb malin e Rumis\u00eb ? - Lajme nga Ulqini","description":"12 vite m\u00eb par\u00eb ( pra n\u00eb vitin 2005), me iniciativ\u00ebn e Kish\u00ebs Ortotokse t\u00eb Serbis\u00eb,n\u00eb malin e Rumis\u00eb ( n\u00eb zon\u00ebn e Kraj\u00ebs), u vendos objekti metalik p\u00ebrmes","robots":{"index":"index","follow":"follow","max-snippet":"max-snippet:-1","max-image-preview":"max-image-preview:large","max-video-preview":"max-video-preview:-1"},"canonical":"https:\/\/www.visit-ulcinj.com\/blog\/2017\/07\/18\/zeneli-pse-pushteti-malit-te-zi-nuk-e-hjek-objektin-e-imponuar-ne-malin-e-rumise\/","og_locale":"en_US","og_type":"article","og_title":"Zeneli: Pse pushteti i Malit t\u00eb Zi nuk e hjek objektin e imponuar n\u00eb malin e Rumis\u00eb ? - Lajme nga Ulqini","og_description":"12 vite m\u00eb par\u00eb ( pra n\u00eb vitin 2005), me iniciativ\u00ebn e Kish\u00ebs Ortotokse t\u00eb Serbis\u00eb,n\u00eb malin e Rumis\u00eb ( n\u00eb zon\u00ebn e Kraj\u00ebs), u vendos objekti metalik p\u00ebrmes","og_url":"https:\/\/www.visit-ulcinj.com\/blog\/2017\/07\/18\/zeneli-pse-pushteti-malit-te-zi-nuk-e-hjek-objektin-e-imponuar-ne-malin-e-rumise\/","og_site_name":"Lajme nga Ulqini","article_published_time":"2017-07-18T05:37:23+00:00","og_image":[{"url":"http:\/\/www.visit-ulcinj.com\/blog\/wp-content\/uploads\/2011\/12\/Xheladin-Zeneli-225x300.jpg"}],"twitter_misc":{"Written by":"ulqini","Est. reading time":"2 minutes"},"schema":{"@context":"https:\/\/schema.org","@graph":[{"@type":"WebSite","@id":"https:\/\/www.visit-ulcinj.com\/blog\/#website","url":"https:\/\/www.visit-ulcinj.com\/blog\/","name":"Lajme nga Ulqini","description":"Lajme,Vijesti,Ulqini,Ulqin,Crna Gora,Mali i Zi","potentialAction":[{"@type":"SearchAction","target":{"@type":"EntryPoint","urlTemplate":"https:\/\/www.visit-ulcinj.com\/blog\/?s={search_term_string}"},"query-input":"required name=search_term_string"}],"inLanguage":"en-US"},{"@type":"ImageObject","inLanguage":"en-US","@id":"https:\/\/www.visit-ulcinj.com\/blog\/2017\/07\/18\/zeneli-pse-pushteti-malit-te-zi-nuk-e-hjek-objektin-e-imponuar-ne-malin-e-rumise\/#primaryimage","url":"https:\/\/www.visit-ulcinj.com\/blog\/wp-content\/uploads\/2011\/12\/Xheladin-Zeneli.jpg","contentUrl":"https:\/\/www.visit-ulcinj.com\/blog\/wp-content\/uploads\/2011\/12\/Xheladin-Zeneli.jpg","width":"540","height":"720"},{"@type":"WebPage","@id":"https:\/\/www.visit-ulcinj.com\/blog\/2017\/07\/18\/zeneli-pse-pushteti-malit-te-zi-nuk-e-hjek-objektin-e-imponuar-ne-malin-e-rumise\/#webpage","url":"https:\/\/www.visit-ulcinj.com\/blog\/2017\/07\/18\/zeneli-pse-pushteti-malit-te-zi-nuk-e-hjek-objektin-e-imponuar-ne-malin-e-rumise\/","name":"Zeneli: Pse pushteti i Malit t\u00eb Zi nuk e hjek objektin e imponuar n\u00eb malin e Rumis\u00eb ? - Lajme nga Ulqini","isPartOf":{"@id":"https:\/\/www.visit-ulcinj.com\/blog\/#website"},"primaryImageOfPage":{"@id":"https:\/\/www.visit-ulcinj.com\/blog\/2017\/07\/18\/zeneli-pse-pushteti-malit-te-zi-nuk-e-hjek-objektin-e-imponuar-ne-malin-e-rumise\/#primaryimage"},"datePublished":"2017-07-18T05:37:23+00:00","dateModified":"2017-07-18T05:37:23+00:00","author":{"@id":"https:\/\/www.visit-ulcinj.com\/blog\/#\/schema\/person\/dcab619c614d3038751c63bc2aadc06d"},"description":"12 vite m\u00eb par\u00eb ( pra n\u00eb vitin 2005), me iniciativ\u00ebn e Kish\u00ebs Ortotokse t\u00eb Serbis\u00eb,n\u00eb malin e Rumis\u00eb ( n\u00eb zon\u00ebn e Kraj\u00ebs), u vendos objekti metalik p\u00ebrmes","breadcrumb":{"@id":"https:\/\/www.visit-ulcinj.com\/blog\/2017\/07\/18\/zeneli-pse-pushteti-malit-te-zi-nuk-e-hjek-objektin-e-imponuar-ne-malin-e-rumise\/#breadcrumb"},"inLanguage":"en-US","potentialAction":[{"@type":"ReadAction","target":["https:\/\/www.visit-ulcinj.com\/blog\/2017\/07\/18\/zeneli-pse-pushteti-malit-te-zi-nuk-e-hjek-objektin-e-imponuar-ne-malin-e-rumise\/"]}]},{"@type":"BreadcrumbList","@id":"https:\/\/www.visit-ulcinj.com\/blog\/2017\/07\/18\/zeneli-pse-pushteti-malit-te-zi-nuk-e-hjek-objektin-e-imponuar-ne-malin-e-rumise\/#breadcrumb","itemListElement":[{"@type":"ListItem","position":1,"name":"Zeneli: Pse pushteti i Malit t\u00eb Zi nuk e hjek objektin e imponuar n\u00eb malin e Rumis\u00eb ?"}]},{"@type":"Person","@id":"https:\/\/www.visit-ulcinj.com\/blog\/#\/schema\/person\/dcab619c614d3038751c63bc2aadc06d","name":"ulqini","sameAs":["http:\/\/www.visit-ulcinj.com"],"url":"https:\/\/www.visit-ulcinj.com\/blog\/author\/admin\/"}]}},"jetpack_featured_media_url":"","jetpack_sharing_enabled":true,"jetpack_shortlink":"https:\/\/wp.me\/pe6lTn-rED","_links":{"self":[{"href":"https:\/\/www.visit-ulcinj.com\/blog\/wp-json\/wp\/v2\/posts\/106307"}],"collection":[{"href":"https:\/\/www.visit-ulcinj.com\/blog\/wp-json\/wp\/v2\/posts"}],"about":[{"href":"https:\/\/www.visit-ulcinj.com\/blog\/wp-json\/wp\/v2\/types\/post"}],"author":[{"embeddable":true,"href":"https:\/\/www.visit-ulcinj.com\/blog\/wp-json\/wp\/v2\/users\/1"}],"replies":[{"embeddable":true,"href":"https:\/\/www.visit-ulcinj.com\/blog\/wp-json\/wp\/v2\/comments?post=106307"}],"version-history":[{"count":1,"href":"https:\/\/www.visit-ulcinj.com\/blog\/wp-json\/wp\/v2\/posts\/106307\/revisions"}],"predecessor-version":[{"id":106308,"href":"https:\/\/www.visit-ulcinj.com\/blog\/wp-json\/wp\/v2\/posts\/106307\/revisions\/106308"}],"wp:attachment":[{"href":"https:\/\/www.visit-ulcinj.com\/blog\/wp-json\/wp\/v2\/media?parent=106307"}],"wp:term":[{"taxonomy":"category","embeddable":true,"href":"https:\/\/www.visit-ulcinj.com\/blog\/wp-json\/wp\/v2\/categories?post=106307"},{"taxonomy":"post_tag","embeddable":true,"href":"https:\/\/www.visit-ulcinj.com\/blog\/wp-json\/wp\/v2\/tags?post=106307"}],"curies":[{"name":"wp","href":"https:\/\/api.w.org\/{rel}","templated":true}]}}