{"id":106309,"date":"2017-07-18T06:52:14","date_gmt":"2017-07-18T05:52:14","guid":{"rendered":"http:\/\/www.visit-ulcinj.com\/blog\/?p=106309"},"modified":"2017-07-18T06:52:14","modified_gmt":"2017-07-18T05:52:14","slug":"ulcinj-pozar-u-zaledu-kopakabane-video","status":"publish","type":"post","link":"https:\/\/www.visit-ulcinj.com\/blog\/2017\/07\/18\/ulcinj-pozar-u-zaledu-kopakabane-video\/","title":{"rendered":"Ulcinj: Po\u017ear u zale\u0111u &#8220;Kopakabane&#8221; &#8211; Video"},"content":{"rendered":"<p><strong><a href=\"http:\/\/www.visit-ulcinj.com\/blog\/wp-content\/uploads\/2017\/07\/Pozar-Kopacanana-Ulcinj.jpg\"><img loading=\"lazy\" class=\"alignleft wp-image-106310\" src=\"http:\/\/www.visit-ulcinj.com\/blog\/wp-content\/uploads\/2017\/07\/Pozar-Kopacanana-Ulcinj.jpg\" alt=\"\" width=\"508\" height=\"319\" srcset=\"https:\/\/www.visit-ulcinj.com\/blog\/wp-content\/uploads\/2017\/07\/Pozar-Kopacanana-Ulcinj.jpg 560w, https:\/\/www.visit-ulcinj.com\/blog\/wp-content\/uploads\/2017\/07\/Pozar-Kopacanana-Ulcinj-300x189.jpg 300w\" sizes=\"(max-width: 508px) 100vw, 508px\" \/><\/a>Po\u017ear je zahvatio \u0161umu i nisko rastinje i zasad nisu ugro\u017eeni okolni objekti<\/strong><\/p>\n<p><span class=\"credits__author\"> <strong>Autor:<\/strong> <a href=\"http:\/\/www.vijesti.me\/autori\/samir-adrovic-85\/profil\"><strong>Samir Adrovi\u0107<\/strong><\/a> <\/span><\/p>\n<p>U Ulcinju je oko 18 sati izbio po\u017ear u zale\u0111u pla\u017ee &#8220;Kopakabana&#8221; i jo\u0161 uvijek, ni nakon dva sata, nije stavljen pod kontrolu zbog vjetra koji u kontinuitetu duva od ranih popodnevnih sati<\/p>\n<p>Na terenu je dvadeset vatrogasaca sa pet vozila i dvije privatne cistjerne.<\/p>\n<p>Po\u017ear je zahvatio \u0161umu i nisko rastinje i zasad nisu ugro\u017eeni okolni objekti.<\/p>\n<p><strong>Izvor: Vijesti Online<\/strong><\/p>\n<p><iframe loading=\"lazy\" style=\"border: none; overflow: hidden;\" src=\"https:\/\/www.facebook.com\/plugins\/video.php?href=https%3A%2F%2Fwww.facebook.com%2Fp.vremeplov%2Fvideos%2F865173473630661%2F&amp;show_text=0&amp;width=508\" width=\"508\" height=\"311\" frameborder=\"0\" scrolling=\"no\" allowfullscreen=\"allowfullscreen\"><\/iframe><\/p>\n","protected":false},"excerpt":{"rendered":"<p>Po\u017ear je zahvatio \u0161umu i nisko rastinje i zasad nisu ugro\u017eeni okolni objekti Autor: Samir Adrovi\u0107 U Ulcinju je oko 18 sati izbio po\u017ear u zale\u0111u pla\u017ee &#8220;Kopakabana&#8221; i jo\u0161 uvijek, ni nakon dva sata, nije stavljen pod kontrolu zbog vjetra koji u kontinuitetu duva od ranih popodnevnih sati Na terenu je dvadeset vatrogasaca sa [&hellip;]<\/p>\n","protected":false},"author":1,"featured_media":0,"comment_status":"closed","ping_status":"closed","sticky":false,"template":"","format":"standard","meta":{"spay_email":"","jetpack_publicize_message":"","jetpack_is_tweetstorm":false,"jetpack_publicize_feature_enabled":true},"categories":[8337],"tags":[],"jetpack_publicize_connections":[],"yoast_head":"<!-- This site is optimized with the Yoast SEO plugin v19.1 - https:\/\/yoast.com\/wordpress\/plugins\/seo\/ -->\n<title>Ulcinj: Po\u017ear u zale\u0111u &quot;Kopakabane&quot; - Video - Lajme nga Ulqini<\/title>\n<meta name=\"description\" content=\"Po\u017ear je zahvatio \u0161umu i nisko rastinje i zasad nisu ugro\u017eeni okolni objekti Autor: Samir Adrovi\u0107 U Ulcinju je oko 18 sati izbio po\u017ear u zale\u0111u pla\u017ee\" \/>\n<meta name=\"robots\" content=\"index, follow, max-snippet:-1, max-image-preview:large, max-video-preview:-1\" \/>\n<link rel=\"canonical\" href=\"https:\/\/www.visit-ulcinj.com\/blog\/2017\/07\/18\/ulcinj-pozar-u-zaledu-kopakabane-video\/\" \/>\n<meta property=\"og:locale\" content=\"en_US\" \/>\n<meta property=\"og:type\" content=\"article\" \/>\n<meta property=\"og:title\" content=\"Ulcinj: Po\u017ear u zale\u0111u &quot;Kopakabane&quot; - Video - Lajme nga Ulqini\" \/>\n<meta property=\"og:description\" content=\"Po\u017ear je zahvatio \u0161umu i nisko rastinje i zasad nisu ugro\u017eeni okolni objekti Autor: Samir Adrovi\u0107 U Ulcinju je oko 18 sati izbio po\u017ear u zale\u0111u pla\u017ee\" \/>\n<meta property=\"og:url\" content=\"https:\/\/www.visit-ulcinj.com\/blog\/2017\/07\/18\/ulcinj-pozar-u-zaledu-kopakabane-video\/\" \/>\n<meta property=\"og:site_name\" content=\"Lajme nga Ulqini\" \/>\n<meta property=\"article:published_time\" content=\"2017-07-18T05:52:14+00:00\" \/>\n<meta property=\"og:image\" content=\"http:\/\/www.visit-ulcinj.com\/blog\/wp-content\/uploads\/2017\/07\/Pozar-Kopacanana-Ulcinj.jpg\" \/>\n<meta name=\"twitter:label1\" content=\"Written by\" \/>\n\t<meta name=\"twitter:data1\" content=\"ulqini\" \/>\n<script type=\"application\/ld+json\" class=\"yoast-schema-graph\">{\"@context\":\"https:\/\/schema.org\",\"@graph\":[{\"@type\":\"WebSite\",\"@id\":\"https:\/\/www.visit-ulcinj.com\/blog\/#website\",\"url\":\"https:\/\/www.visit-ulcinj.com\/blog\/\",\"name\":\"Lajme nga Ulqini\",\"description\":\"Lajme,Vijesti,Ulqini,Ulqin,Crna Gora,Mali i Zi\",\"potentialAction\":[{\"@type\":\"SearchAction\",\"target\":{\"@type\":\"EntryPoint\",\"urlTemplate\":\"https:\/\/www.visit-ulcinj.com\/blog\/?s={search_term_string}\"},\"query-input\":\"required name=search_term_string\"}],\"inLanguage\":\"en-US\"},{\"@type\":\"ImageObject\",\"inLanguage\":\"en-US\",\"@id\":\"https:\/\/www.visit-ulcinj.com\/blog\/2017\/07\/18\/ulcinj-pozar-u-zaledu-kopakabane-video\/#primaryimage\",\"url\":\"https:\/\/www.visit-ulcinj.com\/blog\/wp-content\/uploads\/2017\/07\/Pozar-Kopacanana-Ulcinj.jpg\",\"contentUrl\":\"https:\/\/www.visit-ulcinj.com\/blog\/wp-content\/uploads\/2017\/07\/Pozar-Kopacanana-Ulcinj.jpg\",\"width\":560,\"height\":352},{\"@type\":\"WebPage\",\"@id\":\"https:\/\/www.visit-ulcinj.com\/blog\/2017\/07\/18\/ulcinj-pozar-u-zaledu-kopakabane-video\/#webpage\",\"url\":\"https:\/\/www.visit-ulcinj.com\/blog\/2017\/07\/18\/ulcinj-pozar-u-zaledu-kopakabane-video\/\",\"name\":\"Ulcinj: Po\u017ear u zale\u0111u \\\"Kopakabane\\\" - Video - Lajme nga Ulqini\",\"isPartOf\":{\"@id\":\"https:\/\/www.visit-ulcinj.com\/blog\/#website\"},\"primaryImageOfPage\":{\"@id\":\"https:\/\/www.visit-ulcinj.com\/blog\/2017\/07\/18\/ulcinj-pozar-u-zaledu-kopakabane-video\/#primaryimage\"},\"datePublished\":\"2017-07-18T05:52:14+00:00\",\"dateModified\":\"2017-07-18T05:52:14+00:00\",\"author\":{\"@id\":\"https:\/\/www.visit-ulcinj.com\/blog\/#\/schema\/person\/dcab619c614d3038751c63bc2aadc06d\"},\"description\":\"Po\u017ear je zahvatio \u0161umu i nisko rastinje i zasad nisu ugro\u017eeni okolni objekti Autor: Samir Adrovi\u0107 U Ulcinju je oko 18 sati izbio po\u017ear u zale\u0111u pla\u017ee\",\"breadcrumb\":{\"@id\":\"https:\/\/www.visit-ulcinj.com\/blog\/2017\/07\/18\/ulcinj-pozar-u-zaledu-kopakabane-video\/#breadcrumb\"},\"inLanguage\":\"en-US\",\"potentialAction\":[{\"@type\":\"ReadAction\",\"target\":[\"https:\/\/www.visit-ulcinj.com\/blog\/2017\/07\/18\/ulcinj-pozar-u-zaledu-kopakabane-video\/\"]}]},{\"@type\":\"BreadcrumbList\",\"@id\":\"https:\/\/www.visit-ulcinj.com\/blog\/2017\/07\/18\/ulcinj-pozar-u-zaledu-kopakabane-video\/#breadcrumb\",\"itemListElement\":[{\"@type\":\"ListItem\",\"position\":1,\"name\":\"Ulcinj: Po\u017ear u zale\u0111u &#8220;Kopakabane&#8221; &#8211; Video\"}]},{\"@type\":\"Person\",\"@id\":\"https:\/\/www.visit-ulcinj.com\/blog\/#\/schema\/person\/dcab619c614d3038751c63bc2aadc06d\",\"name\":\"ulqini\",\"sameAs\":[\"http:\/\/www.visit-ulcinj.com\"],\"url\":\"https:\/\/www.visit-ulcinj.com\/blog\/author\/admin\/\"}]}<\/script>\n<!-- \/ Yoast SEO plugin. -->","yoast_head_json":{"title":"Ulcinj: Po\u017ear u zale\u0111u \"Kopakabane\" - Video - Lajme nga Ulqini","description":"Po\u017ear je zahvatio \u0161umu i nisko rastinje i zasad nisu ugro\u017eeni okolni objekti Autor: Samir Adrovi\u0107 U Ulcinju je oko 18 sati izbio po\u017ear u zale\u0111u pla\u017ee","robots":{"index":"index","follow":"follow","max-snippet":"max-snippet:-1","max-image-preview":"max-image-preview:large","max-video-preview":"max-video-preview:-1"},"canonical":"https:\/\/www.visit-ulcinj.com\/blog\/2017\/07\/18\/ulcinj-pozar-u-zaledu-kopakabane-video\/","og_locale":"en_US","og_type":"article","og_title":"Ulcinj: Po\u017ear u zale\u0111u \"Kopakabane\" - Video - Lajme nga Ulqini","og_description":"Po\u017ear je zahvatio \u0161umu i nisko rastinje i zasad nisu ugro\u017eeni okolni objekti Autor: Samir Adrovi\u0107 U Ulcinju je oko 18 sati izbio po\u017ear u zale\u0111u pla\u017ee","og_url":"https:\/\/www.visit-ulcinj.com\/blog\/2017\/07\/18\/ulcinj-pozar-u-zaledu-kopakabane-video\/","og_site_name":"Lajme nga Ulqini","article_published_time":"2017-07-18T05:52:14+00:00","og_image":[{"url":"http:\/\/www.visit-ulcinj.com\/blog\/wp-content\/uploads\/2017\/07\/Pozar-Kopacanana-Ulcinj.jpg"}],"twitter_misc":{"Written by":"ulqini"},"schema":{"@context":"https:\/\/schema.org","@graph":[{"@type":"WebSite","@id":"https:\/\/www.visit-ulcinj.com\/blog\/#website","url":"https:\/\/www.visit-ulcinj.com\/blog\/","name":"Lajme nga Ulqini","description":"Lajme,Vijesti,Ulqini,Ulqin,Crna Gora,Mali i Zi","potentialAction":[{"@type":"SearchAction","target":{"@type":"EntryPoint","urlTemplate":"https:\/\/www.visit-ulcinj.com\/blog\/?s={search_term_string}"},"query-input":"required name=search_term_string"}],"inLanguage":"en-US"},{"@type":"ImageObject","inLanguage":"en-US","@id":"https:\/\/www.visit-ulcinj.com\/blog\/2017\/07\/18\/ulcinj-pozar-u-zaledu-kopakabane-video\/#primaryimage","url":"https:\/\/www.visit-ulcinj.com\/blog\/wp-content\/uploads\/2017\/07\/Pozar-Kopacanana-Ulcinj.jpg","contentUrl":"https:\/\/www.visit-ulcinj.com\/blog\/wp-content\/uploads\/2017\/07\/Pozar-Kopacanana-Ulcinj.jpg","width":560,"height":352},{"@type":"WebPage","@id":"https:\/\/www.visit-ulcinj.com\/blog\/2017\/07\/18\/ulcinj-pozar-u-zaledu-kopakabane-video\/#webpage","url":"https:\/\/www.visit-ulcinj.com\/blog\/2017\/07\/18\/ulcinj-pozar-u-zaledu-kopakabane-video\/","name":"Ulcinj: Po\u017ear u zale\u0111u \"Kopakabane\" - Video - Lajme nga Ulqini","isPartOf":{"@id":"https:\/\/www.visit-ulcinj.com\/blog\/#website"},"primaryImageOfPage":{"@id":"https:\/\/www.visit-ulcinj.com\/blog\/2017\/07\/18\/ulcinj-pozar-u-zaledu-kopakabane-video\/#primaryimage"},"datePublished":"2017-07-18T05:52:14+00:00","dateModified":"2017-07-18T05:52:14+00:00","author":{"@id":"https:\/\/www.visit-ulcinj.com\/blog\/#\/schema\/person\/dcab619c614d3038751c63bc2aadc06d"},"description":"Po\u017ear je zahvatio \u0161umu i nisko rastinje i zasad nisu ugro\u017eeni okolni objekti Autor: Samir Adrovi\u0107 U Ulcinju je oko 18 sati izbio po\u017ear u zale\u0111u pla\u017ee","breadcrumb":{"@id":"https:\/\/www.visit-ulcinj.com\/blog\/2017\/07\/18\/ulcinj-pozar-u-zaledu-kopakabane-video\/#breadcrumb"},"inLanguage":"en-US","potentialAction":[{"@type":"ReadAction","target":["https:\/\/www.visit-ulcinj.com\/blog\/2017\/07\/18\/ulcinj-pozar-u-zaledu-kopakabane-video\/"]}]},{"@type":"BreadcrumbList","@id":"https:\/\/www.visit-ulcinj.com\/blog\/2017\/07\/18\/ulcinj-pozar-u-zaledu-kopakabane-video\/#breadcrumb","itemListElement":[{"@type":"ListItem","position":1,"name":"Ulcinj: Po\u017ear u zale\u0111u &#8220;Kopakabane&#8221; &#8211; Video"}]},{"@type":"Person","@id":"https:\/\/www.visit-ulcinj.com\/blog\/#\/schema\/person\/dcab619c614d3038751c63bc2aadc06d","name":"ulqini","sameAs":["http:\/\/www.visit-ulcinj.com"],"url":"https:\/\/www.visit-ulcinj.com\/blog\/author\/admin\/"}]}},"jetpack_featured_media_url":"","jetpack_sharing_enabled":true,"jetpack_shortlink":"https:\/\/wp.me\/pe6lTn-rEF","_links":{"self":[{"href":"https:\/\/www.visit-ulcinj.com\/blog\/wp-json\/wp\/v2\/posts\/106309"}],"collection":[{"href":"https:\/\/www.visit-ulcinj.com\/blog\/wp-json\/wp\/v2\/posts"}],"about":[{"href":"https:\/\/www.visit-ulcinj.com\/blog\/wp-json\/wp\/v2\/types\/post"}],"author":[{"embeddable":true,"href":"https:\/\/www.visit-ulcinj.com\/blog\/wp-json\/wp\/v2\/users\/1"}],"replies":[{"embeddable":true,"href":"https:\/\/www.visit-ulcinj.com\/blog\/wp-json\/wp\/v2\/comments?post=106309"}],"version-history":[{"count":1,"href":"https:\/\/www.visit-ulcinj.com\/blog\/wp-json\/wp\/v2\/posts\/106309\/revisions"}],"predecessor-version":[{"id":106311,"href":"https:\/\/www.visit-ulcinj.com\/blog\/wp-json\/wp\/v2\/posts\/106309\/revisions\/106311"}],"wp:attachment":[{"href":"https:\/\/www.visit-ulcinj.com\/blog\/wp-json\/wp\/v2\/media?parent=106309"}],"wp:term":[{"taxonomy":"category","embeddable":true,"href":"https:\/\/www.visit-ulcinj.com\/blog\/wp-json\/wp\/v2\/categories?post=106309"},{"taxonomy":"post_tag","embeddable":true,"href":"https:\/\/www.visit-ulcinj.com\/blog\/wp-json\/wp\/v2\/tags?post=106309"}],"curies":[{"name":"wp","href":"https:\/\/api.w.org\/{rel}","templated":true}]}}