{"id":106312,"date":"2017-07-18T07:00:51","date_gmt":"2017-07-18T06:00:51","guid":{"rendered":"http:\/\/www.visit-ulcinj.com\/blog\/?p=106312"},"modified":"2017-07-19T17:58:13","modified_gmt":"2017-07-19T16:58:13","slug":"zjarret-e-qellimshme-ne-plazhin-kopakabana-piromanet-serish-shkak-zjarreve","status":"publish","type":"post","link":"https:\/\/www.visit-ulcinj.com\/blog\/2017\/07\/18\/zjarret-e-qellimshme-ne-plazhin-kopakabana-piromanet-serish-shkak-zjarreve\/","title":{"rendered":"Zjarret e q\u00ebllimshme n\u00eb plazhin \u201cKopakabana\u201d, Piromanet serish shkak i zjarreve"},"content":{"rendered":"<p><a href=\"http:\/\/www.visit-ulcinj.com\/blog\/wp-content\/uploads\/2017\/07\/Pozar-Kopacanana-Ulcinj.jpg\"><img loading=\"lazy\" class=\"alignleft wp-image-106310\" src=\"http:\/\/www.visit-ulcinj.com\/blog\/wp-content\/uploads\/2017\/07\/Pozar-Kopacanana-Ulcinj.jpg\" alt=\"\" width=\"508\" height=\"319\" srcset=\"https:\/\/www.visit-ulcinj.com\/blog\/wp-content\/uploads\/2017\/07\/Pozar-Kopacanana-Ulcinj.jpg 560w, https:\/\/www.visit-ulcinj.com\/blog\/wp-content\/uploads\/2017\/07\/Pozar-Kopacanana-Ulcinj-300x189.jpg 300w\" sizes=\"(max-width: 508px) 100vw, 508px\" \/><\/a>Foto: <span class=\"credits__author\">Samir Adroviq<\/span><\/p>\n<p>Zjarrfik\u00ebsit e Ulqinit t\u00eb h\u00ebn\u00ebn mbr\u00ebma kishin shum\u00eb pun\u00eb. Zjarri i cili pak pas or\u00ebs 18 shp\u00ebrtheu n\u00eb pjes\u00ebn e pasme t\u00eb plazhit \u201cKopakabana\u201d u fik sakt\u00ebsisht pas kat\u00ebr or\u00ebve t\u00eb betej\u00ebs me flak\u00ebn, raporton portali Ul.info.<\/p>\n<p>I bartur nga era e fort\u00eb veriore zjarri u p\u00ebrhap shpejt, por aksioni i shpejt dhe efikas i 20 punonj\u00ebsve t\u00eb Sh\u00ebrbimit t\u00eb mbrojtjes dhe shp\u00ebtimit, pes\u00eb makinave t\u00eb zjarrfik\u00ebsve dhe dy cisterna private.<\/p>\n<p>Por, vet\u00ebm gjysm\u00eb ore pas fikjes s\u00eb zjarrit u shkaktua q\u00ebllimisht tjetri, shum\u00eb pran\u00eb vendit ku shp\u00ebrtheu i pari, por mbas nj\u00ebzet minutash u fik.<\/p>\n<p><iframe loading=\"lazy\" style=\"border: none; overflow: hidden;\" src=\"https:\/\/www.facebook.com\/plugins\/video.php?href=https%3A%2F%2Fwww.facebook.com%2Fp.vremeplov%2Fvideos%2F865173473630661%2F&amp;show_text=0&amp;width=508\" width=\"508\" height=\"311\" frameborder=\"0\" scrolling=\"no\" allowfullscreen=\"allowfullscreen\"><\/iframe><\/p>\n","protected":false},"excerpt":{"rendered":"<p>Foto: Samir Adroviq Zjarrfik\u00ebsit e Ulqinit t\u00eb h\u00ebn\u00ebn mbr\u00ebma kishin shum\u00eb pun\u00eb. Zjarri i cili pak pas or\u00ebs 18 shp\u00ebrtheu n\u00eb pjes\u00ebn e pasme t\u00eb plazhit \u201cKopakabana\u201d u fik sakt\u00ebsisht pas kat\u00ebr or\u00ebve t\u00eb betej\u00ebs me flak\u00ebn, raporton portali Ul.info. I bartur nga era e fort\u00eb veriore zjarri u p\u00ebrhap shpejt, por aksioni i shpejt [&hellip;]<\/p>\n","protected":false},"author":1,"featured_media":0,"comment_status":"closed","ping_status":"closed","sticky":false,"template":"","format":"standard","meta":{"spay_email":"","jetpack_publicize_message":"","jetpack_is_tweetstorm":false,"jetpack_publicize_feature_enabled":true},"categories":[1,6950],"tags":[],"jetpack_publicize_connections":[],"yoast_head":"<!-- This site is optimized with the Yoast SEO plugin v19.1 - https:\/\/yoast.com\/wordpress\/plugins\/seo\/ -->\n<title>Zjarret e q\u00ebllimshme n\u00eb plazhin \u201cKopakabana\u201d, Piromanet serish shkak i zjarreve - Lajme nga Ulqini<\/title>\n<meta name=\"description\" content=\"Foto: Samir Adroviq Zjarrfik\u00ebsit e Ulqinit t\u00eb h\u00ebn\u00ebn mbr\u00ebma kishin shum\u00eb pun\u00eb. Zjarri i cili pak pas or\u00ebs 18 shp\u00ebrtheu n\u00eb pjes\u00ebn e pasme t\u00eb plazhit\" \/>\n<meta name=\"robots\" content=\"index, follow, max-snippet:-1, max-image-preview:large, max-video-preview:-1\" \/>\n<link rel=\"canonical\" href=\"https:\/\/www.visit-ulcinj.com\/blog\/2017\/07\/18\/zjarret-e-qellimshme-ne-plazhin-kopakabana-piromanet-serish-shkak-zjarreve\/\" \/>\n<meta property=\"og:locale\" content=\"en_US\" \/>\n<meta property=\"og:type\" content=\"article\" \/>\n<meta property=\"og:title\" content=\"Zjarret e q\u00ebllimshme n\u00eb plazhin \u201cKopakabana\u201d, Piromanet serish shkak i zjarreve - Lajme nga Ulqini\" \/>\n<meta property=\"og:description\" content=\"Foto: Samir Adroviq Zjarrfik\u00ebsit e Ulqinit t\u00eb h\u00ebn\u00ebn mbr\u00ebma kishin shum\u00eb pun\u00eb. Zjarri i cili pak pas or\u00ebs 18 shp\u00ebrtheu n\u00eb pjes\u00ebn e pasme t\u00eb plazhit\" \/>\n<meta property=\"og:url\" content=\"https:\/\/www.visit-ulcinj.com\/blog\/2017\/07\/18\/zjarret-e-qellimshme-ne-plazhin-kopakabana-piromanet-serish-shkak-zjarreve\/\" \/>\n<meta property=\"og:site_name\" content=\"Lajme nga Ulqini\" \/>\n<meta property=\"article:published_time\" content=\"2017-07-18T06:00:51+00:00\" \/>\n<meta property=\"article:modified_time\" content=\"2017-07-19T16:58:13+00:00\" \/>\n<meta property=\"og:image\" content=\"http:\/\/www.visit-ulcinj.com\/blog\/wp-content\/uploads\/2017\/07\/Pozar-Kopacanana-Ulcinj.jpg\" \/>\n<meta name=\"twitter:label1\" content=\"Written by\" \/>\n\t<meta name=\"twitter:data1\" content=\"ulqini\" \/>\n\t<meta name=\"twitter:label2\" content=\"Est. reading time\" \/>\n\t<meta name=\"twitter:data2\" content=\"1 minute\" \/>\n<script type=\"application\/ld+json\" class=\"yoast-schema-graph\">{\"@context\":\"https:\/\/schema.org\",\"@graph\":[{\"@type\":\"WebSite\",\"@id\":\"https:\/\/www.visit-ulcinj.com\/blog\/#website\",\"url\":\"https:\/\/www.visit-ulcinj.com\/blog\/\",\"name\":\"Lajme nga Ulqini\",\"description\":\"Lajme,Vijesti,Ulqini,Ulqin,Crna Gora,Mali i Zi\",\"potentialAction\":[{\"@type\":\"SearchAction\",\"target\":{\"@type\":\"EntryPoint\",\"urlTemplate\":\"https:\/\/www.visit-ulcinj.com\/blog\/?s={search_term_string}\"},\"query-input\":\"required name=search_term_string\"}],\"inLanguage\":\"en-US\"},{\"@type\":\"ImageObject\",\"inLanguage\":\"en-US\",\"@id\":\"https:\/\/www.visit-ulcinj.com\/blog\/2017\/07\/18\/zjarret-e-qellimshme-ne-plazhin-kopakabana-piromanet-serish-shkak-zjarreve\/#primaryimage\",\"url\":\"https:\/\/www.visit-ulcinj.com\/blog\/wp-content\/uploads\/2017\/07\/Pozar-Kopacanana-Ulcinj.jpg\",\"contentUrl\":\"https:\/\/www.visit-ulcinj.com\/blog\/wp-content\/uploads\/2017\/07\/Pozar-Kopacanana-Ulcinj.jpg\",\"width\":560,\"height\":352},{\"@type\":\"WebPage\",\"@id\":\"https:\/\/www.visit-ulcinj.com\/blog\/2017\/07\/18\/zjarret-e-qellimshme-ne-plazhin-kopakabana-piromanet-serish-shkak-zjarreve\/#webpage\",\"url\":\"https:\/\/www.visit-ulcinj.com\/blog\/2017\/07\/18\/zjarret-e-qellimshme-ne-plazhin-kopakabana-piromanet-serish-shkak-zjarreve\/\",\"name\":\"Zjarret e q\u00ebllimshme n\u00eb plazhin \u201cKopakabana\u201d, Piromanet serish shkak i zjarreve - Lajme nga Ulqini\",\"isPartOf\":{\"@id\":\"https:\/\/www.visit-ulcinj.com\/blog\/#website\"},\"primaryImageOfPage\":{\"@id\":\"https:\/\/www.visit-ulcinj.com\/blog\/2017\/07\/18\/zjarret-e-qellimshme-ne-plazhin-kopakabana-piromanet-serish-shkak-zjarreve\/#primaryimage\"},\"datePublished\":\"2017-07-18T06:00:51+00:00\",\"dateModified\":\"2017-07-19T16:58:13+00:00\",\"author\":{\"@id\":\"https:\/\/www.visit-ulcinj.com\/blog\/#\/schema\/person\/dcab619c614d3038751c63bc2aadc06d\"},\"description\":\"Foto: Samir Adroviq Zjarrfik\u00ebsit e Ulqinit t\u00eb h\u00ebn\u00ebn mbr\u00ebma kishin shum\u00eb pun\u00eb. Zjarri i cili pak pas or\u00ebs 18 shp\u00ebrtheu n\u00eb pjes\u00ebn e pasme t\u00eb plazhit\",\"breadcrumb\":{\"@id\":\"https:\/\/www.visit-ulcinj.com\/blog\/2017\/07\/18\/zjarret-e-qellimshme-ne-plazhin-kopakabana-piromanet-serish-shkak-zjarreve\/#breadcrumb\"},\"inLanguage\":\"en-US\",\"potentialAction\":[{\"@type\":\"ReadAction\",\"target\":[\"https:\/\/www.visit-ulcinj.com\/blog\/2017\/07\/18\/zjarret-e-qellimshme-ne-plazhin-kopakabana-piromanet-serish-shkak-zjarreve\/\"]}]},{\"@type\":\"BreadcrumbList\",\"@id\":\"https:\/\/www.visit-ulcinj.com\/blog\/2017\/07\/18\/zjarret-e-qellimshme-ne-plazhin-kopakabana-piromanet-serish-shkak-zjarreve\/#breadcrumb\",\"itemListElement\":[{\"@type\":\"ListItem\",\"position\":1,\"name\":\"Zjarret e q\u00ebllimshme n\u00eb plazhin \u201cKopakabana\u201d, Piromanet serish shkak i zjarreve\"}]},{\"@type\":\"Person\",\"@id\":\"https:\/\/www.visit-ulcinj.com\/blog\/#\/schema\/person\/dcab619c614d3038751c63bc2aadc06d\",\"name\":\"ulqini\",\"sameAs\":[\"http:\/\/www.visit-ulcinj.com\"],\"url\":\"https:\/\/www.visit-ulcinj.com\/blog\/author\/admin\/\"}]}<\/script>\n<!-- \/ Yoast SEO plugin. -->","yoast_head_json":{"title":"Zjarret e q\u00ebllimshme n\u00eb plazhin \u201cKopakabana\u201d, Piromanet serish shkak i zjarreve - Lajme nga Ulqini","description":"Foto: Samir Adroviq Zjarrfik\u00ebsit e Ulqinit t\u00eb h\u00ebn\u00ebn mbr\u00ebma kishin shum\u00eb pun\u00eb. Zjarri i cili pak pas or\u00ebs 18 shp\u00ebrtheu n\u00eb pjes\u00ebn e pasme t\u00eb plazhit","robots":{"index":"index","follow":"follow","max-snippet":"max-snippet:-1","max-image-preview":"max-image-preview:large","max-video-preview":"max-video-preview:-1"},"canonical":"https:\/\/www.visit-ulcinj.com\/blog\/2017\/07\/18\/zjarret-e-qellimshme-ne-plazhin-kopakabana-piromanet-serish-shkak-zjarreve\/","og_locale":"en_US","og_type":"article","og_title":"Zjarret e q\u00ebllimshme n\u00eb plazhin \u201cKopakabana\u201d, Piromanet serish shkak i zjarreve - Lajme nga Ulqini","og_description":"Foto: Samir Adroviq Zjarrfik\u00ebsit e Ulqinit t\u00eb h\u00ebn\u00ebn mbr\u00ebma kishin shum\u00eb pun\u00eb. Zjarri i cili pak pas or\u00ebs 18 shp\u00ebrtheu n\u00eb pjes\u00ebn e pasme t\u00eb plazhit","og_url":"https:\/\/www.visit-ulcinj.com\/blog\/2017\/07\/18\/zjarret-e-qellimshme-ne-plazhin-kopakabana-piromanet-serish-shkak-zjarreve\/","og_site_name":"Lajme nga Ulqini","article_published_time":"2017-07-18T06:00:51+00:00","article_modified_time":"2017-07-19T16:58:13+00:00","og_image":[{"url":"http:\/\/www.visit-ulcinj.com\/blog\/wp-content\/uploads\/2017\/07\/Pozar-Kopacanana-Ulcinj.jpg"}],"twitter_misc":{"Written by":"ulqini","Est. reading time":"1 minute"},"schema":{"@context":"https:\/\/schema.org","@graph":[{"@type":"WebSite","@id":"https:\/\/www.visit-ulcinj.com\/blog\/#website","url":"https:\/\/www.visit-ulcinj.com\/blog\/","name":"Lajme nga Ulqini","description":"Lajme,Vijesti,Ulqini,Ulqin,Crna Gora,Mali i Zi","potentialAction":[{"@type":"SearchAction","target":{"@type":"EntryPoint","urlTemplate":"https:\/\/www.visit-ulcinj.com\/blog\/?s={search_term_string}"},"query-input":"required name=search_term_string"}],"inLanguage":"en-US"},{"@type":"ImageObject","inLanguage":"en-US","@id":"https:\/\/www.visit-ulcinj.com\/blog\/2017\/07\/18\/zjarret-e-qellimshme-ne-plazhin-kopakabana-piromanet-serish-shkak-zjarreve\/#primaryimage","url":"https:\/\/www.visit-ulcinj.com\/blog\/wp-content\/uploads\/2017\/07\/Pozar-Kopacanana-Ulcinj.jpg","contentUrl":"https:\/\/www.visit-ulcinj.com\/blog\/wp-content\/uploads\/2017\/07\/Pozar-Kopacanana-Ulcinj.jpg","width":560,"height":352},{"@type":"WebPage","@id":"https:\/\/www.visit-ulcinj.com\/blog\/2017\/07\/18\/zjarret-e-qellimshme-ne-plazhin-kopakabana-piromanet-serish-shkak-zjarreve\/#webpage","url":"https:\/\/www.visit-ulcinj.com\/blog\/2017\/07\/18\/zjarret-e-qellimshme-ne-plazhin-kopakabana-piromanet-serish-shkak-zjarreve\/","name":"Zjarret e q\u00ebllimshme n\u00eb plazhin \u201cKopakabana\u201d, Piromanet serish shkak i zjarreve - Lajme nga Ulqini","isPartOf":{"@id":"https:\/\/www.visit-ulcinj.com\/blog\/#website"},"primaryImageOfPage":{"@id":"https:\/\/www.visit-ulcinj.com\/blog\/2017\/07\/18\/zjarret-e-qellimshme-ne-plazhin-kopakabana-piromanet-serish-shkak-zjarreve\/#primaryimage"},"datePublished":"2017-07-18T06:00:51+00:00","dateModified":"2017-07-19T16:58:13+00:00","author":{"@id":"https:\/\/www.visit-ulcinj.com\/blog\/#\/schema\/person\/dcab619c614d3038751c63bc2aadc06d"},"description":"Foto: Samir Adroviq Zjarrfik\u00ebsit e Ulqinit t\u00eb h\u00ebn\u00ebn mbr\u00ebma kishin shum\u00eb pun\u00eb. Zjarri i cili pak pas or\u00ebs 18 shp\u00ebrtheu n\u00eb pjes\u00ebn e pasme t\u00eb plazhit","breadcrumb":{"@id":"https:\/\/www.visit-ulcinj.com\/blog\/2017\/07\/18\/zjarret-e-qellimshme-ne-plazhin-kopakabana-piromanet-serish-shkak-zjarreve\/#breadcrumb"},"inLanguage":"en-US","potentialAction":[{"@type":"ReadAction","target":["https:\/\/www.visit-ulcinj.com\/blog\/2017\/07\/18\/zjarret-e-qellimshme-ne-plazhin-kopakabana-piromanet-serish-shkak-zjarreve\/"]}]},{"@type":"BreadcrumbList","@id":"https:\/\/www.visit-ulcinj.com\/blog\/2017\/07\/18\/zjarret-e-qellimshme-ne-plazhin-kopakabana-piromanet-serish-shkak-zjarreve\/#breadcrumb","itemListElement":[{"@type":"ListItem","position":1,"name":"Zjarret e q\u00ebllimshme n\u00eb plazhin \u201cKopakabana\u201d, Piromanet serish shkak i zjarreve"}]},{"@type":"Person","@id":"https:\/\/www.visit-ulcinj.com\/blog\/#\/schema\/person\/dcab619c614d3038751c63bc2aadc06d","name":"ulqini","sameAs":["http:\/\/www.visit-ulcinj.com"],"url":"https:\/\/www.visit-ulcinj.com\/blog\/author\/admin\/"}]}},"jetpack_featured_media_url":"","jetpack_sharing_enabled":true,"jetpack_shortlink":"https:\/\/wp.me\/pe6lTn-rEI","_links":{"self":[{"href":"https:\/\/www.visit-ulcinj.com\/blog\/wp-json\/wp\/v2\/posts\/106312"}],"collection":[{"href":"https:\/\/www.visit-ulcinj.com\/blog\/wp-json\/wp\/v2\/posts"}],"about":[{"href":"https:\/\/www.visit-ulcinj.com\/blog\/wp-json\/wp\/v2\/types\/post"}],"author":[{"embeddable":true,"href":"https:\/\/www.visit-ulcinj.com\/blog\/wp-json\/wp\/v2\/users\/1"}],"replies":[{"embeddable":true,"href":"https:\/\/www.visit-ulcinj.com\/blog\/wp-json\/wp\/v2\/comments?post=106312"}],"version-history":[{"count":2,"href":"https:\/\/www.visit-ulcinj.com\/blog\/wp-json\/wp\/v2\/posts\/106312\/revisions"}],"predecessor-version":[{"id":106321,"href":"https:\/\/www.visit-ulcinj.com\/blog\/wp-json\/wp\/v2\/posts\/106312\/revisions\/106321"}],"wp:attachment":[{"href":"https:\/\/www.visit-ulcinj.com\/blog\/wp-json\/wp\/v2\/media?parent=106312"}],"wp:term":[{"taxonomy":"category","embeddable":true,"href":"https:\/\/www.visit-ulcinj.com\/blog\/wp-json\/wp\/v2\/categories?post=106312"},{"taxonomy":"post_tag","embeddable":true,"href":"https:\/\/www.visit-ulcinj.com\/blog\/wp-json\/wp\/v2\/tags?post=106312"}],"curies":[{"name":"wp","href":"https:\/\/api.w.org\/{rel}","templated":true}]}}