{"id":106318,"date":"2017-07-19T17:56:02","date_gmt":"2017-07-19T16:56:02","guid":{"rendered":"http:\/\/www.visit-ulcinj.com\/blog\/?p=106318"},"modified":"2017-07-19T18:22:59","modified_gmt":"2017-07-19T17:22:59","slug":"nika-ne-kuvend-se-fundmi-perseri-vendos-boroja-duke-rikthyerer-ligjshmerine-ne-rend-te-dites","status":"publish","type":"post","link":"https:\/\/www.visit-ulcinj.com\/blog\/2017\/07\/19\/nika-ne-kuvend-se-fundmi-perseri-vendos-boroja-duke-rikthyerer-ligjshmerine-ne-rend-te-dites\/","title":{"rendered":"Nika: N\u00eb kuvend s\u00eb fundmi p\u00ebrs\u00ebri vendos Boroja, duke rikthyerer ligjshm\u00ebrin\u00eb n\u00eb rend t\u00eb dit\u00ebs ?!!"},"content":{"rendered":"<p><strong><em><a href=\"http:\/\/www.visit-ulcinj.com\/blog\/wp-content\/uploads\/2017\/07\/prekovremeni-rad.png\"><img loading=\"lazy\" class=\"alignleft wp-image-106319\" src=\"http:\/\/www.visit-ulcinj.com\/blog\/wp-content\/uploads\/2017\/07\/prekovremeni-rad.png\" alt=\"\" width=\"508\" height=\"305\" \/><\/a>Shkruan Muhamet Nika<\/em><\/strong><\/p>\n<p><em>Opinioni \u00a0tash m\u00eb \u00ebsht\u00eb i informuar q\u00eb p\u00ebr shkak\u00a0 t\u00eb shkeljes s\u00eb proc\u00ebdur\u00ebs , k\u00ebshilltari Bashoviq \u00a0\u00a0pat th\u00ebn\u00eb\u00a0 \u00a0se e braktis\u00eb at\u00eb\u00a0 deri sa\u00a0 t\u00eb mos institucionalizohet\u00a0 puna e kuvendit.<\/em><\/p>\n<p>Nga materiali i fituar p\u00ebr kuvend\u00a0\u00a0 mbase \u00a0\u00a0duket ndoshta \u00a0edhe \u00a0e pa besueshme\u00a0 , por ky rend dite\u00a0 i shp\u00ebrndar\u00eb , \u00a0del \u00a0t\u00eb jet\u00eb\u00a0 tep\u00ebr i rrept\u00eb \u2013 ashtu\u00a0 si\u00e7 k\u00ebrkonte\u00a0 \u00a0moti\u00a0 k\u00ebshilltari Bashoviq.<\/p>\n<p>Zakonisht \u00a0pikat e k\u00ebtilla \u00a0kur hynin n\u00eb kuvend , \u00a0kuptohej se sh\u00ebrbenin \u00a0\u00a0\u00a0p\u00ebr t\u00eb\u00a0\u00a0 mbuluar\u00a0 \u00a0pun\u00ebt e dyshimta dhe me\u00a0 p\u00ebrgjegj\u00ebsi \u00a0t\u00eb zyrtar\u00ebve\u00a0 q\u00eb \u00a0\u00a0imponon ligji &#8211; t\u00eb pakt\u00ebn\u00a0 si mund\u00ebsi.?!<\/p>\n<p>P\u00cbR SHEMBULL N\u00cbSE LIGJI PARASHEH Q\u00cb PUN\u00cbTORI T\u00cb PUNOJ\u00cb 12 MUAJ , E KUVEDI THOT\u00cb Q\u00cb AI \u00a0T\u00cb PAGUHET VET\u00cbM \u00a0P\u00cbR 10 MUAJ, \u00a0ND\u00cbRSA \u00a0\u00a0NGJASH\u00cbM T\u00cb JET\u00cb\u00a0 PROPOZUAR PAGESA EDHE P\u00cbR\u00a0\u00a0 VITIN\u00a0 PASUES KJO \u00a0PO T\u00cb NDODHTE, DO ISHTE \u201c SKANDAL\u00a0 I LIGJSH\u00cbM.\u201d kolektiv i kuvendit..?!!<\/p>\n<p>Ja nj\u00eb analiz\u00eb p\u00ebr pikat \u00a0q\u00eb mund t\u00eb provokojn\u00eb\u00a0 rreziqe \u00a0politike kur theren \u00a0ashtu si jan\u00eb \u00a0propozuar \u00a0?!!<\/p>\n<p>Kjo \u00a0s\u00eb\u00a0 pari ,vlen p\u00ebr raportin 6 mujor \u00a0t\u00eb financimit.<\/p>\n<p>Arsye \u00a0ligjore \u00a0\u00a0t\u00eb \u00a0shkarkimit eventual t\u00eb sekretarit p\u00ebr financa, \u00a0mund\u00a0 t\u00eb\u00a0 k\u00ebrkohen\u00a0 te\u00a0 fakti\u00a0\u00a0 q\u00eb , \u00a0\u00a0p\u00ebrse\u00a0 deri n\u00eb kuartalin e dyt\u00eb t\u00eb mujit t\u00eb 7 , jan\u00eb shlyer vet\u00ebn 3 rroga ?! Aq m\u00eb tep\u00ebr kjo nuk\u00a0 guxon t\u00eb ndodh\u00eb\u00a0 kur komuna gjendet ende \u00a0\u00a0n\u00ebn \u00a0planin e sanimit t\u00eb qeveris\u00eb .<\/p>\n<p>Cekim se \u00a0qeveria n\u00eb em\u00ebr t\u00eb planit t\u00eb sanimit\u00a0 i adresoi komun\u00ebs \u00a05\u00a0 milion euro&#8230;. Njeriu edhe mun t\u00eb pyes: Ku\u00a0 u \u00e7uan parat\u00eb&#8230;?!!!<\/p>\n<p>Si ka mund\u00ebsi\u00a0 q\u00eb sekretari\u00a0 t\u00eb k\u00ebrkoj\u00eb arsyetim\u00a0 nga\u00a0 administrata , \u00a0se \u00a0si b\u00ebhet\u00a0 pages\u00eb p\u00ebr\u00a0 40 or\u00eb pun\u00eb\u00a0 jasht\u00eb\u00a0 orari\u00a0 t\u00eb disa zyrtar\u00ebve , \u00a0nd\u00ebrsa\u00a0 hesht\u00eb \u00a0pages\u00ebn \u00a0p\u00ebr\u00a0 5 n\u00ebnkryetar\u00eb-\u00a0\u00a0 gjysm\u00eb milioni euro pages\u00eb \u00a0\u00a0jasht\u00eb statutit i cili jep mund\u00ebsi \u00a0interpretimi se komuna guxon\u00a0 t\u00eb ket\u00eb vet\u00ebm \u00a0dy n\u00ebnkryetar\u00eb.<\/p>\n<p>Paj Novi Beograd\u00a0 nuk besoj q\u00eb ka 5 n\u00ebnkryetar\u00eb\u00a0 q\u00eb \u00a0mendoj\u00a0 se mjaftojn\u00eb\u00a0 edhe p\u00ebr \u00a0administrat\u00ebn e Trampit<\/p>\n<ul>\n<li>Nj\u00eb arsye e dyt\u00eb\u00a0 do ishte \u00a0edhe pika e pag\u00ebzuar \u201cRaporti i\u00a0 vjeljes s\u00eb kredis\u00eb me bank\u00ebn gjermane\u00a0 p\u00ebr\u00a0 uj\u00ebsjell\u00ebs \u2013\u00a0 shuma 25 milion\u00eb \u201c\u00a0 p\u00ebr t\u00eb cil\u00ebn \u00a0po kalon afati\u00a0 i realizimit \u00a0\u2013 n\u00ebse ve\u00e7 nuk ka kaluar\u00a0 . Nga polemikat\u00a0 n\u00eb media \u2013kryetar\u00a0 komune &#8211; \u00a0drejtor\u00a0 nd\u00ebrrmarrjeje , del t\u00eb jet\u00eb mbajtja peng\u00a0 e \u00a0realizimit t\u00eb 25 milion\u00ebve \u00a0pa t\u00eb drejt\u00eb nga drejtori i komunal\u00ebs Avdiu duke rrezikuar\u00a0 shkarkimin si mas\u00eb m\u00eb t\u00eb vog\u00ebl \u00a0parandaluese\u00a0 nga kuvendi \u00a0i s\u00eb premtes ..?!<\/li>\n<li>Gjithashtu , Propozim- Vendimi p\u00ebr pranim t\u00eb rregullsis\u00eb\u00a0\u00a0 n\u00eb planin\u00a0 e \u00a0v\u00ebnies s\u00eb objekteve t\u00eb p\u00ebrkohshme \u2013 rezulton t\u00eb jet\u00eb \u00a0nj\u00eb pik\u00eb tjet\u00ebr\u201d xhish..\u201d. P\u00ebr k\u00ebt\u00eb \u00a0\u00a0kronist\u00ebt hetojn\u00eb\u00a0 se\u00a0 nuk\u00a0 u ul as\u00a0 nj\u00eb \u00a0her\u00eb n\u00eb kuvend q\u00eb nga viti 2001, si pik\u00eb e till\u00eb, kur u b\u00eb skema e\u00a0 objekteve\u00a0 t\u00eb\u00a0 p\u00ebrkohshme\u00a0 \u00a0nga komuna \u00a0e duke mos hyr\u00eb\u00a0 sa paguhej\u00a0 n\u00ebse paguhej&#8230; ?!<\/li>\n<\/ul>\n<p><strong><em>&#8211; Pra \u00a0kandidimi mund t\u00eb jet\u00eb \u00a0edhe strategjik rreth problemeve\u00a0 eventuale q\u00eb mund t\u00eb ken\u00eb ndodh n\u00eb procedur\u00eb\u00a0 tenderi?!<\/em><\/strong><\/p>\n<ul>\n<li>Nd\u00ebrsa pika- propozimi i raportit t\u00eb pun\u00ebs s\u00eb kryetarit dhe organeve tjera t\u00eb qeverisjes lokale\u00a0 bashk\u00eb me sh\u00ebrbime, \u00a0k\u00ebshtu\u00a0 si \u00ebsht\u00eb propozuar , po ndodh\u00eb p\u00ebr her\u00eb t\u00eb par\u00eb q\u00eb\u00a0 nga viti 2001 e deri sot andaj edhe p\u00ebrsh\u00ebndetet. Jo gjith\u00eb kryetar\u00ebt me aparat drejtues\u00a0 pat\u00ebn sukses\u00a0 tu votohej raporti i pun\u00ebs. Kjo vlen edhe \u00a0p\u00ebr Raportin\u00a0\u00a0 e \u00a0pun\u00ebs s\u00eb qendres p\u00ebr kultur\u00eb p\u00ebr vitin 2015 . Mir\u00ebpo \u00a0\u00a0\u00e7\u00ebshtja i duket mund t\u00eb jet\u00eb: \u00a0pse duhet\u00a0 t\u00eb flasim \u00a0n\u00eb raport t\u00eb kultur\u00ebs \u00a0p\u00ebr \u201cbor\u00ebn e\u00a0 par vjeme \u201ckur kemi t\u00eb \u00a0\u00a0sivjetshm\u00ebn\u00a0 ende \u00a0\u00a0pa shkrir\u00eb \u00a0\u00a0..\u201d?!!!.<\/li>\n<\/ul>\n<p>Nd\u00ebrsa \u00a02 vendimet \u00a0tjera p\u00ebr caktim t\u00eb rrogave\u00a0 t\u00eb funksioner\u00ebve dhe zyrtar\u00ebve \u00a0lokal\u00eb q\u00eb u fut urgjentisht \u00a0,\u00a0 jo fort larg( koh\u00eb m\u00eb par\u00eb) si pun\u00eb \u00a0ajo caktohej \u00a0nga nj\u00eb \u00a0komision, \u00a0sipas qejfit(un\u00eb ty e ti mu- se k\u00ebshtu jena m\u00ebsu&#8230;) , duke\u00a0 ia shtuar \u00a0ksaj paligjshm\u00ebrie\u00a0 \u00a0edhe at\u00eb \u00a0q\u00eb njihet si \u00a0\u201c preko vremeni rad\u201d\u00a0 nga\u00a0 40 or\u00eb n\u00eb muaj, por edhe me mund\u00ebsi\u00a0 repeteje \u00a0\u00a0\u201c<\/p>\n<p>&#8230;. Inshalla\u00a0 k\u00ebto t\u00eb pun\u00ebsuar \u00a0q\u00eb punonin\u00a0 e punojn\u00eb nga 80 or\u00eb\u00a0 m\u00eb shum\u00eb n\u00eb muaj, \u00a0nuk kujtohen\u00a0 e padisin nes\u00ebr\u00a0 \u00a0komun\u00ebn, p\u00ebr diskriminim si d\u00ebmshp\u00ebrblim pasi ata \u00a0\u00a0del\u00a0 t\u00eb ishin n\u00eb pun\u00eb gjat\u00eb\u00a0 2 (smenave-\u00a0 turneve).\u00a0 \u00a0n\u00eb dit\u00eb dhe \u00a0kishin \u00a0vet\u00ebm\u00a0 6 or\u00eb \u00a0t\u00eb lira n\u00eb dispozicion q\u00eb\u00a0 n\u00ebnkuptonte \u00a0\u00a0koh\u00ebn p\u00ebr\u00a0 fjetje, ushqim , veshmathje , rruarje e pastrim, bashk\u00eb\u00a0 me\u00a0 koh\u00ebn\u00a0 p\u00ebr \u00a0udh\u00ebtim, vajtje\u00a0 ardhje\u00a0 \u00a0n\u00eb pun\u00eb nga\u00a0 sht\u00ebpia n\u00eb An\u00eb t\u00eb Malit etj,?!<\/p>\n<p>Pra t\u00eb gjitha\u00a0 p\u00ebr\u00a0 6 or\u00eb dhe qejfet\u00a0 tjera\u00a0 b\u00ebheshin(\u00a0 me mund\u00ebsi anulimi ) vet\u00ebm fundjavave- \u00a0\u00a0si \u00a0puna e lezeteve&#8230;?! Sepse thuhet\u00a0 \u00a0se nuk\u00a0 u\u00a0 kish mbetur \u00a0mund\u00ebsi tjet\u00ebr nga\u00a0 q\u00eb \u00a0punonin\u00a0 nga 12 muaj- duke iu mohuar\u00a0 edhe\u00a0 vet\u00eb pushimin\u00a0 vjetor&#8230;?!!<\/p>\n","protected":false},"excerpt":{"rendered":"<p>Shkruan Muhamet Nika Opinioni \u00a0tash m\u00eb \u00ebsht\u00eb i informuar q\u00eb p\u00ebr shkak\u00a0 t\u00eb shkeljes s\u00eb proc\u00ebdur\u00ebs , k\u00ebshilltari Bashoviq \u00a0\u00a0pat th\u00ebn\u00eb\u00a0 \u00a0se e braktis\u00eb at\u00eb\u00a0 deri sa\u00a0 t\u00eb mos institucionalizohet\u00a0 puna e kuvendit. Nga materiali i fituar p\u00ebr kuvend\u00a0\u00a0 mbase \u00a0\u00a0duket ndoshta \u00a0edhe \u00a0e pa besueshme\u00a0 , por ky rend dite\u00a0 i shp\u00ebrndar\u00eb , \u00a0del [&hellip;]<\/p>\n","protected":false},"author":1,"featured_media":0,"comment_status":"closed","ping_status":"closed","sticky":false,"template":"","format":"standard","meta":{"spay_email":"","jetpack_publicize_message":"","jetpack_is_tweetstorm":false,"jetpack_publicize_feature_enabled":true},"categories":[1,14249],"tags":[],"jetpack_publicize_connections":[],"yoast_head":"<!-- This site is optimized with the Yoast SEO plugin v19.1 - https:\/\/yoast.com\/wordpress\/plugins\/seo\/ -->\n<title>Nika: N\u00eb kuvend s\u00eb fundmi p\u00ebrs\u00ebri vendos Boroja, duke rikthyerer ligjshm\u00ebrin\u00eb n\u00eb rend t\u00eb dit\u00ebs ?!! - Lajme nga Ulqini<\/title>\n<meta name=\"description\" content=\"Shkruan Muhamet Nika Opinioni \u00a0tash m\u00eb \u00ebsht\u00eb i informuar q\u00eb p\u00ebr shkak\u00a0 t\u00eb shkeljes s\u00eb proc\u00ebdur\u00ebs , k\u00ebshilltari Bashoviq \u00a0\u00a0pat th\u00ebn\u00eb\u00a0 \u00a0se e braktis\u00eb at\u00eb\u00a0\" \/>\n<meta name=\"robots\" content=\"index, follow, max-snippet:-1, max-image-preview:large, max-video-preview:-1\" \/>\n<link rel=\"canonical\" href=\"https:\/\/www.visit-ulcinj.com\/blog\/2017\/07\/19\/nika-ne-kuvend-se-fundmi-perseri-vendos-boroja-duke-rikthyerer-ligjshmerine-ne-rend-te-dites\/\" \/>\n<meta property=\"og:locale\" content=\"en_US\" \/>\n<meta property=\"og:type\" content=\"article\" \/>\n<meta property=\"og:title\" content=\"Nika: N\u00eb kuvend s\u00eb fundmi p\u00ebrs\u00ebri vendos Boroja, duke rikthyerer ligjshm\u00ebrin\u00eb n\u00eb rend t\u00eb dit\u00ebs ?!! - Lajme nga Ulqini\" \/>\n<meta property=\"og:description\" content=\"Shkruan Muhamet Nika Opinioni \u00a0tash m\u00eb \u00ebsht\u00eb i informuar q\u00eb p\u00ebr shkak\u00a0 t\u00eb shkeljes s\u00eb proc\u00ebdur\u00ebs , k\u00ebshilltari Bashoviq \u00a0\u00a0pat th\u00ebn\u00eb\u00a0 \u00a0se e braktis\u00eb at\u00eb\u00a0\" \/>\n<meta property=\"og:url\" content=\"https:\/\/www.visit-ulcinj.com\/blog\/2017\/07\/19\/nika-ne-kuvend-se-fundmi-perseri-vendos-boroja-duke-rikthyerer-ligjshmerine-ne-rend-te-dites\/\" \/>\n<meta property=\"og:site_name\" content=\"Lajme nga Ulqini\" \/>\n<meta property=\"article:published_time\" content=\"2017-07-19T16:56:02+00:00\" \/>\n<meta property=\"article:modified_time\" content=\"2017-07-19T17:22:59+00:00\" \/>\n<meta property=\"og:image\" content=\"http:\/\/www.visit-ulcinj.com\/blog\/wp-content\/uploads\/2017\/07\/prekovremeni-rad.png\" \/>\n<meta name=\"twitter:label1\" content=\"Written by\" \/>\n\t<meta name=\"twitter:data1\" content=\"ulqini\" \/>\n\t<meta name=\"twitter:label2\" content=\"Est. reading time\" \/>\n\t<meta name=\"twitter:data2\" content=\"4 minutes\" \/>\n<script type=\"application\/ld+json\" class=\"yoast-schema-graph\">{\"@context\":\"https:\/\/schema.org\",\"@graph\":[{\"@type\":\"WebSite\",\"@id\":\"https:\/\/www.visit-ulcinj.com\/blog\/#website\",\"url\":\"https:\/\/www.visit-ulcinj.com\/blog\/\",\"name\":\"Lajme nga Ulqini\",\"description\":\"Lajme,Vijesti,Ulqini,Ulqin,Crna Gora,Mali i Zi\",\"potentialAction\":[{\"@type\":\"SearchAction\",\"target\":{\"@type\":\"EntryPoint\",\"urlTemplate\":\"https:\/\/www.visit-ulcinj.com\/blog\/?s={search_term_string}\"},\"query-input\":\"required name=search_term_string\"}],\"inLanguage\":\"en-US\"},{\"@type\":\"ImageObject\",\"inLanguage\":\"en-US\",\"@id\":\"https:\/\/www.visit-ulcinj.com\/blog\/2017\/07\/19\/nika-ne-kuvend-se-fundmi-perseri-vendos-boroja-duke-rikthyerer-ligjshmerine-ne-rend-te-dites\/#primaryimage\",\"url\":\"http:\/\/www.visit-ulcinj.com\/blog\/wp-content\/uploads\/2017\/07\/prekovremeni-rad.png\",\"contentUrl\":\"http:\/\/www.visit-ulcinj.com\/blog\/wp-content\/uploads\/2017\/07\/prekovremeni-rad.png\"},{\"@type\":\"WebPage\",\"@id\":\"https:\/\/www.visit-ulcinj.com\/blog\/2017\/07\/19\/nika-ne-kuvend-se-fundmi-perseri-vendos-boroja-duke-rikthyerer-ligjshmerine-ne-rend-te-dites\/#webpage\",\"url\":\"https:\/\/www.visit-ulcinj.com\/blog\/2017\/07\/19\/nika-ne-kuvend-se-fundmi-perseri-vendos-boroja-duke-rikthyerer-ligjshmerine-ne-rend-te-dites\/\",\"name\":\"Nika: N\u00eb kuvend s\u00eb fundmi p\u00ebrs\u00ebri vendos Boroja, duke rikthyerer ligjshm\u00ebrin\u00eb n\u00eb rend t\u00eb dit\u00ebs ?!! - Lajme nga Ulqini\",\"isPartOf\":{\"@id\":\"https:\/\/www.visit-ulcinj.com\/blog\/#website\"},\"primaryImageOfPage\":{\"@id\":\"https:\/\/www.visit-ulcinj.com\/blog\/2017\/07\/19\/nika-ne-kuvend-se-fundmi-perseri-vendos-boroja-duke-rikthyerer-ligjshmerine-ne-rend-te-dites\/#primaryimage\"},\"datePublished\":\"2017-07-19T16:56:02+00:00\",\"dateModified\":\"2017-07-19T17:22:59+00:00\",\"author\":{\"@id\":\"https:\/\/www.visit-ulcinj.com\/blog\/#\/schema\/person\/dcab619c614d3038751c63bc2aadc06d\"},\"description\":\"Shkruan Muhamet Nika Opinioni \u00a0tash m\u00eb \u00ebsht\u00eb i informuar q\u00eb p\u00ebr shkak\u00a0 t\u00eb shkeljes s\u00eb proc\u00ebdur\u00ebs , k\u00ebshilltari Bashoviq \u00a0\u00a0pat th\u00ebn\u00eb\u00a0 \u00a0se e braktis\u00eb at\u00eb\u00a0\",\"breadcrumb\":{\"@id\":\"https:\/\/www.visit-ulcinj.com\/blog\/2017\/07\/19\/nika-ne-kuvend-se-fundmi-perseri-vendos-boroja-duke-rikthyerer-ligjshmerine-ne-rend-te-dites\/#breadcrumb\"},\"inLanguage\":\"en-US\",\"potentialAction\":[{\"@type\":\"ReadAction\",\"target\":[\"https:\/\/www.visit-ulcinj.com\/blog\/2017\/07\/19\/nika-ne-kuvend-se-fundmi-perseri-vendos-boroja-duke-rikthyerer-ligjshmerine-ne-rend-te-dites\/\"]}]},{\"@type\":\"BreadcrumbList\",\"@id\":\"https:\/\/www.visit-ulcinj.com\/blog\/2017\/07\/19\/nika-ne-kuvend-se-fundmi-perseri-vendos-boroja-duke-rikthyerer-ligjshmerine-ne-rend-te-dites\/#breadcrumb\",\"itemListElement\":[{\"@type\":\"ListItem\",\"position\":1,\"name\":\"Nika: N\u00eb kuvend s\u00eb fundmi p\u00ebrs\u00ebri vendos Boroja, duke rikthyerer ligjshm\u00ebrin\u00eb n\u00eb rend t\u00eb dit\u00ebs ?!!\"}]},{\"@type\":\"Person\",\"@id\":\"https:\/\/www.visit-ulcinj.com\/blog\/#\/schema\/person\/dcab619c614d3038751c63bc2aadc06d\",\"name\":\"ulqini\",\"sameAs\":[\"http:\/\/www.visit-ulcinj.com\"],\"url\":\"https:\/\/www.visit-ulcinj.com\/blog\/author\/admin\/\"}]}<\/script>\n<!-- \/ Yoast SEO plugin. -->","yoast_head_json":{"title":"Nika: N\u00eb kuvend s\u00eb fundmi p\u00ebrs\u00ebri vendos Boroja, duke rikthyerer ligjshm\u00ebrin\u00eb n\u00eb rend t\u00eb dit\u00ebs ?!! - Lajme nga Ulqini","description":"Shkruan Muhamet Nika Opinioni \u00a0tash m\u00eb \u00ebsht\u00eb i informuar q\u00eb p\u00ebr shkak\u00a0 t\u00eb shkeljes s\u00eb proc\u00ebdur\u00ebs , k\u00ebshilltari Bashoviq \u00a0\u00a0pat th\u00ebn\u00eb\u00a0 \u00a0se e braktis\u00eb at\u00eb\u00a0","robots":{"index":"index","follow":"follow","max-snippet":"max-snippet:-1","max-image-preview":"max-image-preview:large","max-video-preview":"max-video-preview:-1"},"canonical":"https:\/\/www.visit-ulcinj.com\/blog\/2017\/07\/19\/nika-ne-kuvend-se-fundmi-perseri-vendos-boroja-duke-rikthyerer-ligjshmerine-ne-rend-te-dites\/","og_locale":"en_US","og_type":"article","og_title":"Nika: N\u00eb kuvend s\u00eb fundmi p\u00ebrs\u00ebri vendos Boroja, duke rikthyerer ligjshm\u00ebrin\u00eb n\u00eb rend t\u00eb dit\u00ebs ?!! - Lajme nga Ulqini","og_description":"Shkruan Muhamet Nika Opinioni \u00a0tash m\u00eb \u00ebsht\u00eb i informuar q\u00eb p\u00ebr shkak\u00a0 t\u00eb shkeljes s\u00eb proc\u00ebdur\u00ebs , k\u00ebshilltari Bashoviq \u00a0\u00a0pat th\u00ebn\u00eb\u00a0 \u00a0se e braktis\u00eb at\u00eb\u00a0","og_url":"https:\/\/www.visit-ulcinj.com\/blog\/2017\/07\/19\/nika-ne-kuvend-se-fundmi-perseri-vendos-boroja-duke-rikthyerer-ligjshmerine-ne-rend-te-dites\/","og_site_name":"Lajme nga Ulqini","article_published_time":"2017-07-19T16:56:02+00:00","article_modified_time":"2017-07-19T17:22:59+00:00","og_image":[{"url":"http:\/\/www.visit-ulcinj.com\/blog\/wp-content\/uploads\/2017\/07\/prekovremeni-rad.png"}],"twitter_misc":{"Written by":"ulqini","Est. reading time":"4 minutes"},"schema":{"@context":"https:\/\/schema.org","@graph":[{"@type":"WebSite","@id":"https:\/\/www.visit-ulcinj.com\/blog\/#website","url":"https:\/\/www.visit-ulcinj.com\/blog\/","name":"Lajme nga Ulqini","description":"Lajme,Vijesti,Ulqini,Ulqin,Crna Gora,Mali i Zi","potentialAction":[{"@type":"SearchAction","target":{"@type":"EntryPoint","urlTemplate":"https:\/\/www.visit-ulcinj.com\/blog\/?s={search_term_string}"},"query-input":"required name=search_term_string"}],"inLanguage":"en-US"},{"@type":"ImageObject","inLanguage":"en-US","@id":"https:\/\/www.visit-ulcinj.com\/blog\/2017\/07\/19\/nika-ne-kuvend-se-fundmi-perseri-vendos-boroja-duke-rikthyerer-ligjshmerine-ne-rend-te-dites\/#primaryimage","url":"http:\/\/www.visit-ulcinj.com\/blog\/wp-content\/uploads\/2017\/07\/prekovremeni-rad.png","contentUrl":"http:\/\/www.visit-ulcinj.com\/blog\/wp-content\/uploads\/2017\/07\/prekovremeni-rad.png"},{"@type":"WebPage","@id":"https:\/\/www.visit-ulcinj.com\/blog\/2017\/07\/19\/nika-ne-kuvend-se-fundmi-perseri-vendos-boroja-duke-rikthyerer-ligjshmerine-ne-rend-te-dites\/#webpage","url":"https:\/\/www.visit-ulcinj.com\/blog\/2017\/07\/19\/nika-ne-kuvend-se-fundmi-perseri-vendos-boroja-duke-rikthyerer-ligjshmerine-ne-rend-te-dites\/","name":"Nika: N\u00eb kuvend s\u00eb fundmi p\u00ebrs\u00ebri vendos Boroja, duke rikthyerer ligjshm\u00ebrin\u00eb n\u00eb rend t\u00eb dit\u00ebs ?!! - Lajme nga Ulqini","isPartOf":{"@id":"https:\/\/www.visit-ulcinj.com\/blog\/#website"},"primaryImageOfPage":{"@id":"https:\/\/www.visit-ulcinj.com\/blog\/2017\/07\/19\/nika-ne-kuvend-se-fundmi-perseri-vendos-boroja-duke-rikthyerer-ligjshmerine-ne-rend-te-dites\/#primaryimage"},"datePublished":"2017-07-19T16:56:02+00:00","dateModified":"2017-07-19T17:22:59+00:00","author":{"@id":"https:\/\/www.visit-ulcinj.com\/blog\/#\/schema\/person\/dcab619c614d3038751c63bc2aadc06d"},"description":"Shkruan Muhamet Nika Opinioni \u00a0tash m\u00eb \u00ebsht\u00eb i informuar q\u00eb p\u00ebr shkak\u00a0 t\u00eb shkeljes s\u00eb proc\u00ebdur\u00ebs , k\u00ebshilltari Bashoviq \u00a0\u00a0pat th\u00ebn\u00eb\u00a0 \u00a0se e braktis\u00eb at\u00eb\u00a0","breadcrumb":{"@id":"https:\/\/www.visit-ulcinj.com\/blog\/2017\/07\/19\/nika-ne-kuvend-se-fundmi-perseri-vendos-boroja-duke-rikthyerer-ligjshmerine-ne-rend-te-dites\/#breadcrumb"},"inLanguage":"en-US","potentialAction":[{"@type":"ReadAction","target":["https:\/\/www.visit-ulcinj.com\/blog\/2017\/07\/19\/nika-ne-kuvend-se-fundmi-perseri-vendos-boroja-duke-rikthyerer-ligjshmerine-ne-rend-te-dites\/"]}]},{"@type":"BreadcrumbList","@id":"https:\/\/www.visit-ulcinj.com\/blog\/2017\/07\/19\/nika-ne-kuvend-se-fundmi-perseri-vendos-boroja-duke-rikthyerer-ligjshmerine-ne-rend-te-dites\/#breadcrumb","itemListElement":[{"@type":"ListItem","position":1,"name":"Nika: N\u00eb kuvend s\u00eb fundmi p\u00ebrs\u00ebri vendos Boroja, duke rikthyerer ligjshm\u00ebrin\u00eb n\u00eb rend t\u00eb dit\u00ebs ?!!"}]},{"@type":"Person","@id":"https:\/\/www.visit-ulcinj.com\/blog\/#\/schema\/person\/dcab619c614d3038751c63bc2aadc06d","name":"ulqini","sameAs":["http:\/\/www.visit-ulcinj.com"],"url":"https:\/\/www.visit-ulcinj.com\/blog\/author\/admin\/"}]}},"jetpack_featured_media_url":"","jetpack_sharing_enabled":true,"jetpack_shortlink":"https:\/\/wp.me\/pe6lTn-rEO","_links":{"self":[{"href":"https:\/\/www.visit-ulcinj.com\/blog\/wp-json\/wp\/v2\/posts\/106318"}],"collection":[{"href":"https:\/\/www.visit-ulcinj.com\/blog\/wp-json\/wp\/v2\/posts"}],"about":[{"href":"https:\/\/www.visit-ulcinj.com\/blog\/wp-json\/wp\/v2\/types\/post"}],"author":[{"embeddable":true,"href":"https:\/\/www.visit-ulcinj.com\/blog\/wp-json\/wp\/v2\/users\/1"}],"replies":[{"embeddable":true,"href":"https:\/\/www.visit-ulcinj.com\/blog\/wp-json\/wp\/v2\/comments?post=106318"}],"version-history":[{"count":1,"href":"https:\/\/www.visit-ulcinj.com\/blog\/wp-json\/wp\/v2\/posts\/106318\/revisions"}],"predecessor-version":[{"id":106320,"href":"https:\/\/www.visit-ulcinj.com\/blog\/wp-json\/wp\/v2\/posts\/106318\/revisions\/106320"}],"wp:attachment":[{"href":"https:\/\/www.visit-ulcinj.com\/blog\/wp-json\/wp\/v2\/media?parent=106318"}],"wp:term":[{"taxonomy":"category","embeddable":true,"href":"https:\/\/www.visit-ulcinj.com\/blog\/wp-json\/wp\/v2\/categories?post=106318"},{"taxonomy":"post_tag","embeddable":true,"href":"https:\/\/www.visit-ulcinj.com\/blog\/wp-json\/wp\/v2\/tags?post=106318"}],"curies":[{"name":"wp","href":"https:\/\/api.w.org\/{rel}","templated":true}]}}