{"id":106331,"date":"2017-07-20T09:10:21","date_gmt":"2017-07-20T08:10:21","guid":{"rendered":"http:\/\/www.visit-ulcinj.com\/blog\/?p=106331"},"modified":"2017-07-20T09:10:21","modified_gmt":"2017-07-20T08:10:21","slug":"lumi-b-ft-dhurata-dora-kerkohen-nga-publiku-ne-ulqin","status":"publish","type":"post","link":"https:\/\/www.visit-ulcinj.com\/blog\/2017\/07\/20\/lumi-b-ft-dhurata-dora-kerkohen-nga-publiku-ne-ulqin\/","title":{"rendered":"Lumi B ft. Dhurata Dora k\u00ebrkohen nga publiku n\u00eb Ulqin"},"content":{"rendered":"<p><a href=\"http:\/\/www.visit-ulcinj.com\/blog\/wp-content\/uploads\/2017\/07\/Lumi-B-ft.-Dhurata-Dora-Simpatia.jpg\"><img loading=\"lazy\" class=\"alignleft wp-image-106332\" src=\"http:\/\/www.visit-ulcinj.com\/blog\/wp-content\/uploads\/2017\/07\/Lumi-B-ft.-Dhurata-Dora-Simpatia.jpg\" alt=\"\" width=\"508\" height=\"224\" \/><\/a>Lumi B ft. Dhurata Dora\u00a0nuk i p\u00ebrkasin asaj kategorie q\u00eb vijn\u00eb \u00e7do her n\u00eb Ulqin. Lumi si dhe Dhurata Dora qysh me k\u00ebng\u00ebn e par\u00eb &#8220;Simpatia&#8221; e miksuar dhe e marrurr nga Edona Llalloshi u b\u00ebn\u00eb shum\u00eb t\u00eb p\u00eblqyer dhe shum\u00eb t\u00eb k\u00ebrkuar nga publiku ku mrriti deri sot mbi se 7 milion klikime ne You Tube, por p\u00ebr shkaqe t\u00eb ndryshme ata spo vijn\u00eb bashk tek publiku dhe tek skena muzikore e Ulqinit, ku jan\u00eb shum\u00eb t\u00eb p\u00eblqyer.<\/p>\n<!--YouTube Error: bad URL entered-->\n","protected":false},"excerpt":{"rendered":"<p>Lumi B ft. Dhurata Dora\u00a0nuk i p\u00ebrkasin asaj kategorie q\u00eb vijn\u00eb \u00e7do her n\u00eb Ulqin. Lumi si dhe Dhurata Dora qysh me k\u00ebng\u00ebn e par\u00eb &#8220;Simpatia&#8221; e miksuar dhe e marrurr nga Edona Llalloshi u b\u00ebn\u00eb shum\u00eb t\u00eb p\u00eblqyer dhe shum\u00eb t\u00eb k\u00ebrkuar nga publiku ku mrriti deri sot mbi se 7 milion klikime ne [&hellip;]<\/p>\n","protected":false},"author":1,"featured_media":0,"comment_status":"closed","ping_status":"closed","sticky":false,"template":"","format":"standard","meta":{"spay_email":"","jetpack_publicize_message":"","jetpack_is_tweetstorm":false,"jetpack_publicize_feature_enabled":true},"categories":[1],"tags":[],"jetpack_publicize_connections":[],"yoast_head":"<!-- This site is optimized with the Yoast SEO plugin v19.1 - https:\/\/yoast.com\/wordpress\/plugins\/seo\/ -->\n<title>Lumi B ft. Dhurata Dora k\u00ebrkohen nga publiku n\u00eb Ulqin - Lajme nga Ulqini<\/title>\n<meta name=\"description\" content=\"Lumi B ft. Dhurata Dora\u00a0nuk i p\u00ebrkasin asaj kategorie q\u00eb vijn\u00eb \u00e7do her n\u00eb Ulqin. Lumi si dhe Dhurata Dora qysh me k\u00ebng\u00ebn e par\u00eb &quot;Simpatia&quot; e miksuar dhe e\" \/>\n<meta name=\"robots\" content=\"index, follow, max-snippet:-1, max-image-preview:large, max-video-preview:-1\" \/>\n<link rel=\"canonical\" href=\"https:\/\/www.visit-ulcinj.com\/blog\/2017\/07\/20\/lumi-b-ft-dhurata-dora-kerkohen-nga-publiku-ne-ulqin\/\" \/>\n<meta property=\"og:locale\" content=\"en_US\" \/>\n<meta property=\"og:type\" content=\"article\" \/>\n<meta property=\"og:title\" content=\"Lumi B ft. Dhurata Dora k\u00ebrkohen nga publiku n\u00eb Ulqin - Lajme nga Ulqini\" \/>\n<meta property=\"og:description\" content=\"Lumi B ft. Dhurata Dora\u00a0nuk i p\u00ebrkasin asaj kategorie q\u00eb vijn\u00eb \u00e7do her n\u00eb Ulqin. Lumi si dhe Dhurata Dora qysh me k\u00ebng\u00ebn e par\u00eb &quot;Simpatia&quot; e miksuar dhe e\" \/>\n<meta property=\"og:url\" content=\"https:\/\/www.visit-ulcinj.com\/blog\/2017\/07\/20\/lumi-b-ft-dhurata-dora-kerkohen-nga-publiku-ne-ulqin\/\" \/>\n<meta property=\"og:site_name\" content=\"Lajme nga Ulqini\" \/>\n<meta property=\"article:published_time\" content=\"2017-07-20T08:10:21+00:00\" \/>\n<meta property=\"og:image\" content=\"http:\/\/www.visit-ulcinj.com\/blog\/wp-content\/uploads\/2017\/07\/Lumi-B-ft.-Dhurata-Dora-Simpatia.jpg\" \/>\n<meta name=\"twitter:label1\" content=\"Written by\" \/>\n\t<meta name=\"twitter:data1\" content=\"ulqini\" \/>\n<script type=\"application\/ld+json\" class=\"yoast-schema-graph\">{\"@context\":\"https:\/\/schema.org\",\"@graph\":[{\"@type\":\"WebSite\",\"@id\":\"https:\/\/www.visit-ulcinj.com\/blog\/#website\",\"url\":\"https:\/\/www.visit-ulcinj.com\/blog\/\",\"name\":\"Lajme nga Ulqini\",\"description\":\"Lajme,Vijesti,Ulqini,Ulqin,Crna Gora,Mali i Zi\",\"potentialAction\":[{\"@type\":\"SearchAction\",\"target\":{\"@type\":\"EntryPoint\",\"urlTemplate\":\"https:\/\/www.visit-ulcinj.com\/blog\/?s={search_term_string}\"},\"query-input\":\"required name=search_term_string\"}],\"inLanguage\":\"en-US\"},{\"@type\":\"ImageObject\",\"inLanguage\":\"en-US\",\"@id\":\"https:\/\/www.visit-ulcinj.com\/blog\/2017\/07\/20\/lumi-b-ft-dhurata-dora-kerkohen-nga-publiku-ne-ulqin\/#primaryimage\",\"url\":\"http:\/\/www.visit-ulcinj.com\/blog\/wp-content\/uploads\/2017\/07\/Lumi-B-ft.-Dhurata-Dora-Simpatia.jpg\",\"contentUrl\":\"http:\/\/www.visit-ulcinj.com\/blog\/wp-content\/uploads\/2017\/07\/Lumi-B-ft.-Dhurata-Dora-Simpatia.jpg\"},{\"@type\":\"WebPage\",\"@id\":\"https:\/\/www.visit-ulcinj.com\/blog\/2017\/07\/20\/lumi-b-ft-dhurata-dora-kerkohen-nga-publiku-ne-ulqin\/#webpage\",\"url\":\"https:\/\/www.visit-ulcinj.com\/blog\/2017\/07\/20\/lumi-b-ft-dhurata-dora-kerkohen-nga-publiku-ne-ulqin\/\",\"name\":\"Lumi B ft. Dhurata Dora k\u00ebrkohen nga publiku n\u00eb Ulqin - Lajme nga Ulqini\",\"isPartOf\":{\"@id\":\"https:\/\/www.visit-ulcinj.com\/blog\/#website\"},\"primaryImageOfPage\":{\"@id\":\"https:\/\/www.visit-ulcinj.com\/blog\/2017\/07\/20\/lumi-b-ft-dhurata-dora-kerkohen-nga-publiku-ne-ulqin\/#primaryimage\"},\"datePublished\":\"2017-07-20T08:10:21+00:00\",\"dateModified\":\"2017-07-20T08:10:21+00:00\",\"author\":{\"@id\":\"https:\/\/www.visit-ulcinj.com\/blog\/#\/schema\/person\/dcab619c614d3038751c63bc2aadc06d\"},\"description\":\"Lumi B ft. Dhurata Dora\u00a0nuk i p\u00ebrkasin asaj kategorie q\u00eb vijn\u00eb \u00e7do her n\u00eb Ulqin. Lumi si dhe Dhurata Dora qysh me k\u00ebng\u00ebn e par\u00eb \\\"Simpatia\\\" e miksuar dhe e\",\"breadcrumb\":{\"@id\":\"https:\/\/www.visit-ulcinj.com\/blog\/2017\/07\/20\/lumi-b-ft-dhurata-dora-kerkohen-nga-publiku-ne-ulqin\/#breadcrumb\"},\"inLanguage\":\"en-US\",\"potentialAction\":[{\"@type\":\"ReadAction\",\"target\":[\"https:\/\/www.visit-ulcinj.com\/blog\/2017\/07\/20\/lumi-b-ft-dhurata-dora-kerkohen-nga-publiku-ne-ulqin\/\"]}]},{\"@type\":\"BreadcrumbList\",\"@id\":\"https:\/\/www.visit-ulcinj.com\/blog\/2017\/07\/20\/lumi-b-ft-dhurata-dora-kerkohen-nga-publiku-ne-ulqin\/#breadcrumb\",\"itemListElement\":[{\"@type\":\"ListItem\",\"position\":1,\"name\":\"Lumi B ft. Dhurata Dora k\u00ebrkohen nga publiku n\u00eb Ulqin\"}]},{\"@type\":\"Person\",\"@id\":\"https:\/\/www.visit-ulcinj.com\/blog\/#\/schema\/person\/dcab619c614d3038751c63bc2aadc06d\",\"name\":\"ulqini\",\"sameAs\":[\"http:\/\/www.visit-ulcinj.com\"],\"url\":\"https:\/\/www.visit-ulcinj.com\/blog\/author\/admin\/\"}]}<\/script>\n<!-- \/ Yoast SEO plugin. -->","yoast_head_json":{"title":"Lumi B ft. Dhurata Dora k\u00ebrkohen nga publiku n\u00eb Ulqin - Lajme nga Ulqini","description":"Lumi B ft. Dhurata Dora\u00a0nuk i p\u00ebrkasin asaj kategorie q\u00eb vijn\u00eb \u00e7do her n\u00eb Ulqin. Lumi si dhe Dhurata Dora qysh me k\u00ebng\u00ebn e par\u00eb \"Simpatia\" e miksuar dhe e","robots":{"index":"index","follow":"follow","max-snippet":"max-snippet:-1","max-image-preview":"max-image-preview:large","max-video-preview":"max-video-preview:-1"},"canonical":"https:\/\/www.visit-ulcinj.com\/blog\/2017\/07\/20\/lumi-b-ft-dhurata-dora-kerkohen-nga-publiku-ne-ulqin\/","og_locale":"en_US","og_type":"article","og_title":"Lumi B ft. Dhurata Dora k\u00ebrkohen nga publiku n\u00eb Ulqin - Lajme nga Ulqini","og_description":"Lumi B ft. Dhurata Dora\u00a0nuk i p\u00ebrkasin asaj kategorie q\u00eb vijn\u00eb \u00e7do her n\u00eb Ulqin. Lumi si dhe Dhurata Dora qysh me k\u00ebng\u00ebn e par\u00eb \"Simpatia\" e miksuar dhe e","og_url":"https:\/\/www.visit-ulcinj.com\/blog\/2017\/07\/20\/lumi-b-ft-dhurata-dora-kerkohen-nga-publiku-ne-ulqin\/","og_site_name":"Lajme nga Ulqini","article_published_time":"2017-07-20T08:10:21+00:00","og_image":[{"url":"http:\/\/www.visit-ulcinj.com\/blog\/wp-content\/uploads\/2017\/07\/Lumi-B-ft.-Dhurata-Dora-Simpatia.jpg"}],"twitter_misc":{"Written by":"ulqini"},"schema":{"@context":"https:\/\/schema.org","@graph":[{"@type":"WebSite","@id":"https:\/\/www.visit-ulcinj.com\/blog\/#website","url":"https:\/\/www.visit-ulcinj.com\/blog\/","name":"Lajme nga Ulqini","description":"Lajme,Vijesti,Ulqini,Ulqin,Crna Gora,Mali i Zi","potentialAction":[{"@type":"SearchAction","target":{"@type":"EntryPoint","urlTemplate":"https:\/\/www.visit-ulcinj.com\/blog\/?s={search_term_string}"},"query-input":"required name=search_term_string"}],"inLanguage":"en-US"},{"@type":"ImageObject","inLanguage":"en-US","@id":"https:\/\/www.visit-ulcinj.com\/blog\/2017\/07\/20\/lumi-b-ft-dhurata-dora-kerkohen-nga-publiku-ne-ulqin\/#primaryimage","url":"http:\/\/www.visit-ulcinj.com\/blog\/wp-content\/uploads\/2017\/07\/Lumi-B-ft.-Dhurata-Dora-Simpatia.jpg","contentUrl":"http:\/\/www.visit-ulcinj.com\/blog\/wp-content\/uploads\/2017\/07\/Lumi-B-ft.-Dhurata-Dora-Simpatia.jpg"},{"@type":"WebPage","@id":"https:\/\/www.visit-ulcinj.com\/blog\/2017\/07\/20\/lumi-b-ft-dhurata-dora-kerkohen-nga-publiku-ne-ulqin\/#webpage","url":"https:\/\/www.visit-ulcinj.com\/blog\/2017\/07\/20\/lumi-b-ft-dhurata-dora-kerkohen-nga-publiku-ne-ulqin\/","name":"Lumi B ft. Dhurata Dora k\u00ebrkohen nga publiku n\u00eb Ulqin - Lajme nga Ulqini","isPartOf":{"@id":"https:\/\/www.visit-ulcinj.com\/blog\/#website"},"primaryImageOfPage":{"@id":"https:\/\/www.visit-ulcinj.com\/blog\/2017\/07\/20\/lumi-b-ft-dhurata-dora-kerkohen-nga-publiku-ne-ulqin\/#primaryimage"},"datePublished":"2017-07-20T08:10:21+00:00","dateModified":"2017-07-20T08:10:21+00:00","author":{"@id":"https:\/\/www.visit-ulcinj.com\/blog\/#\/schema\/person\/dcab619c614d3038751c63bc2aadc06d"},"description":"Lumi B ft. Dhurata Dora\u00a0nuk i p\u00ebrkasin asaj kategorie q\u00eb vijn\u00eb \u00e7do her n\u00eb Ulqin. Lumi si dhe Dhurata Dora qysh me k\u00ebng\u00ebn e par\u00eb \"Simpatia\" e miksuar dhe e","breadcrumb":{"@id":"https:\/\/www.visit-ulcinj.com\/blog\/2017\/07\/20\/lumi-b-ft-dhurata-dora-kerkohen-nga-publiku-ne-ulqin\/#breadcrumb"},"inLanguage":"en-US","potentialAction":[{"@type":"ReadAction","target":["https:\/\/www.visit-ulcinj.com\/blog\/2017\/07\/20\/lumi-b-ft-dhurata-dora-kerkohen-nga-publiku-ne-ulqin\/"]}]},{"@type":"BreadcrumbList","@id":"https:\/\/www.visit-ulcinj.com\/blog\/2017\/07\/20\/lumi-b-ft-dhurata-dora-kerkohen-nga-publiku-ne-ulqin\/#breadcrumb","itemListElement":[{"@type":"ListItem","position":1,"name":"Lumi B ft. Dhurata Dora k\u00ebrkohen nga publiku n\u00eb Ulqin"}]},{"@type":"Person","@id":"https:\/\/www.visit-ulcinj.com\/blog\/#\/schema\/person\/dcab619c614d3038751c63bc2aadc06d","name":"ulqini","sameAs":["http:\/\/www.visit-ulcinj.com"],"url":"https:\/\/www.visit-ulcinj.com\/blog\/author\/admin\/"}]}},"jetpack_featured_media_url":"","jetpack_sharing_enabled":true,"jetpack_shortlink":"https:\/\/wp.me\/pe6lTn-rF1","_links":{"self":[{"href":"https:\/\/www.visit-ulcinj.com\/blog\/wp-json\/wp\/v2\/posts\/106331"}],"collection":[{"href":"https:\/\/www.visit-ulcinj.com\/blog\/wp-json\/wp\/v2\/posts"}],"about":[{"href":"https:\/\/www.visit-ulcinj.com\/blog\/wp-json\/wp\/v2\/types\/post"}],"author":[{"embeddable":true,"href":"https:\/\/www.visit-ulcinj.com\/blog\/wp-json\/wp\/v2\/users\/1"}],"replies":[{"embeddable":true,"href":"https:\/\/www.visit-ulcinj.com\/blog\/wp-json\/wp\/v2\/comments?post=106331"}],"version-history":[{"count":1,"href":"https:\/\/www.visit-ulcinj.com\/blog\/wp-json\/wp\/v2\/posts\/106331\/revisions"}],"predecessor-version":[{"id":106333,"href":"https:\/\/www.visit-ulcinj.com\/blog\/wp-json\/wp\/v2\/posts\/106331\/revisions\/106333"}],"wp:attachment":[{"href":"https:\/\/www.visit-ulcinj.com\/blog\/wp-json\/wp\/v2\/media?parent=106331"}],"wp:term":[{"taxonomy":"category","embeddable":true,"href":"https:\/\/www.visit-ulcinj.com\/blog\/wp-json\/wp\/v2\/categories?post=106331"},{"taxonomy":"post_tag","embeddable":true,"href":"https:\/\/www.visit-ulcinj.com\/blog\/wp-json\/wp\/v2\/tags?post=106331"}],"curies":[{"name":"wp","href":"https:\/\/api.w.org\/{rel}","templated":true}]}}